{"id":9505,"date":"2023-09-23T18:51:09","date_gmt":"2023-09-23T21:51:09","guid":{"rendered":"https:\/\/brasilnoticias.org\/site\/?p=9505"},"modified":"2023-09-23T18:51:09","modified_gmt":"2023-09-23T21:51:09","slug":"fernando-diniz-convoca-selecao-para-eliminatorias-da-copa-confira-os-nomes","status":"publish","type":"post","link":"https:\/\/brasilnoticias.org\/site\/fernando-diniz-convoca-selecao-para-eliminatorias-da-copa-confira-os-nomes\/","title":{"rendered":"Fernando Diniz convoca Sele\u00e7\u00e3o para Eliminat\u00f3rias da Copa; confira os nomes"},"content":{"rendered":"<p>Entre os convocados est\u00e3o Vin\u00edcius Jr, Richarlison e Gerson<\/p>\n<p>O novo t\u00e9cnico da sele\u00e7\u00e3o brasileira, Fernando Diniz, convocou na tarde deste s\u00e1bado (23), os 23 jogadores que devem disputar dois jogos nas Eliminat\u00f3rias Sul-Americanas para a Copa do Mundo. Entre os convocados est\u00e3o o atacante Vin\u00edcius Jr, que joga pelo Real Madrid.<\/p>\n<p>Al\u00e9m de  Vin\u00edcius, que volta recuperado de uma les\u00e3o, foram convocados tamb\u00e9m Gerson, do Flamengo para o jogo contra a Venezuela e o Uruguais, a serem disputados nos dias 12 e 17 de outubro. Ficou de fora Lucas Paquet\u00e1, que atualmente \u00e9 investigado em um esquema de apostas esportivas no Reino Unido.<\/p>\n<p>Confira a lista completa:<\/p>\n<p>Goleiros: Alisson (Liverpool); Ederson (Manchester City) e Lucas Perri (Botafogo)<\/p>\n<p>Laterais: Danilo (Juventus), Vanderson (Monaco), Caio Henrique (Monaco) e Renan Lodi (Olympique de Marselha)<\/p>\n<p>Atacantes: Gabriel Jesus (Arsenal), Matheus Cunha (Wolverhampton), Neymar (Al-Hilal), Rodrygo (Real Madrid), Richarlison (Tottenham), Raphinha (Barcelona) e Vin\u00edcius Junior (Real Madrid)<\/p>\n<p>Zagueiros: Bremer (Juventus), Gabriel Magalh\u00e3es (Arsenal), Marquinhos (PSG) e Nino (Fluminense)<\/p>\n<p>Meias: Andr\u00e9 (Fluminense), Bruno Guimar\u00e3es (Newcastle), Casemiro (Manchester United), Gerson (Flamengo) e Raphael Veiga (Palmeiras)<\/p>\n<p>Foto: Thais Magalh\u00e3es\/CBF<br \/>\nPor: Metro1 <\/p>\n","protected":false},"excerpt":{"rendered":"<p>Entre os convocados est\u00e3o Vin\u00edcius Jr, Richarlison e Gerson O novo t\u00e9cnico da sele\u00e7\u00e3o brasileira, Fernando Diniz, convocou na tarde<\/p>\n","protected":false},"author":4,"featured_media":9506,"comment_status":"open","ping_status":"open","sticky":false,"template":"","format":"standard","meta":{"colormag_page_container_layout":"default_layout","colormag_page_sidebar_layout":"default_layout","_FSMCFIC_featured_image_caption":"","_FSMCFIC_featured_image_nocaption":"","_FSMCFIC_featured_image_hide":"","footnotes":""},"categories":[4,1],"tags":[],"class_list":["post-9505","post","type-post","status-publish","format-standard","has-post-thumbnail","hentry","category-esporte","category-ultimas"],"yoast_head":"<!-- This site is optimized with the Yoast SEO plugin v27.1.1 - https:\/\/yoast.com\/product\/yoast-seo-wordpress\/ -->\n<title>Fernando Diniz convoca Sele\u00e7\u00e3o para Eliminat\u00f3rias da Copa; confira os nomes - Brasil not\u00edcias<\/title>\n<meta name=\"robots\" content=\"index, follow, max-snippet:-1, max-image-preview:large, max-video-preview:-1\" \/>\n<link rel=\"canonical\" href=\"https:\/\/brasilnoticias.org\/site\/fernando-diniz-convoca-selecao-para-eliminatorias-da-copa-confira-os-nomes\/\" \/>\n<meta property=\"og:locale\" content=\"pt_PT\" \/>\n<meta property=\"og:type\" content=\"article\" \/>\n<meta property=\"og:title\" content=\"Fernando Diniz convoca Sele\u00e7\u00e3o para Eliminat\u00f3rias da Copa; confira os nomes - Brasil not\u00edcias\" \/>\n<meta property=\"og:description\" content=\"Entre os convocados est\u00e3o Vin\u00edcius Jr, Richarlison e Gerson O novo t\u00e9cnico da sele\u00e7\u00e3o brasileira, Fernando Diniz, convocou na tarde\" \/>\n<meta property=\"og:url\" content=\"https:\/\/brasilnoticias.org\/site\/fernando-diniz-convoca-selecao-para-eliminatorias-da-copa-confira-os-nomes\/\" \/>\n<meta property=\"og:site_name\" content=\"Brasil not\u00edcias\" \/>\n<meta property=\"article:published_time\" content=\"2023-09-23T21:51:09+00:00\" \/>\n<meta property=\"og:image\" content=\"https:\/\/brasilnoticias.org\/site\/wp-content\/uploads\/2023\/09\/141273fernando-diniz-convoca-selecao-para-eliminatorias-da-copa-confira-os-nomes-3.jpg\" \/>\n\t<meta property=\"og:image:width\" content=\"1600\" \/>\n\t<meta property=\"og:image:height\" content=\"752\" \/>\n\t<meta property=\"og:image:type\" content=\"image\/jpeg\" \/>\n<meta name=\"author\" content=\"Reda\u00e7\u00e3o\" \/>\n<meta name=\"twitter:card\" content=\"summary_large_image\" \/>\n<meta name=\"twitter:label1\" content=\"Escrito por\" \/>\n\t<meta name=\"twitter:data1\" content=\"Reda\u00e7\u00e3o\" \/>\n<script type=\"application\/ld+json\" class=\"yoast-schema-graph\">{\"@context\":\"https:\/\/schema.org\",\"@graph\":[{\"@type\":\"Article\",\"@id\":\"https:\/\/brasilnoticias.org\/site\/fernando-diniz-convoca-selecao-para-eliminatorias-da-copa-confira-os-nomes\/#article\",\"isPartOf\":{\"@id\":\"https:\/\/brasilnoticias.org\/site\/fernando-diniz-convoca-selecao-para-eliminatorias-da-copa-confira-os-nomes\/\"},\"author\":{\"name\":\"Reda\u00e7\u00e3o\",\"@id\":\"https:\/\/brasilnoticias.org\/site\/#\/schema\/person\/03bbbfe6c7634ad18c26444ea39049fa\"},\"headline\":\"Fernando Diniz convoca Sele\u00e7\u00e3o para Eliminat\u00f3rias da Copa; confira os nomes\",\"datePublished\":\"2023-09-23T21:51:09+00:00\",\"mainEntityOfPage\":{\"@id\":\"https:\/\/brasilnoticias.org\/site\/fernando-diniz-convoca-selecao-para-eliminatorias-da-copa-confira-os-nomes\/\"},\"wordCount\":209,\"commentCount\":0,\"publisher\":{\"@id\":\"https:\/\/brasilnoticias.org\/site\/#organization\"},\"image\":{\"@id\":\"https:\/\/brasilnoticias.org\/site\/fernando-diniz-convoca-selecao-para-eliminatorias-da-copa-confira-os-nomes\/#primaryimage\"},\"thumbnailUrl\":\"https:\/\/brasilnoticias.org\/site\/wp-content\/uploads\/2023\/09\/141273fernando-diniz-convoca-selecao-para-eliminatorias-da-copa-confira-os-nomes-3.jpg\",\"articleSection\":[\"Esporte\",\"\u00daltimas\"],\"inLanguage\":\"pt-PT\",\"potentialAction\":[{\"@type\":\"CommentAction\",\"name\":\"Comment\",\"target\":[\"https:\/\/brasilnoticias.org\/site\/fernando-diniz-convoca-selecao-para-eliminatorias-da-copa-confira-os-nomes\/#respond\"]}]},{\"@type\":\"WebPage\",\"@id\":\"https:\/\/brasilnoticias.org\/site\/fernando-diniz-convoca-selecao-para-eliminatorias-da-copa-confira-os-nomes\/\",\"url\":\"https:\/\/brasilnoticias.org\/site\/fernando-diniz-convoca-selecao-para-eliminatorias-da-copa-confira-os-nomes\/\",\"name\":\"Fernando Diniz convoca Sele\u00e7\u00e3o para Eliminat\u00f3rias da Copa; confira os nomes - Brasil not\u00edcias\",\"isPartOf\":{\"@id\":\"https:\/\/brasilnoticias.org\/site\/#website\"},\"primaryImageOfPage\":{\"@id\":\"https:\/\/brasilnoticias.org\/site\/fernando-diniz-convoca-selecao-para-eliminatorias-da-copa-confira-os-nomes\/#primaryimage\"},\"image\":{\"@id\":\"https:\/\/brasilnoticias.org\/site\/fernando-diniz-convoca-selecao-para-eliminatorias-da-copa-confira-os-nomes\/#primaryimage\"},\"thumbnailUrl\":\"https:\/\/brasilnoticias.org\/site\/wp-content\/uploads\/2023\/09\/141273fernando-diniz-convoca-selecao-para-eliminatorias-da-copa-confira-os-nomes-3.jpg\",\"datePublished\":\"2023-09-23T21:51:09+00:00\",\"breadcrumb\":{\"@id\":\"https:\/\/brasilnoticias.org\/site\/fernando-diniz-convoca-selecao-para-eliminatorias-da-copa-confira-os-nomes\/#breadcrumb\"},\"inLanguage\":\"pt-PT\",\"potentialAction\":[{\"@type\":\"ReadAction\",\"target\":[\"https:\/\/brasilnoticias.org\/site\/fernando-diniz-convoca-selecao-para-eliminatorias-da-copa-confira-os-nomes\/\"]}]},{\"@type\":\"ImageObject\",\"inLanguage\":\"pt-PT\",\"@id\":\"https:\/\/brasilnoticias.org\/site\/fernando-diniz-convoca-selecao-para-eliminatorias-da-copa-confira-os-nomes\/#primaryimage\",\"url\":\"https:\/\/brasilnoticias.org\/site\/wp-content\/uploads\/2023\/09\/141273fernando-diniz-convoca-selecao-para-eliminatorias-da-copa-confira-os-nomes-3.jpg\",\"contentUrl\":\"https:\/\/brasilnoticias.org\/site\/wp-content\/uploads\/2023\/09\/141273fernando-diniz-convoca-selecao-para-eliminatorias-da-copa-confira-os-nomes-3.jpg\",\"width\":1600,\"height\":752},{\"@type\":\"BreadcrumbList\",\"@id\":\"https:\/\/brasilnoticias.org\/site\/fernando-diniz-convoca-selecao-para-eliminatorias-da-copa-confira-os-nomes\/#breadcrumb\",\"itemListElement\":[{\"@type\":\"ListItem\",\"position\":1,\"name\":\"In\u00edcio\",\"item\":\"https:\/\/brasilnoticias.org\/site\/\"},{\"@type\":\"ListItem\",\"position\":2,\"name\":\"Fernando Diniz convoca Sele\u00e7\u00e3o para Eliminat\u00f3rias da Copa; confira os nomes\"}]},{\"@type\":\"WebSite\",\"@id\":\"https:\/\/brasilnoticias.org\/site\/#website\",\"url\":\"https:\/\/brasilnoticias.org\/site\/\",\"name\":\"Brasil not\u00edcias\",\"description\":\"Brasil not\u00edcias\",\"publisher\":{\"@id\":\"https:\/\/brasilnoticias.org\/site\/#organization\"},\"potentialAction\":[{\"@type\":\"SearchAction\",\"target\":{\"@type\":\"EntryPoint\",\"urlTemplate\":\"https:\/\/brasilnoticias.org\/site\/?s={search_term_string}\"},\"query-input\":{\"@type\":\"PropertyValueSpecification\",\"valueRequired\":true,\"valueName\":\"search_term_string\"}}],\"inLanguage\":\"pt-PT\"},{\"@type\":\"Organization\",\"@id\":\"https:\/\/brasilnoticias.org\/site\/#organization\",\"name\":\"Brasil not\u00edcias\",\"url\":\"https:\/\/brasilnoticias.org\/site\/\",\"logo\":{\"@type\":\"ImageObject\",\"inLanguage\":\"pt-PT\",\"@id\":\"https:\/\/brasilnoticias.org\/site\/#\/schema\/logo\/image\/\",\"url\":\"https:\/\/brasilnoticias.org\/site\/wp-content\/uploads\/2022\/05\/cropped-brasilnoticias-mini.jpg\",\"contentUrl\":\"https:\/\/brasilnoticias.org\/site\/wp-content\/uploads\/2022\/05\/cropped-brasilnoticias-mini.jpg\",\"width\":314,\"height\":86,\"caption\":\"Brasil not\u00edcias\"},\"image\":{\"@id\":\"https:\/\/brasilnoticias.org\/site\/#\/schema\/logo\/image\/\"}},{\"@type\":\"Person\",\"@id\":\"https:\/\/brasilnoticias.org\/site\/#\/schema\/person\/03bbbfe6c7634ad18c26444ea39049fa\",\"name\":\"Reda\u00e7\u00e3o\",\"image\":{\"@type\":\"ImageObject\",\"inLanguage\":\"pt-PT\",\"@id\":\"https:\/\/brasilnoticias.org\/site\/#\/schema\/person\/image\/\",\"url\":\"https:\/\/secure.gravatar.com\/avatar\/9ecaf7327a696cb23ad926fedded5f1f04d7049de9e445375d55b48c001a6e42?s=96&d=mm&r=g\",\"contentUrl\":\"https:\/\/secure.gravatar.com\/avatar\/9ecaf7327a696cb23ad926fedded5f1f04d7049de9e445375d55b48c001a6e42?s=96&d=mm&r=g\",\"caption\":\"Reda\u00e7\u00e3o\"},\"url\":\"https:\/\/brasilnoticias.org\/site\/author\/henrique\/\"}]}<\/script>\n<!-- \/ Yoast SEO plugin. -->","yoast_head_json":{"title":"Fernando Diniz convoca Sele\u00e7\u00e3o para Eliminat\u00f3rias da Copa; confira os nomes - Brasil not\u00edcias","robots":{"index":"index","follow":"follow","max-snippet":"max-snippet:-1","max-image-preview":"max-image-preview:large","max-video-preview":"max-video-preview:-1"},"canonical":"https:\/\/brasilnoticias.org\/site\/fernando-diniz-convoca-selecao-para-eliminatorias-da-copa-confira-os-nomes\/","og_locale":"pt_PT","og_type":"article","og_title":"Fernando Diniz convoca Sele\u00e7\u00e3o para Eliminat\u00f3rias da Copa; confira os nomes - Brasil not\u00edcias","og_description":"Entre os convocados est\u00e3o Vin\u00edcius Jr, Richarlison e Gerson O novo t\u00e9cnico da sele\u00e7\u00e3o brasileira, Fernando Diniz, convocou na tarde","og_url":"https:\/\/brasilnoticias.org\/site\/fernando-diniz-convoca-selecao-para-eliminatorias-da-copa-confira-os-nomes\/","og_site_name":"Brasil not\u00edcias","article_published_time":"2023-09-23T21:51:09+00:00","og_image":[{"width":1600,"height":752,"url":"https:\/\/brasilnoticias.org\/site\/wp-content\/uploads\/2023\/09\/141273fernando-diniz-convoca-selecao-para-eliminatorias-da-copa-confira-os-nomes-3.jpg","type":"image\/jpeg"}],"author":"Reda\u00e7\u00e3o","twitter_card":"summary_large_image","twitter_misc":{"Escrito por":"Reda\u00e7\u00e3o"},"schema":{"@context":"https:\/\/schema.org","@graph":[{"@type":"Article","@id":"https:\/\/brasilnoticias.org\/site\/fernando-diniz-convoca-selecao-para-eliminatorias-da-copa-confira-os-nomes\/#article","isPartOf":{"@id":"https:\/\/brasilnoticias.org\/site\/fernando-diniz-convoca-selecao-para-eliminatorias-da-copa-confira-os-nomes\/"},"author":{"name":"Reda\u00e7\u00e3o","@id":"https:\/\/brasilnoticias.org\/site\/#\/schema\/person\/03bbbfe6c7634ad18c26444ea39049fa"},"headline":"Fernando Diniz convoca Sele\u00e7\u00e3o para Eliminat\u00f3rias da Copa; confira os nomes","datePublished":"2023-09-23T21:51:09+00:00","mainEntityOfPage":{"@id":"https:\/\/brasilnoticias.org\/site\/fernando-diniz-convoca-selecao-para-eliminatorias-da-copa-confira-os-nomes\/"},"wordCount":209,"commentCount":0,"publisher":{"@id":"https:\/\/brasilnoticias.org\/site\/#organization"},"image":{"@id":"https:\/\/brasilnoticias.org\/site\/fernando-diniz-convoca-selecao-para-eliminatorias-da-copa-confira-os-nomes\/#primaryimage"},"thumbnailUrl":"https:\/\/brasilnoticias.org\/site\/wp-content\/uploads\/2023\/09\/141273fernando-diniz-convoca-selecao-para-eliminatorias-da-copa-confira-os-nomes-3.jpg","articleSection":["Esporte","\u00daltimas"],"inLanguage":"pt-PT","potentialAction":[{"@type":"CommentAction","name":"Comment","target":["https:\/\/brasilnoticias.org\/site\/fernando-diniz-convoca-selecao-para-eliminatorias-da-copa-confira-os-nomes\/#respond"]}]},{"@type":"WebPage","@id":"https:\/\/brasilnoticias.org\/site\/fernando-diniz-convoca-selecao-para-eliminatorias-da-copa-confira-os-nomes\/","url":"https:\/\/brasilnoticias.org\/site\/fernando-diniz-convoca-selecao-para-eliminatorias-da-copa-confira-os-nomes\/","name":"Fernando Diniz convoca Sele\u00e7\u00e3o para Eliminat\u00f3rias da Copa; confira os nomes - Brasil not\u00edcias","isPartOf":{"@id":"https:\/\/brasilnoticias.org\/site\/#website"},"primaryImageOfPage":{"@id":"https:\/\/brasilnoticias.org\/site\/fernando-diniz-convoca-selecao-para-eliminatorias-da-copa-confira-os-nomes\/#primaryimage"},"image":{"@id":"https:\/\/brasilnoticias.org\/site\/fernando-diniz-convoca-selecao-para-eliminatorias-da-copa-confira-os-nomes\/#primaryimage"},"thumbnailUrl":"https:\/\/brasilnoticias.org\/site\/wp-content\/uploads\/2023\/09\/141273fernando-diniz-convoca-selecao-para-eliminatorias-da-copa-confira-os-nomes-3.jpg","datePublished":"2023-09-23T21:51:09+00:00","breadcrumb":{"@id":"https:\/\/brasilnoticias.org\/site\/fernando-diniz-convoca-selecao-para-eliminatorias-da-copa-confira-os-nomes\/#breadcrumb"},"inLanguage":"pt-PT","potentialAction":[{"@type":"ReadAction","target":["https:\/\/brasilnoticias.org\/site\/fernando-diniz-convoca-selecao-para-eliminatorias-da-copa-confira-os-nomes\/"]}]},{"@type":"ImageObject","inLanguage":"pt-PT","@id":"https:\/\/brasilnoticias.org\/site\/fernando-diniz-convoca-selecao-para-eliminatorias-da-copa-confira-os-nomes\/#primaryimage","url":"https:\/\/brasilnoticias.org\/site\/wp-content\/uploads\/2023\/09\/141273fernando-diniz-convoca-selecao-para-eliminatorias-da-copa-confira-os-nomes-3.jpg","contentUrl":"https:\/\/brasilnoticias.org\/site\/wp-content\/uploads\/2023\/09\/141273fernando-diniz-convoca-selecao-para-eliminatorias-da-copa-confira-os-nomes-3.jpg","width":1600,"height":752},{"@type":"BreadcrumbList","@id":"https:\/\/brasilnoticias.org\/site\/fernando-diniz-convoca-selecao-para-eliminatorias-da-copa-confira-os-nomes\/#breadcrumb","itemListElement":[{"@type":"ListItem","position":1,"name":"In\u00edcio","item":"https:\/\/brasilnoticias.org\/site\/"},{"@type":"ListItem","position":2,"name":"Fernando Diniz convoca Sele\u00e7\u00e3o para Eliminat\u00f3rias da Copa; confira os nomes"}]},{"@type":"WebSite","@id":"https:\/\/brasilnoticias.org\/site\/#website","url":"https:\/\/brasilnoticias.org\/site\/","name":"Brasil not\u00edcias","description":"Brasil not\u00edcias","publisher":{"@id":"https:\/\/brasilnoticias.org\/site\/#organization"},"potentialAction":[{"@type":"SearchAction","target":{"@type":"EntryPoint","urlTemplate":"https:\/\/brasilnoticias.org\/site\/?s={search_term_string}"},"query-input":{"@type":"PropertyValueSpecification","valueRequired":true,"valueName":"search_term_string"}}],"inLanguage":"pt-PT"},{"@type":"Organization","@id":"https:\/\/brasilnoticias.org\/site\/#organization","name":"Brasil not\u00edcias","url":"https:\/\/brasilnoticias.org\/site\/","logo":{"@type":"ImageObject","inLanguage":"pt-PT","@id":"https:\/\/brasilnoticias.org\/site\/#\/schema\/logo\/image\/","url":"https:\/\/brasilnoticias.org\/site\/wp-content\/uploads\/2022\/05\/cropped-brasilnoticias-mini.jpg","contentUrl":"https:\/\/brasilnoticias.org\/site\/wp-content\/uploads\/2022\/05\/cropped-brasilnoticias-mini.jpg","width":314,"height":86,"caption":"Brasil not\u00edcias"},"image":{"@id":"https:\/\/brasilnoticias.org\/site\/#\/schema\/logo\/image\/"}},{"@type":"Person","@id":"https:\/\/brasilnoticias.org\/site\/#\/schema\/person\/03bbbfe6c7634ad18c26444ea39049fa","name":"Reda\u00e7\u00e3o","image":{"@type":"ImageObject","inLanguage":"pt-PT","@id":"https:\/\/brasilnoticias.org\/site\/#\/schema\/person\/image\/","url":"https:\/\/secure.gravatar.com\/avatar\/9ecaf7327a696cb23ad926fedded5f1f04d7049de9e445375d55b48c001a6e42?s=96&d=mm&r=g","contentUrl":"https:\/\/secure.gravatar.com\/avatar\/9ecaf7327a696cb23ad926fedded5f1f04d7049de9e445375d55b48c001a6e42?s=96&d=mm&r=g","caption":"Reda\u00e7\u00e3o"},"url":"https:\/\/brasilnoticias.org\/site\/author\/henrique\/"}]}},"_links":{"self":[{"href":"https:\/\/brasilnoticias.org\/site\/wp-json\/wp\/v2\/posts\/9505","targetHints":{"allow":["GET"]}}],"collection":[{"href":"https:\/\/brasilnoticias.org\/site\/wp-json\/wp\/v2\/posts"}],"about":[{"href":"https:\/\/brasilnoticias.org\/site\/wp-json\/wp\/v2\/types\/post"}],"author":[{"embeddable":true,"href":"https:\/\/brasilnoticias.org\/site\/wp-json\/wp\/v2\/users\/4"}],"replies":[{"embeddable":true,"href":"https:\/\/brasilnoticias.org\/site\/wp-json\/wp\/v2\/comments?post=9505"}],"version-history":[{"count":1,"href":"https:\/\/brasilnoticias.org\/site\/wp-json\/wp\/v2\/posts\/9505\/revisions"}],"predecessor-version":[{"id":9507,"href":"https:\/\/brasilnoticias.org\/site\/wp-json\/wp\/v2\/posts\/9505\/revisions\/9507"}],"wp:featuredmedia":[{"embeddable":true,"href":"https:\/\/brasilnoticias.org\/site\/wp-json\/wp\/v2\/media\/9506"}],"wp:attachment":[{"href":"https:\/\/brasilnoticias.org\/site\/wp-json\/wp\/v2\/media?parent=9505"}],"wp:term":[{"taxonomy":"category","embeddable":true,"href":"https:\/\/brasilnoticias.org\/site\/wp-json\/wp\/v2\/categories?post=9505"},{"taxonomy":"post_tag","embeddable":true,"href":"https:\/\/brasilnoticias.org\/site\/wp-json\/wp\/v2\/tags?post=9505"}],"curies":[{"name":"wp","href":"https:\/\/api.w.org\/{rel}","templated":true}]}}