{"id":9513,"date":"2023-09-23T18:59:24","date_gmt":"2023-09-23T21:59:24","guid":{"rendered":"https:\/\/brasilnoticias.org\/site\/?p=9513"},"modified":"2023-09-23T18:59:24","modified_gmt":"2023-09-23T21:59:24","slug":"escolas-devem-permitir-uso-de-banheiro-de-acordo-com-identidade-de-genero-orienta-governo-lula","status":"publish","type":"post","link":"https:\/\/brasilnoticias.org\/site\/escolas-devem-permitir-uso-de-banheiro-de-acordo-com-identidade-de-genero-orienta-governo-lula\/","title":{"rendered":"Escolas devem permitir uso de banheiro de acordo com identidade de g\u00eanero, orienta governo Lula"},"content":{"rendered":"<p>O Minist\u00e9rio dos Direitos Humanos e da Cidadania, por meio do Conselho Nacional dos Direitos das Pessoas LGBTQIA+, publicou nesta sexta-feira (22) uma resolu\u00e7\u00e3o que orienta as escolas a permitirem o uso do banheiro de acordo com a identidade de g\u00eanero de cada estudante. e da Cidadania, por meio do Conselho Nacional dos Direitos das Pessoas LGBTQIA+, publicou nesta sexta-feira (22) uma resolu\u00e7\u00e3o que orienta as escolas a permitirem o uso do banheiro de acordo com a identidade de g\u00eanero de cada estudante.<\/p>\n<p>A resolu\u00e7\u00e3o, que n\u00e3o tem for\u00e7a de lei, estabelece que estudantes transg\u00eaneros possam usar o banheiro que corresponda \u00e0 sua identidade de g\u00eanero, mesmo que ela seja diferente do sexo biol\u00f3gico. Tamb\u00e9m recomenda que as escolas instalem banheiros de uso individual, independentes do g\u00eanero, e realizem campanhas de conscientiza\u00e7\u00e3o sobre o uso do nome social.<\/p>\n<p>A medida \u00e9 criticada por entidades que defendem os direitos das mulheres, que alegam que ela pode colocar em risco a seguran\u00e7a de meninas e mulheres. Segundo essas entidades, homens cisg\u00eaneros podem se passar por transg\u00eaneros para acessar banheiros femininos e cometer ass\u00e9dio sexual ou estupro.<\/p>\n<p>Informa\u00e7\u00f5ess da Gazeta Brasil \/ Foto: Pierre Triboli\/C\u00e2mara dos Deputados<\/p>\n","protected":false},"excerpt":{"rendered":"<p>O Minist\u00e9rio dos Direitos Humanos e da Cidadania, por meio do Conselho Nacional dos Direitos das Pessoas LGBTQIA+, publicou nesta<\/p>\n","protected":false},"author":4,"featured_media":9514,"comment_status":"open","ping_status":"open","sticky":false,"template":"","format":"standard","meta":{"colormag_page_container_layout":"default_layout","colormag_page_sidebar_layout":"default_layout","_FSMCFIC_featured_image_caption":"","_FSMCFIC_featured_image_nocaption":"","_FSMCFIC_featured_image_hide":"","footnotes":""},"categories":[5,1],"tags":[],"class_list":["post-9513","post","type-post","status-publish","format-standard","has-post-thumbnail","hentry","category-politica","category-ultimas"],"yoast_head":"<!-- This site is optimized with the Yoast SEO plugin v27.1.1 - https:\/\/yoast.com\/product\/yoast-seo-wordpress\/ -->\n<title>Escolas devem permitir uso de banheiro de acordo com identidade de g\u00eanero, orienta governo Lula - Brasil not\u00edcias<\/title>\n<meta name=\"robots\" content=\"index, follow, max-snippet:-1, max-image-preview:large, max-video-preview:-1\" \/>\n<link rel=\"canonical\" href=\"https:\/\/brasilnoticias.org\/site\/escolas-devem-permitir-uso-de-banheiro-de-acordo-com-identidade-de-genero-orienta-governo-lula\/\" \/>\n<meta property=\"og:locale\" content=\"pt_PT\" \/>\n<meta property=\"og:type\" content=\"article\" \/>\n<meta property=\"og:title\" content=\"Escolas devem permitir uso de banheiro de acordo com identidade de g\u00eanero, orienta governo Lula - Brasil not\u00edcias\" \/>\n<meta property=\"og:description\" content=\"O Minist\u00e9rio dos Direitos Humanos e da Cidadania, por meio do Conselho Nacional dos Direitos das Pessoas LGBTQIA+, publicou nesta\" \/>\n<meta property=\"og:url\" content=\"https:\/\/brasilnoticias.org\/site\/escolas-devem-permitir-uso-de-banheiro-de-acordo-com-identidade-de-genero-orienta-governo-lula\/\" \/>\n<meta property=\"og:site_name\" content=\"Brasil not\u00edcias\" \/>\n<meta property=\"article:published_time\" content=\"2023-09-23T21:59:24+00:00\" \/>\n<meta property=\"og:image\" content=\"https:\/\/brasilnoticias.org\/site\/wp-content\/uploads\/2023\/09\/IMAGEM_NOTICIA_2.jpg\" \/>\n\t<meta property=\"og:image:width\" content=\"300\" \/>\n\t<meta property=\"og:image:height\" content=\"200\" \/>\n\t<meta property=\"og:image:type\" content=\"image\/jpeg\" \/>\n<meta name=\"author\" content=\"Reda\u00e7\u00e3o\" \/>\n<meta name=\"twitter:card\" content=\"summary_large_image\" \/>\n<meta name=\"twitter:label1\" content=\"Escrito por\" \/>\n\t<meta name=\"twitter:data1\" content=\"Reda\u00e7\u00e3o\" \/>\n<script type=\"application\/ld+json\" class=\"yoast-schema-graph\">{\"@context\":\"https:\/\/schema.org\",\"@graph\":[{\"@type\":\"Article\",\"@id\":\"https:\/\/brasilnoticias.org\/site\/escolas-devem-permitir-uso-de-banheiro-de-acordo-com-identidade-de-genero-orienta-governo-lula\/#article\",\"isPartOf\":{\"@id\":\"https:\/\/brasilnoticias.org\/site\/escolas-devem-permitir-uso-de-banheiro-de-acordo-com-identidade-de-genero-orienta-governo-lula\/\"},\"author\":{\"name\":\"Reda\u00e7\u00e3o\",\"@id\":\"https:\/\/brasilnoticias.org\/site\/#\/schema\/person\/03bbbfe6c7634ad18c26444ea39049fa\"},\"headline\":\"Escolas devem permitir uso de banheiro de acordo com identidade de g\u00eanero, orienta governo Lula\",\"datePublished\":\"2023-09-23T21:59:24+00:00\",\"mainEntityOfPage\":{\"@id\":\"https:\/\/brasilnoticias.org\/site\/escolas-devem-permitir-uso-de-banheiro-de-acordo-com-identidade-de-genero-orienta-governo-lula\/\"},\"wordCount\":226,\"commentCount\":0,\"publisher\":{\"@id\":\"https:\/\/brasilnoticias.org\/site\/#organization\"},\"image\":{\"@id\":\"https:\/\/brasilnoticias.org\/site\/escolas-devem-permitir-uso-de-banheiro-de-acordo-com-identidade-de-genero-orienta-governo-lula\/#primaryimage\"},\"thumbnailUrl\":\"https:\/\/brasilnoticias.org\/site\/wp-content\/uploads\/2023\/09\/IMAGEM_NOTICIA_2.jpg\",\"articleSection\":[\"Pol\u00edtica\",\"\u00daltimas\"],\"inLanguage\":\"pt-PT\",\"potentialAction\":[{\"@type\":\"CommentAction\",\"name\":\"Comment\",\"target\":[\"https:\/\/brasilnoticias.org\/site\/escolas-devem-permitir-uso-de-banheiro-de-acordo-com-identidade-de-genero-orienta-governo-lula\/#respond\"]}]},{\"@type\":\"WebPage\",\"@id\":\"https:\/\/brasilnoticias.org\/site\/escolas-devem-permitir-uso-de-banheiro-de-acordo-com-identidade-de-genero-orienta-governo-lula\/\",\"url\":\"https:\/\/brasilnoticias.org\/site\/escolas-devem-permitir-uso-de-banheiro-de-acordo-com-identidade-de-genero-orienta-governo-lula\/\",\"name\":\"Escolas devem permitir uso de banheiro de acordo com identidade de g\u00eanero, orienta governo Lula - Brasil not\u00edcias\",\"isPartOf\":{\"@id\":\"https:\/\/brasilnoticias.org\/site\/#website\"},\"primaryImageOfPage\":{\"@id\":\"https:\/\/brasilnoticias.org\/site\/escolas-devem-permitir-uso-de-banheiro-de-acordo-com-identidade-de-genero-orienta-governo-lula\/#primaryimage\"},\"image\":{\"@id\":\"https:\/\/brasilnoticias.org\/site\/escolas-devem-permitir-uso-de-banheiro-de-acordo-com-identidade-de-genero-orienta-governo-lula\/#primaryimage\"},\"thumbnailUrl\":\"https:\/\/brasilnoticias.org\/site\/wp-content\/uploads\/2023\/09\/IMAGEM_NOTICIA_2.jpg\",\"datePublished\":\"2023-09-23T21:59:24+00:00\",\"breadcrumb\":{\"@id\":\"https:\/\/brasilnoticias.org\/site\/escolas-devem-permitir-uso-de-banheiro-de-acordo-com-identidade-de-genero-orienta-governo-lula\/#breadcrumb\"},\"inLanguage\":\"pt-PT\",\"potentialAction\":[{\"@type\":\"ReadAction\",\"target\":[\"https:\/\/brasilnoticias.org\/site\/escolas-devem-permitir-uso-de-banheiro-de-acordo-com-identidade-de-genero-orienta-governo-lula\/\"]}]},{\"@type\":\"ImageObject\",\"inLanguage\":\"pt-PT\",\"@id\":\"https:\/\/brasilnoticias.org\/site\/escolas-devem-permitir-uso-de-banheiro-de-acordo-com-identidade-de-genero-orienta-governo-lula\/#primaryimage\",\"url\":\"https:\/\/brasilnoticias.org\/site\/wp-content\/uploads\/2023\/09\/IMAGEM_NOTICIA_2.jpg\",\"contentUrl\":\"https:\/\/brasilnoticias.org\/site\/wp-content\/uploads\/2023\/09\/IMAGEM_NOTICIA_2.jpg\",\"width\":300,\"height\":200},{\"@type\":\"BreadcrumbList\",\"@id\":\"https:\/\/brasilnoticias.org\/site\/escolas-devem-permitir-uso-de-banheiro-de-acordo-com-identidade-de-genero-orienta-governo-lula\/#breadcrumb\",\"itemListElement\":[{\"@type\":\"ListItem\",\"position\":1,\"name\":\"In\u00edcio\",\"item\":\"https:\/\/brasilnoticias.org\/site\/\"},{\"@type\":\"ListItem\",\"position\":2,\"name\":\"Escolas devem permitir uso de banheiro de acordo com identidade de g\u00eanero, orienta governo Lula\"}]},{\"@type\":\"WebSite\",\"@id\":\"https:\/\/brasilnoticias.org\/site\/#website\",\"url\":\"https:\/\/brasilnoticias.org\/site\/\",\"name\":\"Brasil not\u00edcias\",\"description\":\"Brasil not\u00edcias\",\"publisher\":{\"@id\":\"https:\/\/brasilnoticias.org\/site\/#organization\"},\"potentialAction\":[{\"@type\":\"SearchAction\",\"target\":{\"@type\":\"EntryPoint\",\"urlTemplate\":\"https:\/\/brasilnoticias.org\/site\/?s={search_term_string}\"},\"query-input\":{\"@type\":\"PropertyValueSpecification\",\"valueRequired\":true,\"valueName\":\"search_term_string\"}}],\"inLanguage\":\"pt-PT\"},{\"@type\":\"Organization\",\"@id\":\"https:\/\/brasilnoticias.org\/site\/#organization\",\"name\":\"Brasil not\u00edcias\",\"url\":\"https:\/\/brasilnoticias.org\/site\/\",\"logo\":{\"@type\":\"ImageObject\",\"inLanguage\":\"pt-PT\",\"@id\":\"https:\/\/brasilnoticias.org\/site\/#\/schema\/logo\/image\/\",\"url\":\"https:\/\/brasilnoticias.org\/site\/wp-content\/uploads\/2022\/05\/cropped-brasilnoticias-mini.jpg\",\"contentUrl\":\"https:\/\/brasilnoticias.org\/site\/wp-content\/uploads\/2022\/05\/cropped-brasilnoticias-mini.jpg\",\"width\":314,\"height\":86,\"caption\":\"Brasil not\u00edcias\"},\"image\":{\"@id\":\"https:\/\/brasilnoticias.org\/site\/#\/schema\/logo\/image\/\"}},{\"@type\":\"Person\",\"@id\":\"https:\/\/brasilnoticias.org\/site\/#\/schema\/person\/03bbbfe6c7634ad18c26444ea39049fa\",\"name\":\"Reda\u00e7\u00e3o\",\"image\":{\"@type\":\"ImageObject\",\"inLanguage\":\"pt-PT\",\"@id\":\"https:\/\/brasilnoticias.org\/site\/#\/schema\/person\/image\/\",\"url\":\"https:\/\/secure.gravatar.com\/avatar\/9ecaf7327a696cb23ad926fedded5f1f04d7049de9e445375d55b48c001a6e42?s=96&d=mm&r=g\",\"contentUrl\":\"https:\/\/secure.gravatar.com\/avatar\/9ecaf7327a696cb23ad926fedded5f1f04d7049de9e445375d55b48c001a6e42?s=96&d=mm&r=g\",\"caption\":\"Reda\u00e7\u00e3o\"},\"url\":\"https:\/\/brasilnoticias.org\/site\/author\/henrique\/\"}]}<\/script>\n<!-- \/ Yoast SEO plugin. -->","yoast_head_json":{"title":"Escolas devem permitir uso de banheiro de acordo com identidade de g\u00eanero, orienta governo Lula - Brasil not\u00edcias","robots":{"index":"index","follow":"follow","max-snippet":"max-snippet:-1","max-image-preview":"max-image-preview:large","max-video-preview":"max-video-preview:-1"},"canonical":"https:\/\/brasilnoticias.org\/site\/escolas-devem-permitir-uso-de-banheiro-de-acordo-com-identidade-de-genero-orienta-governo-lula\/","og_locale":"pt_PT","og_type":"article","og_title":"Escolas devem permitir uso de banheiro de acordo com identidade de g\u00eanero, orienta governo Lula - Brasil not\u00edcias","og_description":"O Minist\u00e9rio dos Direitos Humanos e da Cidadania, por meio do Conselho Nacional dos Direitos das Pessoas LGBTQIA+, publicou nesta","og_url":"https:\/\/brasilnoticias.org\/site\/escolas-devem-permitir-uso-de-banheiro-de-acordo-com-identidade-de-genero-orienta-governo-lula\/","og_site_name":"Brasil not\u00edcias","article_published_time":"2023-09-23T21:59:24+00:00","og_image":[{"width":300,"height":200,"url":"https:\/\/brasilnoticias.org\/site\/wp-content\/uploads\/2023\/09\/IMAGEM_NOTICIA_2.jpg","type":"image\/jpeg"}],"author":"Reda\u00e7\u00e3o","twitter_card":"summary_large_image","twitter_misc":{"Escrito por":"Reda\u00e7\u00e3o"},"schema":{"@context":"https:\/\/schema.org","@graph":[{"@type":"Article","@id":"https:\/\/brasilnoticias.org\/site\/escolas-devem-permitir-uso-de-banheiro-de-acordo-com-identidade-de-genero-orienta-governo-lula\/#article","isPartOf":{"@id":"https:\/\/brasilnoticias.org\/site\/escolas-devem-permitir-uso-de-banheiro-de-acordo-com-identidade-de-genero-orienta-governo-lula\/"},"author":{"name":"Reda\u00e7\u00e3o","@id":"https:\/\/brasilnoticias.org\/site\/#\/schema\/person\/03bbbfe6c7634ad18c26444ea39049fa"},"headline":"Escolas devem permitir uso de banheiro de acordo com identidade de g\u00eanero, orienta governo Lula","datePublished":"2023-09-23T21:59:24+00:00","mainEntityOfPage":{"@id":"https:\/\/brasilnoticias.org\/site\/escolas-devem-permitir-uso-de-banheiro-de-acordo-com-identidade-de-genero-orienta-governo-lula\/"},"wordCount":226,"commentCount":0,"publisher":{"@id":"https:\/\/brasilnoticias.org\/site\/#organization"},"image":{"@id":"https:\/\/brasilnoticias.org\/site\/escolas-devem-permitir-uso-de-banheiro-de-acordo-com-identidade-de-genero-orienta-governo-lula\/#primaryimage"},"thumbnailUrl":"https:\/\/brasilnoticias.org\/site\/wp-content\/uploads\/2023\/09\/IMAGEM_NOTICIA_2.jpg","articleSection":["Pol\u00edtica","\u00daltimas"],"inLanguage":"pt-PT","potentialAction":[{"@type":"CommentAction","name":"Comment","target":["https:\/\/brasilnoticias.org\/site\/escolas-devem-permitir-uso-de-banheiro-de-acordo-com-identidade-de-genero-orienta-governo-lula\/#respond"]}]},{"@type":"WebPage","@id":"https:\/\/brasilnoticias.org\/site\/escolas-devem-permitir-uso-de-banheiro-de-acordo-com-identidade-de-genero-orienta-governo-lula\/","url":"https:\/\/brasilnoticias.org\/site\/escolas-devem-permitir-uso-de-banheiro-de-acordo-com-identidade-de-genero-orienta-governo-lula\/","name":"Escolas devem permitir uso de banheiro de acordo com identidade de g\u00eanero, orienta governo Lula - Brasil not\u00edcias","isPartOf":{"@id":"https:\/\/brasilnoticias.org\/site\/#website"},"primaryImageOfPage":{"@id":"https:\/\/brasilnoticias.org\/site\/escolas-devem-permitir-uso-de-banheiro-de-acordo-com-identidade-de-genero-orienta-governo-lula\/#primaryimage"},"image":{"@id":"https:\/\/brasilnoticias.org\/site\/escolas-devem-permitir-uso-de-banheiro-de-acordo-com-identidade-de-genero-orienta-governo-lula\/#primaryimage"},"thumbnailUrl":"https:\/\/brasilnoticias.org\/site\/wp-content\/uploads\/2023\/09\/IMAGEM_NOTICIA_2.jpg","datePublished":"2023-09-23T21:59:24+00:00","breadcrumb":{"@id":"https:\/\/brasilnoticias.org\/site\/escolas-devem-permitir-uso-de-banheiro-de-acordo-com-identidade-de-genero-orienta-governo-lula\/#breadcrumb"},"inLanguage":"pt-PT","potentialAction":[{"@type":"ReadAction","target":["https:\/\/brasilnoticias.org\/site\/escolas-devem-permitir-uso-de-banheiro-de-acordo-com-identidade-de-genero-orienta-governo-lula\/"]}]},{"@type":"ImageObject","inLanguage":"pt-PT","@id":"https:\/\/brasilnoticias.org\/site\/escolas-devem-permitir-uso-de-banheiro-de-acordo-com-identidade-de-genero-orienta-governo-lula\/#primaryimage","url":"https:\/\/brasilnoticias.org\/site\/wp-content\/uploads\/2023\/09\/IMAGEM_NOTICIA_2.jpg","contentUrl":"https:\/\/brasilnoticias.org\/site\/wp-content\/uploads\/2023\/09\/IMAGEM_NOTICIA_2.jpg","width":300,"height":200},{"@type":"BreadcrumbList","@id":"https:\/\/brasilnoticias.org\/site\/escolas-devem-permitir-uso-de-banheiro-de-acordo-com-identidade-de-genero-orienta-governo-lula\/#breadcrumb","itemListElement":[{"@type":"ListItem","position":1,"name":"In\u00edcio","item":"https:\/\/brasilnoticias.org\/site\/"},{"@type":"ListItem","position":2,"name":"Escolas devem permitir uso de banheiro de acordo com identidade de g\u00eanero, orienta governo Lula"}]},{"@type":"WebSite","@id":"https:\/\/brasilnoticias.org\/site\/#website","url":"https:\/\/brasilnoticias.org\/site\/","name":"Brasil not\u00edcias","description":"Brasil not\u00edcias","publisher":{"@id":"https:\/\/brasilnoticias.org\/site\/#organization"},"potentialAction":[{"@type":"SearchAction","target":{"@type":"EntryPoint","urlTemplate":"https:\/\/brasilnoticias.org\/site\/?s={search_term_string}"},"query-input":{"@type":"PropertyValueSpecification","valueRequired":true,"valueName":"search_term_string"}}],"inLanguage":"pt-PT"},{"@type":"Organization","@id":"https:\/\/brasilnoticias.org\/site\/#organization","name":"Brasil not\u00edcias","url":"https:\/\/brasilnoticias.org\/site\/","logo":{"@type":"ImageObject","inLanguage":"pt-PT","@id":"https:\/\/brasilnoticias.org\/site\/#\/schema\/logo\/image\/","url":"https:\/\/brasilnoticias.org\/site\/wp-content\/uploads\/2022\/05\/cropped-brasilnoticias-mini.jpg","contentUrl":"https:\/\/brasilnoticias.org\/site\/wp-content\/uploads\/2022\/05\/cropped-brasilnoticias-mini.jpg","width":314,"height":86,"caption":"Brasil not\u00edcias"},"image":{"@id":"https:\/\/brasilnoticias.org\/site\/#\/schema\/logo\/image\/"}},{"@type":"Person","@id":"https:\/\/brasilnoticias.org\/site\/#\/schema\/person\/03bbbfe6c7634ad18c26444ea39049fa","name":"Reda\u00e7\u00e3o","image":{"@type":"ImageObject","inLanguage":"pt-PT","@id":"https:\/\/brasilnoticias.org\/site\/#\/schema\/person\/image\/","url":"https:\/\/secure.gravatar.com\/avatar\/9ecaf7327a696cb23ad926fedded5f1f04d7049de9e445375d55b48c001a6e42?s=96&d=mm&r=g","contentUrl":"https:\/\/secure.gravatar.com\/avatar\/9ecaf7327a696cb23ad926fedded5f1f04d7049de9e445375d55b48c001a6e42?s=96&d=mm&r=g","caption":"Reda\u00e7\u00e3o"},"url":"https:\/\/brasilnoticias.org\/site\/author\/henrique\/"}]}},"_links":{"self":[{"href":"https:\/\/brasilnoticias.org\/site\/wp-json\/wp\/v2\/posts\/9513","targetHints":{"allow":["GET"]}}],"collection":[{"href":"https:\/\/brasilnoticias.org\/site\/wp-json\/wp\/v2\/posts"}],"about":[{"href":"https:\/\/brasilnoticias.org\/site\/wp-json\/wp\/v2\/types\/post"}],"author":[{"embeddable":true,"href":"https:\/\/brasilnoticias.org\/site\/wp-json\/wp\/v2\/users\/4"}],"replies":[{"embeddable":true,"href":"https:\/\/brasilnoticias.org\/site\/wp-json\/wp\/v2\/comments?post=9513"}],"version-history":[{"count":1,"href":"https:\/\/brasilnoticias.org\/site\/wp-json\/wp\/v2\/posts\/9513\/revisions"}],"predecessor-version":[{"id":9515,"href":"https:\/\/brasilnoticias.org\/site\/wp-json\/wp\/v2\/posts\/9513\/revisions\/9515"}],"wp:featuredmedia":[{"embeddable":true,"href":"https:\/\/brasilnoticias.org\/site\/wp-json\/wp\/v2\/media\/9514"}],"wp:attachment":[{"href":"https:\/\/brasilnoticias.org\/site\/wp-json\/wp\/v2\/media?parent=9513"}],"wp:term":[{"taxonomy":"category","embeddable":true,"href":"https:\/\/brasilnoticias.org\/site\/wp-json\/wp\/v2\/categories?post=9513"},{"taxonomy":"post_tag","embeddable":true,"href":"https:\/\/brasilnoticias.org\/site\/wp-json\/wp\/v2\/tags?post=9513"}],"curies":[{"name":"wp","href":"https:\/\/api.w.org\/{rel}","templated":true}]}}