{"id":9528,"date":"2023-09-24T09:09:14","date_gmt":"2023-09-24T12:09:14","guid":{"rendered":"https:\/\/brasilnoticias.org\/site\/?p=9528"},"modified":"2023-09-23T19:11:00","modified_gmt":"2023-09-23T22:11:00","slug":"3a-edicao-da-festa-literaria-arte-e-identidade-acontece-nos-dias-5-e-7-de-outubro","status":"publish","type":"post","link":"https:\/\/brasilnoticias.org\/site\/3a-edicao-da-festa-literaria-arte-e-identidade-acontece-nos-dias-5-e-7-de-outubro\/","title":{"rendered":"3\u00aa edi\u00e7\u00e3o da Festa Liter\u00e1ria Arte e Identidade; acontece nos dias 5 e 7 de outubro"},"content":{"rendered":"<p>um espa\u00e7o voltado para apresenta\u00e7\u00e3o e comercializa\u00e7\u00e3o de produtos afirmativos de jovens empreendedores negros da capital baiana<\/p>\n<p>Acontece nos dias 5 e 7 de outubro, no Pelourinho a Festa Liter\u00e1ria Arte e Identidade pioneiro no fomento da Arte e Literatura Negra Infantojuvenil na Bahia, o projeto prop\u00f5e o est\u00edmulo \u00e0 arte, leitura e constru\u00e7\u00e3o de novas perspectivas a partir de narrativas da cultura negra. Este ano a terceira edi\u00e7\u00e3o vai homenagear os \u201c200 anos da Independ\u00eancia do Brasil na Bahia\u201d. Uma das novidades desta edi\u00e7\u00e3o \u00e9 a \u201cFeira Maria Felipa\u201d \u2013 um espa\u00e7o voltado para apresenta\u00e7\u00e3o e comercializa\u00e7\u00e3o de produtos afirmativos de jovens empreendedores negros da capital baiana.<\/p>\n<p>Com acesso gratuito, o evento ir\u00e1 ocupar diversos espa\u00e7os p\u00fablicos do Centro Hist\u00f3rico de Salvador com lan\u00e7amento de livros, conta\u00e7\u00e3o de hist\u00f3rias, feira de livros, rodas de conversa, saraus, mesas liter\u00e1rias, bate-papo, entre outros. Outro destaque do projeto \u00e9 a valoriza\u00e7\u00e3o da participa\u00e7\u00e3o da comunidade local, destacando a participa\u00e7\u00e3o dos estudantes das escolas da regi\u00e3o e de escolas inscritas para participar das a\u00e7\u00f5es educativas da programa\u00e7\u00e3o.<\/p>\n<p>Foto: Claudionor Jr. \/ ASCOM SEC<br \/>\nAratu On<\/p>\n","protected":false},"excerpt":{"rendered":"<p>um espa\u00e7o voltado para apresenta\u00e7\u00e3o e comercializa\u00e7\u00e3o de produtos afirmativos de jovens empreendedores negros da capital baiana Acontece nos dias<\/p>\n","protected":false},"author":4,"featured_media":9529,"comment_status":"open","ping_status":"open","sticky":false,"template":"","format":"standard","meta":{"colormag_page_container_layout":"default_layout","colormag_page_sidebar_layout":"default_layout","_FSMCFIC_featured_image_caption":"","_FSMCFIC_featured_image_nocaption":"","_FSMCFIC_featured_image_hide":"","footnotes":""},"categories":[2,1],"tags":[],"class_list":["post-9528","post","type-post","status-publish","format-standard","has-post-thumbnail","hentry","category-noticias","category-ultimas"],"yoast_head":"<!-- This site is optimized with the Yoast SEO plugin v27.1.1 - https:\/\/yoast.com\/product\/yoast-seo-wordpress\/ -->\n<title>3\u00aa edi\u00e7\u00e3o da Festa Liter\u00e1ria Arte e Identidade; acontece nos dias 5 e 7 de outubro - Brasil not\u00edcias<\/title>\n<meta name=\"robots\" content=\"index, follow, max-snippet:-1, max-image-preview:large, max-video-preview:-1\" \/>\n<link rel=\"canonical\" href=\"https:\/\/brasilnoticias.org\/site\/3a-edicao-da-festa-literaria-arte-e-identidade-acontece-nos-dias-5-e-7-de-outubro\/\" \/>\n<meta property=\"og:locale\" content=\"pt_PT\" \/>\n<meta property=\"og:type\" content=\"article\" \/>\n<meta property=\"og:title\" content=\"3\u00aa edi\u00e7\u00e3o da Festa Liter\u00e1ria Arte e Identidade; acontece nos dias 5 e 7 de outubro - Brasil not\u00edcias\" \/>\n<meta property=\"og:description\" content=\"um espa\u00e7o voltado para apresenta\u00e7\u00e3o e comercializa\u00e7\u00e3o de produtos afirmativos de jovens empreendedores negros da capital baiana Acontece nos dias\" \/>\n<meta property=\"og:url\" content=\"https:\/\/brasilnoticias.org\/site\/3a-edicao-da-festa-literaria-arte-e-identidade-acontece-nos-dias-5-e-7-de-outubro\/\" \/>\n<meta property=\"og:site_name\" content=\"Brasil not\u00edcias\" \/>\n<meta property=\"article:published_time\" content=\"2023-09-24T12:09:14+00:00\" \/>\n<meta property=\"og:image\" content=\"https:\/\/brasilnoticias.org\/site\/wp-content\/uploads\/2023\/09\/estudantes4.jpg\" \/>\n\t<meta property=\"og:image:width\" content=\"800\" \/>\n\t<meta property=\"og:image:height\" content=\"435\" \/>\n\t<meta property=\"og:image:type\" content=\"image\/jpeg\" \/>\n<meta name=\"author\" content=\"Reda\u00e7\u00e3o\" \/>\n<meta name=\"twitter:card\" content=\"summary_large_image\" \/>\n<meta name=\"twitter:label1\" content=\"Escrito por\" \/>\n\t<meta name=\"twitter:data1\" content=\"Reda\u00e7\u00e3o\" \/>\n<script type=\"application\/ld+json\" class=\"yoast-schema-graph\">{\"@context\":\"https:\/\/schema.org\",\"@graph\":[{\"@type\":\"Article\",\"@id\":\"https:\/\/brasilnoticias.org\/site\/3a-edicao-da-festa-literaria-arte-e-identidade-acontece-nos-dias-5-e-7-de-outubro\/#article\",\"isPartOf\":{\"@id\":\"https:\/\/brasilnoticias.org\/site\/3a-edicao-da-festa-literaria-arte-e-identidade-acontece-nos-dias-5-e-7-de-outubro\/\"},\"author\":{\"name\":\"Reda\u00e7\u00e3o\",\"@id\":\"https:\/\/brasilnoticias.org\/site\/#\/schema\/person\/03bbbfe6c7634ad18c26444ea39049fa\"},\"headline\":\"3\u00aa edi\u00e7\u00e3o da Festa Liter\u00e1ria Arte e Identidade; acontece nos dias 5 e 7 de outubro\",\"datePublished\":\"2023-09-24T12:09:14+00:00\",\"mainEntityOfPage\":{\"@id\":\"https:\/\/brasilnoticias.org\/site\/3a-edicao-da-festa-literaria-arte-e-identidade-acontece-nos-dias-5-e-7-de-outubro\/\"},\"wordCount\":215,\"commentCount\":0,\"publisher\":{\"@id\":\"https:\/\/brasilnoticias.org\/site\/#organization\"},\"image\":{\"@id\":\"https:\/\/brasilnoticias.org\/site\/3a-edicao-da-festa-literaria-arte-e-identidade-acontece-nos-dias-5-e-7-de-outubro\/#primaryimage\"},\"thumbnailUrl\":\"https:\/\/brasilnoticias.org\/site\/wp-content\/uploads\/2023\/09\/estudantes4.jpg\",\"articleSection\":[\"Not\u00edcias\",\"\u00daltimas\"],\"inLanguage\":\"pt-PT\",\"potentialAction\":[{\"@type\":\"CommentAction\",\"name\":\"Comment\",\"target\":[\"https:\/\/brasilnoticias.org\/site\/3a-edicao-da-festa-literaria-arte-e-identidade-acontece-nos-dias-5-e-7-de-outubro\/#respond\"]}]},{\"@type\":\"WebPage\",\"@id\":\"https:\/\/brasilnoticias.org\/site\/3a-edicao-da-festa-literaria-arte-e-identidade-acontece-nos-dias-5-e-7-de-outubro\/\",\"url\":\"https:\/\/brasilnoticias.org\/site\/3a-edicao-da-festa-literaria-arte-e-identidade-acontece-nos-dias-5-e-7-de-outubro\/\",\"name\":\"3\u00aa edi\u00e7\u00e3o da Festa Liter\u00e1ria Arte e Identidade; acontece nos dias 5 e 7 de outubro - Brasil not\u00edcias\",\"isPartOf\":{\"@id\":\"https:\/\/brasilnoticias.org\/site\/#website\"},\"primaryImageOfPage\":{\"@id\":\"https:\/\/brasilnoticias.org\/site\/3a-edicao-da-festa-literaria-arte-e-identidade-acontece-nos-dias-5-e-7-de-outubro\/#primaryimage\"},\"image\":{\"@id\":\"https:\/\/brasilnoticias.org\/site\/3a-edicao-da-festa-literaria-arte-e-identidade-acontece-nos-dias-5-e-7-de-outubro\/#primaryimage\"},\"thumbnailUrl\":\"https:\/\/brasilnoticias.org\/site\/wp-content\/uploads\/2023\/09\/estudantes4.jpg\",\"datePublished\":\"2023-09-24T12:09:14+00:00\",\"breadcrumb\":{\"@id\":\"https:\/\/brasilnoticias.org\/site\/3a-edicao-da-festa-literaria-arte-e-identidade-acontece-nos-dias-5-e-7-de-outubro\/#breadcrumb\"},\"inLanguage\":\"pt-PT\",\"potentialAction\":[{\"@type\":\"ReadAction\",\"target\":[\"https:\/\/brasilnoticias.org\/site\/3a-edicao-da-festa-literaria-arte-e-identidade-acontece-nos-dias-5-e-7-de-outubro\/\"]}]},{\"@type\":\"ImageObject\",\"inLanguage\":\"pt-PT\",\"@id\":\"https:\/\/brasilnoticias.org\/site\/3a-edicao-da-festa-literaria-arte-e-identidade-acontece-nos-dias-5-e-7-de-outubro\/#primaryimage\",\"url\":\"https:\/\/brasilnoticias.org\/site\/wp-content\/uploads\/2023\/09\/estudantes4.jpg\",\"contentUrl\":\"https:\/\/brasilnoticias.org\/site\/wp-content\/uploads\/2023\/09\/estudantes4.jpg\",\"width\":800,\"height\":435},{\"@type\":\"BreadcrumbList\",\"@id\":\"https:\/\/brasilnoticias.org\/site\/3a-edicao-da-festa-literaria-arte-e-identidade-acontece-nos-dias-5-e-7-de-outubro\/#breadcrumb\",\"itemListElement\":[{\"@type\":\"ListItem\",\"position\":1,\"name\":\"In\u00edcio\",\"item\":\"https:\/\/brasilnoticias.org\/site\/\"},{\"@type\":\"ListItem\",\"position\":2,\"name\":\"3\u00aa edi\u00e7\u00e3o da Festa Liter\u00e1ria Arte e Identidade; acontece nos dias 5 e 7 de outubro\"}]},{\"@type\":\"WebSite\",\"@id\":\"https:\/\/brasilnoticias.org\/site\/#website\",\"url\":\"https:\/\/brasilnoticias.org\/site\/\",\"name\":\"Brasil not\u00edcias\",\"description\":\"Brasil not\u00edcias\",\"publisher\":{\"@id\":\"https:\/\/brasilnoticias.org\/site\/#organization\"},\"potentialAction\":[{\"@type\":\"SearchAction\",\"target\":{\"@type\":\"EntryPoint\",\"urlTemplate\":\"https:\/\/brasilnoticias.org\/site\/?s={search_term_string}\"},\"query-input\":{\"@type\":\"PropertyValueSpecification\",\"valueRequired\":true,\"valueName\":\"search_term_string\"}}],\"inLanguage\":\"pt-PT\"},{\"@type\":\"Organization\",\"@id\":\"https:\/\/brasilnoticias.org\/site\/#organization\",\"name\":\"Brasil not\u00edcias\",\"url\":\"https:\/\/brasilnoticias.org\/site\/\",\"logo\":{\"@type\":\"ImageObject\",\"inLanguage\":\"pt-PT\",\"@id\":\"https:\/\/brasilnoticias.org\/site\/#\/schema\/logo\/image\/\",\"url\":\"https:\/\/brasilnoticias.org\/site\/wp-content\/uploads\/2022\/05\/cropped-brasilnoticias-mini.jpg\",\"contentUrl\":\"https:\/\/brasilnoticias.org\/site\/wp-content\/uploads\/2022\/05\/cropped-brasilnoticias-mini.jpg\",\"width\":314,\"height\":86,\"caption\":\"Brasil not\u00edcias\"},\"image\":{\"@id\":\"https:\/\/brasilnoticias.org\/site\/#\/schema\/logo\/image\/\"}},{\"@type\":\"Person\",\"@id\":\"https:\/\/brasilnoticias.org\/site\/#\/schema\/person\/03bbbfe6c7634ad18c26444ea39049fa\",\"name\":\"Reda\u00e7\u00e3o\",\"image\":{\"@type\":\"ImageObject\",\"inLanguage\":\"pt-PT\",\"@id\":\"https:\/\/brasilnoticias.org\/site\/#\/schema\/person\/image\/\",\"url\":\"https:\/\/secure.gravatar.com\/avatar\/9ecaf7327a696cb23ad926fedded5f1f04d7049de9e445375d55b48c001a6e42?s=96&d=mm&r=g\",\"contentUrl\":\"https:\/\/secure.gravatar.com\/avatar\/9ecaf7327a696cb23ad926fedded5f1f04d7049de9e445375d55b48c001a6e42?s=96&d=mm&r=g\",\"caption\":\"Reda\u00e7\u00e3o\"},\"url\":\"https:\/\/brasilnoticias.org\/site\/author\/henrique\/\"}]}<\/script>\n<!-- \/ Yoast SEO plugin. -->","yoast_head_json":{"title":"3\u00aa edi\u00e7\u00e3o da Festa Liter\u00e1ria Arte e Identidade; acontece nos dias 5 e 7 de outubro - Brasil not\u00edcias","robots":{"index":"index","follow":"follow","max-snippet":"max-snippet:-1","max-image-preview":"max-image-preview:large","max-video-preview":"max-video-preview:-1"},"canonical":"https:\/\/brasilnoticias.org\/site\/3a-edicao-da-festa-literaria-arte-e-identidade-acontece-nos-dias-5-e-7-de-outubro\/","og_locale":"pt_PT","og_type":"article","og_title":"3\u00aa edi\u00e7\u00e3o da Festa Liter\u00e1ria Arte e Identidade; acontece nos dias 5 e 7 de outubro - Brasil not\u00edcias","og_description":"um espa\u00e7o voltado para apresenta\u00e7\u00e3o e comercializa\u00e7\u00e3o de produtos afirmativos de jovens empreendedores negros da capital baiana Acontece nos dias","og_url":"https:\/\/brasilnoticias.org\/site\/3a-edicao-da-festa-literaria-arte-e-identidade-acontece-nos-dias-5-e-7-de-outubro\/","og_site_name":"Brasil not\u00edcias","article_published_time":"2023-09-24T12:09:14+00:00","og_image":[{"width":800,"height":435,"url":"https:\/\/brasilnoticias.org\/site\/wp-content\/uploads\/2023\/09\/estudantes4.jpg","type":"image\/jpeg"}],"author":"Reda\u00e7\u00e3o","twitter_card":"summary_large_image","twitter_misc":{"Escrito por":"Reda\u00e7\u00e3o"},"schema":{"@context":"https:\/\/schema.org","@graph":[{"@type":"Article","@id":"https:\/\/brasilnoticias.org\/site\/3a-edicao-da-festa-literaria-arte-e-identidade-acontece-nos-dias-5-e-7-de-outubro\/#article","isPartOf":{"@id":"https:\/\/brasilnoticias.org\/site\/3a-edicao-da-festa-literaria-arte-e-identidade-acontece-nos-dias-5-e-7-de-outubro\/"},"author":{"name":"Reda\u00e7\u00e3o","@id":"https:\/\/brasilnoticias.org\/site\/#\/schema\/person\/03bbbfe6c7634ad18c26444ea39049fa"},"headline":"3\u00aa edi\u00e7\u00e3o da Festa Liter\u00e1ria Arte e Identidade; acontece nos dias 5 e 7 de outubro","datePublished":"2023-09-24T12:09:14+00:00","mainEntityOfPage":{"@id":"https:\/\/brasilnoticias.org\/site\/3a-edicao-da-festa-literaria-arte-e-identidade-acontece-nos-dias-5-e-7-de-outubro\/"},"wordCount":215,"commentCount":0,"publisher":{"@id":"https:\/\/brasilnoticias.org\/site\/#organization"},"image":{"@id":"https:\/\/brasilnoticias.org\/site\/3a-edicao-da-festa-literaria-arte-e-identidade-acontece-nos-dias-5-e-7-de-outubro\/#primaryimage"},"thumbnailUrl":"https:\/\/brasilnoticias.org\/site\/wp-content\/uploads\/2023\/09\/estudantes4.jpg","articleSection":["Not\u00edcias","\u00daltimas"],"inLanguage":"pt-PT","potentialAction":[{"@type":"CommentAction","name":"Comment","target":["https:\/\/brasilnoticias.org\/site\/3a-edicao-da-festa-literaria-arte-e-identidade-acontece-nos-dias-5-e-7-de-outubro\/#respond"]}]},{"@type":"WebPage","@id":"https:\/\/brasilnoticias.org\/site\/3a-edicao-da-festa-literaria-arte-e-identidade-acontece-nos-dias-5-e-7-de-outubro\/","url":"https:\/\/brasilnoticias.org\/site\/3a-edicao-da-festa-literaria-arte-e-identidade-acontece-nos-dias-5-e-7-de-outubro\/","name":"3\u00aa edi\u00e7\u00e3o da Festa Liter\u00e1ria Arte e Identidade; acontece nos dias 5 e 7 de outubro - Brasil not\u00edcias","isPartOf":{"@id":"https:\/\/brasilnoticias.org\/site\/#website"},"primaryImageOfPage":{"@id":"https:\/\/brasilnoticias.org\/site\/3a-edicao-da-festa-literaria-arte-e-identidade-acontece-nos-dias-5-e-7-de-outubro\/#primaryimage"},"image":{"@id":"https:\/\/brasilnoticias.org\/site\/3a-edicao-da-festa-literaria-arte-e-identidade-acontece-nos-dias-5-e-7-de-outubro\/#primaryimage"},"thumbnailUrl":"https:\/\/brasilnoticias.org\/site\/wp-content\/uploads\/2023\/09\/estudantes4.jpg","datePublished":"2023-09-24T12:09:14+00:00","breadcrumb":{"@id":"https:\/\/brasilnoticias.org\/site\/3a-edicao-da-festa-literaria-arte-e-identidade-acontece-nos-dias-5-e-7-de-outubro\/#breadcrumb"},"inLanguage":"pt-PT","potentialAction":[{"@type":"ReadAction","target":["https:\/\/brasilnoticias.org\/site\/3a-edicao-da-festa-literaria-arte-e-identidade-acontece-nos-dias-5-e-7-de-outubro\/"]}]},{"@type":"ImageObject","inLanguage":"pt-PT","@id":"https:\/\/brasilnoticias.org\/site\/3a-edicao-da-festa-literaria-arte-e-identidade-acontece-nos-dias-5-e-7-de-outubro\/#primaryimage","url":"https:\/\/brasilnoticias.org\/site\/wp-content\/uploads\/2023\/09\/estudantes4.jpg","contentUrl":"https:\/\/brasilnoticias.org\/site\/wp-content\/uploads\/2023\/09\/estudantes4.jpg","width":800,"height":435},{"@type":"BreadcrumbList","@id":"https:\/\/brasilnoticias.org\/site\/3a-edicao-da-festa-literaria-arte-e-identidade-acontece-nos-dias-5-e-7-de-outubro\/#breadcrumb","itemListElement":[{"@type":"ListItem","position":1,"name":"In\u00edcio","item":"https:\/\/brasilnoticias.org\/site\/"},{"@type":"ListItem","position":2,"name":"3\u00aa edi\u00e7\u00e3o da Festa Liter\u00e1ria Arte e Identidade; acontece nos dias 5 e 7 de outubro"}]},{"@type":"WebSite","@id":"https:\/\/brasilnoticias.org\/site\/#website","url":"https:\/\/brasilnoticias.org\/site\/","name":"Brasil not\u00edcias","description":"Brasil not\u00edcias","publisher":{"@id":"https:\/\/brasilnoticias.org\/site\/#organization"},"potentialAction":[{"@type":"SearchAction","target":{"@type":"EntryPoint","urlTemplate":"https:\/\/brasilnoticias.org\/site\/?s={search_term_string}"},"query-input":{"@type":"PropertyValueSpecification","valueRequired":true,"valueName":"search_term_string"}}],"inLanguage":"pt-PT"},{"@type":"Organization","@id":"https:\/\/brasilnoticias.org\/site\/#organization","name":"Brasil not\u00edcias","url":"https:\/\/brasilnoticias.org\/site\/","logo":{"@type":"ImageObject","inLanguage":"pt-PT","@id":"https:\/\/brasilnoticias.org\/site\/#\/schema\/logo\/image\/","url":"https:\/\/brasilnoticias.org\/site\/wp-content\/uploads\/2022\/05\/cropped-brasilnoticias-mini.jpg","contentUrl":"https:\/\/brasilnoticias.org\/site\/wp-content\/uploads\/2022\/05\/cropped-brasilnoticias-mini.jpg","width":314,"height":86,"caption":"Brasil not\u00edcias"},"image":{"@id":"https:\/\/brasilnoticias.org\/site\/#\/schema\/logo\/image\/"}},{"@type":"Person","@id":"https:\/\/brasilnoticias.org\/site\/#\/schema\/person\/03bbbfe6c7634ad18c26444ea39049fa","name":"Reda\u00e7\u00e3o","image":{"@type":"ImageObject","inLanguage":"pt-PT","@id":"https:\/\/brasilnoticias.org\/site\/#\/schema\/person\/image\/","url":"https:\/\/secure.gravatar.com\/avatar\/9ecaf7327a696cb23ad926fedded5f1f04d7049de9e445375d55b48c001a6e42?s=96&d=mm&r=g","contentUrl":"https:\/\/secure.gravatar.com\/avatar\/9ecaf7327a696cb23ad926fedded5f1f04d7049de9e445375d55b48c001a6e42?s=96&d=mm&r=g","caption":"Reda\u00e7\u00e3o"},"url":"https:\/\/brasilnoticias.org\/site\/author\/henrique\/"}]}},"_links":{"self":[{"href":"https:\/\/brasilnoticias.org\/site\/wp-json\/wp\/v2\/posts\/9528","targetHints":{"allow":["GET"]}}],"collection":[{"href":"https:\/\/brasilnoticias.org\/site\/wp-json\/wp\/v2\/posts"}],"about":[{"href":"https:\/\/brasilnoticias.org\/site\/wp-json\/wp\/v2\/types\/post"}],"author":[{"embeddable":true,"href":"https:\/\/brasilnoticias.org\/site\/wp-json\/wp\/v2\/users\/4"}],"replies":[{"embeddable":true,"href":"https:\/\/brasilnoticias.org\/site\/wp-json\/wp\/v2\/comments?post=9528"}],"version-history":[{"count":1,"href":"https:\/\/brasilnoticias.org\/site\/wp-json\/wp\/v2\/posts\/9528\/revisions"}],"predecessor-version":[{"id":9530,"href":"https:\/\/brasilnoticias.org\/site\/wp-json\/wp\/v2\/posts\/9528\/revisions\/9530"}],"wp:featuredmedia":[{"embeddable":true,"href":"https:\/\/brasilnoticias.org\/site\/wp-json\/wp\/v2\/media\/9529"}],"wp:attachment":[{"href":"https:\/\/brasilnoticias.org\/site\/wp-json\/wp\/v2\/media?parent=9528"}],"wp:term":[{"taxonomy":"category","embeddable":true,"href":"https:\/\/brasilnoticias.org\/site\/wp-json\/wp\/v2\/categories?post=9528"},{"taxonomy":"post_tag","embeddable":true,"href":"https:\/\/brasilnoticias.org\/site\/wp-json\/wp\/v2\/tags?post=9528"}],"curies":[{"name":"wp","href":"https:\/\/api.w.org\/{rel}","templated":true}]}}