{"id":954,"date":"2022-06-21T19:51:34","date_gmt":"2022-06-21T22:51:34","guid":{"rendered":"https:\/\/brasilnoticias.org\/site\/?p=954"},"modified":"2022-06-21T19:51:34","modified_gmt":"2022-06-21T22:51:34","slug":"general-do-governo-bolsonaro-deixa-cargo-no-gsi","status":"publish","type":"post","link":"https:\/\/brasilnoticias.org\/site\/general-do-governo-bolsonaro-deixa-cargo-no-gsi\/","title":{"rendered":"GENERAL DO GOVERNO BOLSONARO DEIXA CARGO NO GSI"},"content":{"rendered":"<p>O general Eduardo Villas B\u00f4as deixou o cargo de assessor especial do\u00a0<a href=\"https:\/\/www.bnews.com.br\/tags\/gsi\" target=\"_blank\" rel=\"noopener\">Gabinete de Seguran\u00e7a Institucional<\/a>\u00a0(GSI) da Presid\u00eancia da Rep\u00fablica, nesta ter\u00e7a-feira (21). A exonera\u00e7\u00e3o, publicada no Di\u00e1rio Oficial da Uni\u00e3o (DOU), atendeu a um pedido do militar.<\/p>\n<p>Ele foi escolhido pela ex-presidente\u00a0<a href=\"https:\/\/www.bnews.com.br\/tags\/dilma-rousseff\" target=\"_blank\" rel=\"noopener\">Dilma Rousseff<\/a>\u00a0(PT), em 2015, para assumir o comando do ex\u00e9rcito. O general permaneceu no cargo por quatro anos. Em janeiro de 2019, o militar deixou o cargo para trabalhar no GSI, a convite do presidente\u00a0<a href=\"https:\/\/www.bnews.com.br\/tags\/jair-bolsonaro\" target=\"_blank\" rel=\"noopener\">Jair Bolsonaro<\/a>\u00a0(PL).<\/p>\n<p>Na sequ\u00eancia, assumiu o cargo de assessor especial na equipe de Augusto Heleno, titular do Gabinete de Seguran\u00e7a Institucional e que tamb\u00e9m \u00e9 general da reserva do Ex\u00e9rcito.<\/p>\n<p>O GSI tem status de minist\u00e9rio e funciona no Pal\u00e1cio do Planalto. O gabinete responde pela coordena\u00e7\u00e3o da \u00e1rea de intelig\u00eancia do governo, ao qual est\u00e1 subordinada a Ag\u00eancia Brasileira de Intelig\u00eancia (Abin).<\/p>\n<p>Segundo o G1, o ex-comandante do Ex\u00e9rcito sofre de esclerose lateral amiotr\u00f3fica (ELA), doen\u00e7a neuromotora de car\u00e1ter degenerativo.<\/p>\n<p>Em dezembro de 2019, ele inaugurou um instituto Instituto General Villas B\u00f4as (IGVB) que possui o objetivo de preservar a mem\u00f3ria do militar durante o per\u00edodo no Ex\u00e9rcito e apoiar pessoas com doen\u00e7as raras, cr\u00f4nicas e com defici\u00eancia.<\/p>\n<p><strong>Pol\u00eamica<\/strong><\/p>\n<p>Tamb\u00e9m conforme o G1, em abril de 2018, Villas B\u00f4as provocou pol\u00eamica por coment\u00e1rios feitos no Twitter\u00a0<a href=\"https:\/\/www.bnews.com.br\/noticias\/politica\/202132-stf-julga-nesta-semana-habeas-corpus-preventivo-de-lula.html\" target=\"_blank\" rel=\"noopener\">na v\u00e9spera de o Supremo Tribunal Federal (STF) julgar um habeas corpus preventivo do ex-presidente Luiz In\u00e1cio Lula da Silva<\/a>. Sem citar o caso, ele fez coment\u00e1rios em \u201crep\u00fadio \u00e0 impunidade\u201d.<\/p>\n<p>\u201cAsseguro \u00e0 Na\u00e7\u00e3o que o Ex\u00e9rcito Brasileiro julga compartilhar o anseio de todos os cidad\u00e3os de bem de rep\u00fadio \u00e0 impunidade e de respeito \u00e0 Constitui\u00e7\u00e3o, \u00e0 paz social e \u00e0 Democracia, bem como se mant\u00e9m atento \u00e0s suas miss\u00f5es institucionais\u201d, disse na primeira mensagem.<\/p>\n<p>O Ex\u00e9rcito Brasileiro julga compartilhar o anseio de todos os cidad\u00e3os de bem de rep\u00fadio \u00e0 impunidade e de respeito \u00e0 Constitui\u00e7\u00e3o, \u00e0 paz social e \u00e0 Democracia, bem como se mant\u00e9m atento \u00e0s suas miss\u00f5es institucionais. Nessa situa\u00e7\u00e3o que vive o Brasil, resta perguntar \u00e0s institui\u00e7\u00f5es e ao povo quem realmente est\u00e1 pensando no bem do Pa\u00eds e das gera\u00e7\u00f5es futuras e quem est\u00e1 preocupado apenas com interesses pessoais?\u201d, encerrou.<\/p>\n<p>Na ocasi\u00e3o, a declara\u00e7\u00e3o foi vista como uma press\u00e3o sobre os ministros do Supremo. O ent\u00e3o decano da Corte, ministro\u00a0<a href=\"https:\/\/www.bnews.com.br\/tags\/celso-de-mello\" target=\"_blank\" rel=\"noopener\">Celso de Mello<\/a>, deu, durante o julgamento do habeas corpus, a resposta a Villas B\u00f4as.<\/p>\n<p>\u201cO respeito indeclin\u00e1vel \u00e0 Constitui\u00e7\u00e3o e \u00e0s leis da Rep\u00fablica representa o limite intranspon\u00edvel a que se deve submeter os agentes do Estado, quaisquer que sejam os estamentos a que eles pertencem.\u201d, disse Celso de Mello \u00e0 \u00e9poca.<\/p>\n<p>&nbsp;<\/p>\n<p>&nbsp;<\/p>\n<p>&nbsp;<\/p>\n<p>Bnews<\/p>\n","protected":false},"excerpt":{"rendered":"<p>O general Eduardo Villas B\u00f4as deixou o cargo de assessor especial do\u00a0Gabinete de Seguran\u00e7a Institucional\u00a0(GSI) da Presid\u00eancia da Rep\u00fablica, nesta<\/p>\n","protected":false},"author":2,"featured_media":955,"comment_status":"open","ping_status":"open","sticky":false,"template":"","format":"standard","meta":{"colormag_page_container_layout":"default_layout","colormag_page_sidebar_layout":"default_layout","_FSMCFIC_featured_image_caption":"","_FSMCFIC_featured_image_nocaption":"","_FSMCFIC_featured_image_hide":"","footnotes":""},"categories":[5,1],"tags":[],"class_list":["post-954","post","type-post","status-publish","format-standard","has-post-thumbnail","hentry","category-politica","category-ultimas"],"yoast_head":"<!-- This site is optimized with the Yoast SEO plugin v27.1.1 - https:\/\/yoast.com\/product\/yoast-seo-wordpress\/ -->\n<title>GENERAL DO GOVERNO BOLSONARO DEIXA CARGO NO GSI - Brasil not\u00edcias<\/title>\n<meta name=\"robots\" content=\"index, follow, max-snippet:-1, max-image-preview:large, max-video-preview:-1\" \/>\n<link rel=\"canonical\" href=\"https:\/\/brasilnoticias.org\/site\/general-do-governo-bolsonaro-deixa-cargo-no-gsi\/\" \/>\n<meta property=\"og:locale\" content=\"pt_PT\" \/>\n<meta property=\"og:type\" content=\"article\" \/>\n<meta property=\"og:title\" content=\"GENERAL DO GOVERNO BOLSONARO DEIXA CARGO NO GSI - Brasil not\u00edcias\" \/>\n<meta property=\"og:description\" content=\"O general Eduardo Villas B\u00f4as deixou o cargo de assessor especial do\u00a0Gabinete de Seguran\u00e7a Institucional\u00a0(GSI) da Presid\u00eancia da Rep\u00fablica, nesta\" \/>\n<meta property=\"og:url\" content=\"https:\/\/brasilnoticias.org\/site\/general-do-governo-bolsonaro-deixa-cargo-no-gsi\/\" \/>\n<meta property=\"og:site_name\" content=\"Brasil not\u00edcias\" \/>\n<meta property=\"article:published_time\" content=\"2022-06-21T22:51:34+00:00\" \/>\n<meta property=\"og:image\" content=\"https:\/\/brasilnoticias.org\/site\/wp-content\/uploads\/2022\/06\/eduardo-vilas-boas-marcelo-camargo-agencia-brasil_widelg-1.jpg\" \/>\n\t<meta property=\"og:image:width\" content=\"800\" \/>\n\t<meta property=\"og:image:height\" content=\"450\" \/>\n\t<meta property=\"og:image:type\" content=\"image\/jpeg\" \/>\n<meta name=\"author\" content=\"Reda\u00e7\u00e3o\" \/>\n<meta name=\"twitter:card\" content=\"summary_large_image\" \/>\n<meta name=\"twitter:label1\" content=\"Escrito por\" \/>\n\t<meta name=\"twitter:data1\" content=\"Reda\u00e7\u00e3o\" \/>\n\t<meta name=\"twitter:label2\" content=\"Tempo estimado de leitura\" \/>\n\t<meta name=\"twitter:data2\" content=\"2 minutos\" \/>\n<script type=\"application\/ld+json\" class=\"yoast-schema-graph\">{\"@context\":\"https:\/\/schema.org\",\"@graph\":[{\"@type\":\"Article\",\"@id\":\"https:\/\/brasilnoticias.org\/site\/general-do-governo-bolsonaro-deixa-cargo-no-gsi\/#article\",\"isPartOf\":{\"@id\":\"https:\/\/brasilnoticias.org\/site\/general-do-governo-bolsonaro-deixa-cargo-no-gsi\/\"},\"author\":{\"name\":\"Reda\u00e7\u00e3o\",\"@id\":\"https:\/\/brasilnoticias.org\/site\/#\/schema\/person\/f609fa847b5314f1c8b983342f34c798\"},\"headline\":\"GENERAL DO GOVERNO BOLSONARO DEIXA CARGO NO GSI\",\"datePublished\":\"2022-06-21T22:51:34+00:00\",\"mainEntityOfPage\":{\"@id\":\"https:\/\/brasilnoticias.org\/site\/general-do-governo-bolsonaro-deixa-cargo-no-gsi\/\"},\"wordCount\":497,\"commentCount\":0,\"publisher\":{\"@id\":\"https:\/\/brasilnoticias.org\/site\/#organization\"},\"image\":{\"@id\":\"https:\/\/brasilnoticias.org\/site\/general-do-governo-bolsonaro-deixa-cargo-no-gsi\/#primaryimage\"},\"thumbnailUrl\":\"https:\/\/brasilnoticias.org\/site\/wp-content\/uploads\/2022\/06\/eduardo-vilas-boas-marcelo-camargo-agencia-brasil_widelg-1.jpg\",\"articleSection\":[\"Pol\u00edtica\",\"\u00daltimas\"],\"inLanguage\":\"pt-PT\",\"potentialAction\":[{\"@type\":\"CommentAction\",\"name\":\"Comment\",\"target\":[\"https:\/\/brasilnoticias.org\/site\/general-do-governo-bolsonaro-deixa-cargo-no-gsi\/#respond\"]}]},{\"@type\":\"WebPage\",\"@id\":\"https:\/\/brasilnoticias.org\/site\/general-do-governo-bolsonaro-deixa-cargo-no-gsi\/\",\"url\":\"https:\/\/brasilnoticias.org\/site\/general-do-governo-bolsonaro-deixa-cargo-no-gsi\/\",\"name\":\"GENERAL DO GOVERNO BOLSONARO DEIXA CARGO NO GSI - Brasil not\u00edcias\",\"isPartOf\":{\"@id\":\"https:\/\/brasilnoticias.org\/site\/#website\"},\"primaryImageOfPage\":{\"@id\":\"https:\/\/brasilnoticias.org\/site\/general-do-governo-bolsonaro-deixa-cargo-no-gsi\/#primaryimage\"},\"image\":{\"@id\":\"https:\/\/brasilnoticias.org\/site\/general-do-governo-bolsonaro-deixa-cargo-no-gsi\/#primaryimage\"},\"thumbnailUrl\":\"https:\/\/brasilnoticias.org\/site\/wp-content\/uploads\/2022\/06\/eduardo-vilas-boas-marcelo-camargo-agencia-brasil_widelg-1.jpg\",\"datePublished\":\"2022-06-21T22:51:34+00:00\",\"breadcrumb\":{\"@id\":\"https:\/\/brasilnoticias.org\/site\/general-do-governo-bolsonaro-deixa-cargo-no-gsi\/#breadcrumb\"},\"inLanguage\":\"pt-PT\",\"potentialAction\":[{\"@type\":\"ReadAction\",\"target\":[\"https:\/\/brasilnoticias.org\/site\/general-do-governo-bolsonaro-deixa-cargo-no-gsi\/\"]}]},{\"@type\":\"ImageObject\",\"inLanguage\":\"pt-PT\",\"@id\":\"https:\/\/brasilnoticias.org\/site\/general-do-governo-bolsonaro-deixa-cargo-no-gsi\/#primaryimage\",\"url\":\"https:\/\/brasilnoticias.org\/site\/wp-content\/uploads\/2022\/06\/eduardo-vilas-boas-marcelo-camargo-agencia-brasil_widelg-1.jpg\",\"contentUrl\":\"https:\/\/brasilnoticias.org\/site\/wp-content\/uploads\/2022\/06\/eduardo-vilas-boas-marcelo-camargo-agencia-brasil_widelg-1.jpg\",\"width\":800,\"height\":450},{\"@type\":\"BreadcrumbList\",\"@id\":\"https:\/\/brasilnoticias.org\/site\/general-do-governo-bolsonaro-deixa-cargo-no-gsi\/#breadcrumb\",\"itemListElement\":[{\"@type\":\"ListItem\",\"position\":1,\"name\":\"In\u00edcio\",\"item\":\"https:\/\/brasilnoticias.org\/site\/\"},{\"@type\":\"ListItem\",\"position\":2,\"name\":\"GENERAL DO GOVERNO BOLSONARO DEIXA CARGO NO GSI\"}]},{\"@type\":\"WebSite\",\"@id\":\"https:\/\/brasilnoticias.org\/site\/#website\",\"url\":\"https:\/\/brasilnoticias.org\/site\/\",\"name\":\"Brasil not\u00edcias\",\"description\":\"Brasil not\u00edcias\",\"publisher\":{\"@id\":\"https:\/\/brasilnoticias.org\/site\/#organization\"},\"potentialAction\":[{\"@type\":\"SearchAction\",\"target\":{\"@type\":\"EntryPoint\",\"urlTemplate\":\"https:\/\/brasilnoticias.org\/site\/?s={search_term_string}\"},\"query-input\":{\"@type\":\"PropertyValueSpecification\",\"valueRequired\":true,\"valueName\":\"search_term_string\"}}],\"inLanguage\":\"pt-PT\"},{\"@type\":\"Organization\",\"@id\":\"https:\/\/brasilnoticias.org\/site\/#organization\",\"name\":\"Brasil not\u00edcias\",\"url\":\"https:\/\/brasilnoticias.org\/site\/\",\"logo\":{\"@type\":\"ImageObject\",\"inLanguage\":\"pt-PT\",\"@id\":\"https:\/\/brasilnoticias.org\/site\/#\/schema\/logo\/image\/\",\"url\":\"https:\/\/brasilnoticias.org\/site\/wp-content\/uploads\/2022\/05\/cropped-brasilnoticias-mini.jpg\",\"contentUrl\":\"https:\/\/brasilnoticias.org\/site\/wp-content\/uploads\/2022\/05\/cropped-brasilnoticias-mini.jpg\",\"width\":314,\"height\":86,\"caption\":\"Brasil not\u00edcias\"},\"image\":{\"@id\":\"https:\/\/brasilnoticias.org\/site\/#\/schema\/logo\/image\/\"}},{\"@type\":\"Person\",\"@id\":\"https:\/\/brasilnoticias.org\/site\/#\/schema\/person\/f609fa847b5314f1c8b983342f34c798\",\"name\":\"Reda\u00e7\u00e3o\",\"image\":{\"@type\":\"ImageObject\",\"inLanguage\":\"pt-PT\",\"@id\":\"https:\/\/brasilnoticias.org\/site\/#\/schema\/person\/image\/\",\"url\":\"https:\/\/secure.gravatar.com\/avatar\/447284c06c1ad8b46465a36de9cd0d8326b73387a22799b8b1ffb1fbcff2ed0c?s=96&d=mm&r=g\",\"contentUrl\":\"https:\/\/secure.gravatar.com\/avatar\/447284c06c1ad8b46465a36de9cd0d8326b73387a22799b8b1ffb1fbcff2ed0c?s=96&d=mm&r=g\",\"caption\":\"Reda\u00e7\u00e3o\"},\"url\":\"https:\/\/brasilnoticias.org\/site\/author\/redacao\/\"}]}<\/script>\n<!-- \/ Yoast SEO plugin. -->","yoast_head_json":{"title":"GENERAL DO GOVERNO BOLSONARO DEIXA CARGO NO GSI - Brasil not\u00edcias","robots":{"index":"index","follow":"follow","max-snippet":"max-snippet:-1","max-image-preview":"max-image-preview:large","max-video-preview":"max-video-preview:-1"},"canonical":"https:\/\/brasilnoticias.org\/site\/general-do-governo-bolsonaro-deixa-cargo-no-gsi\/","og_locale":"pt_PT","og_type":"article","og_title":"GENERAL DO GOVERNO BOLSONARO DEIXA CARGO NO GSI - Brasil not\u00edcias","og_description":"O general Eduardo Villas B\u00f4as deixou o cargo de assessor especial do\u00a0Gabinete de Seguran\u00e7a Institucional\u00a0(GSI) da Presid\u00eancia da Rep\u00fablica, nesta","og_url":"https:\/\/brasilnoticias.org\/site\/general-do-governo-bolsonaro-deixa-cargo-no-gsi\/","og_site_name":"Brasil not\u00edcias","article_published_time":"2022-06-21T22:51:34+00:00","og_image":[{"width":800,"height":450,"url":"https:\/\/brasilnoticias.org\/site\/wp-content\/uploads\/2022\/06\/eduardo-vilas-boas-marcelo-camargo-agencia-brasil_widelg-1.jpg","type":"image\/jpeg"}],"author":"Reda\u00e7\u00e3o","twitter_card":"summary_large_image","twitter_misc":{"Escrito por":"Reda\u00e7\u00e3o","Tempo estimado de leitura":"2 minutos"},"schema":{"@context":"https:\/\/schema.org","@graph":[{"@type":"Article","@id":"https:\/\/brasilnoticias.org\/site\/general-do-governo-bolsonaro-deixa-cargo-no-gsi\/#article","isPartOf":{"@id":"https:\/\/brasilnoticias.org\/site\/general-do-governo-bolsonaro-deixa-cargo-no-gsi\/"},"author":{"name":"Reda\u00e7\u00e3o","@id":"https:\/\/brasilnoticias.org\/site\/#\/schema\/person\/f609fa847b5314f1c8b983342f34c798"},"headline":"GENERAL DO GOVERNO BOLSONARO DEIXA CARGO NO GSI","datePublished":"2022-06-21T22:51:34+00:00","mainEntityOfPage":{"@id":"https:\/\/brasilnoticias.org\/site\/general-do-governo-bolsonaro-deixa-cargo-no-gsi\/"},"wordCount":497,"commentCount":0,"publisher":{"@id":"https:\/\/brasilnoticias.org\/site\/#organization"},"image":{"@id":"https:\/\/brasilnoticias.org\/site\/general-do-governo-bolsonaro-deixa-cargo-no-gsi\/#primaryimage"},"thumbnailUrl":"https:\/\/brasilnoticias.org\/site\/wp-content\/uploads\/2022\/06\/eduardo-vilas-boas-marcelo-camargo-agencia-brasil_widelg-1.jpg","articleSection":["Pol\u00edtica","\u00daltimas"],"inLanguage":"pt-PT","potentialAction":[{"@type":"CommentAction","name":"Comment","target":["https:\/\/brasilnoticias.org\/site\/general-do-governo-bolsonaro-deixa-cargo-no-gsi\/#respond"]}]},{"@type":"WebPage","@id":"https:\/\/brasilnoticias.org\/site\/general-do-governo-bolsonaro-deixa-cargo-no-gsi\/","url":"https:\/\/brasilnoticias.org\/site\/general-do-governo-bolsonaro-deixa-cargo-no-gsi\/","name":"GENERAL DO GOVERNO BOLSONARO DEIXA CARGO NO GSI - Brasil not\u00edcias","isPartOf":{"@id":"https:\/\/brasilnoticias.org\/site\/#website"},"primaryImageOfPage":{"@id":"https:\/\/brasilnoticias.org\/site\/general-do-governo-bolsonaro-deixa-cargo-no-gsi\/#primaryimage"},"image":{"@id":"https:\/\/brasilnoticias.org\/site\/general-do-governo-bolsonaro-deixa-cargo-no-gsi\/#primaryimage"},"thumbnailUrl":"https:\/\/brasilnoticias.org\/site\/wp-content\/uploads\/2022\/06\/eduardo-vilas-boas-marcelo-camargo-agencia-brasil_widelg-1.jpg","datePublished":"2022-06-21T22:51:34+00:00","breadcrumb":{"@id":"https:\/\/brasilnoticias.org\/site\/general-do-governo-bolsonaro-deixa-cargo-no-gsi\/#breadcrumb"},"inLanguage":"pt-PT","potentialAction":[{"@type":"ReadAction","target":["https:\/\/brasilnoticias.org\/site\/general-do-governo-bolsonaro-deixa-cargo-no-gsi\/"]}]},{"@type":"ImageObject","inLanguage":"pt-PT","@id":"https:\/\/brasilnoticias.org\/site\/general-do-governo-bolsonaro-deixa-cargo-no-gsi\/#primaryimage","url":"https:\/\/brasilnoticias.org\/site\/wp-content\/uploads\/2022\/06\/eduardo-vilas-boas-marcelo-camargo-agencia-brasil_widelg-1.jpg","contentUrl":"https:\/\/brasilnoticias.org\/site\/wp-content\/uploads\/2022\/06\/eduardo-vilas-boas-marcelo-camargo-agencia-brasil_widelg-1.jpg","width":800,"height":450},{"@type":"BreadcrumbList","@id":"https:\/\/brasilnoticias.org\/site\/general-do-governo-bolsonaro-deixa-cargo-no-gsi\/#breadcrumb","itemListElement":[{"@type":"ListItem","position":1,"name":"In\u00edcio","item":"https:\/\/brasilnoticias.org\/site\/"},{"@type":"ListItem","position":2,"name":"GENERAL DO GOVERNO BOLSONARO DEIXA CARGO NO GSI"}]},{"@type":"WebSite","@id":"https:\/\/brasilnoticias.org\/site\/#website","url":"https:\/\/brasilnoticias.org\/site\/","name":"Brasil not\u00edcias","description":"Brasil not\u00edcias","publisher":{"@id":"https:\/\/brasilnoticias.org\/site\/#organization"},"potentialAction":[{"@type":"SearchAction","target":{"@type":"EntryPoint","urlTemplate":"https:\/\/brasilnoticias.org\/site\/?s={search_term_string}"},"query-input":{"@type":"PropertyValueSpecification","valueRequired":true,"valueName":"search_term_string"}}],"inLanguage":"pt-PT"},{"@type":"Organization","@id":"https:\/\/brasilnoticias.org\/site\/#organization","name":"Brasil not\u00edcias","url":"https:\/\/brasilnoticias.org\/site\/","logo":{"@type":"ImageObject","inLanguage":"pt-PT","@id":"https:\/\/brasilnoticias.org\/site\/#\/schema\/logo\/image\/","url":"https:\/\/brasilnoticias.org\/site\/wp-content\/uploads\/2022\/05\/cropped-brasilnoticias-mini.jpg","contentUrl":"https:\/\/brasilnoticias.org\/site\/wp-content\/uploads\/2022\/05\/cropped-brasilnoticias-mini.jpg","width":314,"height":86,"caption":"Brasil not\u00edcias"},"image":{"@id":"https:\/\/brasilnoticias.org\/site\/#\/schema\/logo\/image\/"}},{"@type":"Person","@id":"https:\/\/brasilnoticias.org\/site\/#\/schema\/person\/f609fa847b5314f1c8b983342f34c798","name":"Reda\u00e7\u00e3o","image":{"@type":"ImageObject","inLanguage":"pt-PT","@id":"https:\/\/brasilnoticias.org\/site\/#\/schema\/person\/image\/","url":"https:\/\/secure.gravatar.com\/avatar\/447284c06c1ad8b46465a36de9cd0d8326b73387a22799b8b1ffb1fbcff2ed0c?s=96&d=mm&r=g","contentUrl":"https:\/\/secure.gravatar.com\/avatar\/447284c06c1ad8b46465a36de9cd0d8326b73387a22799b8b1ffb1fbcff2ed0c?s=96&d=mm&r=g","caption":"Reda\u00e7\u00e3o"},"url":"https:\/\/brasilnoticias.org\/site\/author\/redacao\/"}]}},"_links":{"self":[{"href":"https:\/\/brasilnoticias.org\/site\/wp-json\/wp\/v2\/posts\/954","targetHints":{"allow":["GET"]}}],"collection":[{"href":"https:\/\/brasilnoticias.org\/site\/wp-json\/wp\/v2\/posts"}],"about":[{"href":"https:\/\/brasilnoticias.org\/site\/wp-json\/wp\/v2\/types\/post"}],"author":[{"embeddable":true,"href":"https:\/\/brasilnoticias.org\/site\/wp-json\/wp\/v2\/users\/2"}],"replies":[{"embeddable":true,"href":"https:\/\/brasilnoticias.org\/site\/wp-json\/wp\/v2\/comments?post=954"}],"version-history":[{"count":1,"href":"https:\/\/brasilnoticias.org\/site\/wp-json\/wp\/v2\/posts\/954\/revisions"}],"predecessor-version":[{"id":956,"href":"https:\/\/brasilnoticias.org\/site\/wp-json\/wp\/v2\/posts\/954\/revisions\/956"}],"wp:featuredmedia":[{"embeddable":true,"href":"https:\/\/brasilnoticias.org\/site\/wp-json\/wp\/v2\/media\/955"}],"wp:attachment":[{"href":"https:\/\/brasilnoticias.org\/site\/wp-json\/wp\/v2\/media?parent=954"}],"wp:term":[{"taxonomy":"category","embeddable":true,"href":"https:\/\/brasilnoticias.org\/site\/wp-json\/wp\/v2\/categories?post=954"},{"taxonomy":"post_tag","embeddable":true,"href":"https:\/\/brasilnoticias.org\/site\/wp-json\/wp\/v2\/tags?post=954"}],"curies":[{"name":"wp","href":"https:\/\/api.w.org\/{rel}","templated":true}]}}