{"id":9541,"date":"2023-09-24T18:36:01","date_gmt":"2023-09-24T21:36:01","guid":{"rendered":"https:\/\/brasilnoticias.org\/site\/?p=9541"},"modified":"2023-09-24T18:36:01","modified_gmt":"2023-09-24T21:36:01","slug":"tst-reconhece-vinculo-de-emprego-entre-entregador-e-empresa-de-aplicativo","status":"publish","type":"post","link":"https:\/\/brasilnoticias.org\/site\/tst-reconhece-vinculo-de-emprego-entre-entregador-e-empresa-de-aplicativo\/","title":{"rendered":"TST reconhece v\u00ednculo de emprego entre entregador e empresa de aplicativo"},"content":{"rendered":"<p>Rappi disse que &#8220;n\u00e3o concorda com a decis\u00e3o tomada&#8221; e vai recorrer<\/p>\n<p>Em meio \u00e0 conclus\u00e3o do Governo Federal do projeto de regulamenta\u00e7\u00e3o da situa\u00e7\u00e3o dos trabalhadores por aplicativos, o Tribunal Superior do Trabalho (TST) reconheceu v\u00ednculo empregat\u00edcio entre um entregador e a Rappi, empresa de delivery de comida por aplicativo.<\/p>\n<p>A decis\u00e3o est\u00e1 relacionada a uma a\u00e7\u00e3o do trabalhador contra a companhia. A Rappi disse que &#8220;n\u00e3o concorda com a decis\u00e3o tomada pelo TST&#8221; e vai recorrer. A relatora K\u00e1tia Magalh\u00e3es Arruda afirmou existir, no caso deste entregador, os elementos que caracterizam um v\u00ednculo empregat\u00edcio: \u201cpresta\u00e7\u00e3o de trabalho por pessoa f\u00edsica, com pessoalidade pelo trabalhador, n\u00e3o eventualidade (ou habitualidade), com subordina\u00e7\u00e3o e onerosidade\u201d.<\/p>\n<p>A regulamenta\u00e7\u00e3o nacional est\u00e1 sendo tratada h\u00e1 quase cinco meses em um grupo criado no Minist\u00e9rio do Trabalho e Emprego (MTE). As normas da atividade devem se estruturar em quatro eixos: remunera\u00e7\u00e3o m\u00ednima; seguridade social; seguran\u00e7a no trabalho; transpar\u00eancia nos pagamentos e crit\u00e9rios dos algoritmos.<\/p>\n<p>Ainda existe impasse em torno de quest\u00f5es como a remunera\u00e7\u00e3o por hora trabalhada, a al\u00edquota de contribui\u00e7\u00e3o para a Previd\u00eancia Social, a natureza jur\u00eddica dos aplicativos e qual deve ser o v\u00ednculo entre essas empresas e os trabalhadores.<\/p>\n<p>Caso em Salvador<\/p>\n<p>Em 2021, o v\u00ednculo empregat\u00edcio entre um entregador de aplicativo e a empresa Uber Eats, foi reconhecido pela Justi\u00e7a do Trabalho de Salvador. Na decis\u00e3o, a ju\u00edza Fernanda Carvalho Azevedo Formighieri, atendeu em parte a a\u00e7\u00e3o do trabalhador Genilson Machado de Brito, que afirmou ter sido desligado da Uber Eats injustamente.<\/p>\n<p>Na senten\u00e7a, a ju\u00edza reconheceu que o trabalho prestado pelo reclamante da a\u00e7\u00e3o atende aos requisitos do artigo 3\u00b0 da CLT, que estabelece que toda pessoa f\u00edsica que prestar servi\u00e7o de natureza n\u00e3o eventual a empregador, sob a depend\u00eancia deste e mediante sal\u00e1rio, ser\u00e1 reconhecida como empregado.<\/p>\n<p>Foto: Freepik<br \/>\nMetro1<\/p>\n","protected":false},"excerpt":{"rendered":"<p>Rappi disse que &#8220;n\u00e3o concorda com a decis\u00e3o tomada&#8221; e vai recorrer Em meio \u00e0 conclus\u00e3o do Governo Federal do<\/p>\n","protected":false},"author":4,"featured_media":9542,"comment_status":"open","ping_status":"open","sticky":false,"template":"","format":"standard","meta":{"colormag_page_container_layout":"default_layout","colormag_page_sidebar_layout":"default_layout","_FSMCFIC_featured_image_caption":"","_FSMCFIC_featured_image_nocaption":"","_FSMCFIC_featured_image_hide":"","footnotes":""},"categories":[7,1],"tags":[],"class_list":["post-9541","post","type-post","status-publish","format-standard","has-post-thumbnail","hentry","category-justica","category-ultimas"],"yoast_head":"<!-- This site is optimized with the Yoast SEO plugin v27.1.1 - https:\/\/yoast.com\/product\/yoast-seo-wordpress\/ -->\n<title>TST reconhece v\u00ednculo de emprego entre entregador e empresa de aplicativo - Brasil not\u00edcias<\/title>\n<meta name=\"robots\" content=\"index, follow, max-snippet:-1, max-image-preview:large, max-video-preview:-1\" \/>\n<link rel=\"canonical\" href=\"https:\/\/brasilnoticias.org\/site\/tst-reconhece-vinculo-de-emprego-entre-entregador-e-empresa-de-aplicativo\/\" \/>\n<meta property=\"og:locale\" content=\"pt_PT\" \/>\n<meta property=\"og:type\" content=\"article\" \/>\n<meta property=\"og:title\" content=\"TST reconhece v\u00ednculo de emprego entre entregador e empresa de aplicativo - Brasil not\u00edcias\" \/>\n<meta property=\"og:description\" content=\"Rappi disse que &#8220;n\u00e3o concorda com a decis\u00e3o tomada&#8221; e vai recorrer Em meio \u00e0 conclus\u00e3o do Governo Federal do\" \/>\n<meta property=\"og:url\" content=\"https:\/\/brasilnoticias.org\/site\/tst-reconhece-vinculo-de-emprego-entre-entregador-e-empresa-de-aplicativo\/\" \/>\n<meta property=\"og:site_name\" content=\"Brasil not\u00edcias\" \/>\n<meta property=\"article:published_time\" content=\"2023-09-24T21:36:01+00:00\" \/>\n<meta property=\"og:image\" content=\"https:\/\/brasilnoticias.org\/site\/wp-content\/uploads\/2023\/09\/141285tst-reconhece-vinculo-de-emprego-entre-entregador-e-empresa-de-aplicativo-3.jpg\" \/>\n\t<meta property=\"og:image:width\" content=\"1600\" \/>\n\t<meta property=\"og:image:height\" content=\"752\" \/>\n\t<meta property=\"og:image:type\" content=\"image\/jpeg\" \/>\n<meta name=\"author\" content=\"Reda\u00e7\u00e3o\" \/>\n<meta name=\"twitter:card\" content=\"summary_large_image\" \/>\n<meta name=\"twitter:label1\" content=\"Escrito por\" \/>\n\t<meta name=\"twitter:data1\" content=\"Reda\u00e7\u00e3o\" \/>\n<script type=\"application\/ld+json\" class=\"yoast-schema-graph\">{\"@context\":\"https:\/\/schema.org\",\"@graph\":[{\"@type\":\"Article\",\"@id\":\"https:\/\/brasilnoticias.org\/site\/tst-reconhece-vinculo-de-emprego-entre-entregador-e-empresa-de-aplicativo\/#article\",\"isPartOf\":{\"@id\":\"https:\/\/brasilnoticias.org\/site\/tst-reconhece-vinculo-de-emprego-entre-entregador-e-empresa-de-aplicativo\/\"},\"author\":{\"name\":\"Reda\u00e7\u00e3o\",\"@id\":\"https:\/\/brasilnoticias.org\/site\/#\/schema\/person\/03bbbfe6c7634ad18c26444ea39049fa\"},\"headline\":\"TST reconhece v\u00ednculo de emprego entre entregador e empresa de aplicativo\",\"datePublished\":\"2023-09-24T21:36:01+00:00\",\"mainEntityOfPage\":{\"@id\":\"https:\/\/brasilnoticias.org\/site\/tst-reconhece-vinculo-de-emprego-entre-entregador-e-empresa-de-aplicativo\/\"},\"wordCount\":357,\"commentCount\":0,\"publisher\":{\"@id\":\"https:\/\/brasilnoticias.org\/site\/#organization\"},\"image\":{\"@id\":\"https:\/\/brasilnoticias.org\/site\/tst-reconhece-vinculo-de-emprego-entre-entregador-e-empresa-de-aplicativo\/#primaryimage\"},\"thumbnailUrl\":\"https:\/\/brasilnoticias.org\/site\/wp-content\/uploads\/2023\/09\/141285tst-reconhece-vinculo-de-emprego-entre-entregador-e-empresa-de-aplicativo-3.jpg\",\"articleSection\":[\"Justi\u00e7a\",\"\u00daltimas\"],\"inLanguage\":\"pt-PT\",\"potentialAction\":[{\"@type\":\"CommentAction\",\"name\":\"Comment\",\"target\":[\"https:\/\/brasilnoticias.org\/site\/tst-reconhece-vinculo-de-emprego-entre-entregador-e-empresa-de-aplicativo\/#respond\"]}]},{\"@type\":\"WebPage\",\"@id\":\"https:\/\/brasilnoticias.org\/site\/tst-reconhece-vinculo-de-emprego-entre-entregador-e-empresa-de-aplicativo\/\",\"url\":\"https:\/\/brasilnoticias.org\/site\/tst-reconhece-vinculo-de-emprego-entre-entregador-e-empresa-de-aplicativo\/\",\"name\":\"TST reconhece v\u00ednculo de emprego entre entregador e empresa de aplicativo - Brasil not\u00edcias\",\"isPartOf\":{\"@id\":\"https:\/\/brasilnoticias.org\/site\/#website\"},\"primaryImageOfPage\":{\"@id\":\"https:\/\/brasilnoticias.org\/site\/tst-reconhece-vinculo-de-emprego-entre-entregador-e-empresa-de-aplicativo\/#primaryimage\"},\"image\":{\"@id\":\"https:\/\/brasilnoticias.org\/site\/tst-reconhece-vinculo-de-emprego-entre-entregador-e-empresa-de-aplicativo\/#primaryimage\"},\"thumbnailUrl\":\"https:\/\/brasilnoticias.org\/site\/wp-content\/uploads\/2023\/09\/141285tst-reconhece-vinculo-de-emprego-entre-entregador-e-empresa-de-aplicativo-3.jpg\",\"datePublished\":\"2023-09-24T21:36:01+00:00\",\"breadcrumb\":{\"@id\":\"https:\/\/brasilnoticias.org\/site\/tst-reconhece-vinculo-de-emprego-entre-entregador-e-empresa-de-aplicativo\/#breadcrumb\"},\"inLanguage\":\"pt-PT\",\"potentialAction\":[{\"@type\":\"ReadAction\",\"target\":[\"https:\/\/brasilnoticias.org\/site\/tst-reconhece-vinculo-de-emprego-entre-entregador-e-empresa-de-aplicativo\/\"]}]},{\"@type\":\"ImageObject\",\"inLanguage\":\"pt-PT\",\"@id\":\"https:\/\/brasilnoticias.org\/site\/tst-reconhece-vinculo-de-emprego-entre-entregador-e-empresa-de-aplicativo\/#primaryimage\",\"url\":\"https:\/\/brasilnoticias.org\/site\/wp-content\/uploads\/2023\/09\/141285tst-reconhece-vinculo-de-emprego-entre-entregador-e-empresa-de-aplicativo-3.jpg\",\"contentUrl\":\"https:\/\/brasilnoticias.org\/site\/wp-content\/uploads\/2023\/09\/141285tst-reconhece-vinculo-de-emprego-entre-entregador-e-empresa-de-aplicativo-3.jpg\",\"width\":1600,\"height\":752},{\"@type\":\"BreadcrumbList\",\"@id\":\"https:\/\/brasilnoticias.org\/site\/tst-reconhece-vinculo-de-emprego-entre-entregador-e-empresa-de-aplicativo\/#breadcrumb\",\"itemListElement\":[{\"@type\":\"ListItem\",\"position\":1,\"name\":\"In\u00edcio\",\"item\":\"https:\/\/brasilnoticias.org\/site\/\"},{\"@type\":\"ListItem\",\"position\":2,\"name\":\"TST reconhece v\u00ednculo de emprego entre entregador e empresa de aplicativo\"}]},{\"@type\":\"WebSite\",\"@id\":\"https:\/\/brasilnoticias.org\/site\/#website\",\"url\":\"https:\/\/brasilnoticias.org\/site\/\",\"name\":\"Brasil not\u00edcias\",\"description\":\"Brasil not\u00edcias\",\"publisher\":{\"@id\":\"https:\/\/brasilnoticias.org\/site\/#organization\"},\"potentialAction\":[{\"@type\":\"SearchAction\",\"target\":{\"@type\":\"EntryPoint\",\"urlTemplate\":\"https:\/\/brasilnoticias.org\/site\/?s={search_term_string}\"},\"query-input\":{\"@type\":\"PropertyValueSpecification\",\"valueRequired\":true,\"valueName\":\"search_term_string\"}}],\"inLanguage\":\"pt-PT\"},{\"@type\":\"Organization\",\"@id\":\"https:\/\/brasilnoticias.org\/site\/#organization\",\"name\":\"Brasil not\u00edcias\",\"url\":\"https:\/\/brasilnoticias.org\/site\/\",\"logo\":{\"@type\":\"ImageObject\",\"inLanguage\":\"pt-PT\",\"@id\":\"https:\/\/brasilnoticias.org\/site\/#\/schema\/logo\/image\/\",\"url\":\"https:\/\/brasilnoticias.org\/site\/wp-content\/uploads\/2022\/05\/cropped-brasilnoticias-mini.jpg\",\"contentUrl\":\"https:\/\/brasilnoticias.org\/site\/wp-content\/uploads\/2022\/05\/cropped-brasilnoticias-mini.jpg\",\"width\":314,\"height\":86,\"caption\":\"Brasil not\u00edcias\"},\"image\":{\"@id\":\"https:\/\/brasilnoticias.org\/site\/#\/schema\/logo\/image\/\"}},{\"@type\":\"Person\",\"@id\":\"https:\/\/brasilnoticias.org\/site\/#\/schema\/person\/03bbbfe6c7634ad18c26444ea39049fa\",\"name\":\"Reda\u00e7\u00e3o\",\"image\":{\"@type\":\"ImageObject\",\"inLanguage\":\"pt-PT\",\"@id\":\"https:\/\/brasilnoticias.org\/site\/#\/schema\/person\/image\/\",\"url\":\"https:\/\/secure.gravatar.com\/avatar\/9ecaf7327a696cb23ad926fedded5f1f04d7049de9e445375d55b48c001a6e42?s=96&d=mm&r=g\",\"contentUrl\":\"https:\/\/secure.gravatar.com\/avatar\/9ecaf7327a696cb23ad926fedded5f1f04d7049de9e445375d55b48c001a6e42?s=96&d=mm&r=g\",\"caption\":\"Reda\u00e7\u00e3o\"},\"url\":\"https:\/\/brasilnoticias.org\/site\/author\/henrique\/\"}]}<\/script>\n<!-- \/ Yoast SEO plugin. -->","yoast_head_json":{"title":"TST reconhece v\u00ednculo de emprego entre entregador e empresa de aplicativo - Brasil not\u00edcias","robots":{"index":"index","follow":"follow","max-snippet":"max-snippet:-1","max-image-preview":"max-image-preview:large","max-video-preview":"max-video-preview:-1"},"canonical":"https:\/\/brasilnoticias.org\/site\/tst-reconhece-vinculo-de-emprego-entre-entregador-e-empresa-de-aplicativo\/","og_locale":"pt_PT","og_type":"article","og_title":"TST reconhece v\u00ednculo de emprego entre entregador e empresa de aplicativo - Brasil not\u00edcias","og_description":"Rappi disse que &#8220;n\u00e3o concorda com a decis\u00e3o tomada&#8221; e vai recorrer Em meio \u00e0 conclus\u00e3o do Governo Federal do","og_url":"https:\/\/brasilnoticias.org\/site\/tst-reconhece-vinculo-de-emprego-entre-entregador-e-empresa-de-aplicativo\/","og_site_name":"Brasil not\u00edcias","article_published_time":"2023-09-24T21:36:01+00:00","og_image":[{"width":1600,"height":752,"url":"https:\/\/brasilnoticias.org\/site\/wp-content\/uploads\/2023\/09\/141285tst-reconhece-vinculo-de-emprego-entre-entregador-e-empresa-de-aplicativo-3.jpg","type":"image\/jpeg"}],"author":"Reda\u00e7\u00e3o","twitter_card":"summary_large_image","twitter_misc":{"Escrito por":"Reda\u00e7\u00e3o"},"schema":{"@context":"https:\/\/schema.org","@graph":[{"@type":"Article","@id":"https:\/\/brasilnoticias.org\/site\/tst-reconhece-vinculo-de-emprego-entre-entregador-e-empresa-de-aplicativo\/#article","isPartOf":{"@id":"https:\/\/brasilnoticias.org\/site\/tst-reconhece-vinculo-de-emprego-entre-entregador-e-empresa-de-aplicativo\/"},"author":{"name":"Reda\u00e7\u00e3o","@id":"https:\/\/brasilnoticias.org\/site\/#\/schema\/person\/03bbbfe6c7634ad18c26444ea39049fa"},"headline":"TST reconhece v\u00ednculo de emprego entre entregador e empresa de aplicativo","datePublished":"2023-09-24T21:36:01+00:00","mainEntityOfPage":{"@id":"https:\/\/brasilnoticias.org\/site\/tst-reconhece-vinculo-de-emprego-entre-entregador-e-empresa-de-aplicativo\/"},"wordCount":357,"commentCount":0,"publisher":{"@id":"https:\/\/brasilnoticias.org\/site\/#organization"},"image":{"@id":"https:\/\/brasilnoticias.org\/site\/tst-reconhece-vinculo-de-emprego-entre-entregador-e-empresa-de-aplicativo\/#primaryimage"},"thumbnailUrl":"https:\/\/brasilnoticias.org\/site\/wp-content\/uploads\/2023\/09\/141285tst-reconhece-vinculo-de-emprego-entre-entregador-e-empresa-de-aplicativo-3.jpg","articleSection":["Justi\u00e7a","\u00daltimas"],"inLanguage":"pt-PT","potentialAction":[{"@type":"CommentAction","name":"Comment","target":["https:\/\/brasilnoticias.org\/site\/tst-reconhece-vinculo-de-emprego-entre-entregador-e-empresa-de-aplicativo\/#respond"]}]},{"@type":"WebPage","@id":"https:\/\/brasilnoticias.org\/site\/tst-reconhece-vinculo-de-emprego-entre-entregador-e-empresa-de-aplicativo\/","url":"https:\/\/brasilnoticias.org\/site\/tst-reconhece-vinculo-de-emprego-entre-entregador-e-empresa-de-aplicativo\/","name":"TST reconhece v\u00ednculo de emprego entre entregador e empresa de aplicativo - Brasil not\u00edcias","isPartOf":{"@id":"https:\/\/brasilnoticias.org\/site\/#website"},"primaryImageOfPage":{"@id":"https:\/\/brasilnoticias.org\/site\/tst-reconhece-vinculo-de-emprego-entre-entregador-e-empresa-de-aplicativo\/#primaryimage"},"image":{"@id":"https:\/\/brasilnoticias.org\/site\/tst-reconhece-vinculo-de-emprego-entre-entregador-e-empresa-de-aplicativo\/#primaryimage"},"thumbnailUrl":"https:\/\/brasilnoticias.org\/site\/wp-content\/uploads\/2023\/09\/141285tst-reconhece-vinculo-de-emprego-entre-entregador-e-empresa-de-aplicativo-3.jpg","datePublished":"2023-09-24T21:36:01+00:00","breadcrumb":{"@id":"https:\/\/brasilnoticias.org\/site\/tst-reconhece-vinculo-de-emprego-entre-entregador-e-empresa-de-aplicativo\/#breadcrumb"},"inLanguage":"pt-PT","potentialAction":[{"@type":"ReadAction","target":["https:\/\/brasilnoticias.org\/site\/tst-reconhece-vinculo-de-emprego-entre-entregador-e-empresa-de-aplicativo\/"]}]},{"@type":"ImageObject","inLanguage":"pt-PT","@id":"https:\/\/brasilnoticias.org\/site\/tst-reconhece-vinculo-de-emprego-entre-entregador-e-empresa-de-aplicativo\/#primaryimage","url":"https:\/\/brasilnoticias.org\/site\/wp-content\/uploads\/2023\/09\/141285tst-reconhece-vinculo-de-emprego-entre-entregador-e-empresa-de-aplicativo-3.jpg","contentUrl":"https:\/\/brasilnoticias.org\/site\/wp-content\/uploads\/2023\/09\/141285tst-reconhece-vinculo-de-emprego-entre-entregador-e-empresa-de-aplicativo-3.jpg","width":1600,"height":752},{"@type":"BreadcrumbList","@id":"https:\/\/brasilnoticias.org\/site\/tst-reconhece-vinculo-de-emprego-entre-entregador-e-empresa-de-aplicativo\/#breadcrumb","itemListElement":[{"@type":"ListItem","position":1,"name":"In\u00edcio","item":"https:\/\/brasilnoticias.org\/site\/"},{"@type":"ListItem","position":2,"name":"TST reconhece v\u00ednculo de emprego entre entregador e empresa de aplicativo"}]},{"@type":"WebSite","@id":"https:\/\/brasilnoticias.org\/site\/#website","url":"https:\/\/brasilnoticias.org\/site\/","name":"Brasil not\u00edcias","description":"Brasil not\u00edcias","publisher":{"@id":"https:\/\/brasilnoticias.org\/site\/#organization"},"potentialAction":[{"@type":"SearchAction","target":{"@type":"EntryPoint","urlTemplate":"https:\/\/brasilnoticias.org\/site\/?s={search_term_string}"},"query-input":{"@type":"PropertyValueSpecification","valueRequired":true,"valueName":"search_term_string"}}],"inLanguage":"pt-PT"},{"@type":"Organization","@id":"https:\/\/brasilnoticias.org\/site\/#organization","name":"Brasil not\u00edcias","url":"https:\/\/brasilnoticias.org\/site\/","logo":{"@type":"ImageObject","inLanguage":"pt-PT","@id":"https:\/\/brasilnoticias.org\/site\/#\/schema\/logo\/image\/","url":"https:\/\/brasilnoticias.org\/site\/wp-content\/uploads\/2022\/05\/cropped-brasilnoticias-mini.jpg","contentUrl":"https:\/\/brasilnoticias.org\/site\/wp-content\/uploads\/2022\/05\/cropped-brasilnoticias-mini.jpg","width":314,"height":86,"caption":"Brasil not\u00edcias"},"image":{"@id":"https:\/\/brasilnoticias.org\/site\/#\/schema\/logo\/image\/"}},{"@type":"Person","@id":"https:\/\/brasilnoticias.org\/site\/#\/schema\/person\/03bbbfe6c7634ad18c26444ea39049fa","name":"Reda\u00e7\u00e3o","image":{"@type":"ImageObject","inLanguage":"pt-PT","@id":"https:\/\/brasilnoticias.org\/site\/#\/schema\/person\/image\/","url":"https:\/\/secure.gravatar.com\/avatar\/9ecaf7327a696cb23ad926fedded5f1f04d7049de9e445375d55b48c001a6e42?s=96&d=mm&r=g","contentUrl":"https:\/\/secure.gravatar.com\/avatar\/9ecaf7327a696cb23ad926fedded5f1f04d7049de9e445375d55b48c001a6e42?s=96&d=mm&r=g","caption":"Reda\u00e7\u00e3o"},"url":"https:\/\/brasilnoticias.org\/site\/author\/henrique\/"}]}},"_links":{"self":[{"href":"https:\/\/brasilnoticias.org\/site\/wp-json\/wp\/v2\/posts\/9541","targetHints":{"allow":["GET"]}}],"collection":[{"href":"https:\/\/brasilnoticias.org\/site\/wp-json\/wp\/v2\/posts"}],"about":[{"href":"https:\/\/brasilnoticias.org\/site\/wp-json\/wp\/v2\/types\/post"}],"author":[{"embeddable":true,"href":"https:\/\/brasilnoticias.org\/site\/wp-json\/wp\/v2\/users\/4"}],"replies":[{"embeddable":true,"href":"https:\/\/brasilnoticias.org\/site\/wp-json\/wp\/v2\/comments?post=9541"}],"version-history":[{"count":1,"href":"https:\/\/brasilnoticias.org\/site\/wp-json\/wp\/v2\/posts\/9541\/revisions"}],"predecessor-version":[{"id":9543,"href":"https:\/\/brasilnoticias.org\/site\/wp-json\/wp\/v2\/posts\/9541\/revisions\/9543"}],"wp:featuredmedia":[{"embeddable":true,"href":"https:\/\/brasilnoticias.org\/site\/wp-json\/wp\/v2\/media\/9542"}],"wp:attachment":[{"href":"https:\/\/brasilnoticias.org\/site\/wp-json\/wp\/v2\/media?parent=9541"}],"wp:term":[{"taxonomy":"category","embeddable":true,"href":"https:\/\/brasilnoticias.org\/site\/wp-json\/wp\/v2\/categories?post=9541"},{"taxonomy":"post_tag","embeddable":true,"href":"https:\/\/brasilnoticias.org\/site\/wp-json\/wp\/v2\/tags?post=9541"}],"curies":[{"name":"wp","href":"https:\/\/api.w.org\/{rel}","templated":true}]}}