{"id":9550,"date":"2023-09-25T06:00:25","date_gmt":"2023-09-25T09:00:25","guid":{"rendered":"https:\/\/brasilnoticias.org\/site\/?p=9550"},"modified":"2023-09-24T18:40:40","modified_gmt":"2023-09-24T21:40:40","slug":"bolsonaro-diz-que-pl-precisa-resolver-problemas-para-2024-e-cita-eleicao-de-sao-paulo","status":"publish","type":"post","link":"https:\/\/brasilnoticias.org\/site\/bolsonaro-diz-que-pl-precisa-resolver-problemas-para-2024-e-cita-eleicao-de-sao-paulo\/","title":{"rendered":"Bolsonaro diz que PL precisa resolver problemas para 2024 e cita elei\u00e7\u00e3o de S\u00e3o Paulo"},"content":{"rendered":"<p>A fala ocorre ap\u00f3s o atual prefeito, Ricardo Nunes (MDB), ter declara\u00e7\u00f5es contradit\u00f3rias sobre desejo de ter ex-presidente em seu palanque<\/p>\n<p>O ex-presidente Jair Bolsonaro (PL) disse neste domingo (24), em evento do Cpac 2023, que \u00e9 preciso resolver alguns problemas do seu partido pelo pa\u00eds antes das elei\u00e7\u00f5es de 2024.<\/p>\n<p>De acordo com mat\u00e9ria da Folha de S. Paulo, Bolsonaro citou a cidade de S\u00e3o Paulo como um exemplo disso, mas sem dizer nomes e aprofundar o que chama de &#8220;problema&#8221;. &#8220;Fa\u00e7o um apelo para quem est\u00e1 nos assistindo, temos elei\u00e7\u00f5es municipais no ano que vem, estamos acertando o partido, aparecem alguns problemas. Conversei com nosso presidente na semana passada&#8221;, disse, em refer\u00eancia a Valdemar Costa Neto.<\/p>\n<p>A fala do ex-presidente, que entrou ao vivo por um tel\u00e3o no evento realizado em Belo Horizonte, ocorre no momento em que o prefeito de S\u00e3o Paulo, Ricardo Nunes (MDB), tenta uma arriscada coreografia para pavimentar seu caminho \u00e0 reelei\u00e7\u00e3o.<\/p>\n<p>Foto: Isac N\u00f3brega\/PR<br \/>\nPor: Metro1<\/p>\n","protected":false},"excerpt":{"rendered":"<p>A fala ocorre ap\u00f3s o atual prefeito, Ricardo Nunes (MDB), ter declara\u00e7\u00f5es contradit\u00f3rias sobre desejo de ter ex-presidente em seu<\/p>\n","protected":false},"author":4,"featured_media":9551,"comment_status":"open","ping_status":"open","sticky":false,"template":"","format":"standard","meta":{"colormag_page_container_layout":"default_layout","colormag_page_sidebar_layout":"default_layout","_FSMCFIC_featured_image_caption":"","_FSMCFIC_featured_image_nocaption":"","_FSMCFIC_featured_image_hide":"","footnotes":""},"categories":[5,1],"tags":[],"class_list":["post-9550","post","type-post","status-publish","format-standard","has-post-thumbnail","hentry","category-politica","category-ultimas"],"yoast_head":"<!-- This site is optimized with the Yoast SEO plugin v27.1.1 - https:\/\/yoast.com\/product\/yoast-seo-wordpress\/ -->\n<title>Bolsonaro diz que PL precisa resolver problemas para 2024 e cita elei\u00e7\u00e3o de S\u00e3o Paulo - Brasil not\u00edcias<\/title>\n<meta name=\"robots\" content=\"index, follow, max-snippet:-1, max-image-preview:large, max-video-preview:-1\" \/>\n<link rel=\"canonical\" href=\"https:\/\/brasilnoticias.org\/site\/bolsonaro-diz-que-pl-precisa-resolver-problemas-para-2024-e-cita-eleicao-de-sao-paulo\/\" \/>\n<meta property=\"og:locale\" content=\"pt_PT\" \/>\n<meta property=\"og:type\" content=\"article\" \/>\n<meta property=\"og:title\" content=\"Bolsonaro diz que PL precisa resolver problemas para 2024 e cita elei\u00e7\u00e3o de S\u00e3o Paulo - Brasil not\u00edcias\" \/>\n<meta property=\"og:description\" content=\"A fala ocorre ap\u00f3s o atual prefeito, Ricardo Nunes (MDB), ter declara\u00e7\u00f5es contradit\u00f3rias sobre desejo de ter ex-presidente em seu\" \/>\n<meta property=\"og:url\" content=\"https:\/\/brasilnoticias.org\/site\/bolsonaro-diz-que-pl-precisa-resolver-problemas-para-2024-e-cita-eleicao-de-sao-paulo\/\" \/>\n<meta property=\"og:site_name\" content=\"Brasil not\u00edcias\" \/>\n<meta property=\"article:published_time\" content=\"2023-09-25T09:00:25+00:00\" \/>\n<meta property=\"og:image\" content=\"https:\/\/brasilnoticias.org\/site\/wp-content\/uploads\/2023\/09\/141300bolsonaro-diz-que-pl-precisa-resolver-problemas-para-2024-e-cita-eleicao-de-sao-paulo-3.jpg\" \/>\n\t<meta property=\"og:image:width\" content=\"1600\" \/>\n\t<meta property=\"og:image:height\" content=\"752\" \/>\n\t<meta property=\"og:image:type\" content=\"image\/jpeg\" \/>\n<meta name=\"author\" content=\"Reda\u00e7\u00e3o\" \/>\n<meta name=\"twitter:card\" content=\"summary_large_image\" \/>\n<meta name=\"twitter:label1\" content=\"Escrito por\" \/>\n\t<meta name=\"twitter:data1\" content=\"Reda\u00e7\u00e3o\" \/>\n<script type=\"application\/ld+json\" class=\"yoast-schema-graph\">{\"@context\":\"https:\/\/schema.org\",\"@graph\":[{\"@type\":\"Article\",\"@id\":\"https:\/\/brasilnoticias.org\/site\/bolsonaro-diz-que-pl-precisa-resolver-problemas-para-2024-e-cita-eleicao-de-sao-paulo\/#article\",\"isPartOf\":{\"@id\":\"https:\/\/brasilnoticias.org\/site\/bolsonaro-diz-que-pl-precisa-resolver-problemas-para-2024-e-cita-eleicao-de-sao-paulo\/\"},\"author\":{\"name\":\"Reda\u00e7\u00e3o\",\"@id\":\"https:\/\/brasilnoticias.org\/site\/#\/schema\/person\/03bbbfe6c7634ad18c26444ea39049fa\"},\"headline\":\"Bolsonaro diz que PL precisa resolver problemas para 2024 e cita elei\u00e7\u00e3o de S\u00e3o Paulo\",\"datePublished\":\"2023-09-25T09:00:25+00:00\",\"mainEntityOfPage\":{\"@id\":\"https:\/\/brasilnoticias.org\/site\/bolsonaro-diz-que-pl-precisa-resolver-problemas-para-2024-e-cita-eleicao-de-sao-paulo\/\"},\"wordCount\":189,\"commentCount\":0,\"publisher\":{\"@id\":\"https:\/\/brasilnoticias.org\/site\/#organization\"},\"image\":{\"@id\":\"https:\/\/brasilnoticias.org\/site\/bolsonaro-diz-que-pl-precisa-resolver-problemas-para-2024-e-cita-eleicao-de-sao-paulo\/#primaryimage\"},\"thumbnailUrl\":\"https:\/\/brasilnoticias.org\/site\/wp-content\/uploads\/2023\/09\/141300bolsonaro-diz-que-pl-precisa-resolver-problemas-para-2024-e-cita-eleicao-de-sao-paulo-3.jpg\",\"articleSection\":[\"Pol\u00edtica\",\"\u00daltimas\"],\"inLanguage\":\"pt-PT\",\"potentialAction\":[{\"@type\":\"CommentAction\",\"name\":\"Comment\",\"target\":[\"https:\/\/brasilnoticias.org\/site\/bolsonaro-diz-que-pl-precisa-resolver-problemas-para-2024-e-cita-eleicao-de-sao-paulo\/#respond\"]}]},{\"@type\":\"WebPage\",\"@id\":\"https:\/\/brasilnoticias.org\/site\/bolsonaro-diz-que-pl-precisa-resolver-problemas-para-2024-e-cita-eleicao-de-sao-paulo\/\",\"url\":\"https:\/\/brasilnoticias.org\/site\/bolsonaro-diz-que-pl-precisa-resolver-problemas-para-2024-e-cita-eleicao-de-sao-paulo\/\",\"name\":\"Bolsonaro diz que PL precisa resolver problemas para 2024 e cita elei\u00e7\u00e3o de S\u00e3o Paulo - Brasil not\u00edcias\",\"isPartOf\":{\"@id\":\"https:\/\/brasilnoticias.org\/site\/#website\"},\"primaryImageOfPage\":{\"@id\":\"https:\/\/brasilnoticias.org\/site\/bolsonaro-diz-que-pl-precisa-resolver-problemas-para-2024-e-cita-eleicao-de-sao-paulo\/#primaryimage\"},\"image\":{\"@id\":\"https:\/\/brasilnoticias.org\/site\/bolsonaro-diz-que-pl-precisa-resolver-problemas-para-2024-e-cita-eleicao-de-sao-paulo\/#primaryimage\"},\"thumbnailUrl\":\"https:\/\/brasilnoticias.org\/site\/wp-content\/uploads\/2023\/09\/141300bolsonaro-diz-que-pl-precisa-resolver-problemas-para-2024-e-cita-eleicao-de-sao-paulo-3.jpg\",\"datePublished\":\"2023-09-25T09:00:25+00:00\",\"breadcrumb\":{\"@id\":\"https:\/\/brasilnoticias.org\/site\/bolsonaro-diz-que-pl-precisa-resolver-problemas-para-2024-e-cita-eleicao-de-sao-paulo\/#breadcrumb\"},\"inLanguage\":\"pt-PT\",\"potentialAction\":[{\"@type\":\"ReadAction\",\"target\":[\"https:\/\/brasilnoticias.org\/site\/bolsonaro-diz-que-pl-precisa-resolver-problemas-para-2024-e-cita-eleicao-de-sao-paulo\/\"]}]},{\"@type\":\"ImageObject\",\"inLanguage\":\"pt-PT\",\"@id\":\"https:\/\/brasilnoticias.org\/site\/bolsonaro-diz-que-pl-precisa-resolver-problemas-para-2024-e-cita-eleicao-de-sao-paulo\/#primaryimage\",\"url\":\"https:\/\/brasilnoticias.org\/site\/wp-content\/uploads\/2023\/09\/141300bolsonaro-diz-que-pl-precisa-resolver-problemas-para-2024-e-cita-eleicao-de-sao-paulo-3.jpg\",\"contentUrl\":\"https:\/\/brasilnoticias.org\/site\/wp-content\/uploads\/2023\/09\/141300bolsonaro-diz-que-pl-precisa-resolver-problemas-para-2024-e-cita-eleicao-de-sao-paulo-3.jpg\",\"width\":1600,\"height\":752},{\"@type\":\"BreadcrumbList\",\"@id\":\"https:\/\/brasilnoticias.org\/site\/bolsonaro-diz-que-pl-precisa-resolver-problemas-para-2024-e-cita-eleicao-de-sao-paulo\/#breadcrumb\",\"itemListElement\":[{\"@type\":\"ListItem\",\"position\":1,\"name\":\"In\u00edcio\",\"item\":\"https:\/\/brasilnoticias.org\/site\/\"},{\"@type\":\"ListItem\",\"position\":2,\"name\":\"Bolsonaro diz que PL precisa resolver problemas para 2024 e cita elei\u00e7\u00e3o de S\u00e3o Paulo\"}]},{\"@type\":\"WebSite\",\"@id\":\"https:\/\/brasilnoticias.org\/site\/#website\",\"url\":\"https:\/\/brasilnoticias.org\/site\/\",\"name\":\"Brasil not\u00edcias\",\"description\":\"Brasil not\u00edcias\",\"publisher\":{\"@id\":\"https:\/\/brasilnoticias.org\/site\/#organization\"},\"potentialAction\":[{\"@type\":\"SearchAction\",\"target\":{\"@type\":\"EntryPoint\",\"urlTemplate\":\"https:\/\/brasilnoticias.org\/site\/?s={search_term_string}\"},\"query-input\":{\"@type\":\"PropertyValueSpecification\",\"valueRequired\":true,\"valueName\":\"search_term_string\"}}],\"inLanguage\":\"pt-PT\"},{\"@type\":\"Organization\",\"@id\":\"https:\/\/brasilnoticias.org\/site\/#organization\",\"name\":\"Brasil not\u00edcias\",\"url\":\"https:\/\/brasilnoticias.org\/site\/\",\"logo\":{\"@type\":\"ImageObject\",\"inLanguage\":\"pt-PT\",\"@id\":\"https:\/\/brasilnoticias.org\/site\/#\/schema\/logo\/image\/\",\"url\":\"https:\/\/brasilnoticias.org\/site\/wp-content\/uploads\/2022\/05\/cropped-brasilnoticias-mini.jpg\",\"contentUrl\":\"https:\/\/brasilnoticias.org\/site\/wp-content\/uploads\/2022\/05\/cropped-brasilnoticias-mini.jpg\",\"width\":314,\"height\":86,\"caption\":\"Brasil not\u00edcias\"},\"image\":{\"@id\":\"https:\/\/brasilnoticias.org\/site\/#\/schema\/logo\/image\/\"}},{\"@type\":\"Person\",\"@id\":\"https:\/\/brasilnoticias.org\/site\/#\/schema\/person\/03bbbfe6c7634ad18c26444ea39049fa\",\"name\":\"Reda\u00e7\u00e3o\",\"image\":{\"@type\":\"ImageObject\",\"inLanguage\":\"pt-PT\",\"@id\":\"https:\/\/brasilnoticias.org\/site\/#\/schema\/person\/image\/\",\"url\":\"https:\/\/secure.gravatar.com\/avatar\/9ecaf7327a696cb23ad926fedded5f1f04d7049de9e445375d55b48c001a6e42?s=96&d=mm&r=g\",\"contentUrl\":\"https:\/\/secure.gravatar.com\/avatar\/9ecaf7327a696cb23ad926fedded5f1f04d7049de9e445375d55b48c001a6e42?s=96&d=mm&r=g\",\"caption\":\"Reda\u00e7\u00e3o\"},\"url\":\"https:\/\/brasilnoticias.org\/site\/author\/henrique\/\"}]}<\/script>\n<!-- \/ Yoast SEO plugin. -->","yoast_head_json":{"title":"Bolsonaro diz que PL precisa resolver problemas para 2024 e cita elei\u00e7\u00e3o de S\u00e3o Paulo - Brasil not\u00edcias","robots":{"index":"index","follow":"follow","max-snippet":"max-snippet:-1","max-image-preview":"max-image-preview:large","max-video-preview":"max-video-preview:-1"},"canonical":"https:\/\/brasilnoticias.org\/site\/bolsonaro-diz-que-pl-precisa-resolver-problemas-para-2024-e-cita-eleicao-de-sao-paulo\/","og_locale":"pt_PT","og_type":"article","og_title":"Bolsonaro diz que PL precisa resolver problemas para 2024 e cita elei\u00e7\u00e3o de S\u00e3o Paulo - Brasil not\u00edcias","og_description":"A fala ocorre ap\u00f3s o atual prefeito, Ricardo Nunes (MDB), ter declara\u00e7\u00f5es contradit\u00f3rias sobre desejo de ter ex-presidente em seu","og_url":"https:\/\/brasilnoticias.org\/site\/bolsonaro-diz-que-pl-precisa-resolver-problemas-para-2024-e-cita-eleicao-de-sao-paulo\/","og_site_name":"Brasil not\u00edcias","article_published_time":"2023-09-25T09:00:25+00:00","og_image":[{"width":1600,"height":752,"url":"https:\/\/brasilnoticias.org\/site\/wp-content\/uploads\/2023\/09\/141300bolsonaro-diz-que-pl-precisa-resolver-problemas-para-2024-e-cita-eleicao-de-sao-paulo-3.jpg","type":"image\/jpeg"}],"author":"Reda\u00e7\u00e3o","twitter_card":"summary_large_image","twitter_misc":{"Escrito por":"Reda\u00e7\u00e3o"},"schema":{"@context":"https:\/\/schema.org","@graph":[{"@type":"Article","@id":"https:\/\/brasilnoticias.org\/site\/bolsonaro-diz-que-pl-precisa-resolver-problemas-para-2024-e-cita-eleicao-de-sao-paulo\/#article","isPartOf":{"@id":"https:\/\/brasilnoticias.org\/site\/bolsonaro-diz-que-pl-precisa-resolver-problemas-para-2024-e-cita-eleicao-de-sao-paulo\/"},"author":{"name":"Reda\u00e7\u00e3o","@id":"https:\/\/brasilnoticias.org\/site\/#\/schema\/person\/03bbbfe6c7634ad18c26444ea39049fa"},"headline":"Bolsonaro diz que PL precisa resolver problemas para 2024 e cita elei\u00e7\u00e3o de S\u00e3o Paulo","datePublished":"2023-09-25T09:00:25+00:00","mainEntityOfPage":{"@id":"https:\/\/brasilnoticias.org\/site\/bolsonaro-diz-que-pl-precisa-resolver-problemas-para-2024-e-cita-eleicao-de-sao-paulo\/"},"wordCount":189,"commentCount":0,"publisher":{"@id":"https:\/\/brasilnoticias.org\/site\/#organization"},"image":{"@id":"https:\/\/brasilnoticias.org\/site\/bolsonaro-diz-que-pl-precisa-resolver-problemas-para-2024-e-cita-eleicao-de-sao-paulo\/#primaryimage"},"thumbnailUrl":"https:\/\/brasilnoticias.org\/site\/wp-content\/uploads\/2023\/09\/141300bolsonaro-diz-que-pl-precisa-resolver-problemas-para-2024-e-cita-eleicao-de-sao-paulo-3.jpg","articleSection":["Pol\u00edtica","\u00daltimas"],"inLanguage":"pt-PT","potentialAction":[{"@type":"CommentAction","name":"Comment","target":["https:\/\/brasilnoticias.org\/site\/bolsonaro-diz-que-pl-precisa-resolver-problemas-para-2024-e-cita-eleicao-de-sao-paulo\/#respond"]}]},{"@type":"WebPage","@id":"https:\/\/brasilnoticias.org\/site\/bolsonaro-diz-que-pl-precisa-resolver-problemas-para-2024-e-cita-eleicao-de-sao-paulo\/","url":"https:\/\/brasilnoticias.org\/site\/bolsonaro-diz-que-pl-precisa-resolver-problemas-para-2024-e-cita-eleicao-de-sao-paulo\/","name":"Bolsonaro diz que PL precisa resolver problemas para 2024 e cita elei\u00e7\u00e3o de S\u00e3o Paulo - Brasil not\u00edcias","isPartOf":{"@id":"https:\/\/brasilnoticias.org\/site\/#website"},"primaryImageOfPage":{"@id":"https:\/\/brasilnoticias.org\/site\/bolsonaro-diz-que-pl-precisa-resolver-problemas-para-2024-e-cita-eleicao-de-sao-paulo\/#primaryimage"},"image":{"@id":"https:\/\/brasilnoticias.org\/site\/bolsonaro-diz-que-pl-precisa-resolver-problemas-para-2024-e-cita-eleicao-de-sao-paulo\/#primaryimage"},"thumbnailUrl":"https:\/\/brasilnoticias.org\/site\/wp-content\/uploads\/2023\/09\/141300bolsonaro-diz-que-pl-precisa-resolver-problemas-para-2024-e-cita-eleicao-de-sao-paulo-3.jpg","datePublished":"2023-09-25T09:00:25+00:00","breadcrumb":{"@id":"https:\/\/brasilnoticias.org\/site\/bolsonaro-diz-que-pl-precisa-resolver-problemas-para-2024-e-cita-eleicao-de-sao-paulo\/#breadcrumb"},"inLanguage":"pt-PT","potentialAction":[{"@type":"ReadAction","target":["https:\/\/brasilnoticias.org\/site\/bolsonaro-diz-que-pl-precisa-resolver-problemas-para-2024-e-cita-eleicao-de-sao-paulo\/"]}]},{"@type":"ImageObject","inLanguage":"pt-PT","@id":"https:\/\/brasilnoticias.org\/site\/bolsonaro-diz-que-pl-precisa-resolver-problemas-para-2024-e-cita-eleicao-de-sao-paulo\/#primaryimage","url":"https:\/\/brasilnoticias.org\/site\/wp-content\/uploads\/2023\/09\/141300bolsonaro-diz-que-pl-precisa-resolver-problemas-para-2024-e-cita-eleicao-de-sao-paulo-3.jpg","contentUrl":"https:\/\/brasilnoticias.org\/site\/wp-content\/uploads\/2023\/09\/141300bolsonaro-diz-que-pl-precisa-resolver-problemas-para-2024-e-cita-eleicao-de-sao-paulo-3.jpg","width":1600,"height":752},{"@type":"BreadcrumbList","@id":"https:\/\/brasilnoticias.org\/site\/bolsonaro-diz-que-pl-precisa-resolver-problemas-para-2024-e-cita-eleicao-de-sao-paulo\/#breadcrumb","itemListElement":[{"@type":"ListItem","position":1,"name":"In\u00edcio","item":"https:\/\/brasilnoticias.org\/site\/"},{"@type":"ListItem","position":2,"name":"Bolsonaro diz que PL precisa resolver problemas para 2024 e cita elei\u00e7\u00e3o de S\u00e3o Paulo"}]},{"@type":"WebSite","@id":"https:\/\/brasilnoticias.org\/site\/#website","url":"https:\/\/brasilnoticias.org\/site\/","name":"Brasil not\u00edcias","description":"Brasil not\u00edcias","publisher":{"@id":"https:\/\/brasilnoticias.org\/site\/#organization"},"potentialAction":[{"@type":"SearchAction","target":{"@type":"EntryPoint","urlTemplate":"https:\/\/brasilnoticias.org\/site\/?s={search_term_string}"},"query-input":{"@type":"PropertyValueSpecification","valueRequired":true,"valueName":"search_term_string"}}],"inLanguage":"pt-PT"},{"@type":"Organization","@id":"https:\/\/brasilnoticias.org\/site\/#organization","name":"Brasil not\u00edcias","url":"https:\/\/brasilnoticias.org\/site\/","logo":{"@type":"ImageObject","inLanguage":"pt-PT","@id":"https:\/\/brasilnoticias.org\/site\/#\/schema\/logo\/image\/","url":"https:\/\/brasilnoticias.org\/site\/wp-content\/uploads\/2022\/05\/cropped-brasilnoticias-mini.jpg","contentUrl":"https:\/\/brasilnoticias.org\/site\/wp-content\/uploads\/2022\/05\/cropped-brasilnoticias-mini.jpg","width":314,"height":86,"caption":"Brasil not\u00edcias"},"image":{"@id":"https:\/\/brasilnoticias.org\/site\/#\/schema\/logo\/image\/"}},{"@type":"Person","@id":"https:\/\/brasilnoticias.org\/site\/#\/schema\/person\/03bbbfe6c7634ad18c26444ea39049fa","name":"Reda\u00e7\u00e3o","image":{"@type":"ImageObject","inLanguage":"pt-PT","@id":"https:\/\/brasilnoticias.org\/site\/#\/schema\/person\/image\/","url":"https:\/\/secure.gravatar.com\/avatar\/9ecaf7327a696cb23ad926fedded5f1f04d7049de9e445375d55b48c001a6e42?s=96&d=mm&r=g","contentUrl":"https:\/\/secure.gravatar.com\/avatar\/9ecaf7327a696cb23ad926fedded5f1f04d7049de9e445375d55b48c001a6e42?s=96&d=mm&r=g","caption":"Reda\u00e7\u00e3o"},"url":"https:\/\/brasilnoticias.org\/site\/author\/henrique\/"}]}},"_links":{"self":[{"href":"https:\/\/brasilnoticias.org\/site\/wp-json\/wp\/v2\/posts\/9550","targetHints":{"allow":["GET"]}}],"collection":[{"href":"https:\/\/brasilnoticias.org\/site\/wp-json\/wp\/v2\/posts"}],"about":[{"href":"https:\/\/brasilnoticias.org\/site\/wp-json\/wp\/v2\/types\/post"}],"author":[{"embeddable":true,"href":"https:\/\/brasilnoticias.org\/site\/wp-json\/wp\/v2\/users\/4"}],"replies":[{"embeddable":true,"href":"https:\/\/brasilnoticias.org\/site\/wp-json\/wp\/v2\/comments?post=9550"}],"version-history":[{"count":1,"href":"https:\/\/brasilnoticias.org\/site\/wp-json\/wp\/v2\/posts\/9550\/revisions"}],"predecessor-version":[{"id":9552,"href":"https:\/\/brasilnoticias.org\/site\/wp-json\/wp\/v2\/posts\/9550\/revisions\/9552"}],"wp:featuredmedia":[{"embeddable":true,"href":"https:\/\/brasilnoticias.org\/site\/wp-json\/wp\/v2\/media\/9551"}],"wp:attachment":[{"href":"https:\/\/brasilnoticias.org\/site\/wp-json\/wp\/v2\/media?parent=9550"}],"wp:term":[{"taxonomy":"category","embeddable":true,"href":"https:\/\/brasilnoticias.org\/site\/wp-json\/wp\/v2\/categories?post=9550"},{"taxonomy":"post_tag","embeddable":true,"href":"https:\/\/brasilnoticias.org\/site\/wp-json\/wp\/v2\/tags?post=9550"}],"curies":[{"name":"wp","href":"https:\/\/api.w.org\/{rel}","templated":true}]}}