{"id":9559,"date":"2023-09-25T06:00:55","date_gmt":"2023-09-25T09:00:55","guid":{"rendered":"https:\/\/brasilnoticias.org\/site\/?p=9559"},"modified":"2023-09-24T18:46:02","modified_gmt":"2023-09-24T21:46:02","slug":"caravana-de-direitos-humanos-oferta-diversos-servicos-gratuitos-a-populacao-em-conquista","status":"publish","type":"post","link":"https:\/\/brasilnoticias.org\/site\/caravana-de-direitos-humanos-oferta-diversos-servicos-gratuitos-a-populacao-em-conquista\/","title":{"rendered":"Caravana de Direitos Humanos oferta diversos servi\u00e7os gratuitos \u00e0 popula\u00e7\u00e3o em Conquista"},"content":{"rendered":"<p>Moradores da Regi\u00e3o Sudoeste da Bahia ter\u00e3o acesso a diversos servi\u00e7os gratuitos ofertados pela Caravana de Direitos Humanos. A a\u00e7\u00e3o, promovida pela Secretaria de Justi\u00e7a e Direitos Humanos (SJDH), acontece na quarta (27) e quinta-feira (28), em Vit\u00f3ria da Conquista. Os atendimentos ser\u00e3o realizados no Complexo Integrado de Educa\u00e7\u00e3o B\u00e1sica, Profissionalizante e Tecnol\u00f3gica do munic\u00edpio (Cieb \u2013 Protec\/VCA), localizado na Avenida Frei Benjamin, s\/n\u2070, no bairro Brasil, das 9h \u00e0s 16h.<\/p>\n<p>A Caravana de Direitos Humanos chega \u00e0 regi\u00e3o com a oferta de Certid\u00e3o de Nascimento e 2\u00aa via de RG; Retifica\u00e7\u00e3o de Prenome e G\u00eanero; orienta\u00e7\u00e3o e emiss\u00e3o do Passe Livre Intermunicipal para pessoas com defici\u00eancia; Investiga\u00e7\u00e3o de Paternidade\/exame de DNA; atendimento Jur\u00eddico; atendimento multidisciplinar para a popula\u00e7\u00e3o LGBT; orienta\u00e7\u00e3o ao consumidor, com registro de reclama\u00e7\u00f5es, e fiscaliza\u00e7\u00f5es nos estabelecimentos comerciais pelo Procon-BA. Com foco na sa\u00fade, ser\u00e3o disponibilizados exames laboratoriais (preventivo e teste-r\u00e1pido para Infec\u00e7\u00f5es Sexualmente Transmiss\u00edveis \u2013 ISTs) e aferi\u00e7\u00e3o de press\u00e3o arterial, vacinas, glicemia e avalia\u00e7\u00e3o nutricional.<\/p>\n<p>Ainda est\u00e3o previstos atendimentos administrativos sobre os servi\u00e7os de \u00e1gua e energia, com Embasa e Coelba; orienta\u00e7\u00f5es trabalhistas; Servi\u00e7o de Intermedia\u00e7\u00e3o de M\u00e3o de Obra para Pessoas com Defici\u00eancia; emiss\u00e3o do Cadastro Nacional da Agricultura Familiar (CAF) e cadastro para os programas sociais Bolsa Fam\u00edlia e Cad\u00danico. A expectativa \u00e9 de 1,5 mil atendimentos, mediante retirada de senha no local.<\/p>\n<p>Munic\u00edpios e p\u00fablicos estrat\u00e9gicos do Territ\u00f3rio<\/p>\n<p>As a\u00e7\u00f5es abrangem os 24 munic\u00edpios que comp\u00f5em o Territ\u00f3rio de Identidade do Sudoeste Baiano: Anag\u00e9, Aracatu, Barra do Cho\u00e7a, Belo Campo, Bom Jesus da Serra, Caetanos, C\u00e2ndido Sales, Cara\u00edbas, Conde\u00faba, Cordeiros, Encruzilhada, Guajeru, Jacaraci, Lic\u00ednio de Almeida, Maetinga, Mirante, Mortugaba, Pirip\u00e1, Planalto, Po\u00e7\u00f5es, Presidente J\u00e2nio Quadros, Ribeir\u00e3o do Largo, Tremedal e Vit\u00f3ria da Conquista.<\/p>\n<p>\u201cEssa \u00e9 uma a\u00e7\u00e3o fundamental para que a popula\u00e7\u00e3o possa ter acesso a direitos b\u00e1sicos e fundamentais para o pleno exerc\u00edcio da cidadania. O nosso compromisso \u00e9 garantir o acesso \u00e0 justi\u00e7a e promover os direitos humanos a quem mais precisa\u201d, afirma o secret\u00e1rio de Justi\u00e7a e Direitos Humanos, Felipe Freitas.<\/p>\n<p>A a\u00e7\u00e3o da SJDH, em parceria com \u00f3rg\u00e3os do poder p\u00fablico estadual e municipal, \u00e9 direcionada aos segmentos da popula\u00e7\u00e3o socialmente vulnerabilizados, a exemplo de crian\u00e7as e adolescentes, juventude, pessoa idosa, pessoas com defici\u00eancia, pessoas LGBTs, e popula\u00e7\u00e3o em geral, privada do acesso aos seus direitos fundamentais ou com direitos violados, em alguma medida.<\/p>\n<p>Parceiros<\/p>\n<p>Participam desta edi\u00e7\u00e3o as secretarias estaduais de Sa\u00fade (Sesab); de Educa\u00e7\u00e3o (SEC); de Administra\u00e7\u00e3o (Saeb); Trabalho, Emprego e Renda (Setre); de Planejamento (Seplan); de Seguran\u00e7a P\u00fablica (SSP\/Instituto Pedro Mello\/Sprev); Funda\u00e7\u00e3o Pedro Calmon (FPC); Prefeitura Municipal de Vit\u00f3ria da Conquista, atrav\u00e9s da Secretaria Municipal de Assist\u00eancia Social; da Secretaria Municipal de Sa\u00fade; Pol\u00edcia Rodovi\u00e1ria Federal (PRF); Defensoria P\u00fablica do Estado da Bahia (DPE); Defensoria P\u00fablica da Uni\u00e3o (DPU); Minist\u00e9rio P\u00fablico do Estado da Bahia (MPE); Minist\u00e9rio P\u00fablico do Trabalho (MPT); Tribunal Regional do Trabalho (TRT5); Empresa Baiana de \u00c1guas e Saneamento (Embasa); Companhia de Eletricidade do Estado da Bahia (Coelba); Associa\u00e7\u00e3o dos Registradores Civis das Pessoas Naturais da Bahia (Arpen); Associa\u00e7\u00e3o de Pais e Amigos dos Excepcionais (Apae); Universidade Estadual da Bahia (Uneb); Universidade Aberta da Terceira Idade (Uati).<\/p>\n<p>Foto: Janaina Neri\/Ascom SJDH<br \/>\nFonte: Ascom\/SJDH<\/p>\n","protected":false},"excerpt":{"rendered":"<p>Moradores da Regi\u00e3o Sudoeste da Bahia ter\u00e3o acesso a diversos servi\u00e7os gratuitos ofertados pela Caravana de Direitos Humanos. A a\u00e7\u00e3o,<\/p>\n","protected":false},"author":4,"featured_media":9560,"comment_status":"open","ping_status":"open","sticky":false,"template":"","format":"standard","meta":{"colormag_page_container_layout":"default_layout","colormag_page_sidebar_layout":"default_layout","_FSMCFIC_featured_image_caption":"","_FSMCFIC_featured_image_nocaption":"","_FSMCFIC_featured_image_hide":"","footnotes":""},"categories":[7,1],"tags":[],"class_list":["post-9559","post","type-post","status-publish","format-standard","has-post-thumbnail","hentry","category-justica","category-ultimas"],"yoast_head":"<!-- This site is optimized with the Yoast SEO plugin v27.1.1 - https:\/\/yoast.com\/product\/yoast-seo-wordpress\/ -->\n<title>Caravana de Direitos Humanos oferta diversos servi\u00e7os gratuitos \u00e0 popula\u00e7\u00e3o em Conquista - Brasil not\u00edcias<\/title>\n<meta name=\"robots\" content=\"index, follow, max-snippet:-1, max-image-preview:large, max-video-preview:-1\" \/>\n<link rel=\"canonical\" href=\"https:\/\/brasilnoticias.org\/site\/caravana-de-direitos-humanos-oferta-diversos-servicos-gratuitos-a-populacao-em-conquista\/\" \/>\n<meta property=\"og:locale\" content=\"pt_PT\" \/>\n<meta property=\"og:type\" content=\"article\" \/>\n<meta property=\"og:title\" content=\"Caravana de Direitos Humanos oferta diversos servi\u00e7os gratuitos \u00e0 popula\u00e7\u00e3o em Conquista - Brasil not\u00edcias\" \/>\n<meta property=\"og:description\" content=\"Moradores da Regi\u00e3o Sudoeste da Bahia ter\u00e3o acesso a diversos servi\u00e7os gratuitos ofertados pela Caravana de Direitos Humanos. A a\u00e7\u00e3o,\" \/>\n<meta property=\"og:url\" content=\"https:\/\/brasilnoticias.org\/site\/caravana-de-direitos-humanos-oferta-diversos-servicos-gratuitos-a-populacao-em-conquista\/\" \/>\n<meta property=\"og:site_name\" content=\"Brasil not\u00edcias\" \/>\n<meta property=\"article:published_time\" content=\"2023-09-25T09:00:55+00:00\" \/>\n<meta property=\"og:image\" content=\"https:\/\/brasilnoticias.org\/site\/wp-content\/uploads\/2023\/09\/IMG_4921-696x464-1.jpg\" \/>\n\t<meta property=\"og:image:width\" content=\"696\" \/>\n\t<meta property=\"og:image:height\" content=\"464\" \/>\n\t<meta property=\"og:image:type\" content=\"image\/jpeg\" \/>\n<meta name=\"author\" content=\"Reda\u00e7\u00e3o\" \/>\n<meta name=\"twitter:card\" content=\"summary_large_image\" \/>\n<meta name=\"twitter:label1\" content=\"Escrito por\" \/>\n\t<meta name=\"twitter:data1\" content=\"Reda\u00e7\u00e3o\" \/>\n\t<meta name=\"twitter:label2\" content=\"Tempo estimado de leitura\" \/>\n\t<meta name=\"twitter:data2\" content=\"3 minutos\" \/>\n<script type=\"application\/ld+json\" class=\"yoast-schema-graph\">{\"@context\":\"https:\/\/schema.org\",\"@graph\":[{\"@type\":\"Article\",\"@id\":\"https:\/\/brasilnoticias.org\/site\/caravana-de-direitos-humanos-oferta-diversos-servicos-gratuitos-a-populacao-em-conquista\/#article\",\"isPartOf\":{\"@id\":\"https:\/\/brasilnoticias.org\/site\/caravana-de-direitos-humanos-oferta-diversos-servicos-gratuitos-a-populacao-em-conquista\/\"},\"author\":{\"name\":\"Reda\u00e7\u00e3o\",\"@id\":\"https:\/\/brasilnoticias.org\/site\/#\/schema\/person\/03bbbfe6c7634ad18c26444ea39049fa\"},\"headline\":\"Caravana de Direitos Humanos oferta diversos servi\u00e7os gratuitos \u00e0 popula\u00e7\u00e3o em Conquista\",\"datePublished\":\"2023-09-25T09:00:55+00:00\",\"mainEntityOfPage\":{\"@id\":\"https:\/\/brasilnoticias.org\/site\/caravana-de-direitos-humanos-oferta-diversos-servicos-gratuitos-a-populacao-em-conquista\/\"},\"wordCount\":624,\"commentCount\":0,\"publisher\":{\"@id\":\"https:\/\/brasilnoticias.org\/site\/#organization\"},\"image\":{\"@id\":\"https:\/\/brasilnoticias.org\/site\/caravana-de-direitos-humanos-oferta-diversos-servicos-gratuitos-a-populacao-em-conquista\/#primaryimage\"},\"thumbnailUrl\":\"https:\/\/brasilnoticias.org\/site\/wp-content\/uploads\/2023\/09\/IMG_4921-696x464-1.jpg\",\"articleSection\":[\"Justi\u00e7a\",\"\u00daltimas\"],\"inLanguage\":\"pt-PT\",\"potentialAction\":[{\"@type\":\"CommentAction\",\"name\":\"Comment\",\"target\":[\"https:\/\/brasilnoticias.org\/site\/caravana-de-direitos-humanos-oferta-diversos-servicos-gratuitos-a-populacao-em-conquista\/#respond\"]}]},{\"@type\":\"WebPage\",\"@id\":\"https:\/\/brasilnoticias.org\/site\/caravana-de-direitos-humanos-oferta-diversos-servicos-gratuitos-a-populacao-em-conquista\/\",\"url\":\"https:\/\/brasilnoticias.org\/site\/caravana-de-direitos-humanos-oferta-diversos-servicos-gratuitos-a-populacao-em-conquista\/\",\"name\":\"Caravana de Direitos Humanos oferta diversos servi\u00e7os gratuitos \u00e0 popula\u00e7\u00e3o em Conquista - Brasil not\u00edcias\",\"isPartOf\":{\"@id\":\"https:\/\/brasilnoticias.org\/site\/#website\"},\"primaryImageOfPage\":{\"@id\":\"https:\/\/brasilnoticias.org\/site\/caravana-de-direitos-humanos-oferta-diversos-servicos-gratuitos-a-populacao-em-conquista\/#primaryimage\"},\"image\":{\"@id\":\"https:\/\/brasilnoticias.org\/site\/caravana-de-direitos-humanos-oferta-diversos-servicos-gratuitos-a-populacao-em-conquista\/#primaryimage\"},\"thumbnailUrl\":\"https:\/\/brasilnoticias.org\/site\/wp-content\/uploads\/2023\/09\/IMG_4921-696x464-1.jpg\",\"datePublished\":\"2023-09-25T09:00:55+00:00\",\"breadcrumb\":{\"@id\":\"https:\/\/brasilnoticias.org\/site\/caravana-de-direitos-humanos-oferta-diversos-servicos-gratuitos-a-populacao-em-conquista\/#breadcrumb\"},\"inLanguage\":\"pt-PT\",\"potentialAction\":[{\"@type\":\"ReadAction\",\"target\":[\"https:\/\/brasilnoticias.org\/site\/caravana-de-direitos-humanos-oferta-diversos-servicos-gratuitos-a-populacao-em-conquista\/\"]}]},{\"@type\":\"ImageObject\",\"inLanguage\":\"pt-PT\",\"@id\":\"https:\/\/brasilnoticias.org\/site\/caravana-de-direitos-humanos-oferta-diversos-servicos-gratuitos-a-populacao-em-conquista\/#primaryimage\",\"url\":\"https:\/\/brasilnoticias.org\/site\/wp-content\/uploads\/2023\/09\/IMG_4921-696x464-1.jpg\",\"contentUrl\":\"https:\/\/brasilnoticias.org\/site\/wp-content\/uploads\/2023\/09\/IMG_4921-696x464-1.jpg\",\"width\":696,\"height\":464},{\"@type\":\"BreadcrumbList\",\"@id\":\"https:\/\/brasilnoticias.org\/site\/caravana-de-direitos-humanos-oferta-diversos-servicos-gratuitos-a-populacao-em-conquista\/#breadcrumb\",\"itemListElement\":[{\"@type\":\"ListItem\",\"position\":1,\"name\":\"In\u00edcio\",\"item\":\"https:\/\/brasilnoticias.org\/site\/\"},{\"@type\":\"ListItem\",\"position\":2,\"name\":\"Caravana de Direitos Humanos oferta diversos servi\u00e7os gratuitos \u00e0 popula\u00e7\u00e3o em Conquista\"}]},{\"@type\":\"WebSite\",\"@id\":\"https:\/\/brasilnoticias.org\/site\/#website\",\"url\":\"https:\/\/brasilnoticias.org\/site\/\",\"name\":\"Brasil not\u00edcias\",\"description\":\"Brasil not\u00edcias\",\"publisher\":{\"@id\":\"https:\/\/brasilnoticias.org\/site\/#organization\"},\"potentialAction\":[{\"@type\":\"SearchAction\",\"target\":{\"@type\":\"EntryPoint\",\"urlTemplate\":\"https:\/\/brasilnoticias.org\/site\/?s={search_term_string}\"},\"query-input\":{\"@type\":\"PropertyValueSpecification\",\"valueRequired\":true,\"valueName\":\"search_term_string\"}}],\"inLanguage\":\"pt-PT\"},{\"@type\":\"Organization\",\"@id\":\"https:\/\/brasilnoticias.org\/site\/#organization\",\"name\":\"Brasil not\u00edcias\",\"url\":\"https:\/\/brasilnoticias.org\/site\/\",\"logo\":{\"@type\":\"ImageObject\",\"inLanguage\":\"pt-PT\",\"@id\":\"https:\/\/brasilnoticias.org\/site\/#\/schema\/logo\/image\/\",\"url\":\"https:\/\/brasilnoticias.org\/site\/wp-content\/uploads\/2022\/05\/cropped-brasilnoticias-mini.jpg\",\"contentUrl\":\"https:\/\/brasilnoticias.org\/site\/wp-content\/uploads\/2022\/05\/cropped-brasilnoticias-mini.jpg\",\"width\":314,\"height\":86,\"caption\":\"Brasil not\u00edcias\"},\"image\":{\"@id\":\"https:\/\/brasilnoticias.org\/site\/#\/schema\/logo\/image\/\"}},{\"@type\":\"Person\",\"@id\":\"https:\/\/brasilnoticias.org\/site\/#\/schema\/person\/03bbbfe6c7634ad18c26444ea39049fa\",\"name\":\"Reda\u00e7\u00e3o\",\"image\":{\"@type\":\"ImageObject\",\"inLanguage\":\"pt-PT\",\"@id\":\"https:\/\/brasilnoticias.org\/site\/#\/schema\/person\/image\/\",\"url\":\"https:\/\/secure.gravatar.com\/avatar\/9ecaf7327a696cb23ad926fedded5f1f04d7049de9e445375d55b48c001a6e42?s=96&d=mm&r=g\",\"contentUrl\":\"https:\/\/secure.gravatar.com\/avatar\/9ecaf7327a696cb23ad926fedded5f1f04d7049de9e445375d55b48c001a6e42?s=96&d=mm&r=g\",\"caption\":\"Reda\u00e7\u00e3o\"},\"url\":\"https:\/\/brasilnoticias.org\/site\/author\/henrique\/\"}]}<\/script>\n<!-- \/ Yoast SEO plugin. -->","yoast_head_json":{"title":"Caravana de Direitos Humanos oferta diversos servi\u00e7os gratuitos \u00e0 popula\u00e7\u00e3o em Conquista - Brasil not\u00edcias","robots":{"index":"index","follow":"follow","max-snippet":"max-snippet:-1","max-image-preview":"max-image-preview:large","max-video-preview":"max-video-preview:-1"},"canonical":"https:\/\/brasilnoticias.org\/site\/caravana-de-direitos-humanos-oferta-diversos-servicos-gratuitos-a-populacao-em-conquista\/","og_locale":"pt_PT","og_type":"article","og_title":"Caravana de Direitos Humanos oferta diversos servi\u00e7os gratuitos \u00e0 popula\u00e7\u00e3o em Conquista - Brasil not\u00edcias","og_description":"Moradores da Regi\u00e3o Sudoeste da Bahia ter\u00e3o acesso a diversos servi\u00e7os gratuitos ofertados pela Caravana de Direitos Humanos. A a\u00e7\u00e3o,","og_url":"https:\/\/brasilnoticias.org\/site\/caravana-de-direitos-humanos-oferta-diversos-servicos-gratuitos-a-populacao-em-conquista\/","og_site_name":"Brasil not\u00edcias","article_published_time":"2023-09-25T09:00:55+00:00","og_image":[{"width":696,"height":464,"url":"https:\/\/brasilnoticias.org\/site\/wp-content\/uploads\/2023\/09\/IMG_4921-696x464-1.jpg","type":"image\/jpeg"}],"author":"Reda\u00e7\u00e3o","twitter_card":"summary_large_image","twitter_misc":{"Escrito por":"Reda\u00e7\u00e3o","Tempo estimado de leitura":"3 minutos"},"schema":{"@context":"https:\/\/schema.org","@graph":[{"@type":"Article","@id":"https:\/\/brasilnoticias.org\/site\/caravana-de-direitos-humanos-oferta-diversos-servicos-gratuitos-a-populacao-em-conquista\/#article","isPartOf":{"@id":"https:\/\/brasilnoticias.org\/site\/caravana-de-direitos-humanos-oferta-diversos-servicos-gratuitos-a-populacao-em-conquista\/"},"author":{"name":"Reda\u00e7\u00e3o","@id":"https:\/\/brasilnoticias.org\/site\/#\/schema\/person\/03bbbfe6c7634ad18c26444ea39049fa"},"headline":"Caravana de Direitos Humanos oferta diversos servi\u00e7os gratuitos \u00e0 popula\u00e7\u00e3o em Conquista","datePublished":"2023-09-25T09:00:55+00:00","mainEntityOfPage":{"@id":"https:\/\/brasilnoticias.org\/site\/caravana-de-direitos-humanos-oferta-diversos-servicos-gratuitos-a-populacao-em-conquista\/"},"wordCount":624,"commentCount":0,"publisher":{"@id":"https:\/\/brasilnoticias.org\/site\/#organization"},"image":{"@id":"https:\/\/brasilnoticias.org\/site\/caravana-de-direitos-humanos-oferta-diversos-servicos-gratuitos-a-populacao-em-conquista\/#primaryimage"},"thumbnailUrl":"https:\/\/brasilnoticias.org\/site\/wp-content\/uploads\/2023\/09\/IMG_4921-696x464-1.jpg","articleSection":["Justi\u00e7a","\u00daltimas"],"inLanguage":"pt-PT","potentialAction":[{"@type":"CommentAction","name":"Comment","target":["https:\/\/brasilnoticias.org\/site\/caravana-de-direitos-humanos-oferta-diversos-servicos-gratuitos-a-populacao-em-conquista\/#respond"]}]},{"@type":"WebPage","@id":"https:\/\/brasilnoticias.org\/site\/caravana-de-direitos-humanos-oferta-diversos-servicos-gratuitos-a-populacao-em-conquista\/","url":"https:\/\/brasilnoticias.org\/site\/caravana-de-direitos-humanos-oferta-diversos-servicos-gratuitos-a-populacao-em-conquista\/","name":"Caravana de Direitos Humanos oferta diversos servi\u00e7os gratuitos \u00e0 popula\u00e7\u00e3o em Conquista - Brasil not\u00edcias","isPartOf":{"@id":"https:\/\/brasilnoticias.org\/site\/#website"},"primaryImageOfPage":{"@id":"https:\/\/brasilnoticias.org\/site\/caravana-de-direitos-humanos-oferta-diversos-servicos-gratuitos-a-populacao-em-conquista\/#primaryimage"},"image":{"@id":"https:\/\/brasilnoticias.org\/site\/caravana-de-direitos-humanos-oferta-diversos-servicos-gratuitos-a-populacao-em-conquista\/#primaryimage"},"thumbnailUrl":"https:\/\/brasilnoticias.org\/site\/wp-content\/uploads\/2023\/09\/IMG_4921-696x464-1.jpg","datePublished":"2023-09-25T09:00:55+00:00","breadcrumb":{"@id":"https:\/\/brasilnoticias.org\/site\/caravana-de-direitos-humanos-oferta-diversos-servicos-gratuitos-a-populacao-em-conquista\/#breadcrumb"},"inLanguage":"pt-PT","potentialAction":[{"@type":"ReadAction","target":["https:\/\/brasilnoticias.org\/site\/caravana-de-direitos-humanos-oferta-diversos-servicos-gratuitos-a-populacao-em-conquista\/"]}]},{"@type":"ImageObject","inLanguage":"pt-PT","@id":"https:\/\/brasilnoticias.org\/site\/caravana-de-direitos-humanos-oferta-diversos-servicos-gratuitos-a-populacao-em-conquista\/#primaryimage","url":"https:\/\/brasilnoticias.org\/site\/wp-content\/uploads\/2023\/09\/IMG_4921-696x464-1.jpg","contentUrl":"https:\/\/brasilnoticias.org\/site\/wp-content\/uploads\/2023\/09\/IMG_4921-696x464-1.jpg","width":696,"height":464},{"@type":"BreadcrumbList","@id":"https:\/\/brasilnoticias.org\/site\/caravana-de-direitos-humanos-oferta-diversos-servicos-gratuitos-a-populacao-em-conquista\/#breadcrumb","itemListElement":[{"@type":"ListItem","position":1,"name":"In\u00edcio","item":"https:\/\/brasilnoticias.org\/site\/"},{"@type":"ListItem","position":2,"name":"Caravana de Direitos Humanos oferta diversos servi\u00e7os gratuitos \u00e0 popula\u00e7\u00e3o em Conquista"}]},{"@type":"WebSite","@id":"https:\/\/brasilnoticias.org\/site\/#website","url":"https:\/\/brasilnoticias.org\/site\/","name":"Brasil not\u00edcias","description":"Brasil not\u00edcias","publisher":{"@id":"https:\/\/brasilnoticias.org\/site\/#organization"},"potentialAction":[{"@type":"SearchAction","target":{"@type":"EntryPoint","urlTemplate":"https:\/\/brasilnoticias.org\/site\/?s={search_term_string}"},"query-input":{"@type":"PropertyValueSpecification","valueRequired":true,"valueName":"search_term_string"}}],"inLanguage":"pt-PT"},{"@type":"Organization","@id":"https:\/\/brasilnoticias.org\/site\/#organization","name":"Brasil not\u00edcias","url":"https:\/\/brasilnoticias.org\/site\/","logo":{"@type":"ImageObject","inLanguage":"pt-PT","@id":"https:\/\/brasilnoticias.org\/site\/#\/schema\/logo\/image\/","url":"https:\/\/brasilnoticias.org\/site\/wp-content\/uploads\/2022\/05\/cropped-brasilnoticias-mini.jpg","contentUrl":"https:\/\/brasilnoticias.org\/site\/wp-content\/uploads\/2022\/05\/cropped-brasilnoticias-mini.jpg","width":314,"height":86,"caption":"Brasil not\u00edcias"},"image":{"@id":"https:\/\/brasilnoticias.org\/site\/#\/schema\/logo\/image\/"}},{"@type":"Person","@id":"https:\/\/brasilnoticias.org\/site\/#\/schema\/person\/03bbbfe6c7634ad18c26444ea39049fa","name":"Reda\u00e7\u00e3o","image":{"@type":"ImageObject","inLanguage":"pt-PT","@id":"https:\/\/brasilnoticias.org\/site\/#\/schema\/person\/image\/","url":"https:\/\/secure.gravatar.com\/avatar\/9ecaf7327a696cb23ad926fedded5f1f04d7049de9e445375d55b48c001a6e42?s=96&d=mm&r=g","contentUrl":"https:\/\/secure.gravatar.com\/avatar\/9ecaf7327a696cb23ad926fedded5f1f04d7049de9e445375d55b48c001a6e42?s=96&d=mm&r=g","caption":"Reda\u00e7\u00e3o"},"url":"https:\/\/brasilnoticias.org\/site\/author\/henrique\/"}]}},"_links":{"self":[{"href":"https:\/\/brasilnoticias.org\/site\/wp-json\/wp\/v2\/posts\/9559","targetHints":{"allow":["GET"]}}],"collection":[{"href":"https:\/\/brasilnoticias.org\/site\/wp-json\/wp\/v2\/posts"}],"about":[{"href":"https:\/\/brasilnoticias.org\/site\/wp-json\/wp\/v2\/types\/post"}],"author":[{"embeddable":true,"href":"https:\/\/brasilnoticias.org\/site\/wp-json\/wp\/v2\/users\/4"}],"replies":[{"embeddable":true,"href":"https:\/\/brasilnoticias.org\/site\/wp-json\/wp\/v2\/comments?post=9559"}],"version-history":[{"count":1,"href":"https:\/\/brasilnoticias.org\/site\/wp-json\/wp\/v2\/posts\/9559\/revisions"}],"predecessor-version":[{"id":9561,"href":"https:\/\/brasilnoticias.org\/site\/wp-json\/wp\/v2\/posts\/9559\/revisions\/9561"}],"wp:featuredmedia":[{"embeddable":true,"href":"https:\/\/brasilnoticias.org\/site\/wp-json\/wp\/v2\/media\/9560"}],"wp:attachment":[{"href":"https:\/\/brasilnoticias.org\/site\/wp-json\/wp\/v2\/media?parent=9559"}],"wp:term":[{"taxonomy":"category","embeddable":true,"href":"https:\/\/brasilnoticias.org\/site\/wp-json\/wp\/v2\/categories?post=9559"},{"taxonomy":"post_tag","embeddable":true,"href":"https:\/\/brasilnoticias.org\/site\/wp-json\/wp\/v2\/tags?post=9559"}],"curies":[{"name":"wp","href":"https:\/\/api.w.org\/{rel}","templated":true}]}}