{"id":9562,"date":"2023-09-25T10:00:18","date_gmt":"2023-09-25T13:00:18","guid":{"rendered":"https:\/\/brasilnoticias.org\/site\/?p=9562"},"modified":"2023-09-24T18:47:29","modified_gmt":"2023-09-24T21:47:29","slug":"cinco-suspeitos-sao-mortos-durante-operacoes-policiais-no-interior-da-bahia","status":"publish","type":"post","link":"https:\/\/brasilnoticias.org\/site\/cinco-suspeitos-sao-mortos-durante-operacoes-policiais-no-interior-da-bahia\/","title":{"rendered":"Cinco suspeitos s\u00e3o mortos durante opera\u00e7\u00f5es policiais no interior da Bahia"},"content":{"rendered":"<p>No in\u00edcio da tarde deste domingo (24\/9), o ministro da Justi\u00e7a e Seguran\u00e7a P\u00fablica, Fl\u00e1vio Dino, descartou a possibilidade de uma interven\u00e7\u00e3o federal ser decretada na Bahia<\/p>\n<p>Cinco homens foram mortos a tiros na madrugada deste s\u00e1bado (23\/9), em Cris\u00f3polis, a 210 km de Salvador. Segundo informa\u00e7\u00f5es da Pol\u00edcia Militar (PM), o grupo foi baleado durante um confronto com agentes de seguran\u00e7a do estado. O caso aconteceu um dia ap\u00f3s cinco suspeitos de integrarem fac\u00e7\u00f5es criminosas serem assassinados em Salvador. Durante uma megaopera\u00e7\u00e3o, mais uma pessoa foi morta em Feira de Santana.<\/p>\n<p>Ainda de acordo com a PM, os militares receberam a den\u00fancia de que homens armados vendiam drogas na rua Maria Eunice, em Cris\u00f3polis. Ap\u00f3s uma troca de tiros, um dos suspeitos foi encontrado ferido e levado para o Hospital Municipal da cidade, mas n\u00e3o resistiu aos ferimentos.<\/p>\n<p>A corpora\u00e7\u00e3o afirma que, durante as buscas por mais suspeitos de tr\u00e1fico de drogas na regi\u00e3o, houve uma nova troca de tiros, que terminou com quatro feridos. A Pol\u00edcia Militar aponta que eles tamb\u00e9m foram socorridos, mas n\u00e3o resistiram.<\/p>\n<p>Segundo a Pol\u00edcia Militar, foram apreendidos uma submetralhadora, uma espingarda, tr\u00eas rev\u00f3lveres, muni\u00e7\u00f5es, balan\u00e7as de precis\u00e3o, coca\u00edna e maconha.<\/p>\n<p>INTERVEN\u00c7\u00c3O FEDERAL<\/p>\n<p>No in\u00edcio da tarde deste domingo (24\/9), o ministro da Justi\u00e7a e Seguran\u00e7a P\u00fablica (MJSP), Fl\u00e1vio Dino, descartou a possibilidade de uma interven\u00e7\u00e3o federal ser decretada na Bahia para combater o avan\u00e7o do crime organizado no estado. Segundo o ministro, esse tipo de interven\u00e7\u00e3o s\u00f3 \u00e9 feita quando o Governo do Estado n\u00e3o est\u00e1 trabalhando para conter a viol\u00eancia:<\/p>\n<p>\u201cN\u00e3o se cogita por uma raz\u00e3o: o Governo do Estado est\u00e1 agindo. A interven\u00e7\u00e3o federal s\u00f3 \u00e9 poss\u00edvel quando de modo claro, inequ\u00edvoco, o aparato estadual n\u00e3o est\u00e1 fazendo nada\u201d.<\/p>\n<p>O gestor ainda chegou a afirmar que a situa\u00e7\u00e3o na Bahia \u201c\u00e9 um dos maiores desafios da seguran\u00e7a p\u00fablica no Brasil\u201d.<br \/>\nO ministro tamb\u00e9m informou que est\u00e1 em di\u00e1logo constante com o governador da Bahia, Jer\u00f4nimo Rodrigues (PT), e com o secret\u00e1rio de Seguran\u00e7a P\u00fablica, Marcelo Werner, com o objetivo de aperfei\u00e7oar as opera\u00e7\u00f5es policiais no estado.<\/p>\n<p>\u201cN\u00f3s temos conversado com o governador [Jer\u00f4nimo Rodrigues], com o secret\u00e1rio de seguran\u00e7a [Marcelo Werner], para que haja um aperfei\u00e7oamento, um aprimoramento dessas a\u00e7\u00f5es. \u00c9 um quadro muito desafiador, muito dif\u00edcil. O que n\u00f3s, do governo federal, fizemos neste momento, foi fortalecer a presen\u00e7a da Pol\u00edcia Federal para apoiar essas a\u00e7\u00f5es\u201d.<\/p>\n<p>VIOL\u00caNCIA NA BAHIA<\/p>\n<p>Em agosto, a l\u00edder quilombola e ialorix\u00e1 M\u00e3e Bernadete, de 72 anos, foi assassinada, no Quilombo Pitanga dos Palmares, no munic\u00edpio de Sim\u00f5es Filho, regi\u00e3o metropolitana de Salvador. Al\u00e9m da investiga\u00e7\u00e3o pelas autoridades locais, a Pol\u00edcia Federal tamb\u00e9m abriu um inqu\u00e9rito sobre o caso. Tr\u00eas homens foram presos por suspeita de participa\u00e7\u00e3o no crime.<\/p>\n<p>Dino disse que no momento o governo federal est\u00e1 apoiando as a\u00e7\u00f5es que ajudem a solucionar os casos de homic\u00eddio, como forma de tentar conter a viol\u00eancia no estado. \u201cO mais importante neste instante, sem d\u00favida, n\u00e3o \u00e9 propriamente a realiza\u00e7\u00e3o de julgamentos, s\u00e3o boas investiga\u00e7\u00f5es, boas a\u00e7\u00f5es, para que a gente consiga ter uma situa\u00e7\u00e3o est\u00e1vel pelo menos na Bahia. Hoje, sem d\u00favida \u00e9 um dos maiores desafios da seguran\u00e7a p\u00fablica no Brasil\u201d, ressaltou.<\/p>\n<p>Foto: Divulga\u00e7\u00e3o<br \/>\nAratu On<\/p>\n","protected":false},"excerpt":{"rendered":"<p>No in\u00edcio da tarde deste domingo (24\/9), o ministro da Justi\u00e7a e Seguran\u00e7a P\u00fablica, Fl\u00e1vio Dino, descartou a possibilidade de<\/p>\n","protected":false},"author":4,"featured_media":9563,"comment_status":"open","ping_status":"open","sticky":false,"template":"","format":"standard","meta":{"colormag_page_container_layout":"default_layout","colormag_page_sidebar_layout":"default_layout","_FSMCFIC_featured_image_caption":"","_FSMCFIC_featured_image_nocaption":"","_FSMCFIC_featured_image_hide":"","footnotes":""},"categories":[3,1],"tags":[],"class_list":["post-9562","post","type-post","status-publish","format-standard","has-post-thumbnail","hentry","category-policia","category-ultimas"],"yoast_head":"<!-- This site is optimized with the Yoast SEO plugin v27.1.1 - https:\/\/yoast.com\/product\/yoast-seo-wordpress\/ -->\n<title>Cinco suspeitos s\u00e3o mortos durante opera\u00e7\u00f5es policiais no interior da Bahia - Brasil not\u00edcias<\/title>\n<meta name=\"robots\" content=\"index, follow, max-snippet:-1, max-image-preview:large, max-video-preview:-1\" \/>\n<link rel=\"canonical\" href=\"https:\/\/brasilnoticias.org\/site\/cinco-suspeitos-sao-mortos-durante-operacoes-policiais-no-interior-da-bahia\/\" \/>\n<meta property=\"og:locale\" content=\"pt_PT\" \/>\n<meta property=\"og:type\" content=\"article\" \/>\n<meta property=\"og:title\" content=\"Cinco suspeitos s\u00e3o mortos durante opera\u00e7\u00f5es policiais no interior da Bahia - Brasil not\u00edcias\" \/>\n<meta property=\"og:description\" content=\"No in\u00edcio da tarde deste domingo (24\/9), o ministro da Justi\u00e7a e Seguran\u00e7a P\u00fablica, Fl\u00e1vio Dino, descartou a possibilidade de\" \/>\n<meta property=\"og:url\" content=\"https:\/\/brasilnoticias.org\/site\/cinco-suspeitos-sao-mortos-durante-operacoes-policiais-no-interior-da-bahia\/\" \/>\n<meta property=\"og:site_name\" content=\"Brasil not\u00edcias\" \/>\n<meta property=\"article:published_time\" content=\"2023-09-25T13:00:18+00:00\" \/>\n<meta property=\"og:image\" content=\"https:\/\/brasilnoticias.org\/site\/wp-content\/uploads\/2023\/09\/whatsapp-image-2023-09-23-at-15.58.07-740x470-1.jpeg\" \/>\n\t<meta property=\"og:image:width\" content=\"740\" \/>\n\t<meta property=\"og:image:height\" content=\"470\" \/>\n\t<meta property=\"og:image:type\" content=\"image\/jpeg\" \/>\n<meta name=\"author\" content=\"Reda\u00e7\u00e3o\" \/>\n<meta name=\"twitter:card\" content=\"summary_large_image\" \/>\n<meta name=\"twitter:label1\" content=\"Escrito por\" \/>\n\t<meta name=\"twitter:data1\" content=\"Reda\u00e7\u00e3o\" \/>\n<script type=\"application\/ld+json\" class=\"yoast-schema-graph\">{\"@context\":\"https:\/\/schema.org\",\"@graph\":[{\"@type\":\"Article\",\"@id\":\"https:\/\/brasilnoticias.org\/site\/cinco-suspeitos-sao-mortos-durante-operacoes-policiais-no-interior-da-bahia\/#article\",\"isPartOf\":{\"@id\":\"https:\/\/brasilnoticias.org\/site\/cinco-suspeitos-sao-mortos-durante-operacoes-policiais-no-interior-da-bahia\/\"},\"author\":{\"name\":\"Reda\u00e7\u00e3o\",\"@id\":\"https:\/\/brasilnoticias.org\/site\/#\/schema\/person\/03bbbfe6c7634ad18c26444ea39049fa\"},\"headline\":\"Cinco suspeitos s\u00e3o mortos durante opera\u00e7\u00f5es policiais no interior da Bahia\",\"datePublished\":\"2023-09-25T13:00:18+00:00\",\"mainEntityOfPage\":{\"@id\":\"https:\/\/brasilnoticias.org\/site\/cinco-suspeitos-sao-mortos-durante-operacoes-policiais-no-interior-da-bahia\/\"},\"wordCount\":632,\"commentCount\":0,\"publisher\":{\"@id\":\"https:\/\/brasilnoticias.org\/site\/#organization\"},\"image\":{\"@id\":\"https:\/\/brasilnoticias.org\/site\/cinco-suspeitos-sao-mortos-durante-operacoes-policiais-no-interior-da-bahia\/#primaryimage\"},\"thumbnailUrl\":\"https:\/\/brasilnoticias.org\/site\/wp-content\/uploads\/2023\/09\/whatsapp-image-2023-09-23-at-15.58.07-740x470-1.jpeg\",\"articleSection\":[\"Pol\u00edcia\",\"\u00daltimas\"],\"inLanguage\":\"pt-PT\",\"potentialAction\":[{\"@type\":\"CommentAction\",\"name\":\"Comment\",\"target\":[\"https:\/\/brasilnoticias.org\/site\/cinco-suspeitos-sao-mortos-durante-operacoes-policiais-no-interior-da-bahia\/#respond\"]}]},{\"@type\":\"WebPage\",\"@id\":\"https:\/\/brasilnoticias.org\/site\/cinco-suspeitos-sao-mortos-durante-operacoes-policiais-no-interior-da-bahia\/\",\"url\":\"https:\/\/brasilnoticias.org\/site\/cinco-suspeitos-sao-mortos-durante-operacoes-policiais-no-interior-da-bahia\/\",\"name\":\"Cinco suspeitos s\u00e3o mortos durante opera\u00e7\u00f5es policiais no interior da Bahia - Brasil not\u00edcias\",\"isPartOf\":{\"@id\":\"https:\/\/brasilnoticias.org\/site\/#website\"},\"primaryImageOfPage\":{\"@id\":\"https:\/\/brasilnoticias.org\/site\/cinco-suspeitos-sao-mortos-durante-operacoes-policiais-no-interior-da-bahia\/#primaryimage\"},\"image\":{\"@id\":\"https:\/\/brasilnoticias.org\/site\/cinco-suspeitos-sao-mortos-durante-operacoes-policiais-no-interior-da-bahia\/#primaryimage\"},\"thumbnailUrl\":\"https:\/\/brasilnoticias.org\/site\/wp-content\/uploads\/2023\/09\/whatsapp-image-2023-09-23-at-15.58.07-740x470-1.jpeg\",\"datePublished\":\"2023-09-25T13:00:18+00:00\",\"breadcrumb\":{\"@id\":\"https:\/\/brasilnoticias.org\/site\/cinco-suspeitos-sao-mortos-durante-operacoes-policiais-no-interior-da-bahia\/#breadcrumb\"},\"inLanguage\":\"pt-PT\",\"potentialAction\":[{\"@type\":\"ReadAction\",\"target\":[\"https:\/\/brasilnoticias.org\/site\/cinco-suspeitos-sao-mortos-durante-operacoes-policiais-no-interior-da-bahia\/\"]}]},{\"@type\":\"ImageObject\",\"inLanguage\":\"pt-PT\",\"@id\":\"https:\/\/brasilnoticias.org\/site\/cinco-suspeitos-sao-mortos-durante-operacoes-policiais-no-interior-da-bahia\/#primaryimage\",\"url\":\"https:\/\/brasilnoticias.org\/site\/wp-content\/uploads\/2023\/09\/whatsapp-image-2023-09-23-at-15.58.07-740x470-1.jpeg\",\"contentUrl\":\"https:\/\/brasilnoticias.org\/site\/wp-content\/uploads\/2023\/09\/whatsapp-image-2023-09-23-at-15.58.07-740x470-1.jpeg\",\"width\":740,\"height\":470},{\"@type\":\"BreadcrumbList\",\"@id\":\"https:\/\/brasilnoticias.org\/site\/cinco-suspeitos-sao-mortos-durante-operacoes-policiais-no-interior-da-bahia\/#breadcrumb\",\"itemListElement\":[{\"@type\":\"ListItem\",\"position\":1,\"name\":\"In\u00edcio\",\"item\":\"https:\/\/brasilnoticias.org\/site\/\"},{\"@type\":\"ListItem\",\"position\":2,\"name\":\"Cinco suspeitos s\u00e3o mortos durante opera\u00e7\u00f5es policiais no interior da Bahia\"}]},{\"@type\":\"WebSite\",\"@id\":\"https:\/\/brasilnoticias.org\/site\/#website\",\"url\":\"https:\/\/brasilnoticias.org\/site\/\",\"name\":\"Brasil not\u00edcias\",\"description\":\"Brasil not\u00edcias\",\"publisher\":{\"@id\":\"https:\/\/brasilnoticias.org\/site\/#organization\"},\"potentialAction\":[{\"@type\":\"SearchAction\",\"target\":{\"@type\":\"EntryPoint\",\"urlTemplate\":\"https:\/\/brasilnoticias.org\/site\/?s={search_term_string}\"},\"query-input\":{\"@type\":\"PropertyValueSpecification\",\"valueRequired\":true,\"valueName\":\"search_term_string\"}}],\"inLanguage\":\"pt-PT\"},{\"@type\":\"Organization\",\"@id\":\"https:\/\/brasilnoticias.org\/site\/#organization\",\"name\":\"Brasil not\u00edcias\",\"url\":\"https:\/\/brasilnoticias.org\/site\/\",\"logo\":{\"@type\":\"ImageObject\",\"inLanguage\":\"pt-PT\",\"@id\":\"https:\/\/brasilnoticias.org\/site\/#\/schema\/logo\/image\/\",\"url\":\"https:\/\/brasilnoticias.org\/site\/wp-content\/uploads\/2022\/05\/cropped-brasilnoticias-mini.jpg\",\"contentUrl\":\"https:\/\/brasilnoticias.org\/site\/wp-content\/uploads\/2022\/05\/cropped-brasilnoticias-mini.jpg\",\"width\":314,\"height\":86,\"caption\":\"Brasil not\u00edcias\"},\"image\":{\"@id\":\"https:\/\/brasilnoticias.org\/site\/#\/schema\/logo\/image\/\"}},{\"@type\":\"Person\",\"@id\":\"https:\/\/brasilnoticias.org\/site\/#\/schema\/person\/03bbbfe6c7634ad18c26444ea39049fa\",\"name\":\"Reda\u00e7\u00e3o\",\"image\":{\"@type\":\"ImageObject\",\"inLanguage\":\"pt-PT\",\"@id\":\"https:\/\/brasilnoticias.org\/site\/#\/schema\/person\/image\/\",\"url\":\"https:\/\/secure.gravatar.com\/avatar\/9ecaf7327a696cb23ad926fedded5f1f04d7049de9e445375d55b48c001a6e42?s=96&d=mm&r=g\",\"contentUrl\":\"https:\/\/secure.gravatar.com\/avatar\/9ecaf7327a696cb23ad926fedded5f1f04d7049de9e445375d55b48c001a6e42?s=96&d=mm&r=g\",\"caption\":\"Reda\u00e7\u00e3o\"},\"url\":\"https:\/\/brasilnoticias.org\/site\/author\/henrique\/\"}]}<\/script>\n<!-- \/ Yoast SEO plugin. -->","yoast_head_json":{"title":"Cinco suspeitos s\u00e3o mortos durante opera\u00e7\u00f5es policiais no interior da Bahia - Brasil not\u00edcias","robots":{"index":"index","follow":"follow","max-snippet":"max-snippet:-1","max-image-preview":"max-image-preview:large","max-video-preview":"max-video-preview:-1"},"canonical":"https:\/\/brasilnoticias.org\/site\/cinco-suspeitos-sao-mortos-durante-operacoes-policiais-no-interior-da-bahia\/","og_locale":"pt_PT","og_type":"article","og_title":"Cinco suspeitos s\u00e3o mortos durante opera\u00e7\u00f5es policiais no interior da Bahia - Brasil not\u00edcias","og_description":"No in\u00edcio da tarde deste domingo (24\/9), o ministro da Justi\u00e7a e Seguran\u00e7a P\u00fablica, Fl\u00e1vio Dino, descartou a possibilidade de","og_url":"https:\/\/brasilnoticias.org\/site\/cinco-suspeitos-sao-mortos-durante-operacoes-policiais-no-interior-da-bahia\/","og_site_name":"Brasil not\u00edcias","article_published_time":"2023-09-25T13:00:18+00:00","og_image":[{"width":740,"height":470,"url":"https:\/\/brasilnoticias.org\/site\/wp-content\/uploads\/2023\/09\/whatsapp-image-2023-09-23-at-15.58.07-740x470-1.jpeg","type":"image\/jpeg"}],"author":"Reda\u00e7\u00e3o","twitter_card":"summary_large_image","twitter_misc":{"Escrito por":"Reda\u00e7\u00e3o"},"schema":{"@context":"https:\/\/schema.org","@graph":[{"@type":"Article","@id":"https:\/\/brasilnoticias.org\/site\/cinco-suspeitos-sao-mortos-durante-operacoes-policiais-no-interior-da-bahia\/#article","isPartOf":{"@id":"https:\/\/brasilnoticias.org\/site\/cinco-suspeitos-sao-mortos-durante-operacoes-policiais-no-interior-da-bahia\/"},"author":{"name":"Reda\u00e7\u00e3o","@id":"https:\/\/brasilnoticias.org\/site\/#\/schema\/person\/03bbbfe6c7634ad18c26444ea39049fa"},"headline":"Cinco suspeitos s\u00e3o mortos durante opera\u00e7\u00f5es policiais no interior da Bahia","datePublished":"2023-09-25T13:00:18+00:00","mainEntityOfPage":{"@id":"https:\/\/brasilnoticias.org\/site\/cinco-suspeitos-sao-mortos-durante-operacoes-policiais-no-interior-da-bahia\/"},"wordCount":632,"commentCount":0,"publisher":{"@id":"https:\/\/brasilnoticias.org\/site\/#organization"},"image":{"@id":"https:\/\/brasilnoticias.org\/site\/cinco-suspeitos-sao-mortos-durante-operacoes-policiais-no-interior-da-bahia\/#primaryimage"},"thumbnailUrl":"https:\/\/brasilnoticias.org\/site\/wp-content\/uploads\/2023\/09\/whatsapp-image-2023-09-23-at-15.58.07-740x470-1.jpeg","articleSection":["Pol\u00edcia","\u00daltimas"],"inLanguage":"pt-PT","potentialAction":[{"@type":"CommentAction","name":"Comment","target":["https:\/\/brasilnoticias.org\/site\/cinco-suspeitos-sao-mortos-durante-operacoes-policiais-no-interior-da-bahia\/#respond"]}]},{"@type":"WebPage","@id":"https:\/\/brasilnoticias.org\/site\/cinco-suspeitos-sao-mortos-durante-operacoes-policiais-no-interior-da-bahia\/","url":"https:\/\/brasilnoticias.org\/site\/cinco-suspeitos-sao-mortos-durante-operacoes-policiais-no-interior-da-bahia\/","name":"Cinco suspeitos s\u00e3o mortos durante opera\u00e7\u00f5es policiais no interior da Bahia - Brasil not\u00edcias","isPartOf":{"@id":"https:\/\/brasilnoticias.org\/site\/#website"},"primaryImageOfPage":{"@id":"https:\/\/brasilnoticias.org\/site\/cinco-suspeitos-sao-mortos-durante-operacoes-policiais-no-interior-da-bahia\/#primaryimage"},"image":{"@id":"https:\/\/brasilnoticias.org\/site\/cinco-suspeitos-sao-mortos-durante-operacoes-policiais-no-interior-da-bahia\/#primaryimage"},"thumbnailUrl":"https:\/\/brasilnoticias.org\/site\/wp-content\/uploads\/2023\/09\/whatsapp-image-2023-09-23-at-15.58.07-740x470-1.jpeg","datePublished":"2023-09-25T13:00:18+00:00","breadcrumb":{"@id":"https:\/\/brasilnoticias.org\/site\/cinco-suspeitos-sao-mortos-durante-operacoes-policiais-no-interior-da-bahia\/#breadcrumb"},"inLanguage":"pt-PT","potentialAction":[{"@type":"ReadAction","target":["https:\/\/brasilnoticias.org\/site\/cinco-suspeitos-sao-mortos-durante-operacoes-policiais-no-interior-da-bahia\/"]}]},{"@type":"ImageObject","inLanguage":"pt-PT","@id":"https:\/\/brasilnoticias.org\/site\/cinco-suspeitos-sao-mortos-durante-operacoes-policiais-no-interior-da-bahia\/#primaryimage","url":"https:\/\/brasilnoticias.org\/site\/wp-content\/uploads\/2023\/09\/whatsapp-image-2023-09-23-at-15.58.07-740x470-1.jpeg","contentUrl":"https:\/\/brasilnoticias.org\/site\/wp-content\/uploads\/2023\/09\/whatsapp-image-2023-09-23-at-15.58.07-740x470-1.jpeg","width":740,"height":470},{"@type":"BreadcrumbList","@id":"https:\/\/brasilnoticias.org\/site\/cinco-suspeitos-sao-mortos-durante-operacoes-policiais-no-interior-da-bahia\/#breadcrumb","itemListElement":[{"@type":"ListItem","position":1,"name":"In\u00edcio","item":"https:\/\/brasilnoticias.org\/site\/"},{"@type":"ListItem","position":2,"name":"Cinco suspeitos s\u00e3o mortos durante opera\u00e7\u00f5es policiais no interior da Bahia"}]},{"@type":"WebSite","@id":"https:\/\/brasilnoticias.org\/site\/#website","url":"https:\/\/brasilnoticias.org\/site\/","name":"Brasil not\u00edcias","description":"Brasil not\u00edcias","publisher":{"@id":"https:\/\/brasilnoticias.org\/site\/#organization"},"potentialAction":[{"@type":"SearchAction","target":{"@type":"EntryPoint","urlTemplate":"https:\/\/brasilnoticias.org\/site\/?s={search_term_string}"},"query-input":{"@type":"PropertyValueSpecification","valueRequired":true,"valueName":"search_term_string"}}],"inLanguage":"pt-PT"},{"@type":"Organization","@id":"https:\/\/brasilnoticias.org\/site\/#organization","name":"Brasil not\u00edcias","url":"https:\/\/brasilnoticias.org\/site\/","logo":{"@type":"ImageObject","inLanguage":"pt-PT","@id":"https:\/\/brasilnoticias.org\/site\/#\/schema\/logo\/image\/","url":"https:\/\/brasilnoticias.org\/site\/wp-content\/uploads\/2022\/05\/cropped-brasilnoticias-mini.jpg","contentUrl":"https:\/\/brasilnoticias.org\/site\/wp-content\/uploads\/2022\/05\/cropped-brasilnoticias-mini.jpg","width":314,"height":86,"caption":"Brasil not\u00edcias"},"image":{"@id":"https:\/\/brasilnoticias.org\/site\/#\/schema\/logo\/image\/"}},{"@type":"Person","@id":"https:\/\/brasilnoticias.org\/site\/#\/schema\/person\/03bbbfe6c7634ad18c26444ea39049fa","name":"Reda\u00e7\u00e3o","image":{"@type":"ImageObject","inLanguage":"pt-PT","@id":"https:\/\/brasilnoticias.org\/site\/#\/schema\/person\/image\/","url":"https:\/\/secure.gravatar.com\/avatar\/9ecaf7327a696cb23ad926fedded5f1f04d7049de9e445375d55b48c001a6e42?s=96&d=mm&r=g","contentUrl":"https:\/\/secure.gravatar.com\/avatar\/9ecaf7327a696cb23ad926fedded5f1f04d7049de9e445375d55b48c001a6e42?s=96&d=mm&r=g","caption":"Reda\u00e7\u00e3o"},"url":"https:\/\/brasilnoticias.org\/site\/author\/henrique\/"}]}},"_links":{"self":[{"href":"https:\/\/brasilnoticias.org\/site\/wp-json\/wp\/v2\/posts\/9562","targetHints":{"allow":["GET"]}}],"collection":[{"href":"https:\/\/brasilnoticias.org\/site\/wp-json\/wp\/v2\/posts"}],"about":[{"href":"https:\/\/brasilnoticias.org\/site\/wp-json\/wp\/v2\/types\/post"}],"author":[{"embeddable":true,"href":"https:\/\/brasilnoticias.org\/site\/wp-json\/wp\/v2\/users\/4"}],"replies":[{"embeddable":true,"href":"https:\/\/brasilnoticias.org\/site\/wp-json\/wp\/v2\/comments?post=9562"}],"version-history":[{"count":1,"href":"https:\/\/brasilnoticias.org\/site\/wp-json\/wp\/v2\/posts\/9562\/revisions"}],"predecessor-version":[{"id":9564,"href":"https:\/\/brasilnoticias.org\/site\/wp-json\/wp\/v2\/posts\/9562\/revisions\/9564"}],"wp:featuredmedia":[{"embeddable":true,"href":"https:\/\/brasilnoticias.org\/site\/wp-json\/wp\/v2\/media\/9563"}],"wp:attachment":[{"href":"https:\/\/brasilnoticias.org\/site\/wp-json\/wp\/v2\/media?parent=9562"}],"wp:term":[{"taxonomy":"category","embeddable":true,"href":"https:\/\/brasilnoticias.org\/site\/wp-json\/wp\/v2\/categories?post=9562"},{"taxonomy":"post_tag","embeddable":true,"href":"https:\/\/brasilnoticias.org\/site\/wp-json\/wp\/v2\/tags?post=9562"}],"curies":[{"name":"wp","href":"https:\/\/api.w.org\/{rel}","templated":true}]}}