{"id":9605,"date":"2023-09-26T18:40:46","date_gmt":"2023-09-26T21:40:46","guid":{"rendered":"https:\/\/brasilnoticias.org\/site\/?p=9605"},"modified":"2023-09-26T18:40:46","modified_gmt":"2023-09-26T21:40:46","slug":"caminhoneiro-e-detido-com-15-celulares-sem-nota-fiscal-e-comprimidos-de-rebite","status":"publish","type":"post","link":"https:\/\/brasilnoticias.org\/site\/caminhoneiro-e-detido-com-15-celulares-sem-nota-fiscal-e-comprimidos-de-rebite\/","title":{"rendered":"Caminhoneiro \u00e9 detido com 15 celulares sem nota fiscal e comprimidos de rebite"},"content":{"rendered":"<p>Questionado, o caminhoneiro afirmou que pegou os celulares na cidade de S\u00e3o Paulo com destino a Petrolina (PE)<\/p>\n<p>Policiais rodovi\u00e1rios federais apreenderam 15 celulares smartphones sem documenta\u00e7\u00e3o comprobat\u00f3ria e outros 17 comprimidos de rebite no KM 677 da BR 116, trecho do munic\u00edpio de Jequi\u00e9, localizado a 305 km de Salvador.<\/p>\n<p>A a\u00e7\u00e3o ocorreu por volta das 21h desta segunda-feira (25\/9), quando os agentes deram ordem de parada a um caminh\u00e3o SCANIA\/R 420 de cor preta. Durante a vistoria \u00e0 cabine do ve\u00edculo, a equipe localizou duas caixas contendo 15 celulares de origem estrangeira e sem documenta\u00e7\u00e3o fiscal. Tamb\u00e9m foram encontrados 17 comprimidos da subst\u00e2ncia Nob\u00e9sio, conhecido com rebite.<\/p>\n<p>Questionado, o caminhoneiro afirmou que carregou o material na cidade de S\u00e3o Paulo com destino a Petrolina (PE). Diante das circunst\u00e2ncias, todo o material apreendido foi apresentado na Secretaria da Receita Federal para as tratativas administrativas legais. O condutor tamb\u00e9m assinou termo circunstanciado de ocorr\u00eancia por porte de drogas.<\/p>\n<p>Previsto no art. 334 do C\u00f3digo Penal, o crime de Descaminho, que \u00e9 o ato de iludir, no todo ou em parte, o pagamento de direito ou imposto devido pela entrada, pela sa\u00edda ou pelo consumo de mercadoria, representa uma concorr\u00eancia desleal com os comerciantes regularmente instalados e diminui os empregos com Carteira de Trabalho assinada no pa\u00eds.<\/p>\n<p>Foto: divulga\u00e7\u00e3o\/PRF<br \/>\nAratu On<\/p>\n","protected":false},"excerpt":{"rendered":"<p>Questionado, o caminhoneiro afirmou que pegou os celulares na cidade de S\u00e3o Paulo com destino a Petrolina (PE) Policiais rodovi\u00e1rios<\/p>\n","protected":false},"author":4,"featured_media":9606,"comment_status":"open","ping_status":"open","sticky":false,"template":"","format":"standard","meta":{"colormag_page_container_layout":"default_layout","colormag_page_sidebar_layout":"default_layout","_FSMCFIC_featured_image_caption":"","_FSMCFIC_featured_image_nocaption":"","_FSMCFIC_featured_image_hide":"","footnotes":""},"categories":[3,1],"tags":[],"class_list":["post-9605","post","type-post","status-publish","format-standard","has-post-thumbnail","hentry","category-policia","category-ultimas"],"yoast_head":"<!-- This site is optimized with the Yoast SEO plugin v27.1.1 - https:\/\/yoast.com\/product\/yoast-seo-wordpress\/ -->\n<title>Caminhoneiro \u00e9 detido com 15 celulares sem nota fiscal e comprimidos de rebite - Brasil not\u00edcias<\/title>\n<meta name=\"robots\" content=\"index, follow, max-snippet:-1, max-image-preview:large, max-video-preview:-1\" \/>\n<link rel=\"canonical\" href=\"https:\/\/brasilnoticias.org\/site\/caminhoneiro-e-detido-com-15-celulares-sem-nota-fiscal-e-comprimidos-de-rebite\/\" \/>\n<meta property=\"og:locale\" content=\"pt_PT\" \/>\n<meta property=\"og:type\" content=\"article\" \/>\n<meta property=\"og:title\" content=\"Caminhoneiro \u00e9 detido com 15 celulares sem nota fiscal e comprimidos de rebite - Brasil not\u00edcias\" \/>\n<meta property=\"og:description\" content=\"Questionado, o caminhoneiro afirmou que pegou os celulares na cidade de S\u00e3o Paulo com destino a Petrolina (PE) Policiais rodovi\u00e1rios\" \/>\n<meta property=\"og:url\" content=\"https:\/\/brasilnoticias.org\/site\/caminhoneiro-e-detido-com-15-celulares-sem-nota-fiscal-e-comprimidos-de-rebite\/\" \/>\n<meta property=\"og:site_name\" content=\"Brasil not\u00edcias\" \/>\n<meta property=\"article:published_time\" content=\"2023-09-26T21:40:46+00:00\" \/>\n<meta property=\"og:image\" content=\"https:\/\/brasilnoticias.org\/site\/wp-content\/uploads\/2023\/09\/celulares-jequie.jpg\" \/>\n\t<meta property=\"og:image:width\" content=\"740\" \/>\n\t<meta property=\"og:image:height\" content=\"464\" \/>\n\t<meta property=\"og:image:type\" content=\"image\/jpeg\" \/>\n<meta name=\"author\" content=\"Reda\u00e7\u00e3o\" \/>\n<meta name=\"twitter:card\" content=\"summary_large_image\" \/>\n<meta name=\"twitter:label1\" content=\"Escrito por\" \/>\n\t<meta name=\"twitter:data1\" content=\"Reda\u00e7\u00e3o\" \/>\n<script type=\"application\/ld+json\" class=\"yoast-schema-graph\">{\"@context\":\"https:\/\/schema.org\",\"@graph\":[{\"@type\":\"Article\",\"@id\":\"https:\/\/brasilnoticias.org\/site\/caminhoneiro-e-detido-com-15-celulares-sem-nota-fiscal-e-comprimidos-de-rebite\/#article\",\"isPartOf\":{\"@id\":\"https:\/\/brasilnoticias.org\/site\/caminhoneiro-e-detido-com-15-celulares-sem-nota-fiscal-e-comprimidos-de-rebite\/\"},\"author\":{\"name\":\"Reda\u00e7\u00e3o\",\"@id\":\"https:\/\/brasilnoticias.org\/site\/#\/schema\/person\/03bbbfe6c7634ad18c26444ea39049fa\"},\"headline\":\"Caminhoneiro \u00e9 detido com 15 celulares sem nota fiscal e comprimidos de rebite\",\"datePublished\":\"2023-09-26T21:40:46+00:00\",\"mainEntityOfPage\":{\"@id\":\"https:\/\/brasilnoticias.org\/site\/caminhoneiro-e-detido-com-15-celulares-sem-nota-fiscal-e-comprimidos-de-rebite\/\"},\"wordCount\":242,\"commentCount\":0,\"publisher\":{\"@id\":\"https:\/\/brasilnoticias.org\/site\/#organization\"},\"image\":{\"@id\":\"https:\/\/brasilnoticias.org\/site\/caminhoneiro-e-detido-com-15-celulares-sem-nota-fiscal-e-comprimidos-de-rebite\/#primaryimage\"},\"thumbnailUrl\":\"https:\/\/brasilnoticias.org\/site\/wp-content\/uploads\/2023\/09\/celulares-jequie.jpg\",\"articleSection\":[\"Pol\u00edcia\",\"\u00daltimas\"],\"inLanguage\":\"pt-PT\",\"potentialAction\":[{\"@type\":\"CommentAction\",\"name\":\"Comment\",\"target\":[\"https:\/\/brasilnoticias.org\/site\/caminhoneiro-e-detido-com-15-celulares-sem-nota-fiscal-e-comprimidos-de-rebite\/#respond\"]}]},{\"@type\":\"WebPage\",\"@id\":\"https:\/\/brasilnoticias.org\/site\/caminhoneiro-e-detido-com-15-celulares-sem-nota-fiscal-e-comprimidos-de-rebite\/\",\"url\":\"https:\/\/brasilnoticias.org\/site\/caminhoneiro-e-detido-com-15-celulares-sem-nota-fiscal-e-comprimidos-de-rebite\/\",\"name\":\"Caminhoneiro \u00e9 detido com 15 celulares sem nota fiscal e comprimidos de rebite - Brasil not\u00edcias\",\"isPartOf\":{\"@id\":\"https:\/\/brasilnoticias.org\/site\/#website\"},\"primaryImageOfPage\":{\"@id\":\"https:\/\/brasilnoticias.org\/site\/caminhoneiro-e-detido-com-15-celulares-sem-nota-fiscal-e-comprimidos-de-rebite\/#primaryimage\"},\"image\":{\"@id\":\"https:\/\/brasilnoticias.org\/site\/caminhoneiro-e-detido-com-15-celulares-sem-nota-fiscal-e-comprimidos-de-rebite\/#primaryimage\"},\"thumbnailUrl\":\"https:\/\/brasilnoticias.org\/site\/wp-content\/uploads\/2023\/09\/celulares-jequie.jpg\",\"datePublished\":\"2023-09-26T21:40:46+00:00\",\"breadcrumb\":{\"@id\":\"https:\/\/brasilnoticias.org\/site\/caminhoneiro-e-detido-com-15-celulares-sem-nota-fiscal-e-comprimidos-de-rebite\/#breadcrumb\"},\"inLanguage\":\"pt-PT\",\"potentialAction\":[{\"@type\":\"ReadAction\",\"target\":[\"https:\/\/brasilnoticias.org\/site\/caminhoneiro-e-detido-com-15-celulares-sem-nota-fiscal-e-comprimidos-de-rebite\/\"]}]},{\"@type\":\"ImageObject\",\"inLanguage\":\"pt-PT\",\"@id\":\"https:\/\/brasilnoticias.org\/site\/caminhoneiro-e-detido-com-15-celulares-sem-nota-fiscal-e-comprimidos-de-rebite\/#primaryimage\",\"url\":\"https:\/\/brasilnoticias.org\/site\/wp-content\/uploads\/2023\/09\/celulares-jequie.jpg\",\"contentUrl\":\"https:\/\/brasilnoticias.org\/site\/wp-content\/uploads\/2023\/09\/celulares-jequie.jpg\",\"width\":740,\"height\":464},{\"@type\":\"BreadcrumbList\",\"@id\":\"https:\/\/brasilnoticias.org\/site\/caminhoneiro-e-detido-com-15-celulares-sem-nota-fiscal-e-comprimidos-de-rebite\/#breadcrumb\",\"itemListElement\":[{\"@type\":\"ListItem\",\"position\":1,\"name\":\"In\u00edcio\",\"item\":\"https:\/\/brasilnoticias.org\/site\/\"},{\"@type\":\"ListItem\",\"position\":2,\"name\":\"Caminhoneiro \u00e9 detido com 15 celulares sem nota fiscal e comprimidos de rebite\"}]},{\"@type\":\"WebSite\",\"@id\":\"https:\/\/brasilnoticias.org\/site\/#website\",\"url\":\"https:\/\/brasilnoticias.org\/site\/\",\"name\":\"Brasil not\u00edcias\",\"description\":\"Brasil not\u00edcias\",\"publisher\":{\"@id\":\"https:\/\/brasilnoticias.org\/site\/#organization\"},\"potentialAction\":[{\"@type\":\"SearchAction\",\"target\":{\"@type\":\"EntryPoint\",\"urlTemplate\":\"https:\/\/brasilnoticias.org\/site\/?s={search_term_string}\"},\"query-input\":{\"@type\":\"PropertyValueSpecification\",\"valueRequired\":true,\"valueName\":\"search_term_string\"}}],\"inLanguage\":\"pt-PT\"},{\"@type\":\"Organization\",\"@id\":\"https:\/\/brasilnoticias.org\/site\/#organization\",\"name\":\"Brasil not\u00edcias\",\"url\":\"https:\/\/brasilnoticias.org\/site\/\",\"logo\":{\"@type\":\"ImageObject\",\"inLanguage\":\"pt-PT\",\"@id\":\"https:\/\/brasilnoticias.org\/site\/#\/schema\/logo\/image\/\",\"url\":\"https:\/\/brasilnoticias.org\/site\/wp-content\/uploads\/2022\/05\/cropped-brasilnoticias-mini.jpg\",\"contentUrl\":\"https:\/\/brasilnoticias.org\/site\/wp-content\/uploads\/2022\/05\/cropped-brasilnoticias-mini.jpg\",\"width\":314,\"height\":86,\"caption\":\"Brasil not\u00edcias\"},\"image\":{\"@id\":\"https:\/\/brasilnoticias.org\/site\/#\/schema\/logo\/image\/\"}},{\"@type\":\"Person\",\"@id\":\"https:\/\/brasilnoticias.org\/site\/#\/schema\/person\/03bbbfe6c7634ad18c26444ea39049fa\",\"name\":\"Reda\u00e7\u00e3o\",\"image\":{\"@type\":\"ImageObject\",\"inLanguage\":\"pt-PT\",\"@id\":\"https:\/\/brasilnoticias.org\/site\/#\/schema\/person\/image\/\",\"url\":\"https:\/\/secure.gravatar.com\/avatar\/9ecaf7327a696cb23ad926fedded5f1f04d7049de9e445375d55b48c001a6e42?s=96&d=mm&r=g\",\"contentUrl\":\"https:\/\/secure.gravatar.com\/avatar\/9ecaf7327a696cb23ad926fedded5f1f04d7049de9e445375d55b48c001a6e42?s=96&d=mm&r=g\",\"caption\":\"Reda\u00e7\u00e3o\"},\"url\":\"https:\/\/brasilnoticias.org\/site\/author\/henrique\/\"}]}<\/script>\n<!-- \/ Yoast SEO plugin. -->","yoast_head_json":{"title":"Caminhoneiro \u00e9 detido com 15 celulares sem nota fiscal e comprimidos de rebite - Brasil not\u00edcias","robots":{"index":"index","follow":"follow","max-snippet":"max-snippet:-1","max-image-preview":"max-image-preview:large","max-video-preview":"max-video-preview:-1"},"canonical":"https:\/\/brasilnoticias.org\/site\/caminhoneiro-e-detido-com-15-celulares-sem-nota-fiscal-e-comprimidos-de-rebite\/","og_locale":"pt_PT","og_type":"article","og_title":"Caminhoneiro \u00e9 detido com 15 celulares sem nota fiscal e comprimidos de rebite - Brasil not\u00edcias","og_description":"Questionado, o caminhoneiro afirmou que pegou os celulares na cidade de S\u00e3o Paulo com destino a Petrolina (PE) Policiais rodovi\u00e1rios","og_url":"https:\/\/brasilnoticias.org\/site\/caminhoneiro-e-detido-com-15-celulares-sem-nota-fiscal-e-comprimidos-de-rebite\/","og_site_name":"Brasil not\u00edcias","article_published_time":"2023-09-26T21:40:46+00:00","og_image":[{"width":740,"height":464,"url":"https:\/\/brasilnoticias.org\/site\/wp-content\/uploads\/2023\/09\/celulares-jequie.jpg","type":"image\/jpeg"}],"author":"Reda\u00e7\u00e3o","twitter_card":"summary_large_image","twitter_misc":{"Escrito por":"Reda\u00e7\u00e3o"},"schema":{"@context":"https:\/\/schema.org","@graph":[{"@type":"Article","@id":"https:\/\/brasilnoticias.org\/site\/caminhoneiro-e-detido-com-15-celulares-sem-nota-fiscal-e-comprimidos-de-rebite\/#article","isPartOf":{"@id":"https:\/\/brasilnoticias.org\/site\/caminhoneiro-e-detido-com-15-celulares-sem-nota-fiscal-e-comprimidos-de-rebite\/"},"author":{"name":"Reda\u00e7\u00e3o","@id":"https:\/\/brasilnoticias.org\/site\/#\/schema\/person\/03bbbfe6c7634ad18c26444ea39049fa"},"headline":"Caminhoneiro \u00e9 detido com 15 celulares sem nota fiscal e comprimidos de rebite","datePublished":"2023-09-26T21:40:46+00:00","mainEntityOfPage":{"@id":"https:\/\/brasilnoticias.org\/site\/caminhoneiro-e-detido-com-15-celulares-sem-nota-fiscal-e-comprimidos-de-rebite\/"},"wordCount":242,"commentCount":0,"publisher":{"@id":"https:\/\/brasilnoticias.org\/site\/#organization"},"image":{"@id":"https:\/\/brasilnoticias.org\/site\/caminhoneiro-e-detido-com-15-celulares-sem-nota-fiscal-e-comprimidos-de-rebite\/#primaryimage"},"thumbnailUrl":"https:\/\/brasilnoticias.org\/site\/wp-content\/uploads\/2023\/09\/celulares-jequie.jpg","articleSection":["Pol\u00edcia","\u00daltimas"],"inLanguage":"pt-PT","potentialAction":[{"@type":"CommentAction","name":"Comment","target":["https:\/\/brasilnoticias.org\/site\/caminhoneiro-e-detido-com-15-celulares-sem-nota-fiscal-e-comprimidos-de-rebite\/#respond"]}]},{"@type":"WebPage","@id":"https:\/\/brasilnoticias.org\/site\/caminhoneiro-e-detido-com-15-celulares-sem-nota-fiscal-e-comprimidos-de-rebite\/","url":"https:\/\/brasilnoticias.org\/site\/caminhoneiro-e-detido-com-15-celulares-sem-nota-fiscal-e-comprimidos-de-rebite\/","name":"Caminhoneiro \u00e9 detido com 15 celulares sem nota fiscal e comprimidos de rebite - Brasil not\u00edcias","isPartOf":{"@id":"https:\/\/brasilnoticias.org\/site\/#website"},"primaryImageOfPage":{"@id":"https:\/\/brasilnoticias.org\/site\/caminhoneiro-e-detido-com-15-celulares-sem-nota-fiscal-e-comprimidos-de-rebite\/#primaryimage"},"image":{"@id":"https:\/\/brasilnoticias.org\/site\/caminhoneiro-e-detido-com-15-celulares-sem-nota-fiscal-e-comprimidos-de-rebite\/#primaryimage"},"thumbnailUrl":"https:\/\/brasilnoticias.org\/site\/wp-content\/uploads\/2023\/09\/celulares-jequie.jpg","datePublished":"2023-09-26T21:40:46+00:00","breadcrumb":{"@id":"https:\/\/brasilnoticias.org\/site\/caminhoneiro-e-detido-com-15-celulares-sem-nota-fiscal-e-comprimidos-de-rebite\/#breadcrumb"},"inLanguage":"pt-PT","potentialAction":[{"@type":"ReadAction","target":["https:\/\/brasilnoticias.org\/site\/caminhoneiro-e-detido-com-15-celulares-sem-nota-fiscal-e-comprimidos-de-rebite\/"]}]},{"@type":"ImageObject","inLanguage":"pt-PT","@id":"https:\/\/brasilnoticias.org\/site\/caminhoneiro-e-detido-com-15-celulares-sem-nota-fiscal-e-comprimidos-de-rebite\/#primaryimage","url":"https:\/\/brasilnoticias.org\/site\/wp-content\/uploads\/2023\/09\/celulares-jequie.jpg","contentUrl":"https:\/\/brasilnoticias.org\/site\/wp-content\/uploads\/2023\/09\/celulares-jequie.jpg","width":740,"height":464},{"@type":"BreadcrumbList","@id":"https:\/\/brasilnoticias.org\/site\/caminhoneiro-e-detido-com-15-celulares-sem-nota-fiscal-e-comprimidos-de-rebite\/#breadcrumb","itemListElement":[{"@type":"ListItem","position":1,"name":"In\u00edcio","item":"https:\/\/brasilnoticias.org\/site\/"},{"@type":"ListItem","position":2,"name":"Caminhoneiro \u00e9 detido com 15 celulares sem nota fiscal e comprimidos de rebite"}]},{"@type":"WebSite","@id":"https:\/\/brasilnoticias.org\/site\/#website","url":"https:\/\/brasilnoticias.org\/site\/","name":"Brasil not\u00edcias","description":"Brasil not\u00edcias","publisher":{"@id":"https:\/\/brasilnoticias.org\/site\/#organization"},"potentialAction":[{"@type":"SearchAction","target":{"@type":"EntryPoint","urlTemplate":"https:\/\/brasilnoticias.org\/site\/?s={search_term_string}"},"query-input":{"@type":"PropertyValueSpecification","valueRequired":true,"valueName":"search_term_string"}}],"inLanguage":"pt-PT"},{"@type":"Organization","@id":"https:\/\/brasilnoticias.org\/site\/#organization","name":"Brasil not\u00edcias","url":"https:\/\/brasilnoticias.org\/site\/","logo":{"@type":"ImageObject","inLanguage":"pt-PT","@id":"https:\/\/brasilnoticias.org\/site\/#\/schema\/logo\/image\/","url":"https:\/\/brasilnoticias.org\/site\/wp-content\/uploads\/2022\/05\/cropped-brasilnoticias-mini.jpg","contentUrl":"https:\/\/brasilnoticias.org\/site\/wp-content\/uploads\/2022\/05\/cropped-brasilnoticias-mini.jpg","width":314,"height":86,"caption":"Brasil not\u00edcias"},"image":{"@id":"https:\/\/brasilnoticias.org\/site\/#\/schema\/logo\/image\/"}},{"@type":"Person","@id":"https:\/\/brasilnoticias.org\/site\/#\/schema\/person\/03bbbfe6c7634ad18c26444ea39049fa","name":"Reda\u00e7\u00e3o","image":{"@type":"ImageObject","inLanguage":"pt-PT","@id":"https:\/\/brasilnoticias.org\/site\/#\/schema\/person\/image\/","url":"https:\/\/secure.gravatar.com\/avatar\/9ecaf7327a696cb23ad926fedded5f1f04d7049de9e445375d55b48c001a6e42?s=96&d=mm&r=g","contentUrl":"https:\/\/secure.gravatar.com\/avatar\/9ecaf7327a696cb23ad926fedded5f1f04d7049de9e445375d55b48c001a6e42?s=96&d=mm&r=g","caption":"Reda\u00e7\u00e3o"},"url":"https:\/\/brasilnoticias.org\/site\/author\/henrique\/"}]}},"_links":{"self":[{"href":"https:\/\/brasilnoticias.org\/site\/wp-json\/wp\/v2\/posts\/9605","targetHints":{"allow":["GET"]}}],"collection":[{"href":"https:\/\/brasilnoticias.org\/site\/wp-json\/wp\/v2\/posts"}],"about":[{"href":"https:\/\/brasilnoticias.org\/site\/wp-json\/wp\/v2\/types\/post"}],"author":[{"embeddable":true,"href":"https:\/\/brasilnoticias.org\/site\/wp-json\/wp\/v2\/users\/4"}],"replies":[{"embeddable":true,"href":"https:\/\/brasilnoticias.org\/site\/wp-json\/wp\/v2\/comments?post=9605"}],"version-history":[{"count":1,"href":"https:\/\/brasilnoticias.org\/site\/wp-json\/wp\/v2\/posts\/9605\/revisions"}],"predecessor-version":[{"id":9607,"href":"https:\/\/brasilnoticias.org\/site\/wp-json\/wp\/v2\/posts\/9605\/revisions\/9607"}],"wp:featuredmedia":[{"embeddable":true,"href":"https:\/\/brasilnoticias.org\/site\/wp-json\/wp\/v2\/media\/9606"}],"wp:attachment":[{"href":"https:\/\/brasilnoticias.org\/site\/wp-json\/wp\/v2\/media?parent=9605"}],"wp:term":[{"taxonomy":"category","embeddable":true,"href":"https:\/\/brasilnoticias.org\/site\/wp-json\/wp\/v2\/categories?post=9605"},{"taxonomy":"post_tag","embeddable":true,"href":"https:\/\/brasilnoticias.org\/site\/wp-json\/wp\/v2\/tags?post=9605"}],"curies":[{"name":"wp","href":"https:\/\/api.w.org\/{rel}","templated":true}]}}