{"id":9617,"date":"2023-09-27T08:05:04","date_gmt":"2023-09-27T11:05:04","guid":{"rendered":"https:\/\/brasilnoticias.org\/site\/?p=9617"},"modified":"2023-09-26T19:07:19","modified_gmt":"2023-09-26T22:07:19","slug":"agente-da-transalvador-acusa-pm-por-agressao-e-ameaca","status":"publish","type":"post","link":"https:\/\/brasilnoticias.org\/site\/agente-da-transalvador-acusa-pm-por-agressao-e-ameaca\/","title":{"rendered":"Agente da Transalvador acusa PM por agress\u00e3o e amea\u00e7a"},"content":{"rendered":"<p>O policial militar \u00e9 acusado de ter dado tr\u00eas socos no rosto do servidor<\/p>\n<p>Um agente da Superintend\u00eancia de Tr\u00e2nsito de Salvador (Transalvador) afirmou que foi amea\u00e7ado e agredido por um policial militar, ap\u00f3s os carros de ambos colidirem na Avenida S\u00e3o Rafael, nesta segunda-feira (25). A informa\u00e7\u00e3o foi divulgada pelo portal G1. <\/p>\n<p>O agente de tr\u00e2nsito, que preferiu n\u00e3o se identificar, registrou o caso na Delegacia de Pau da Lima. Ele tamb\u00e9m foi submetido ao exame de corpo de delito, com o intuito de comprovar as agress\u00f5es supostamente feitas pelo policial com quem se desentendeu.<\/p>\n<p>De acordo com o depoimento prestado pelo servidor, o policial militar dirigia atr\u00e1s dele, quando fez uma manobra irregular. Devido ao &#8220;fecho&#8221; o ve\u00edculo do agente colidiu contra o do PM, que desceu do carro e partiu para discuss\u00e3o, dando tr\u00eas socos no rosto do agente da Transalvador.<\/p>\n<p>O momento da discuss\u00e3o foi registrado por meio de um v\u00eddeo, em que \u00e9 poss\u00edvel ver o policial aparece irritado, afirmando que quando pegar o agente &#8220;vai quebrar a cara dele&#8221;. Procurada, a Pol\u00edcia Civil comunicou que j\u00e1 investiga o caso e que identificou o militar em quest\u00e3o.<\/p>\n<p>J\u00e1 a Transalvador, em nota, informou que prestou assist\u00eancia ao funcion\u00e1rio e declarou que &#8220;repudia demonstra\u00e7\u00f5es violentas e preza pelo respeito aos agentes de tr\u00e2nsito e aos demais servidores&#8221;.<\/p>\n<p>Foto: Redes Sociais<br \/>\nMetro1 <\/p>\n","protected":false},"excerpt":{"rendered":"<p>O policial militar \u00e9 acusado de ter dado tr\u00eas socos no rosto do servidor Um agente da Superintend\u00eancia de Tr\u00e2nsito<\/p>\n","protected":false},"author":4,"featured_media":9618,"comment_status":"open","ping_status":"open","sticky":false,"template":"","format":"standard","meta":{"colormag_page_container_layout":"default_layout","colormag_page_sidebar_layout":"default_layout","_FSMCFIC_featured_image_caption":"","_FSMCFIC_featured_image_nocaption":"","_FSMCFIC_featured_image_hide":"","footnotes":""},"categories":[2,1],"tags":[],"class_list":["post-9617","post","type-post","status-publish","format-standard","has-post-thumbnail","hentry","category-noticias","category-ultimas"],"yoast_head":"<!-- This site is optimized with the Yoast SEO plugin v27.1.1 - https:\/\/yoast.com\/product\/yoast-seo-wordpress\/ -->\n<title>Agente da Transalvador acusa PM por agress\u00e3o e amea\u00e7a - Brasil not\u00edcias<\/title>\n<meta name=\"robots\" content=\"index, follow, max-snippet:-1, max-image-preview:large, max-video-preview:-1\" \/>\n<link rel=\"canonical\" href=\"https:\/\/brasilnoticias.org\/site\/agente-da-transalvador-acusa-pm-por-agressao-e-ameaca\/\" \/>\n<meta property=\"og:locale\" content=\"pt_PT\" \/>\n<meta property=\"og:type\" content=\"article\" \/>\n<meta property=\"og:title\" content=\"Agente da Transalvador acusa PM por agress\u00e3o e amea\u00e7a - Brasil not\u00edcias\" \/>\n<meta property=\"og:description\" content=\"O policial militar \u00e9 acusado de ter dado tr\u00eas socos no rosto do servidor Um agente da Superintend\u00eancia de Tr\u00e2nsito\" \/>\n<meta property=\"og:url\" content=\"https:\/\/brasilnoticias.org\/site\/agente-da-transalvador-acusa-pm-por-agressao-e-ameaca\/\" \/>\n<meta property=\"og:site_name\" content=\"Brasil not\u00edcias\" \/>\n<meta property=\"article:published_time\" content=\"2023-09-27T11:05:04+00:00\" \/>\n<meta property=\"og:image\" content=\"https:\/\/brasilnoticias.org\/site\/wp-content\/uploads\/2023\/09\/141362agente-da-transalvador-acusa-pm-por-agressao-e-ameaca-3.jpg\" \/>\n\t<meta property=\"og:image:width\" content=\"1600\" \/>\n\t<meta property=\"og:image:height\" content=\"752\" \/>\n\t<meta property=\"og:image:type\" content=\"image\/jpeg\" \/>\n<meta name=\"author\" content=\"Reda\u00e7\u00e3o\" \/>\n<meta name=\"twitter:card\" content=\"summary_large_image\" \/>\n<meta name=\"twitter:label1\" content=\"Escrito por\" \/>\n\t<meta name=\"twitter:data1\" content=\"Reda\u00e7\u00e3o\" \/>\n<script type=\"application\/ld+json\" class=\"yoast-schema-graph\">{\"@context\":\"https:\/\/schema.org\",\"@graph\":[{\"@type\":\"Article\",\"@id\":\"https:\/\/brasilnoticias.org\/site\/agente-da-transalvador-acusa-pm-por-agressao-e-ameaca\/#article\",\"isPartOf\":{\"@id\":\"https:\/\/brasilnoticias.org\/site\/agente-da-transalvador-acusa-pm-por-agressao-e-ameaca\/\"},\"author\":{\"name\":\"Reda\u00e7\u00e3o\",\"@id\":\"https:\/\/brasilnoticias.org\/site\/#\/schema\/person\/03bbbfe6c7634ad18c26444ea39049fa\"},\"headline\":\"Agente da Transalvador acusa PM por agress\u00e3o e amea\u00e7a\",\"datePublished\":\"2023-09-27T11:05:04+00:00\",\"mainEntityOfPage\":{\"@id\":\"https:\/\/brasilnoticias.org\/site\/agente-da-transalvador-acusa-pm-por-agressao-e-ameaca\/\"},\"wordCount\":257,\"commentCount\":0,\"publisher\":{\"@id\":\"https:\/\/brasilnoticias.org\/site\/#organization\"},\"image\":{\"@id\":\"https:\/\/brasilnoticias.org\/site\/agente-da-transalvador-acusa-pm-por-agressao-e-ameaca\/#primaryimage\"},\"thumbnailUrl\":\"https:\/\/brasilnoticias.org\/site\/wp-content\/uploads\/2023\/09\/141362agente-da-transalvador-acusa-pm-por-agressao-e-ameaca-3.jpg\",\"articleSection\":[\"Not\u00edcias\",\"\u00daltimas\"],\"inLanguage\":\"pt-PT\",\"potentialAction\":[{\"@type\":\"CommentAction\",\"name\":\"Comment\",\"target\":[\"https:\/\/brasilnoticias.org\/site\/agente-da-transalvador-acusa-pm-por-agressao-e-ameaca\/#respond\"]}]},{\"@type\":\"WebPage\",\"@id\":\"https:\/\/brasilnoticias.org\/site\/agente-da-transalvador-acusa-pm-por-agressao-e-ameaca\/\",\"url\":\"https:\/\/brasilnoticias.org\/site\/agente-da-transalvador-acusa-pm-por-agressao-e-ameaca\/\",\"name\":\"Agente da Transalvador acusa PM por agress\u00e3o e amea\u00e7a - Brasil not\u00edcias\",\"isPartOf\":{\"@id\":\"https:\/\/brasilnoticias.org\/site\/#website\"},\"primaryImageOfPage\":{\"@id\":\"https:\/\/brasilnoticias.org\/site\/agente-da-transalvador-acusa-pm-por-agressao-e-ameaca\/#primaryimage\"},\"image\":{\"@id\":\"https:\/\/brasilnoticias.org\/site\/agente-da-transalvador-acusa-pm-por-agressao-e-ameaca\/#primaryimage\"},\"thumbnailUrl\":\"https:\/\/brasilnoticias.org\/site\/wp-content\/uploads\/2023\/09\/141362agente-da-transalvador-acusa-pm-por-agressao-e-ameaca-3.jpg\",\"datePublished\":\"2023-09-27T11:05:04+00:00\",\"breadcrumb\":{\"@id\":\"https:\/\/brasilnoticias.org\/site\/agente-da-transalvador-acusa-pm-por-agressao-e-ameaca\/#breadcrumb\"},\"inLanguage\":\"pt-PT\",\"potentialAction\":[{\"@type\":\"ReadAction\",\"target\":[\"https:\/\/brasilnoticias.org\/site\/agente-da-transalvador-acusa-pm-por-agressao-e-ameaca\/\"]}]},{\"@type\":\"ImageObject\",\"inLanguage\":\"pt-PT\",\"@id\":\"https:\/\/brasilnoticias.org\/site\/agente-da-transalvador-acusa-pm-por-agressao-e-ameaca\/#primaryimage\",\"url\":\"https:\/\/brasilnoticias.org\/site\/wp-content\/uploads\/2023\/09\/141362agente-da-transalvador-acusa-pm-por-agressao-e-ameaca-3.jpg\",\"contentUrl\":\"https:\/\/brasilnoticias.org\/site\/wp-content\/uploads\/2023\/09\/141362agente-da-transalvador-acusa-pm-por-agressao-e-ameaca-3.jpg\",\"width\":1600,\"height\":752},{\"@type\":\"BreadcrumbList\",\"@id\":\"https:\/\/brasilnoticias.org\/site\/agente-da-transalvador-acusa-pm-por-agressao-e-ameaca\/#breadcrumb\",\"itemListElement\":[{\"@type\":\"ListItem\",\"position\":1,\"name\":\"In\u00edcio\",\"item\":\"https:\/\/brasilnoticias.org\/site\/\"},{\"@type\":\"ListItem\",\"position\":2,\"name\":\"Agente da Transalvador acusa PM por agress\u00e3o e amea\u00e7a\"}]},{\"@type\":\"WebSite\",\"@id\":\"https:\/\/brasilnoticias.org\/site\/#website\",\"url\":\"https:\/\/brasilnoticias.org\/site\/\",\"name\":\"Brasil not\u00edcias\",\"description\":\"Brasil not\u00edcias\",\"publisher\":{\"@id\":\"https:\/\/brasilnoticias.org\/site\/#organization\"},\"potentialAction\":[{\"@type\":\"SearchAction\",\"target\":{\"@type\":\"EntryPoint\",\"urlTemplate\":\"https:\/\/brasilnoticias.org\/site\/?s={search_term_string}\"},\"query-input\":{\"@type\":\"PropertyValueSpecification\",\"valueRequired\":true,\"valueName\":\"search_term_string\"}}],\"inLanguage\":\"pt-PT\"},{\"@type\":\"Organization\",\"@id\":\"https:\/\/brasilnoticias.org\/site\/#organization\",\"name\":\"Brasil not\u00edcias\",\"url\":\"https:\/\/brasilnoticias.org\/site\/\",\"logo\":{\"@type\":\"ImageObject\",\"inLanguage\":\"pt-PT\",\"@id\":\"https:\/\/brasilnoticias.org\/site\/#\/schema\/logo\/image\/\",\"url\":\"https:\/\/brasilnoticias.org\/site\/wp-content\/uploads\/2022\/05\/cropped-brasilnoticias-mini.jpg\",\"contentUrl\":\"https:\/\/brasilnoticias.org\/site\/wp-content\/uploads\/2022\/05\/cropped-brasilnoticias-mini.jpg\",\"width\":314,\"height\":86,\"caption\":\"Brasil not\u00edcias\"},\"image\":{\"@id\":\"https:\/\/brasilnoticias.org\/site\/#\/schema\/logo\/image\/\"}},{\"@type\":\"Person\",\"@id\":\"https:\/\/brasilnoticias.org\/site\/#\/schema\/person\/03bbbfe6c7634ad18c26444ea39049fa\",\"name\":\"Reda\u00e7\u00e3o\",\"image\":{\"@type\":\"ImageObject\",\"inLanguage\":\"pt-PT\",\"@id\":\"https:\/\/brasilnoticias.org\/site\/#\/schema\/person\/image\/\",\"url\":\"https:\/\/secure.gravatar.com\/avatar\/9ecaf7327a696cb23ad926fedded5f1f04d7049de9e445375d55b48c001a6e42?s=96&d=mm&r=g\",\"contentUrl\":\"https:\/\/secure.gravatar.com\/avatar\/9ecaf7327a696cb23ad926fedded5f1f04d7049de9e445375d55b48c001a6e42?s=96&d=mm&r=g\",\"caption\":\"Reda\u00e7\u00e3o\"},\"url\":\"https:\/\/brasilnoticias.org\/site\/author\/henrique\/\"}]}<\/script>\n<!-- \/ Yoast SEO plugin. -->","yoast_head_json":{"title":"Agente da Transalvador acusa PM por agress\u00e3o e amea\u00e7a - Brasil not\u00edcias","robots":{"index":"index","follow":"follow","max-snippet":"max-snippet:-1","max-image-preview":"max-image-preview:large","max-video-preview":"max-video-preview:-1"},"canonical":"https:\/\/brasilnoticias.org\/site\/agente-da-transalvador-acusa-pm-por-agressao-e-ameaca\/","og_locale":"pt_PT","og_type":"article","og_title":"Agente da Transalvador acusa PM por agress\u00e3o e amea\u00e7a - Brasil not\u00edcias","og_description":"O policial militar \u00e9 acusado de ter dado tr\u00eas socos no rosto do servidor Um agente da Superintend\u00eancia de Tr\u00e2nsito","og_url":"https:\/\/brasilnoticias.org\/site\/agente-da-transalvador-acusa-pm-por-agressao-e-ameaca\/","og_site_name":"Brasil not\u00edcias","article_published_time":"2023-09-27T11:05:04+00:00","og_image":[{"width":1600,"height":752,"url":"https:\/\/brasilnoticias.org\/site\/wp-content\/uploads\/2023\/09\/141362agente-da-transalvador-acusa-pm-por-agressao-e-ameaca-3.jpg","type":"image\/jpeg"}],"author":"Reda\u00e7\u00e3o","twitter_card":"summary_large_image","twitter_misc":{"Escrito por":"Reda\u00e7\u00e3o"},"schema":{"@context":"https:\/\/schema.org","@graph":[{"@type":"Article","@id":"https:\/\/brasilnoticias.org\/site\/agente-da-transalvador-acusa-pm-por-agressao-e-ameaca\/#article","isPartOf":{"@id":"https:\/\/brasilnoticias.org\/site\/agente-da-transalvador-acusa-pm-por-agressao-e-ameaca\/"},"author":{"name":"Reda\u00e7\u00e3o","@id":"https:\/\/brasilnoticias.org\/site\/#\/schema\/person\/03bbbfe6c7634ad18c26444ea39049fa"},"headline":"Agente da Transalvador acusa PM por agress\u00e3o e amea\u00e7a","datePublished":"2023-09-27T11:05:04+00:00","mainEntityOfPage":{"@id":"https:\/\/brasilnoticias.org\/site\/agente-da-transalvador-acusa-pm-por-agressao-e-ameaca\/"},"wordCount":257,"commentCount":0,"publisher":{"@id":"https:\/\/brasilnoticias.org\/site\/#organization"},"image":{"@id":"https:\/\/brasilnoticias.org\/site\/agente-da-transalvador-acusa-pm-por-agressao-e-ameaca\/#primaryimage"},"thumbnailUrl":"https:\/\/brasilnoticias.org\/site\/wp-content\/uploads\/2023\/09\/141362agente-da-transalvador-acusa-pm-por-agressao-e-ameaca-3.jpg","articleSection":["Not\u00edcias","\u00daltimas"],"inLanguage":"pt-PT","potentialAction":[{"@type":"CommentAction","name":"Comment","target":["https:\/\/brasilnoticias.org\/site\/agente-da-transalvador-acusa-pm-por-agressao-e-ameaca\/#respond"]}]},{"@type":"WebPage","@id":"https:\/\/brasilnoticias.org\/site\/agente-da-transalvador-acusa-pm-por-agressao-e-ameaca\/","url":"https:\/\/brasilnoticias.org\/site\/agente-da-transalvador-acusa-pm-por-agressao-e-ameaca\/","name":"Agente da Transalvador acusa PM por agress\u00e3o e amea\u00e7a - Brasil not\u00edcias","isPartOf":{"@id":"https:\/\/brasilnoticias.org\/site\/#website"},"primaryImageOfPage":{"@id":"https:\/\/brasilnoticias.org\/site\/agente-da-transalvador-acusa-pm-por-agressao-e-ameaca\/#primaryimage"},"image":{"@id":"https:\/\/brasilnoticias.org\/site\/agente-da-transalvador-acusa-pm-por-agressao-e-ameaca\/#primaryimage"},"thumbnailUrl":"https:\/\/brasilnoticias.org\/site\/wp-content\/uploads\/2023\/09\/141362agente-da-transalvador-acusa-pm-por-agressao-e-ameaca-3.jpg","datePublished":"2023-09-27T11:05:04+00:00","breadcrumb":{"@id":"https:\/\/brasilnoticias.org\/site\/agente-da-transalvador-acusa-pm-por-agressao-e-ameaca\/#breadcrumb"},"inLanguage":"pt-PT","potentialAction":[{"@type":"ReadAction","target":["https:\/\/brasilnoticias.org\/site\/agente-da-transalvador-acusa-pm-por-agressao-e-ameaca\/"]}]},{"@type":"ImageObject","inLanguage":"pt-PT","@id":"https:\/\/brasilnoticias.org\/site\/agente-da-transalvador-acusa-pm-por-agressao-e-ameaca\/#primaryimage","url":"https:\/\/brasilnoticias.org\/site\/wp-content\/uploads\/2023\/09\/141362agente-da-transalvador-acusa-pm-por-agressao-e-ameaca-3.jpg","contentUrl":"https:\/\/brasilnoticias.org\/site\/wp-content\/uploads\/2023\/09\/141362agente-da-transalvador-acusa-pm-por-agressao-e-ameaca-3.jpg","width":1600,"height":752},{"@type":"BreadcrumbList","@id":"https:\/\/brasilnoticias.org\/site\/agente-da-transalvador-acusa-pm-por-agressao-e-ameaca\/#breadcrumb","itemListElement":[{"@type":"ListItem","position":1,"name":"In\u00edcio","item":"https:\/\/brasilnoticias.org\/site\/"},{"@type":"ListItem","position":2,"name":"Agente da Transalvador acusa PM por agress\u00e3o e amea\u00e7a"}]},{"@type":"WebSite","@id":"https:\/\/brasilnoticias.org\/site\/#website","url":"https:\/\/brasilnoticias.org\/site\/","name":"Brasil not\u00edcias","description":"Brasil not\u00edcias","publisher":{"@id":"https:\/\/brasilnoticias.org\/site\/#organization"},"potentialAction":[{"@type":"SearchAction","target":{"@type":"EntryPoint","urlTemplate":"https:\/\/brasilnoticias.org\/site\/?s={search_term_string}"},"query-input":{"@type":"PropertyValueSpecification","valueRequired":true,"valueName":"search_term_string"}}],"inLanguage":"pt-PT"},{"@type":"Organization","@id":"https:\/\/brasilnoticias.org\/site\/#organization","name":"Brasil not\u00edcias","url":"https:\/\/brasilnoticias.org\/site\/","logo":{"@type":"ImageObject","inLanguage":"pt-PT","@id":"https:\/\/brasilnoticias.org\/site\/#\/schema\/logo\/image\/","url":"https:\/\/brasilnoticias.org\/site\/wp-content\/uploads\/2022\/05\/cropped-brasilnoticias-mini.jpg","contentUrl":"https:\/\/brasilnoticias.org\/site\/wp-content\/uploads\/2022\/05\/cropped-brasilnoticias-mini.jpg","width":314,"height":86,"caption":"Brasil not\u00edcias"},"image":{"@id":"https:\/\/brasilnoticias.org\/site\/#\/schema\/logo\/image\/"}},{"@type":"Person","@id":"https:\/\/brasilnoticias.org\/site\/#\/schema\/person\/03bbbfe6c7634ad18c26444ea39049fa","name":"Reda\u00e7\u00e3o","image":{"@type":"ImageObject","inLanguage":"pt-PT","@id":"https:\/\/brasilnoticias.org\/site\/#\/schema\/person\/image\/","url":"https:\/\/secure.gravatar.com\/avatar\/9ecaf7327a696cb23ad926fedded5f1f04d7049de9e445375d55b48c001a6e42?s=96&d=mm&r=g","contentUrl":"https:\/\/secure.gravatar.com\/avatar\/9ecaf7327a696cb23ad926fedded5f1f04d7049de9e445375d55b48c001a6e42?s=96&d=mm&r=g","caption":"Reda\u00e7\u00e3o"},"url":"https:\/\/brasilnoticias.org\/site\/author\/henrique\/"}]}},"_links":{"self":[{"href":"https:\/\/brasilnoticias.org\/site\/wp-json\/wp\/v2\/posts\/9617","targetHints":{"allow":["GET"]}}],"collection":[{"href":"https:\/\/brasilnoticias.org\/site\/wp-json\/wp\/v2\/posts"}],"about":[{"href":"https:\/\/brasilnoticias.org\/site\/wp-json\/wp\/v2\/types\/post"}],"author":[{"embeddable":true,"href":"https:\/\/brasilnoticias.org\/site\/wp-json\/wp\/v2\/users\/4"}],"replies":[{"embeddable":true,"href":"https:\/\/brasilnoticias.org\/site\/wp-json\/wp\/v2\/comments?post=9617"}],"version-history":[{"count":1,"href":"https:\/\/brasilnoticias.org\/site\/wp-json\/wp\/v2\/posts\/9617\/revisions"}],"predecessor-version":[{"id":9619,"href":"https:\/\/brasilnoticias.org\/site\/wp-json\/wp\/v2\/posts\/9617\/revisions\/9619"}],"wp:featuredmedia":[{"embeddable":true,"href":"https:\/\/brasilnoticias.org\/site\/wp-json\/wp\/v2\/media\/9618"}],"wp:attachment":[{"href":"https:\/\/brasilnoticias.org\/site\/wp-json\/wp\/v2\/media?parent=9617"}],"wp:term":[{"taxonomy":"category","embeddable":true,"href":"https:\/\/brasilnoticias.org\/site\/wp-json\/wp\/v2\/categories?post=9617"},{"taxonomy":"post_tag","embeddable":true,"href":"https:\/\/brasilnoticias.org\/site\/wp-json\/wp\/v2\/tags?post=9617"}],"curies":[{"name":"wp","href":"https:\/\/api.w.org\/{rel}","templated":true}]}}