{"id":9621,"date":"2023-09-27T09:00:53","date_gmt":"2023-09-27T12:00:53","guid":{"rendered":"https:\/\/brasilnoticias.org\/site\/?p=9621"},"modified":"2023-09-26T19:08:29","modified_gmt":"2023-09-26T22:08:29","slug":"brt-inicia-operacao-de-nova-linha-neste-sabado","status":"publish","type":"post","link":"https:\/\/brasilnoticias.org\/site\/brt-inicia-operacao-de-nova-linha-neste-sabado\/","title":{"rendered":"BRT inicia opera\u00e7\u00e3o de nova linha neste s\u00e1bado"},"content":{"rendered":"<p>A B3 far\u00e1 o transporte de passageiros entre a Rodovi\u00e1ria e a orla da Pituba, atrav\u00e9s do Caminho das \u00c1rvores e a Av. Paulo VI<\/p>\n<p>O BRT Salvador vai iniciar, neste s\u00e1bado (30), o funcionamento da linha B3, que far\u00e1 o trajeto entre a regi\u00e3o da Rodovi\u00e1ria e a orla no bairro da Pituba, transitando tamb\u00e9m pelo Caminho das \u00c1rvores e pela Av. Paulo VI.<\/p>\n<p>Mesmo com a expans\u00e3o no atendimento, a popula\u00e7\u00e3o j\u00e1 pode chegar at\u00e9 a Pituba atrav\u00e9s da linha B2, que realiza o trajeto no sentido da Av. ACM. <\/p>\n<p>O caminho da B3 ser\u00e1 iniciado na Esta\u00e7\u00e3o Rodovi\u00e1ria do BRT, pr\u00f3ximo ao Shopping da Bahia. Na sequ\u00eancia, seguir\u00e1 pelo in\u00edcio da Av. Tancredo Neves e entrar\u00e1 no Caminho das \u00c1rvores atrav\u00e9s da Alameda das Espat\u00f3deas, para depois passar na Rua do Jaracati\u00e1.<\/p>\n<p>J\u00e1 na Pituba, os \u00f4nibus tamb\u00e9m percorrer\u00e3o a Av. Paulo VI, assim como a Rua Bahia, sentido Av. Manoel Dias da Silva. Depois disso seguir\u00e3o pelo caminho j\u00e1 disponibilizado pelo BRT: Rua Pernambuco, rumo \u00e0 Av. ACM, para retornar at\u00e9 a Rodovi\u00e1ria.<\/p>\n<p>Foto: Jefferson Peixoto\/Secom<br \/>\nMetro1<\/p>\n","protected":false},"excerpt":{"rendered":"<p>A B3 far\u00e1 o transporte de passageiros entre a Rodovi\u00e1ria e a orla da Pituba, atrav\u00e9s do Caminho das \u00c1rvores<\/p>\n","protected":false},"author":4,"featured_media":9622,"comment_status":"open","ping_status":"open","sticky":false,"template":"","format":"standard","meta":{"colormag_page_container_layout":"default_layout","colormag_page_sidebar_layout":"default_layout","_FSMCFIC_featured_image_caption":"","_FSMCFIC_featured_image_nocaption":"","_FSMCFIC_featured_image_hide":"","footnotes":""},"categories":[2,1],"tags":[],"class_list":["post-9621","post","type-post","status-publish","format-standard","has-post-thumbnail","hentry","category-noticias","category-ultimas"],"yoast_head":"<!-- This site is optimized with the Yoast SEO plugin v27.1.1 - https:\/\/yoast.com\/product\/yoast-seo-wordpress\/ -->\n<title>BRT inicia opera\u00e7\u00e3o de nova linha neste s\u00e1bado - Brasil not\u00edcias<\/title>\n<meta name=\"robots\" content=\"index, follow, max-snippet:-1, max-image-preview:large, max-video-preview:-1\" \/>\n<link rel=\"canonical\" href=\"https:\/\/brasilnoticias.org\/site\/brt-inicia-operacao-de-nova-linha-neste-sabado\/\" \/>\n<meta property=\"og:locale\" content=\"pt_PT\" \/>\n<meta property=\"og:type\" content=\"article\" \/>\n<meta property=\"og:title\" content=\"BRT inicia opera\u00e7\u00e3o de nova linha neste s\u00e1bado - Brasil not\u00edcias\" \/>\n<meta property=\"og:description\" content=\"A B3 far\u00e1 o transporte de passageiros entre a Rodovi\u00e1ria e a orla da Pituba, atrav\u00e9s do Caminho das \u00c1rvores\" \/>\n<meta property=\"og:url\" content=\"https:\/\/brasilnoticias.org\/site\/brt-inicia-operacao-de-nova-linha-neste-sabado\/\" \/>\n<meta property=\"og:site_name\" content=\"Brasil not\u00edcias\" \/>\n<meta property=\"article:published_time\" content=\"2023-09-27T12:00:53+00:00\" \/>\n<meta property=\"og:image\" content=\"https:\/\/brasilnoticias.org\/site\/wp-content\/uploads\/2023\/09\/141359brt-inicia-operacao-de-nova-linha-neste-sabado-3.jpg\" \/>\n\t<meta property=\"og:image:width\" content=\"1600\" \/>\n\t<meta property=\"og:image:height\" content=\"752\" \/>\n\t<meta property=\"og:image:type\" content=\"image\/jpeg\" \/>\n<meta name=\"author\" content=\"Reda\u00e7\u00e3o\" \/>\n<meta name=\"twitter:card\" content=\"summary_large_image\" \/>\n<meta name=\"twitter:label1\" content=\"Escrito por\" \/>\n\t<meta name=\"twitter:data1\" content=\"Reda\u00e7\u00e3o\" \/>\n<script type=\"application\/ld+json\" class=\"yoast-schema-graph\">{\"@context\":\"https:\/\/schema.org\",\"@graph\":[{\"@type\":\"Article\",\"@id\":\"https:\/\/brasilnoticias.org\/site\/brt-inicia-operacao-de-nova-linha-neste-sabado\/#article\",\"isPartOf\":{\"@id\":\"https:\/\/brasilnoticias.org\/site\/brt-inicia-operacao-de-nova-linha-neste-sabado\/\"},\"author\":{\"name\":\"Reda\u00e7\u00e3o\",\"@id\":\"https:\/\/brasilnoticias.org\/site\/#\/schema\/person\/03bbbfe6c7634ad18c26444ea39049fa\"},\"headline\":\"BRT inicia opera\u00e7\u00e3o de nova linha neste s\u00e1bado\",\"datePublished\":\"2023-09-27T12:00:53+00:00\",\"mainEntityOfPage\":{\"@id\":\"https:\/\/brasilnoticias.org\/site\/brt-inicia-operacao-de-nova-linha-neste-sabado\/\"},\"wordCount\":210,\"commentCount\":0,\"publisher\":{\"@id\":\"https:\/\/brasilnoticias.org\/site\/#organization\"},\"image\":{\"@id\":\"https:\/\/brasilnoticias.org\/site\/brt-inicia-operacao-de-nova-linha-neste-sabado\/#primaryimage\"},\"thumbnailUrl\":\"https:\/\/brasilnoticias.org\/site\/wp-content\/uploads\/2023\/09\/141359brt-inicia-operacao-de-nova-linha-neste-sabado-3.jpg\",\"articleSection\":[\"Not\u00edcias\",\"\u00daltimas\"],\"inLanguage\":\"pt-PT\",\"potentialAction\":[{\"@type\":\"CommentAction\",\"name\":\"Comment\",\"target\":[\"https:\/\/brasilnoticias.org\/site\/brt-inicia-operacao-de-nova-linha-neste-sabado\/#respond\"]}]},{\"@type\":\"WebPage\",\"@id\":\"https:\/\/brasilnoticias.org\/site\/brt-inicia-operacao-de-nova-linha-neste-sabado\/\",\"url\":\"https:\/\/brasilnoticias.org\/site\/brt-inicia-operacao-de-nova-linha-neste-sabado\/\",\"name\":\"BRT inicia opera\u00e7\u00e3o de nova linha neste s\u00e1bado - Brasil not\u00edcias\",\"isPartOf\":{\"@id\":\"https:\/\/brasilnoticias.org\/site\/#website\"},\"primaryImageOfPage\":{\"@id\":\"https:\/\/brasilnoticias.org\/site\/brt-inicia-operacao-de-nova-linha-neste-sabado\/#primaryimage\"},\"image\":{\"@id\":\"https:\/\/brasilnoticias.org\/site\/brt-inicia-operacao-de-nova-linha-neste-sabado\/#primaryimage\"},\"thumbnailUrl\":\"https:\/\/brasilnoticias.org\/site\/wp-content\/uploads\/2023\/09\/141359brt-inicia-operacao-de-nova-linha-neste-sabado-3.jpg\",\"datePublished\":\"2023-09-27T12:00:53+00:00\",\"breadcrumb\":{\"@id\":\"https:\/\/brasilnoticias.org\/site\/brt-inicia-operacao-de-nova-linha-neste-sabado\/#breadcrumb\"},\"inLanguage\":\"pt-PT\",\"potentialAction\":[{\"@type\":\"ReadAction\",\"target\":[\"https:\/\/brasilnoticias.org\/site\/brt-inicia-operacao-de-nova-linha-neste-sabado\/\"]}]},{\"@type\":\"ImageObject\",\"inLanguage\":\"pt-PT\",\"@id\":\"https:\/\/brasilnoticias.org\/site\/brt-inicia-operacao-de-nova-linha-neste-sabado\/#primaryimage\",\"url\":\"https:\/\/brasilnoticias.org\/site\/wp-content\/uploads\/2023\/09\/141359brt-inicia-operacao-de-nova-linha-neste-sabado-3.jpg\",\"contentUrl\":\"https:\/\/brasilnoticias.org\/site\/wp-content\/uploads\/2023\/09\/141359brt-inicia-operacao-de-nova-linha-neste-sabado-3.jpg\",\"width\":1600,\"height\":752},{\"@type\":\"BreadcrumbList\",\"@id\":\"https:\/\/brasilnoticias.org\/site\/brt-inicia-operacao-de-nova-linha-neste-sabado\/#breadcrumb\",\"itemListElement\":[{\"@type\":\"ListItem\",\"position\":1,\"name\":\"In\u00edcio\",\"item\":\"https:\/\/brasilnoticias.org\/site\/\"},{\"@type\":\"ListItem\",\"position\":2,\"name\":\"BRT inicia opera\u00e7\u00e3o de nova linha neste s\u00e1bado\"}]},{\"@type\":\"WebSite\",\"@id\":\"https:\/\/brasilnoticias.org\/site\/#website\",\"url\":\"https:\/\/brasilnoticias.org\/site\/\",\"name\":\"Brasil not\u00edcias\",\"description\":\"Brasil not\u00edcias\",\"publisher\":{\"@id\":\"https:\/\/brasilnoticias.org\/site\/#organization\"},\"potentialAction\":[{\"@type\":\"SearchAction\",\"target\":{\"@type\":\"EntryPoint\",\"urlTemplate\":\"https:\/\/brasilnoticias.org\/site\/?s={search_term_string}\"},\"query-input\":{\"@type\":\"PropertyValueSpecification\",\"valueRequired\":true,\"valueName\":\"search_term_string\"}}],\"inLanguage\":\"pt-PT\"},{\"@type\":\"Organization\",\"@id\":\"https:\/\/brasilnoticias.org\/site\/#organization\",\"name\":\"Brasil not\u00edcias\",\"url\":\"https:\/\/brasilnoticias.org\/site\/\",\"logo\":{\"@type\":\"ImageObject\",\"inLanguage\":\"pt-PT\",\"@id\":\"https:\/\/brasilnoticias.org\/site\/#\/schema\/logo\/image\/\",\"url\":\"https:\/\/brasilnoticias.org\/site\/wp-content\/uploads\/2022\/05\/cropped-brasilnoticias-mini.jpg\",\"contentUrl\":\"https:\/\/brasilnoticias.org\/site\/wp-content\/uploads\/2022\/05\/cropped-brasilnoticias-mini.jpg\",\"width\":314,\"height\":86,\"caption\":\"Brasil not\u00edcias\"},\"image\":{\"@id\":\"https:\/\/brasilnoticias.org\/site\/#\/schema\/logo\/image\/\"}},{\"@type\":\"Person\",\"@id\":\"https:\/\/brasilnoticias.org\/site\/#\/schema\/person\/03bbbfe6c7634ad18c26444ea39049fa\",\"name\":\"Reda\u00e7\u00e3o\",\"image\":{\"@type\":\"ImageObject\",\"inLanguage\":\"pt-PT\",\"@id\":\"https:\/\/brasilnoticias.org\/site\/#\/schema\/person\/image\/\",\"url\":\"https:\/\/secure.gravatar.com\/avatar\/9ecaf7327a696cb23ad926fedded5f1f04d7049de9e445375d55b48c001a6e42?s=96&d=mm&r=g\",\"contentUrl\":\"https:\/\/secure.gravatar.com\/avatar\/9ecaf7327a696cb23ad926fedded5f1f04d7049de9e445375d55b48c001a6e42?s=96&d=mm&r=g\",\"caption\":\"Reda\u00e7\u00e3o\"},\"url\":\"https:\/\/brasilnoticias.org\/site\/author\/henrique\/\"}]}<\/script>\n<!-- \/ Yoast SEO plugin. -->","yoast_head_json":{"title":"BRT inicia opera\u00e7\u00e3o de nova linha neste s\u00e1bado - Brasil not\u00edcias","robots":{"index":"index","follow":"follow","max-snippet":"max-snippet:-1","max-image-preview":"max-image-preview:large","max-video-preview":"max-video-preview:-1"},"canonical":"https:\/\/brasilnoticias.org\/site\/brt-inicia-operacao-de-nova-linha-neste-sabado\/","og_locale":"pt_PT","og_type":"article","og_title":"BRT inicia opera\u00e7\u00e3o de nova linha neste s\u00e1bado - Brasil not\u00edcias","og_description":"A B3 far\u00e1 o transporte de passageiros entre a Rodovi\u00e1ria e a orla da Pituba, atrav\u00e9s do Caminho das \u00c1rvores","og_url":"https:\/\/brasilnoticias.org\/site\/brt-inicia-operacao-de-nova-linha-neste-sabado\/","og_site_name":"Brasil not\u00edcias","article_published_time":"2023-09-27T12:00:53+00:00","og_image":[{"width":1600,"height":752,"url":"https:\/\/brasilnoticias.org\/site\/wp-content\/uploads\/2023\/09\/141359brt-inicia-operacao-de-nova-linha-neste-sabado-3.jpg","type":"image\/jpeg"}],"author":"Reda\u00e7\u00e3o","twitter_card":"summary_large_image","twitter_misc":{"Escrito por":"Reda\u00e7\u00e3o"},"schema":{"@context":"https:\/\/schema.org","@graph":[{"@type":"Article","@id":"https:\/\/brasilnoticias.org\/site\/brt-inicia-operacao-de-nova-linha-neste-sabado\/#article","isPartOf":{"@id":"https:\/\/brasilnoticias.org\/site\/brt-inicia-operacao-de-nova-linha-neste-sabado\/"},"author":{"name":"Reda\u00e7\u00e3o","@id":"https:\/\/brasilnoticias.org\/site\/#\/schema\/person\/03bbbfe6c7634ad18c26444ea39049fa"},"headline":"BRT inicia opera\u00e7\u00e3o de nova linha neste s\u00e1bado","datePublished":"2023-09-27T12:00:53+00:00","mainEntityOfPage":{"@id":"https:\/\/brasilnoticias.org\/site\/brt-inicia-operacao-de-nova-linha-neste-sabado\/"},"wordCount":210,"commentCount":0,"publisher":{"@id":"https:\/\/brasilnoticias.org\/site\/#organization"},"image":{"@id":"https:\/\/brasilnoticias.org\/site\/brt-inicia-operacao-de-nova-linha-neste-sabado\/#primaryimage"},"thumbnailUrl":"https:\/\/brasilnoticias.org\/site\/wp-content\/uploads\/2023\/09\/141359brt-inicia-operacao-de-nova-linha-neste-sabado-3.jpg","articleSection":["Not\u00edcias","\u00daltimas"],"inLanguage":"pt-PT","potentialAction":[{"@type":"CommentAction","name":"Comment","target":["https:\/\/brasilnoticias.org\/site\/brt-inicia-operacao-de-nova-linha-neste-sabado\/#respond"]}]},{"@type":"WebPage","@id":"https:\/\/brasilnoticias.org\/site\/brt-inicia-operacao-de-nova-linha-neste-sabado\/","url":"https:\/\/brasilnoticias.org\/site\/brt-inicia-operacao-de-nova-linha-neste-sabado\/","name":"BRT inicia opera\u00e7\u00e3o de nova linha neste s\u00e1bado - Brasil not\u00edcias","isPartOf":{"@id":"https:\/\/brasilnoticias.org\/site\/#website"},"primaryImageOfPage":{"@id":"https:\/\/brasilnoticias.org\/site\/brt-inicia-operacao-de-nova-linha-neste-sabado\/#primaryimage"},"image":{"@id":"https:\/\/brasilnoticias.org\/site\/brt-inicia-operacao-de-nova-linha-neste-sabado\/#primaryimage"},"thumbnailUrl":"https:\/\/brasilnoticias.org\/site\/wp-content\/uploads\/2023\/09\/141359brt-inicia-operacao-de-nova-linha-neste-sabado-3.jpg","datePublished":"2023-09-27T12:00:53+00:00","breadcrumb":{"@id":"https:\/\/brasilnoticias.org\/site\/brt-inicia-operacao-de-nova-linha-neste-sabado\/#breadcrumb"},"inLanguage":"pt-PT","potentialAction":[{"@type":"ReadAction","target":["https:\/\/brasilnoticias.org\/site\/brt-inicia-operacao-de-nova-linha-neste-sabado\/"]}]},{"@type":"ImageObject","inLanguage":"pt-PT","@id":"https:\/\/brasilnoticias.org\/site\/brt-inicia-operacao-de-nova-linha-neste-sabado\/#primaryimage","url":"https:\/\/brasilnoticias.org\/site\/wp-content\/uploads\/2023\/09\/141359brt-inicia-operacao-de-nova-linha-neste-sabado-3.jpg","contentUrl":"https:\/\/brasilnoticias.org\/site\/wp-content\/uploads\/2023\/09\/141359brt-inicia-operacao-de-nova-linha-neste-sabado-3.jpg","width":1600,"height":752},{"@type":"BreadcrumbList","@id":"https:\/\/brasilnoticias.org\/site\/brt-inicia-operacao-de-nova-linha-neste-sabado\/#breadcrumb","itemListElement":[{"@type":"ListItem","position":1,"name":"In\u00edcio","item":"https:\/\/brasilnoticias.org\/site\/"},{"@type":"ListItem","position":2,"name":"BRT inicia opera\u00e7\u00e3o de nova linha neste s\u00e1bado"}]},{"@type":"WebSite","@id":"https:\/\/brasilnoticias.org\/site\/#website","url":"https:\/\/brasilnoticias.org\/site\/","name":"Brasil not\u00edcias","description":"Brasil not\u00edcias","publisher":{"@id":"https:\/\/brasilnoticias.org\/site\/#organization"},"potentialAction":[{"@type":"SearchAction","target":{"@type":"EntryPoint","urlTemplate":"https:\/\/brasilnoticias.org\/site\/?s={search_term_string}"},"query-input":{"@type":"PropertyValueSpecification","valueRequired":true,"valueName":"search_term_string"}}],"inLanguage":"pt-PT"},{"@type":"Organization","@id":"https:\/\/brasilnoticias.org\/site\/#organization","name":"Brasil not\u00edcias","url":"https:\/\/brasilnoticias.org\/site\/","logo":{"@type":"ImageObject","inLanguage":"pt-PT","@id":"https:\/\/brasilnoticias.org\/site\/#\/schema\/logo\/image\/","url":"https:\/\/brasilnoticias.org\/site\/wp-content\/uploads\/2022\/05\/cropped-brasilnoticias-mini.jpg","contentUrl":"https:\/\/brasilnoticias.org\/site\/wp-content\/uploads\/2022\/05\/cropped-brasilnoticias-mini.jpg","width":314,"height":86,"caption":"Brasil not\u00edcias"},"image":{"@id":"https:\/\/brasilnoticias.org\/site\/#\/schema\/logo\/image\/"}},{"@type":"Person","@id":"https:\/\/brasilnoticias.org\/site\/#\/schema\/person\/03bbbfe6c7634ad18c26444ea39049fa","name":"Reda\u00e7\u00e3o","image":{"@type":"ImageObject","inLanguage":"pt-PT","@id":"https:\/\/brasilnoticias.org\/site\/#\/schema\/person\/image\/","url":"https:\/\/secure.gravatar.com\/avatar\/9ecaf7327a696cb23ad926fedded5f1f04d7049de9e445375d55b48c001a6e42?s=96&d=mm&r=g","contentUrl":"https:\/\/secure.gravatar.com\/avatar\/9ecaf7327a696cb23ad926fedded5f1f04d7049de9e445375d55b48c001a6e42?s=96&d=mm&r=g","caption":"Reda\u00e7\u00e3o"},"url":"https:\/\/brasilnoticias.org\/site\/author\/henrique\/"}]}},"_links":{"self":[{"href":"https:\/\/brasilnoticias.org\/site\/wp-json\/wp\/v2\/posts\/9621","targetHints":{"allow":["GET"]}}],"collection":[{"href":"https:\/\/brasilnoticias.org\/site\/wp-json\/wp\/v2\/posts"}],"about":[{"href":"https:\/\/brasilnoticias.org\/site\/wp-json\/wp\/v2\/types\/post"}],"author":[{"embeddable":true,"href":"https:\/\/brasilnoticias.org\/site\/wp-json\/wp\/v2\/users\/4"}],"replies":[{"embeddable":true,"href":"https:\/\/brasilnoticias.org\/site\/wp-json\/wp\/v2\/comments?post=9621"}],"version-history":[{"count":1,"href":"https:\/\/brasilnoticias.org\/site\/wp-json\/wp\/v2\/posts\/9621\/revisions"}],"predecessor-version":[{"id":9623,"href":"https:\/\/brasilnoticias.org\/site\/wp-json\/wp\/v2\/posts\/9621\/revisions\/9623"}],"wp:featuredmedia":[{"embeddable":true,"href":"https:\/\/brasilnoticias.org\/site\/wp-json\/wp\/v2\/media\/9622"}],"wp:attachment":[{"href":"https:\/\/brasilnoticias.org\/site\/wp-json\/wp\/v2\/media?parent=9621"}],"wp:term":[{"taxonomy":"category","embeddable":true,"href":"https:\/\/brasilnoticias.org\/site\/wp-json\/wp\/v2\/categories?post=9621"},{"taxonomy":"post_tag","embeddable":true,"href":"https:\/\/brasilnoticias.org\/site\/wp-json\/wp\/v2\/tags?post=9621"}],"curies":[{"name":"wp","href":"https:\/\/api.w.org\/{rel}","templated":true}]}}