{"id":9624,"date":"2023-09-27T10:08:57","date_gmt":"2023-09-27T13:08:57","guid":{"rendered":"https:\/\/brasilnoticias.org\/site\/?p=9624"},"modified":"2023-09-26T19:10:17","modified_gmt":"2023-09-26T22:10:17","slug":"ao-lado-de-lula-em-brasilia-jeronimo-participa-do-lancamento-de-estrategia-para-expandir-producao-de-insumos-para-o-sus","status":"publish","type":"post","link":"https:\/\/brasilnoticias.org\/site\/ao-lado-de-lula-em-brasilia-jeronimo-participa-do-lancamento-de-estrategia-para-expandir-producao-de-insumos-para-o-sus\/","title":{"rendered":"Ao lado de Lula, em Bras\u00edlia, Jer\u00f4nimo participa do lan\u00e7amento de estrat\u00e9gia para expandir produ\u00e7\u00e3o de insumos para o SUS"},"content":{"rendered":"<p>O governador Jer\u00f4nimo Rodrigues participou, nesta ter\u00e7a-feira (26), em Bras\u00edlia, do lan\u00e7amento da estrat\u00e9gia para a reindustrializa\u00e7\u00e3o nacional da sa\u00fade, com investimento de R$ 42 bilh\u00f5es. O decreto, assinado pelo presidente Luiz In\u00e1cio Lula da Silva, tem como objetivo expandir a produ\u00e7\u00e3o nacional de itens priorit\u00e1rios para o SUS e reduzir a depend\u00eancia do Brasil de insumos, medicamentos, vacinas e outros produtos de sa\u00fade estrangeiros. A estrat\u00e9gia \u00e9 resultado do trabalho do Grupo Executivo do Complexo Econ\u00f4mico-Industrial da Sa\u00fade (Geceis), recriado em abril de 2023.<\/p>\n<p>Jer\u00f4nimo Rodrigues parabenizou a iniciativa do presidente Lula e da ministra da Sa\u00fade, N\u00edsia Trindade. \u201c\u00c9 um claro sinal de boa gest\u00e3o, que fortalece a autonomia brasileira, o nosso SUS e ainda abre oportunidade de renda, fomentando a produ\u00e7\u00e3o cient\u00edfica na Bahia e em todo o territ\u00f3rio nacional. Isso \u00e9 cuidar de gente\u201d, declarou o gestor baiano, que cumpre uma s\u00e9rie de compromissos oficiais na capital federal, desde segunda (25).<\/p>\n<p>A autonomia \u00e9 fundamental para reduzir a vulnerabilidade do setor de sa\u00fade no pa\u00eds e, de acordo com Lula, o SUS \u00e9 a fonte de garantia da produ\u00e7\u00e3o no sistema de sa\u00fade. \u201cQuem tem mercado, n\u00e3o tem que ver problema, porque a gente vai consumir grande parte daquilo que a gente produz aqui mesmo, no Brasil. A gente vai construir uma alian\u00e7a forte na Am\u00e9rica do Sul, na Am\u00e9rica Latina, com o continente africano e a gente pode repartir, vender a pre\u00e7os acess\u00edveis para os pa\u00edses que ajudaram a gente a produzir. \u00c9 esse pa\u00eds que n\u00f3s queremos construir\u201d, destacou o presidente da Rep\u00fablica.<\/p>\n<p>Entre o investimento at\u00e9 2026, ser\u00e3o R$ 9 bilh\u00f5es previstos pelo Novo PAC. J\u00e1 o Banco Nacional de Desenvolvimento Econ\u00f4mico e Social (BNDES) deve participar com R$ 6 bilh\u00f5es e a Financiadora de Estudos e Projetos (Finep), com outros R$ 4 bilh\u00f5es. O Governo Federal prev\u00ea ainda aporte de cerca de R$ 23 bilh\u00f5es da iniciativa privada. Assim, o governo visa suprir o SUS com a produ\u00e7\u00e3o e tecnologia locais.<\/p>\n<p>Impacto na Bahia<\/p>\n<p>De acordo com a secret\u00e1ria estadual da Sa\u00fade, Roberta Santana, que tamb\u00e9m marcou presen\u00e7a no evento de lan\u00e7amento, a expectativa com a estrat\u00e9gia nacional \u00e9 de que a Bahia possa produzir medicamentos mais baratos e em maior quantidade para atender \u00e0s unidades p\u00fablicas e ao povo baiano. \u201cNo nosso estado, temos a Bahiafarma, um laborat\u00f3rio farmac\u00eautico p\u00fablico, com tecnologia, know-how e para o qual, recentemente, apresentamos uma pol\u00edtica de inova\u00e7\u00e3o j\u00e1 pensando nessa estrat\u00e9gia do Governo Federal, que se alinha com o nosso pensamento de uma ind\u00fastria que possa trazer sustentabilidade e maior efetividade ao SUS\u201d, afirmou a titular da Sesab.<\/p>\n<p>Foto: Ricardo Stuckert\/PR<br \/>\nGOVBA<\/p>\n","protected":false},"excerpt":{"rendered":"<p>O governador Jer\u00f4nimo Rodrigues participou, nesta ter\u00e7a-feira (26), em Bras\u00edlia, do lan\u00e7amento da estrat\u00e9gia para a reindustrializa\u00e7\u00e3o nacional da sa\u00fade,<\/p>\n","protected":false},"author":4,"featured_media":9625,"comment_status":"open","ping_status":"open","sticky":false,"template":"","format":"standard","meta":{"colormag_page_container_layout":"default_layout","colormag_page_sidebar_layout":"default_layout","_FSMCFIC_featured_image_caption":"","_FSMCFIC_featured_image_nocaption":"","_FSMCFIC_featured_image_hide":"","footnotes":""},"categories":[5,1],"tags":[],"class_list":["post-9624","post","type-post","status-publish","format-standard","has-post-thumbnail","hentry","category-politica","category-ultimas"],"yoast_head":"<!-- This site is optimized with the Yoast SEO plugin v27.1.1 - https:\/\/yoast.com\/product\/yoast-seo-wordpress\/ -->\n<title>Ao lado de Lula, em Bras\u00edlia, Jer\u00f4nimo participa do lan\u00e7amento de estrat\u00e9gia para expandir produ\u00e7\u00e3o de insumos para o SUS - Brasil not\u00edcias<\/title>\n<meta name=\"robots\" content=\"index, follow, max-snippet:-1, max-image-preview:large, max-video-preview:-1\" \/>\n<link rel=\"canonical\" href=\"https:\/\/brasilnoticias.org\/site\/ao-lado-de-lula-em-brasilia-jeronimo-participa-do-lancamento-de-estrategia-para-expandir-producao-de-insumos-para-o-sus\/\" \/>\n<meta property=\"og:locale\" content=\"pt_PT\" \/>\n<meta property=\"og:type\" content=\"article\" \/>\n<meta property=\"og:title\" content=\"Ao lado de Lula, em Bras\u00edlia, Jer\u00f4nimo participa do lan\u00e7amento de estrat\u00e9gia para expandir produ\u00e7\u00e3o de insumos para o SUS - Brasil not\u00edcias\" \/>\n<meta property=\"og:description\" content=\"O governador Jer\u00f4nimo Rodrigues participou, nesta ter\u00e7a-feira (26), em Bras\u00edlia, do lan\u00e7amento da estrat\u00e9gia para a reindustrializa\u00e7\u00e3o nacional da sa\u00fade,\" \/>\n<meta property=\"og:url\" content=\"https:\/\/brasilnoticias.org\/site\/ao-lado-de-lula-em-brasilia-jeronimo-participa-do-lancamento-de-estrategia-para-expandir-producao-de-insumos-para-o-sus\/\" \/>\n<meta property=\"og:site_name\" content=\"Brasil not\u00edcias\" \/>\n<meta property=\"article:published_time\" content=\"2023-09-27T13:08:57+00:00\" \/>\n<meta property=\"og:image\" content=\"https:\/\/brasilnoticias.org\/site\/wp-content\/uploads\/2023\/09\/GECEIS-Fotos-Ricardo-Stuckert-PR-2-1068x599-1.jpeg\" \/>\n\t<meta property=\"og:image:width\" content=\"1068\" \/>\n\t<meta property=\"og:image:height\" content=\"599\" \/>\n\t<meta property=\"og:image:type\" content=\"image\/jpeg\" \/>\n<meta name=\"author\" content=\"Reda\u00e7\u00e3o\" \/>\n<meta name=\"twitter:card\" content=\"summary_large_image\" \/>\n<meta name=\"twitter:label1\" content=\"Escrito por\" \/>\n\t<meta name=\"twitter:data1\" content=\"Reda\u00e7\u00e3o\" \/>\n<script type=\"application\/ld+json\" class=\"yoast-schema-graph\">{\"@context\":\"https:\/\/schema.org\",\"@graph\":[{\"@type\":\"Article\",\"@id\":\"https:\/\/brasilnoticias.org\/site\/ao-lado-de-lula-em-brasilia-jeronimo-participa-do-lancamento-de-estrategia-para-expandir-producao-de-insumos-para-o-sus\/#article\",\"isPartOf\":{\"@id\":\"https:\/\/brasilnoticias.org\/site\/ao-lado-de-lula-em-brasilia-jeronimo-participa-do-lancamento-de-estrategia-para-expandir-producao-de-insumos-para-o-sus\/\"},\"author\":{\"name\":\"Reda\u00e7\u00e3o\",\"@id\":\"https:\/\/brasilnoticias.org\/site\/#\/schema\/person\/03bbbfe6c7634ad18c26444ea39049fa\"},\"headline\":\"Ao lado de Lula, em Bras\u00edlia, Jer\u00f4nimo participa do lan\u00e7amento de estrat\u00e9gia para expandir produ\u00e7\u00e3o de insumos para o SUS\",\"datePublished\":\"2023-09-27T13:08:57+00:00\",\"mainEntityOfPage\":{\"@id\":\"https:\/\/brasilnoticias.org\/site\/ao-lado-de-lula-em-brasilia-jeronimo-participa-do-lancamento-de-estrategia-para-expandir-producao-de-insumos-para-o-sus\/\"},\"wordCount\":506,\"commentCount\":0,\"publisher\":{\"@id\":\"https:\/\/brasilnoticias.org\/site\/#organization\"},\"image\":{\"@id\":\"https:\/\/brasilnoticias.org\/site\/ao-lado-de-lula-em-brasilia-jeronimo-participa-do-lancamento-de-estrategia-para-expandir-producao-de-insumos-para-o-sus\/#primaryimage\"},\"thumbnailUrl\":\"https:\/\/brasilnoticias.org\/site\/wp-content\/uploads\/2023\/09\/GECEIS-Fotos-Ricardo-Stuckert-PR-2-1068x599-1.jpeg\",\"articleSection\":[\"Pol\u00edtica\",\"\u00daltimas\"],\"inLanguage\":\"pt-PT\",\"potentialAction\":[{\"@type\":\"CommentAction\",\"name\":\"Comment\",\"target\":[\"https:\/\/brasilnoticias.org\/site\/ao-lado-de-lula-em-brasilia-jeronimo-participa-do-lancamento-de-estrategia-para-expandir-producao-de-insumos-para-o-sus\/#respond\"]}]},{\"@type\":\"WebPage\",\"@id\":\"https:\/\/brasilnoticias.org\/site\/ao-lado-de-lula-em-brasilia-jeronimo-participa-do-lancamento-de-estrategia-para-expandir-producao-de-insumos-para-o-sus\/\",\"url\":\"https:\/\/brasilnoticias.org\/site\/ao-lado-de-lula-em-brasilia-jeronimo-participa-do-lancamento-de-estrategia-para-expandir-producao-de-insumos-para-o-sus\/\",\"name\":\"Ao lado de Lula, em Bras\u00edlia, Jer\u00f4nimo participa do lan\u00e7amento de estrat\u00e9gia para expandir produ\u00e7\u00e3o de insumos para o SUS - Brasil not\u00edcias\",\"isPartOf\":{\"@id\":\"https:\/\/brasilnoticias.org\/site\/#website\"},\"primaryImageOfPage\":{\"@id\":\"https:\/\/brasilnoticias.org\/site\/ao-lado-de-lula-em-brasilia-jeronimo-participa-do-lancamento-de-estrategia-para-expandir-producao-de-insumos-para-o-sus\/#primaryimage\"},\"image\":{\"@id\":\"https:\/\/brasilnoticias.org\/site\/ao-lado-de-lula-em-brasilia-jeronimo-participa-do-lancamento-de-estrategia-para-expandir-producao-de-insumos-para-o-sus\/#primaryimage\"},\"thumbnailUrl\":\"https:\/\/brasilnoticias.org\/site\/wp-content\/uploads\/2023\/09\/GECEIS-Fotos-Ricardo-Stuckert-PR-2-1068x599-1.jpeg\",\"datePublished\":\"2023-09-27T13:08:57+00:00\",\"breadcrumb\":{\"@id\":\"https:\/\/brasilnoticias.org\/site\/ao-lado-de-lula-em-brasilia-jeronimo-participa-do-lancamento-de-estrategia-para-expandir-producao-de-insumos-para-o-sus\/#breadcrumb\"},\"inLanguage\":\"pt-PT\",\"potentialAction\":[{\"@type\":\"ReadAction\",\"target\":[\"https:\/\/brasilnoticias.org\/site\/ao-lado-de-lula-em-brasilia-jeronimo-participa-do-lancamento-de-estrategia-para-expandir-producao-de-insumos-para-o-sus\/\"]}]},{\"@type\":\"ImageObject\",\"inLanguage\":\"pt-PT\",\"@id\":\"https:\/\/brasilnoticias.org\/site\/ao-lado-de-lula-em-brasilia-jeronimo-participa-do-lancamento-de-estrategia-para-expandir-producao-de-insumos-para-o-sus\/#primaryimage\",\"url\":\"https:\/\/brasilnoticias.org\/site\/wp-content\/uploads\/2023\/09\/GECEIS-Fotos-Ricardo-Stuckert-PR-2-1068x599-1.jpeg\",\"contentUrl\":\"https:\/\/brasilnoticias.org\/site\/wp-content\/uploads\/2023\/09\/GECEIS-Fotos-Ricardo-Stuckert-PR-2-1068x599-1.jpeg\",\"width\":1068,\"height\":599},{\"@type\":\"BreadcrumbList\",\"@id\":\"https:\/\/brasilnoticias.org\/site\/ao-lado-de-lula-em-brasilia-jeronimo-participa-do-lancamento-de-estrategia-para-expandir-producao-de-insumos-para-o-sus\/#breadcrumb\",\"itemListElement\":[{\"@type\":\"ListItem\",\"position\":1,\"name\":\"In\u00edcio\",\"item\":\"https:\/\/brasilnoticias.org\/site\/\"},{\"@type\":\"ListItem\",\"position\":2,\"name\":\"Ao lado de Lula, em Bras\u00edlia, Jer\u00f4nimo participa do lan\u00e7amento de estrat\u00e9gia para expandir produ\u00e7\u00e3o de insumos para o SUS\"}]},{\"@type\":\"WebSite\",\"@id\":\"https:\/\/brasilnoticias.org\/site\/#website\",\"url\":\"https:\/\/brasilnoticias.org\/site\/\",\"name\":\"Brasil not\u00edcias\",\"description\":\"Brasil not\u00edcias\",\"publisher\":{\"@id\":\"https:\/\/brasilnoticias.org\/site\/#organization\"},\"potentialAction\":[{\"@type\":\"SearchAction\",\"target\":{\"@type\":\"EntryPoint\",\"urlTemplate\":\"https:\/\/brasilnoticias.org\/site\/?s={search_term_string}\"},\"query-input\":{\"@type\":\"PropertyValueSpecification\",\"valueRequired\":true,\"valueName\":\"search_term_string\"}}],\"inLanguage\":\"pt-PT\"},{\"@type\":\"Organization\",\"@id\":\"https:\/\/brasilnoticias.org\/site\/#organization\",\"name\":\"Brasil not\u00edcias\",\"url\":\"https:\/\/brasilnoticias.org\/site\/\",\"logo\":{\"@type\":\"ImageObject\",\"inLanguage\":\"pt-PT\",\"@id\":\"https:\/\/brasilnoticias.org\/site\/#\/schema\/logo\/image\/\",\"url\":\"https:\/\/brasilnoticias.org\/site\/wp-content\/uploads\/2022\/05\/cropped-brasilnoticias-mini.jpg\",\"contentUrl\":\"https:\/\/brasilnoticias.org\/site\/wp-content\/uploads\/2022\/05\/cropped-brasilnoticias-mini.jpg\",\"width\":314,\"height\":86,\"caption\":\"Brasil not\u00edcias\"},\"image\":{\"@id\":\"https:\/\/brasilnoticias.org\/site\/#\/schema\/logo\/image\/\"}},{\"@type\":\"Person\",\"@id\":\"https:\/\/brasilnoticias.org\/site\/#\/schema\/person\/03bbbfe6c7634ad18c26444ea39049fa\",\"name\":\"Reda\u00e7\u00e3o\",\"image\":{\"@type\":\"ImageObject\",\"inLanguage\":\"pt-PT\",\"@id\":\"https:\/\/brasilnoticias.org\/site\/#\/schema\/person\/image\/\",\"url\":\"https:\/\/secure.gravatar.com\/avatar\/9ecaf7327a696cb23ad926fedded5f1f04d7049de9e445375d55b48c001a6e42?s=96&d=mm&r=g\",\"contentUrl\":\"https:\/\/secure.gravatar.com\/avatar\/9ecaf7327a696cb23ad926fedded5f1f04d7049de9e445375d55b48c001a6e42?s=96&d=mm&r=g\",\"caption\":\"Reda\u00e7\u00e3o\"},\"url\":\"https:\/\/brasilnoticias.org\/site\/author\/henrique\/\"}]}<\/script>\n<!-- \/ Yoast SEO plugin. -->","yoast_head_json":{"title":"Ao lado de Lula, em Bras\u00edlia, Jer\u00f4nimo participa do lan\u00e7amento de estrat\u00e9gia para expandir produ\u00e7\u00e3o de insumos para o SUS - Brasil not\u00edcias","robots":{"index":"index","follow":"follow","max-snippet":"max-snippet:-1","max-image-preview":"max-image-preview:large","max-video-preview":"max-video-preview:-1"},"canonical":"https:\/\/brasilnoticias.org\/site\/ao-lado-de-lula-em-brasilia-jeronimo-participa-do-lancamento-de-estrategia-para-expandir-producao-de-insumos-para-o-sus\/","og_locale":"pt_PT","og_type":"article","og_title":"Ao lado de Lula, em Bras\u00edlia, Jer\u00f4nimo participa do lan\u00e7amento de estrat\u00e9gia para expandir produ\u00e7\u00e3o de insumos para o SUS - Brasil not\u00edcias","og_description":"O governador Jer\u00f4nimo Rodrigues participou, nesta ter\u00e7a-feira (26), em Bras\u00edlia, do lan\u00e7amento da estrat\u00e9gia para a reindustrializa\u00e7\u00e3o nacional da sa\u00fade,","og_url":"https:\/\/brasilnoticias.org\/site\/ao-lado-de-lula-em-brasilia-jeronimo-participa-do-lancamento-de-estrategia-para-expandir-producao-de-insumos-para-o-sus\/","og_site_name":"Brasil not\u00edcias","article_published_time":"2023-09-27T13:08:57+00:00","og_image":[{"width":1068,"height":599,"url":"https:\/\/brasilnoticias.org\/site\/wp-content\/uploads\/2023\/09\/GECEIS-Fotos-Ricardo-Stuckert-PR-2-1068x599-1.jpeg","type":"image\/jpeg"}],"author":"Reda\u00e7\u00e3o","twitter_card":"summary_large_image","twitter_misc":{"Escrito por":"Reda\u00e7\u00e3o"},"schema":{"@context":"https:\/\/schema.org","@graph":[{"@type":"Article","@id":"https:\/\/brasilnoticias.org\/site\/ao-lado-de-lula-em-brasilia-jeronimo-participa-do-lancamento-de-estrategia-para-expandir-producao-de-insumos-para-o-sus\/#article","isPartOf":{"@id":"https:\/\/brasilnoticias.org\/site\/ao-lado-de-lula-em-brasilia-jeronimo-participa-do-lancamento-de-estrategia-para-expandir-producao-de-insumos-para-o-sus\/"},"author":{"name":"Reda\u00e7\u00e3o","@id":"https:\/\/brasilnoticias.org\/site\/#\/schema\/person\/03bbbfe6c7634ad18c26444ea39049fa"},"headline":"Ao lado de Lula, em Bras\u00edlia, Jer\u00f4nimo participa do lan\u00e7amento de estrat\u00e9gia para expandir produ\u00e7\u00e3o de insumos para o SUS","datePublished":"2023-09-27T13:08:57+00:00","mainEntityOfPage":{"@id":"https:\/\/brasilnoticias.org\/site\/ao-lado-de-lula-em-brasilia-jeronimo-participa-do-lancamento-de-estrategia-para-expandir-producao-de-insumos-para-o-sus\/"},"wordCount":506,"commentCount":0,"publisher":{"@id":"https:\/\/brasilnoticias.org\/site\/#organization"},"image":{"@id":"https:\/\/brasilnoticias.org\/site\/ao-lado-de-lula-em-brasilia-jeronimo-participa-do-lancamento-de-estrategia-para-expandir-producao-de-insumos-para-o-sus\/#primaryimage"},"thumbnailUrl":"https:\/\/brasilnoticias.org\/site\/wp-content\/uploads\/2023\/09\/GECEIS-Fotos-Ricardo-Stuckert-PR-2-1068x599-1.jpeg","articleSection":["Pol\u00edtica","\u00daltimas"],"inLanguage":"pt-PT","potentialAction":[{"@type":"CommentAction","name":"Comment","target":["https:\/\/brasilnoticias.org\/site\/ao-lado-de-lula-em-brasilia-jeronimo-participa-do-lancamento-de-estrategia-para-expandir-producao-de-insumos-para-o-sus\/#respond"]}]},{"@type":"WebPage","@id":"https:\/\/brasilnoticias.org\/site\/ao-lado-de-lula-em-brasilia-jeronimo-participa-do-lancamento-de-estrategia-para-expandir-producao-de-insumos-para-o-sus\/","url":"https:\/\/brasilnoticias.org\/site\/ao-lado-de-lula-em-brasilia-jeronimo-participa-do-lancamento-de-estrategia-para-expandir-producao-de-insumos-para-o-sus\/","name":"Ao lado de Lula, em Bras\u00edlia, Jer\u00f4nimo participa do lan\u00e7amento de estrat\u00e9gia para expandir produ\u00e7\u00e3o de insumos para o SUS - Brasil not\u00edcias","isPartOf":{"@id":"https:\/\/brasilnoticias.org\/site\/#website"},"primaryImageOfPage":{"@id":"https:\/\/brasilnoticias.org\/site\/ao-lado-de-lula-em-brasilia-jeronimo-participa-do-lancamento-de-estrategia-para-expandir-producao-de-insumos-para-o-sus\/#primaryimage"},"image":{"@id":"https:\/\/brasilnoticias.org\/site\/ao-lado-de-lula-em-brasilia-jeronimo-participa-do-lancamento-de-estrategia-para-expandir-producao-de-insumos-para-o-sus\/#primaryimage"},"thumbnailUrl":"https:\/\/brasilnoticias.org\/site\/wp-content\/uploads\/2023\/09\/GECEIS-Fotos-Ricardo-Stuckert-PR-2-1068x599-1.jpeg","datePublished":"2023-09-27T13:08:57+00:00","breadcrumb":{"@id":"https:\/\/brasilnoticias.org\/site\/ao-lado-de-lula-em-brasilia-jeronimo-participa-do-lancamento-de-estrategia-para-expandir-producao-de-insumos-para-o-sus\/#breadcrumb"},"inLanguage":"pt-PT","potentialAction":[{"@type":"ReadAction","target":["https:\/\/brasilnoticias.org\/site\/ao-lado-de-lula-em-brasilia-jeronimo-participa-do-lancamento-de-estrategia-para-expandir-producao-de-insumos-para-o-sus\/"]}]},{"@type":"ImageObject","inLanguage":"pt-PT","@id":"https:\/\/brasilnoticias.org\/site\/ao-lado-de-lula-em-brasilia-jeronimo-participa-do-lancamento-de-estrategia-para-expandir-producao-de-insumos-para-o-sus\/#primaryimage","url":"https:\/\/brasilnoticias.org\/site\/wp-content\/uploads\/2023\/09\/GECEIS-Fotos-Ricardo-Stuckert-PR-2-1068x599-1.jpeg","contentUrl":"https:\/\/brasilnoticias.org\/site\/wp-content\/uploads\/2023\/09\/GECEIS-Fotos-Ricardo-Stuckert-PR-2-1068x599-1.jpeg","width":1068,"height":599},{"@type":"BreadcrumbList","@id":"https:\/\/brasilnoticias.org\/site\/ao-lado-de-lula-em-brasilia-jeronimo-participa-do-lancamento-de-estrategia-para-expandir-producao-de-insumos-para-o-sus\/#breadcrumb","itemListElement":[{"@type":"ListItem","position":1,"name":"In\u00edcio","item":"https:\/\/brasilnoticias.org\/site\/"},{"@type":"ListItem","position":2,"name":"Ao lado de Lula, em Bras\u00edlia, Jer\u00f4nimo participa do lan\u00e7amento de estrat\u00e9gia para expandir produ\u00e7\u00e3o de insumos para o SUS"}]},{"@type":"WebSite","@id":"https:\/\/brasilnoticias.org\/site\/#website","url":"https:\/\/brasilnoticias.org\/site\/","name":"Brasil not\u00edcias","description":"Brasil not\u00edcias","publisher":{"@id":"https:\/\/brasilnoticias.org\/site\/#organization"},"potentialAction":[{"@type":"SearchAction","target":{"@type":"EntryPoint","urlTemplate":"https:\/\/brasilnoticias.org\/site\/?s={search_term_string}"},"query-input":{"@type":"PropertyValueSpecification","valueRequired":true,"valueName":"search_term_string"}}],"inLanguage":"pt-PT"},{"@type":"Organization","@id":"https:\/\/brasilnoticias.org\/site\/#organization","name":"Brasil not\u00edcias","url":"https:\/\/brasilnoticias.org\/site\/","logo":{"@type":"ImageObject","inLanguage":"pt-PT","@id":"https:\/\/brasilnoticias.org\/site\/#\/schema\/logo\/image\/","url":"https:\/\/brasilnoticias.org\/site\/wp-content\/uploads\/2022\/05\/cropped-brasilnoticias-mini.jpg","contentUrl":"https:\/\/brasilnoticias.org\/site\/wp-content\/uploads\/2022\/05\/cropped-brasilnoticias-mini.jpg","width":314,"height":86,"caption":"Brasil not\u00edcias"},"image":{"@id":"https:\/\/brasilnoticias.org\/site\/#\/schema\/logo\/image\/"}},{"@type":"Person","@id":"https:\/\/brasilnoticias.org\/site\/#\/schema\/person\/03bbbfe6c7634ad18c26444ea39049fa","name":"Reda\u00e7\u00e3o","image":{"@type":"ImageObject","inLanguage":"pt-PT","@id":"https:\/\/brasilnoticias.org\/site\/#\/schema\/person\/image\/","url":"https:\/\/secure.gravatar.com\/avatar\/9ecaf7327a696cb23ad926fedded5f1f04d7049de9e445375d55b48c001a6e42?s=96&d=mm&r=g","contentUrl":"https:\/\/secure.gravatar.com\/avatar\/9ecaf7327a696cb23ad926fedded5f1f04d7049de9e445375d55b48c001a6e42?s=96&d=mm&r=g","caption":"Reda\u00e7\u00e3o"},"url":"https:\/\/brasilnoticias.org\/site\/author\/henrique\/"}]}},"_links":{"self":[{"href":"https:\/\/brasilnoticias.org\/site\/wp-json\/wp\/v2\/posts\/9624","targetHints":{"allow":["GET"]}}],"collection":[{"href":"https:\/\/brasilnoticias.org\/site\/wp-json\/wp\/v2\/posts"}],"about":[{"href":"https:\/\/brasilnoticias.org\/site\/wp-json\/wp\/v2\/types\/post"}],"author":[{"embeddable":true,"href":"https:\/\/brasilnoticias.org\/site\/wp-json\/wp\/v2\/users\/4"}],"replies":[{"embeddable":true,"href":"https:\/\/brasilnoticias.org\/site\/wp-json\/wp\/v2\/comments?post=9624"}],"version-history":[{"count":1,"href":"https:\/\/brasilnoticias.org\/site\/wp-json\/wp\/v2\/posts\/9624\/revisions"}],"predecessor-version":[{"id":9626,"href":"https:\/\/brasilnoticias.org\/site\/wp-json\/wp\/v2\/posts\/9624\/revisions\/9626"}],"wp:featuredmedia":[{"embeddable":true,"href":"https:\/\/brasilnoticias.org\/site\/wp-json\/wp\/v2\/media\/9625"}],"wp:attachment":[{"href":"https:\/\/brasilnoticias.org\/site\/wp-json\/wp\/v2\/media?parent=9624"}],"wp:term":[{"taxonomy":"category","embeddable":true,"href":"https:\/\/brasilnoticias.org\/site\/wp-json\/wp\/v2\/categories?post=9624"},{"taxonomy":"post_tag","embeddable":true,"href":"https:\/\/brasilnoticias.org\/site\/wp-json\/wp\/v2\/tags?post=9624"}],"curies":[{"name":"wp","href":"https:\/\/api.w.org\/{rel}","templated":true}]}}