{"id":9645,"date":"2023-09-28T06:00:20","date_gmt":"2023-09-28T09:00:20","guid":{"rendered":"https:\/\/brasilnoticias.org\/site\/?p=9645"},"modified":"2023-09-27T19:14:59","modified_gmt":"2023-09-27T22:14:59","slug":"nao-vejo-clima-para-anistia-diz-presidente-do-stm-sobre-militares-envolvidos-em-plano-de-golpe","status":"publish","type":"post","link":"https:\/\/brasilnoticias.org\/site\/nao-vejo-clima-para-anistia-diz-presidente-do-stm-sobre-militares-envolvidos-em-plano-de-golpe\/","title":{"rendered":"&#8220;N\u00e3o vejo clima para anistia&#8221;, diz presidente do STM sobre militares envolvidos em plano de golpe"},"content":{"rendered":"<p>A afirma\u00e7\u00e3o foi feita pelo ministro Joseli Camelo, nesta quarta-feira (27), durante entrevista<\/p>\n<p>O presidente do Superior Tribunal Militar (STM), ministro Joseli Camelo, afirmou que n\u00e3o acredita na possibilidade de que sejam anistiados militares envolvidos em planos golpistas, como os que foram citados pelo tenente-coronel Mauro Cid durante dela\u00e7\u00e3o premiada. A declara\u00e7\u00e3o foi feita nesta quarta-feira (27), em entrevista \u00e0 Globo News.<\/p>\n<p>\u201cAs investiga\u00e7\u00f5es [sobre a tentativa de golpe] caminham dentro do devido processo legal, e eu n\u00e3o vejo clima para ver a anistia. N\u00e3o h\u00e1 nenhuma disposi\u00e7\u00e3o nem do Supremo Tribunal Federal, nem do Congresso para que n\u00f3s tenhamos a anistia\u201d, disse Camelo.<\/p>\n<p>O ministro tamb\u00e9m falou sobre a suposta reuni\u00e3o delatada por Cid, em que o ex-comandante da Marinha, Almir Garnier Santos, foi acusado de ter apoiado um suposto plano golpista. O encontro teve presen\u00e7a do ex-presidente Jair Bolsonaro (PL) e dos comandantes das For\u00e7as Armadas.<\/p>\n<p>&#8220;\u00c9 verdade que houve aquela reuni\u00e3o? Tudo indica que sim, mas isso n\u00e3o \u00e9 uma prova de que houve. Houve aquela conversa? Foi colocada \u00e0 disposi\u00e7\u00e3o [para um golpe] a Marinha? Isso tudo s\u00e3o ila\u00e7\u00f5es que s\u00e3o feitas em virtude de alguma coisa que vazou, mas pode ter vazado apenas uma parte&#8221;, concluiu.<\/p>\n<p>Foto: Ag\u00eancia Senado\/Geraldo Magela<br \/>\nMetro1<\/p>\n","protected":false},"excerpt":{"rendered":"<p>A afirma\u00e7\u00e3o foi feita pelo ministro Joseli Camelo, nesta quarta-feira (27), durante entrevista O presidente do Superior Tribunal Militar (STM),<\/p>\n","protected":false},"author":4,"featured_media":9646,"comment_status":"open","ping_status":"open","sticky":false,"template":"","format":"standard","meta":{"colormag_page_container_layout":"default_layout","colormag_page_sidebar_layout":"default_layout","_FSMCFIC_featured_image_caption":"","_FSMCFIC_featured_image_nocaption":"","_FSMCFIC_featured_image_hide":"","footnotes":""},"categories":[5,1],"tags":[],"class_list":["post-9645","post","type-post","status-publish","format-standard","has-post-thumbnail","hentry","category-politica","category-ultimas"],"yoast_head":"<!-- This site is optimized with the Yoast SEO plugin v27.1.1 - https:\/\/yoast.com\/product\/yoast-seo-wordpress\/ -->\n<title>&quot;N\u00e3o vejo clima para anistia&quot;, diz presidente do STM sobre militares envolvidos em plano de golpe - Brasil not\u00edcias<\/title>\n<meta name=\"robots\" content=\"index, follow, max-snippet:-1, max-image-preview:large, max-video-preview:-1\" \/>\n<link rel=\"canonical\" href=\"https:\/\/brasilnoticias.org\/site\/nao-vejo-clima-para-anistia-diz-presidente-do-stm-sobre-militares-envolvidos-em-plano-de-golpe\/\" \/>\n<meta property=\"og:locale\" content=\"pt_PT\" \/>\n<meta property=\"og:type\" content=\"article\" \/>\n<meta property=\"og:title\" content=\"&quot;N\u00e3o vejo clima para anistia&quot;, diz presidente do STM sobre militares envolvidos em plano de golpe - Brasil not\u00edcias\" \/>\n<meta property=\"og:description\" content=\"A afirma\u00e7\u00e3o foi feita pelo ministro Joseli Camelo, nesta quarta-feira (27), durante entrevista O presidente do Superior Tribunal Militar (STM),\" \/>\n<meta property=\"og:url\" content=\"https:\/\/brasilnoticias.org\/site\/nao-vejo-clima-para-anistia-diz-presidente-do-stm-sobre-militares-envolvidos-em-plano-de-golpe\/\" \/>\n<meta property=\"og:site_name\" content=\"Brasil not\u00edcias\" \/>\n<meta property=\"article:published_time\" content=\"2023-09-28T09:00:20+00:00\" \/>\n<meta property=\"og:image\" content=\"https:\/\/brasilnoticias.org\/site\/wp-content\/uploads\/2023\/09\/141413nao-vejo-clima-para-anistia-diz-presidente-do-stm-sobre-militares-envolvidos-em-plano-de-golpe-3.jpg\" \/>\n\t<meta property=\"og:image:width\" content=\"1600\" \/>\n\t<meta property=\"og:image:height\" content=\"752\" \/>\n\t<meta property=\"og:image:type\" content=\"image\/jpeg\" \/>\n<meta name=\"author\" content=\"Reda\u00e7\u00e3o\" \/>\n<meta name=\"twitter:card\" content=\"summary_large_image\" \/>\n<meta name=\"twitter:label1\" content=\"Escrito por\" \/>\n\t<meta name=\"twitter:data1\" content=\"Reda\u00e7\u00e3o\" \/>\n<script type=\"application\/ld+json\" class=\"yoast-schema-graph\">{\"@context\":\"https:\/\/schema.org\",\"@graph\":[{\"@type\":\"Article\",\"@id\":\"https:\/\/brasilnoticias.org\/site\/nao-vejo-clima-para-anistia-diz-presidente-do-stm-sobre-militares-envolvidos-em-plano-de-golpe\/#article\",\"isPartOf\":{\"@id\":\"https:\/\/brasilnoticias.org\/site\/nao-vejo-clima-para-anistia-diz-presidente-do-stm-sobre-militares-envolvidos-em-plano-de-golpe\/\"},\"author\":{\"name\":\"Reda\u00e7\u00e3o\",\"@id\":\"https:\/\/brasilnoticias.org\/site\/#\/schema\/person\/03bbbfe6c7634ad18c26444ea39049fa\"},\"headline\":\"&#8220;N\u00e3o vejo clima para anistia&#8221;, diz presidente do STM sobre militares envolvidos em plano de golpe\",\"datePublished\":\"2023-09-28T09:00:20+00:00\",\"mainEntityOfPage\":{\"@id\":\"https:\/\/brasilnoticias.org\/site\/nao-vejo-clima-para-anistia-diz-presidente-do-stm-sobre-militares-envolvidos-em-plano-de-golpe\/\"},\"wordCount\":238,\"commentCount\":0,\"publisher\":{\"@id\":\"https:\/\/brasilnoticias.org\/site\/#organization\"},\"image\":{\"@id\":\"https:\/\/brasilnoticias.org\/site\/nao-vejo-clima-para-anistia-diz-presidente-do-stm-sobre-militares-envolvidos-em-plano-de-golpe\/#primaryimage\"},\"thumbnailUrl\":\"https:\/\/brasilnoticias.org\/site\/wp-content\/uploads\/2023\/09\/141413nao-vejo-clima-para-anistia-diz-presidente-do-stm-sobre-militares-envolvidos-em-plano-de-golpe-3.jpg\",\"articleSection\":[\"Pol\u00edtica\",\"\u00daltimas\"],\"inLanguage\":\"pt-PT\",\"potentialAction\":[{\"@type\":\"CommentAction\",\"name\":\"Comment\",\"target\":[\"https:\/\/brasilnoticias.org\/site\/nao-vejo-clima-para-anistia-diz-presidente-do-stm-sobre-militares-envolvidos-em-plano-de-golpe\/#respond\"]}]},{\"@type\":\"WebPage\",\"@id\":\"https:\/\/brasilnoticias.org\/site\/nao-vejo-clima-para-anistia-diz-presidente-do-stm-sobre-militares-envolvidos-em-plano-de-golpe\/\",\"url\":\"https:\/\/brasilnoticias.org\/site\/nao-vejo-clima-para-anistia-diz-presidente-do-stm-sobre-militares-envolvidos-em-plano-de-golpe\/\",\"name\":\"\\\"N\u00e3o vejo clima para anistia\\\", diz presidente do STM sobre militares envolvidos em plano de golpe - Brasil not\u00edcias\",\"isPartOf\":{\"@id\":\"https:\/\/brasilnoticias.org\/site\/#website\"},\"primaryImageOfPage\":{\"@id\":\"https:\/\/brasilnoticias.org\/site\/nao-vejo-clima-para-anistia-diz-presidente-do-stm-sobre-militares-envolvidos-em-plano-de-golpe\/#primaryimage\"},\"image\":{\"@id\":\"https:\/\/brasilnoticias.org\/site\/nao-vejo-clima-para-anistia-diz-presidente-do-stm-sobre-militares-envolvidos-em-plano-de-golpe\/#primaryimage\"},\"thumbnailUrl\":\"https:\/\/brasilnoticias.org\/site\/wp-content\/uploads\/2023\/09\/141413nao-vejo-clima-para-anistia-diz-presidente-do-stm-sobre-militares-envolvidos-em-plano-de-golpe-3.jpg\",\"datePublished\":\"2023-09-28T09:00:20+00:00\",\"breadcrumb\":{\"@id\":\"https:\/\/brasilnoticias.org\/site\/nao-vejo-clima-para-anistia-diz-presidente-do-stm-sobre-militares-envolvidos-em-plano-de-golpe\/#breadcrumb\"},\"inLanguage\":\"pt-PT\",\"potentialAction\":[{\"@type\":\"ReadAction\",\"target\":[\"https:\/\/brasilnoticias.org\/site\/nao-vejo-clima-para-anistia-diz-presidente-do-stm-sobre-militares-envolvidos-em-plano-de-golpe\/\"]}]},{\"@type\":\"ImageObject\",\"inLanguage\":\"pt-PT\",\"@id\":\"https:\/\/brasilnoticias.org\/site\/nao-vejo-clima-para-anistia-diz-presidente-do-stm-sobre-militares-envolvidos-em-plano-de-golpe\/#primaryimage\",\"url\":\"https:\/\/brasilnoticias.org\/site\/wp-content\/uploads\/2023\/09\/141413nao-vejo-clima-para-anistia-diz-presidente-do-stm-sobre-militares-envolvidos-em-plano-de-golpe-3.jpg\",\"contentUrl\":\"https:\/\/brasilnoticias.org\/site\/wp-content\/uploads\/2023\/09\/141413nao-vejo-clima-para-anistia-diz-presidente-do-stm-sobre-militares-envolvidos-em-plano-de-golpe-3.jpg\",\"width\":1600,\"height\":752},{\"@type\":\"BreadcrumbList\",\"@id\":\"https:\/\/brasilnoticias.org\/site\/nao-vejo-clima-para-anistia-diz-presidente-do-stm-sobre-militares-envolvidos-em-plano-de-golpe\/#breadcrumb\",\"itemListElement\":[{\"@type\":\"ListItem\",\"position\":1,\"name\":\"In\u00edcio\",\"item\":\"https:\/\/brasilnoticias.org\/site\/\"},{\"@type\":\"ListItem\",\"position\":2,\"name\":\"&#8220;N\u00e3o vejo clima para anistia&#8221;, diz presidente do STM sobre militares envolvidos em plano de golpe\"}]},{\"@type\":\"WebSite\",\"@id\":\"https:\/\/brasilnoticias.org\/site\/#website\",\"url\":\"https:\/\/brasilnoticias.org\/site\/\",\"name\":\"Brasil not\u00edcias\",\"description\":\"Brasil not\u00edcias\",\"publisher\":{\"@id\":\"https:\/\/brasilnoticias.org\/site\/#organization\"},\"potentialAction\":[{\"@type\":\"SearchAction\",\"target\":{\"@type\":\"EntryPoint\",\"urlTemplate\":\"https:\/\/brasilnoticias.org\/site\/?s={search_term_string}\"},\"query-input\":{\"@type\":\"PropertyValueSpecification\",\"valueRequired\":true,\"valueName\":\"search_term_string\"}}],\"inLanguage\":\"pt-PT\"},{\"@type\":\"Organization\",\"@id\":\"https:\/\/brasilnoticias.org\/site\/#organization\",\"name\":\"Brasil not\u00edcias\",\"url\":\"https:\/\/brasilnoticias.org\/site\/\",\"logo\":{\"@type\":\"ImageObject\",\"inLanguage\":\"pt-PT\",\"@id\":\"https:\/\/brasilnoticias.org\/site\/#\/schema\/logo\/image\/\",\"url\":\"https:\/\/brasilnoticias.org\/site\/wp-content\/uploads\/2022\/05\/cropped-brasilnoticias-mini.jpg\",\"contentUrl\":\"https:\/\/brasilnoticias.org\/site\/wp-content\/uploads\/2022\/05\/cropped-brasilnoticias-mini.jpg\",\"width\":314,\"height\":86,\"caption\":\"Brasil not\u00edcias\"},\"image\":{\"@id\":\"https:\/\/brasilnoticias.org\/site\/#\/schema\/logo\/image\/\"}},{\"@type\":\"Person\",\"@id\":\"https:\/\/brasilnoticias.org\/site\/#\/schema\/person\/03bbbfe6c7634ad18c26444ea39049fa\",\"name\":\"Reda\u00e7\u00e3o\",\"image\":{\"@type\":\"ImageObject\",\"inLanguage\":\"pt-PT\",\"@id\":\"https:\/\/brasilnoticias.org\/site\/#\/schema\/person\/image\/\",\"url\":\"https:\/\/secure.gravatar.com\/avatar\/9ecaf7327a696cb23ad926fedded5f1f04d7049de9e445375d55b48c001a6e42?s=96&d=mm&r=g\",\"contentUrl\":\"https:\/\/secure.gravatar.com\/avatar\/9ecaf7327a696cb23ad926fedded5f1f04d7049de9e445375d55b48c001a6e42?s=96&d=mm&r=g\",\"caption\":\"Reda\u00e7\u00e3o\"},\"url\":\"https:\/\/brasilnoticias.org\/site\/author\/henrique\/\"}]}<\/script>\n<!-- \/ Yoast SEO plugin. -->","yoast_head_json":{"title":"\"N\u00e3o vejo clima para anistia\", diz presidente do STM sobre militares envolvidos em plano de golpe - Brasil not\u00edcias","robots":{"index":"index","follow":"follow","max-snippet":"max-snippet:-1","max-image-preview":"max-image-preview:large","max-video-preview":"max-video-preview:-1"},"canonical":"https:\/\/brasilnoticias.org\/site\/nao-vejo-clima-para-anistia-diz-presidente-do-stm-sobre-militares-envolvidos-em-plano-de-golpe\/","og_locale":"pt_PT","og_type":"article","og_title":"\"N\u00e3o vejo clima para anistia\", diz presidente do STM sobre militares envolvidos em plano de golpe - Brasil not\u00edcias","og_description":"A afirma\u00e7\u00e3o foi feita pelo ministro Joseli Camelo, nesta quarta-feira (27), durante entrevista O presidente do Superior Tribunal Militar (STM),","og_url":"https:\/\/brasilnoticias.org\/site\/nao-vejo-clima-para-anistia-diz-presidente-do-stm-sobre-militares-envolvidos-em-plano-de-golpe\/","og_site_name":"Brasil not\u00edcias","article_published_time":"2023-09-28T09:00:20+00:00","og_image":[{"width":1600,"height":752,"url":"https:\/\/brasilnoticias.org\/site\/wp-content\/uploads\/2023\/09\/141413nao-vejo-clima-para-anistia-diz-presidente-do-stm-sobre-militares-envolvidos-em-plano-de-golpe-3.jpg","type":"image\/jpeg"}],"author":"Reda\u00e7\u00e3o","twitter_card":"summary_large_image","twitter_misc":{"Escrito por":"Reda\u00e7\u00e3o"},"schema":{"@context":"https:\/\/schema.org","@graph":[{"@type":"Article","@id":"https:\/\/brasilnoticias.org\/site\/nao-vejo-clima-para-anistia-diz-presidente-do-stm-sobre-militares-envolvidos-em-plano-de-golpe\/#article","isPartOf":{"@id":"https:\/\/brasilnoticias.org\/site\/nao-vejo-clima-para-anistia-diz-presidente-do-stm-sobre-militares-envolvidos-em-plano-de-golpe\/"},"author":{"name":"Reda\u00e7\u00e3o","@id":"https:\/\/brasilnoticias.org\/site\/#\/schema\/person\/03bbbfe6c7634ad18c26444ea39049fa"},"headline":"&#8220;N\u00e3o vejo clima para anistia&#8221;, diz presidente do STM sobre militares envolvidos em plano de golpe","datePublished":"2023-09-28T09:00:20+00:00","mainEntityOfPage":{"@id":"https:\/\/brasilnoticias.org\/site\/nao-vejo-clima-para-anistia-diz-presidente-do-stm-sobre-militares-envolvidos-em-plano-de-golpe\/"},"wordCount":238,"commentCount":0,"publisher":{"@id":"https:\/\/brasilnoticias.org\/site\/#organization"},"image":{"@id":"https:\/\/brasilnoticias.org\/site\/nao-vejo-clima-para-anistia-diz-presidente-do-stm-sobre-militares-envolvidos-em-plano-de-golpe\/#primaryimage"},"thumbnailUrl":"https:\/\/brasilnoticias.org\/site\/wp-content\/uploads\/2023\/09\/141413nao-vejo-clima-para-anistia-diz-presidente-do-stm-sobre-militares-envolvidos-em-plano-de-golpe-3.jpg","articleSection":["Pol\u00edtica","\u00daltimas"],"inLanguage":"pt-PT","potentialAction":[{"@type":"CommentAction","name":"Comment","target":["https:\/\/brasilnoticias.org\/site\/nao-vejo-clima-para-anistia-diz-presidente-do-stm-sobre-militares-envolvidos-em-plano-de-golpe\/#respond"]}]},{"@type":"WebPage","@id":"https:\/\/brasilnoticias.org\/site\/nao-vejo-clima-para-anistia-diz-presidente-do-stm-sobre-militares-envolvidos-em-plano-de-golpe\/","url":"https:\/\/brasilnoticias.org\/site\/nao-vejo-clima-para-anistia-diz-presidente-do-stm-sobre-militares-envolvidos-em-plano-de-golpe\/","name":"\"N\u00e3o vejo clima para anistia\", diz presidente do STM sobre militares envolvidos em plano de golpe - Brasil not\u00edcias","isPartOf":{"@id":"https:\/\/brasilnoticias.org\/site\/#website"},"primaryImageOfPage":{"@id":"https:\/\/brasilnoticias.org\/site\/nao-vejo-clima-para-anistia-diz-presidente-do-stm-sobre-militares-envolvidos-em-plano-de-golpe\/#primaryimage"},"image":{"@id":"https:\/\/brasilnoticias.org\/site\/nao-vejo-clima-para-anistia-diz-presidente-do-stm-sobre-militares-envolvidos-em-plano-de-golpe\/#primaryimage"},"thumbnailUrl":"https:\/\/brasilnoticias.org\/site\/wp-content\/uploads\/2023\/09\/141413nao-vejo-clima-para-anistia-diz-presidente-do-stm-sobre-militares-envolvidos-em-plano-de-golpe-3.jpg","datePublished":"2023-09-28T09:00:20+00:00","breadcrumb":{"@id":"https:\/\/brasilnoticias.org\/site\/nao-vejo-clima-para-anistia-diz-presidente-do-stm-sobre-militares-envolvidos-em-plano-de-golpe\/#breadcrumb"},"inLanguage":"pt-PT","potentialAction":[{"@type":"ReadAction","target":["https:\/\/brasilnoticias.org\/site\/nao-vejo-clima-para-anistia-diz-presidente-do-stm-sobre-militares-envolvidos-em-plano-de-golpe\/"]}]},{"@type":"ImageObject","inLanguage":"pt-PT","@id":"https:\/\/brasilnoticias.org\/site\/nao-vejo-clima-para-anistia-diz-presidente-do-stm-sobre-militares-envolvidos-em-plano-de-golpe\/#primaryimage","url":"https:\/\/brasilnoticias.org\/site\/wp-content\/uploads\/2023\/09\/141413nao-vejo-clima-para-anistia-diz-presidente-do-stm-sobre-militares-envolvidos-em-plano-de-golpe-3.jpg","contentUrl":"https:\/\/brasilnoticias.org\/site\/wp-content\/uploads\/2023\/09\/141413nao-vejo-clima-para-anistia-diz-presidente-do-stm-sobre-militares-envolvidos-em-plano-de-golpe-3.jpg","width":1600,"height":752},{"@type":"BreadcrumbList","@id":"https:\/\/brasilnoticias.org\/site\/nao-vejo-clima-para-anistia-diz-presidente-do-stm-sobre-militares-envolvidos-em-plano-de-golpe\/#breadcrumb","itemListElement":[{"@type":"ListItem","position":1,"name":"In\u00edcio","item":"https:\/\/brasilnoticias.org\/site\/"},{"@type":"ListItem","position":2,"name":"&#8220;N\u00e3o vejo clima para anistia&#8221;, diz presidente do STM sobre militares envolvidos em plano de golpe"}]},{"@type":"WebSite","@id":"https:\/\/brasilnoticias.org\/site\/#website","url":"https:\/\/brasilnoticias.org\/site\/","name":"Brasil not\u00edcias","description":"Brasil not\u00edcias","publisher":{"@id":"https:\/\/brasilnoticias.org\/site\/#organization"},"potentialAction":[{"@type":"SearchAction","target":{"@type":"EntryPoint","urlTemplate":"https:\/\/brasilnoticias.org\/site\/?s={search_term_string}"},"query-input":{"@type":"PropertyValueSpecification","valueRequired":true,"valueName":"search_term_string"}}],"inLanguage":"pt-PT"},{"@type":"Organization","@id":"https:\/\/brasilnoticias.org\/site\/#organization","name":"Brasil not\u00edcias","url":"https:\/\/brasilnoticias.org\/site\/","logo":{"@type":"ImageObject","inLanguage":"pt-PT","@id":"https:\/\/brasilnoticias.org\/site\/#\/schema\/logo\/image\/","url":"https:\/\/brasilnoticias.org\/site\/wp-content\/uploads\/2022\/05\/cropped-brasilnoticias-mini.jpg","contentUrl":"https:\/\/brasilnoticias.org\/site\/wp-content\/uploads\/2022\/05\/cropped-brasilnoticias-mini.jpg","width":314,"height":86,"caption":"Brasil not\u00edcias"},"image":{"@id":"https:\/\/brasilnoticias.org\/site\/#\/schema\/logo\/image\/"}},{"@type":"Person","@id":"https:\/\/brasilnoticias.org\/site\/#\/schema\/person\/03bbbfe6c7634ad18c26444ea39049fa","name":"Reda\u00e7\u00e3o","image":{"@type":"ImageObject","inLanguage":"pt-PT","@id":"https:\/\/brasilnoticias.org\/site\/#\/schema\/person\/image\/","url":"https:\/\/secure.gravatar.com\/avatar\/9ecaf7327a696cb23ad926fedded5f1f04d7049de9e445375d55b48c001a6e42?s=96&d=mm&r=g","contentUrl":"https:\/\/secure.gravatar.com\/avatar\/9ecaf7327a696cb23ad926fedded5f1f04d7049de9e445375d55b48c001a6e42?s=96&d=mm&r=g","caption":"Reda\u00e7\u00e3o"},"url":"https:\/\/brasilnoticias.org\/site\/author\/henrique\/"}]}},"_links":{"self":[{"href":"https:\/\/brasilnoticias.org\/site\/wp-json\/wp\/v2\/posts\/9645","targetHints":{"allow":["GET"]}}],"collection":[{"href":"https:\/\/brasilnoticias.org\/site\/wp-json\/wp\/v2\/posts"}],"about":[{"href":"https:\/\/brasilnoticias.org\/site\/wp-json\/wp\/v2\/types\/post"}],"author":[{"embeddable":true,"href":"https:\/\/brasilnoticias.org\/site\/wp-json\/wp\/v2\/users\/4"}],"replies":[{"embeddable":true,"href":"https:\/\/brasilnoticias.org\/site\/wp-json\/wp\/v2\/comments?post=9645"}],"version-history":[{"count":1,"href":"https:\/\/brasilnoticias.org\/site\/wp-json\/wp\/v2\/posts\/9645\/revisions"}],"predecessor-version":[{"id":9647,"href":"https:\/\/brasilnoticias.org\/site\/wp-json\/wp\/v2\/posts\/9645\/revisions\/9647"}],"wp:featuredmedia":[{"embeddable":true,"href":"https:\/\/brasilnoticias.org\/site\/wp-json\/wp\/v2\/media\/9646"}],"wp:attachment":[{"href":"https:\/\/brasilnoticias.org\/site\/wp-json\/wp\/v2\/media?parent=9645"}],"wp:term":[{"taxonomy":"category","embeddable":true,"href":"https:\/\/brasilnoticias.org\/site\/wp-json\/wp\/v2\/categories?post=9645"},{"taxonomy":"post_tag","embeddable":true,"href":"https:\/\/brasilnoticias.org\/site\/wp-json\/wp\/v2\/tags?post=9645"}],"curies":[{"name":"wp","href":"https:\/\/api.w.org\/{rel}","templated":true}]}}