{"id":9648,"date":"2023-09-28T07:00:30","date_gmt":"2023-09-28T10:00:30","guid":{"rendered":"https:\/\/brasilnoticias.org\/site\/?p=9648"},"modified":"2023-09-27T19:17:03","modified_gmt":"2023-09-27T22:17:03","slug":"camara-de-salvador-aprova-quase-40-propostas-em-uma-unica-tarde-incluindo-polemico-estatuto-dos-pais","status":"publish","type":"post","link":"https:\/\/brasilnoticias.org\/site\/camara-de-salvador-aprova-quase-40-propostas-em-uma-unica-tarde-incluindo-polemico-estatuto-dos-pais\/","title":{"rendered":"C\u00e2mara de Salvador aprova quase 40 propostas em uma \u00fanica tarde, incluindo pol\u00eamico Estatuto dos Pais"},"content":{"rendered":"<p>Proposta de criar Estatuto Municipal de Direito dos Pais \u00e9 do vereador Alexandre Aleluia (PL)<\/p>\n<p>A C\u00e2mara de Salvador aprovou, nesta quarta-feira (27), 37 mat\u00e9rias apresentadas pelos vereadores, sendo sete requerimentos, 17 mo\u00e7\u00f5es de aplausos, congratula\u00e7\u00f5es e pesar, al\u00e9m de tr\u00eas projetos de lei. Um dos PLs aprovados foi de autoria de Alexandre Aleluia (PL) e levantou pol\u00eamica no plen\u00e1rio, por instituir o Estatuto Municipal de Direito dos Pais.<\/p>\n<p>\u201cO projeto Estatuto dos Pais nada mais \u00e9 do que uma remodela\u00e7\u00e3o da Escola Sem Partido, que j\u00e1 foi votada desde 2020 e pacificada pelo STF como inconstitucional. O Estatuto dos Pais viola a lei de diretrizes de base, o plano de educa\u00e7\u00e3o e a autonomia sobre a discuss\u00e3o dos direitos humanos, dos direitos e diversidade nos espa\u00e7os educacionais. \u00c9 uma morda\u00e7a, uma censura. Essa Casa tem que ter a no\u00e7\u00e3o que est\u00e1 voltando uma mat\u00e9ria insconstitucional\u201d, criticou a l\u00edder da oposi\u00e7\u00e3o, Laina Cris\u00f3stomo (PSOL).<\/p>\n<p>Segundo o texto do PL, o Estatuto \u201ctem como objetivo garantir o acesso \u00e0 informa\u00e7\u00e3o e a participa\u00e7\u00e3o efetiva dos pais de alunos das escolas da rede municipal de ensino da cidade de Salvador\u201d. Segundo Aleluia, ser\u00e1 uma forma de evitar que os professores \u201cdoutrinem&#8221; as crian\u00e7as e passem a dar poder aos pais opinarem o que \u00e9 lecionado.<\/p>\n<p>A mat\u00e9ria ainda precisa ser sancionada pelo prefeito de Salvador, Bruno Reis (Uni\u00e3o). Tamb\u00e9m de autoria do vereador Alexandre Aleluia, foi aprovada uma emenda \u00e0 \u201cLei dos Aplicativos\u201d. Desta forma, incluiu os mototaxistas na norma. Antes, a categoria exercia a fun\u00e7\u00e3o de delivery em aplicativos, como Ifood, por for\u00e7a de uma emenda da Justi\u00e7a. Agora, o trabalho passa a ser regulamentado no Munic\u00edpio.<\/p>\n<p>Foto: Divulga\u00e7\u00e3o\/CMS<br \/>\nPor: Jo\u00e3o Tramm<\/p>\n","protected":false},"excerpt":{"rendered":"<p>Proposta de criar Estatuto Municipal de Direito dos Pais \u00e9 do vereador Alexandre Aleluia (PL) A C\u00e2mara de Salvador aprovou,<\/p>\n","protected":false},"author":4,"featured_media":9649,"comment_status":"open","ping_status":"open","sticky":false,"template":"","format":"standard","meta":{"colormag_page_container_layout":"default_layout","colormag_page_sidebar_layout":"default_layout","_FSMCFIC_featured_image_caption":"","_FSMCFIC_featured_image_nocaption":"","_FSMCFIC_featured_image_hide":"","footnotes":""},"categories":[5,1],"tags":[],"class_list":["post-9648","post","type-post","status-publish","format-standard","has-post-thumbnail","hentry","category-politica","category-ultimas"],"yoast_head":"<!-- This site is optimized with the Yoast SEO plugin v27.1.1 - https:\/\/yoast.com\/product\/yoast-seo-wordpress\/ -->\n<title>C\u00e2mara de Salvador aprova quase 40 propostas em uma \u00fanica tarde, incluindo pol\u00eamico Estatuto dos Pais - Brasil not\u00edcias<\/title>\n<meta name=\"robots\" content=\"index, follow, max-snippet:-1, max-image-preview:large, max-video-preview:-1\" \/>\n<link rel=\"canonical\" href=\"https:\/\/brasilnoticias.org\/site\/camara-de-salvador-aprova-quase-40-propostas-em-uma-unica-tarde-incluindo-polemico-estatuto-dos-pais\/\" \/>\n<meta property=\"og:locale\" content=\"pt_PT\" \/>\n<meta property=\"og:type\" content=\"article\" \/>\n<meta property=\"og:title\" content=\"C\u00e2mara de Salvador aprova quase 40 propostas em uma \u00fanica tarde, incluindo pol\u00eamico Estatuto dos Pais - Brasil not\u00edcias\" \/>\n<meta property=\"og:description\" content=\"Proposta de criar Estatuto Municipal de Direito dos Pais \u00e9 do vereador Alexandre Aleluia (PL) A C\u00e2mara de Salvador aprovou,\" \/>\n<meta property=\"og:url\" content=\"https:\/\/brasilnoticias.org\/site\/camara-de-salvador-aprova-quase-40-propostas-em-uma-unica-tarde-incluindo-polemico-estatuto-dos-pais\/\" \/>\n<meta property=\"og:site_name\" content=\"Brasil not\u00edcias\" \/>\n<meta property=\"article:published_time\" content=\"2023-09-28T10:00:30+00:00\" \/>\n<meta property=\"og:image\" content=\"https:\/\/brasilnoticias.org\/site\/wp-content\/uploads\/2023\/09\/141412camara-de-salvador-aprova-quase-40-propostas-em-uma-unica-tarde-incluindo-polemico-estatuto-dos-pais-3.jpg\" \/>\n\t<meta property=\"og:image:width\" content=\"1600\" \/>\n\t<meta property=\"og:image:height\" content=\"752\" \/>\n\t<meta property=\"og:image:type\" content=\"image\/jpeg\" \/>\n<meta name=\"author\" content=\"Reda\u00e7\u00e3o\" \/>\n<meta name=\"twitter:card\" content=\"summary_large_image\" \/>\n<meta name=\"twitter:label1\" content=\"Escrito por\" \/>\n\t<meta name=\"twitter:data1\" content=\"Reda\u00e7\u00e3o\" \/>\n<script type=\"application\/ld+json\" class=\"yoast-schema-graph\">{\"@context\":\"https:\/\/schema.org\",\"@graph\":[{\"@type\":\"Article\",\"@id\":\"https:\/\/brasilnoticias.org\/site\/camara-de-salvador-aprova-quase-40-propostas-em-uma-unica-tarde-incluindo-polemico-estatuto-dos-pais\/#article\",\"isPartOf\":{\"@id\":\"https:\/\/brasilnoticias.org\/site\/camara-de-salvador-aprova-quase-40-propostas-em-uma-unica-tarde-incluindo-polemico-estatuto-dos-pais\/\"},\"author\":{\"name\":\"Reda\u00e7\u00e3o\",\"@id\":\"https:\/\/brasilnoticias.org\/site\/#\/schema\/person\/03bbbfe6c7634ad18c26444ea39049fa\"},\"headline\":\"C\u00e2mara de Salvador aprova quase 40 propostas em uma \u00fanica tarde, incluindo pol\u00eamico Estatuto dos Pais\",\"datePublished\":\"2023-09-28T10:00:30+00:00\",\"mainEntityOfPage\":{\"@id\":\"https:\/\/brasilnoticias.org\/site\/camara-de-salvador-aprova-quase-40-propostas-em-uma-unica-tarde-incluindo-polemico-estatuto-dos-pais\/\"},\"wordCount\":319,\"commentCount\":0,\"publisher\":{\"@id\":\"https:\/\/brasilnoticias.org\/site\/#organization\"},\"image\":{\"@id\":\"https:\/\/brasilnoticias.org\/site\/camara-de-salvador-aprova-quase-40-propostas-em-uma-unica-tarde-incluindo-polemico-estatuto-dos-pais\/#primaryimage\"},\"thumbnailUrl\":\"https:\/\/brasilnoticias.org\/site\/wp-content\/uploads\/2023\/09\/141412camara-de-salvador-aprova-quase-40-propostas-em-uma-unica-tarde-incluindo-polemico-estatuto-dos-pais-3.jpg\",\"articleSection\":[\"Pol\u00edtica\",\"\u00daltimas\"],\"inLanguage\":\"pt-PT\",\"potentialAction\":[{\"@type\":\"CommentAction\",\"name\":\"Comment\",\"target\":[\"https:\/\/brasilnoticias.org\/site\/camara-de-salvador-aprova-quase-40-propostas-em-uma-unica-tarde-incluindo-polemico-estatuto-dos-pais\/#respond\"]}]},{\"@type\":\"WebPage\",\"@id\":\"https:\/\/brasilnoticias.org\/site\/camara-de-salvador-aprova-quase-40-propostas-em-uma-unica-tarde-incluindo-polemico-estatuto-dos-pais\/\",\"url\":\"https:\/\/brasilnoticias.org\/site\/camara-de-salvador-aprova-quase-40-propostas-em-uma-unica-tarde-incluindo-polemico-estatuto-dos-pais\/\",\"name\":\"C\u00e2mara de Salvador aprova quase 40 propostas em uma \u00fanica tarde, incluindo pol\u00eamico Estatuto dos Pais - Brasil not\u00edcias\",\"isPartOf\":{\"@id\":\"https:\/\/brasilnoticias.org\/site\/#website\"},\"primaryImageOfPage\":{\"@id\":\"https:\/\/brasilnoticias.org\/site\/camara-de-salvador-aprova-quase-40-propostas-em-uma-unica-tarde-incluindo-polemico-estatuto-dos-pais\/#primaryimage\"},\"image\":{\"@id\":\"https:\/\/brasilnoticias.org\/site\/camara-de-salvador-aprova-quase-40-propostas-em-uma-unica-tarde-incluindo-polemico-estatuto-dos-pais\/#primaryimage\"},\"thumbnailUrl\":\"https:\/\/brasilnoticias.org\/site\/wp-content\/uploads\/2023\/09\/141412camara-de-salvador-aprova-quase-40-propostas-em-uma-unica-tarde-incluindo-polemico-estatuto-dos-pais-3.jpg\",\"datePublished\":\"2023-09-28T10:00:30+00:00\",\"breadcrumb\":{\"@id\":\"https:\/\/brasilnoticias.org\/site\/camara-de-salvador-aprova-quase-40-propostas-em-uma-unica-tarde-incluindo-polemico-estatuto-dos-pais\/#breadcrumb\"},\"inLanguage\":\"pt-PT\",\"potentialAction\":[{\"@type\":\"ReadAction\",\"target\":[\"https:\/\/brasilnoticias.org\/site\/camara-de-salvador-aprova-quase-40-propostas-em-uma-unica-tarde-incluindo-polemico-estatuto-dos-pais\/\"]}]},{\"@type\":\"ImageObject\",\"inLanguage\":\"pt-PT\",\"@id\":\"https:\/\/brasilnoticias.org\/site\/camara-de-salvador-aprova-quase-40-propostas-em-uma-unica-tarde-incluindo-polemico-estatuto-dos-pais\/#primaryimage\",\"url\":\"https:\/\/brasilnoticias.org\/site\/wp-content\/uploads\/2023\/09\/141412camara-de-salvador-aprova-quase-40-propostas-em-uma-unica-tarde-incluindo-polemico-estatuto-dos-pais-3.jpg\",\"contentUrl\":\"https:\/\/brasilnoticias.org\/site\/wp-content\/uploads\/2023\/09\/141412camara-de-salvador-aprova-quase-40-propostas-em-uma-unica-tarde-incluindo-polemico-estatuto-dos-pais-3.jpg\",\"width\":1600,\"height\":752},{\"@type\":\"BreadcrumbList\",\"@id\":\"https:\/\/brasilnoticias.org\/site\/camara-de-salvador-aprova-quase-40-propostas-em-uma-unica-tarde-incluindo-polemico-estatuto-dos-pais\/#breadcrumb\",\"itemListElement\":[{\"@type\":\"ListItem\",\"position\":1,\"name\":\"In\u00edcio\",\"item\":\"https:\/\/brasilnoticias.org\/site\/\"},{\"@type\":\"ListItem\",\"position\":2,\"name\":\"C\u00e2mara de Salvador aprova quase 40 propostas em uma \u00fanica tarde, incluindo pol\u00eamico Estatuto dos Pais\"}]},{\"@type\":\"WebSite\",\"@id\":\"https:\/\/brasilnoticias.org\/site\/#website\",\"url\":\"https:\/\/brasilnoticias.org\/site\/\",\"name\":\"Brasil not\u00edcias\",\"description\":\"Brasil not\u00edcias\",\"publisher\":{\"@id\":\"https:\/\/brasilnoticias.org\/site\/#organization\"},\"potentialAction\":[{\"@type\":\"SearchAction\",\"target\":{\"@type\":\"EntryPoint\",\"urlTemplate\":\"https:\/\/brasilnoticias.org\/site\/?s={search_term_string}\"},\"query-input\":{\"@type\":\"PropertyValueSpecification\",\"valueRequired\":true,\"valueName\":\"search_term_string\"}}],\"inLanguage\":\"pt-PT\"},{\"@type\":\"Organization\",\"@id\":\"https:\/\/brasilnoticias.org\/site\/#organization\",\"name\":\"Brasil not\u00edcias\",\"url\":\"https:\/\/brasilnoticias.org\/site\/\",\"logo\":{\"@type\":\"ImageObject\",\"inLanguage\":\"pt-PT\",\"@id\":\"https:\/\/brasilnoticias.org\/site\/#\/schema\/logo\/image\/\",\"url\":\"https:\/\/brasilnoticias.org\/site\/wp-content\/uploads\/2022\/05\/cropped-brasilnoticias-mini.jpg\",\"contentUrl\":\"https:\/\/brasilnoticias.org\/site\/wp-content\/uploads\/2022\/05\/cropped-brasilnoticias-mini.jpg\",\"width\":314,\"height\":86,\"caption\":\"Brasil not\u00edcias\"},\"image\":{\"@id\":\"https:\/\/brasilnoticias.org\/site\/#\/schema\/logo\/image\/\"}},{\"@type\":\"Person\",\"@id\":\"https:\/\/brasilnoticias.org\/site\/#\/schema\/person\/03bbbfe6c7634ad18c26444ea39049fa\",\"name\":\"Reda\u00e7\u00e3o\",\"image\":{\"@type\":\"ImageObject\",\"inLanguage\":\"pt-PT\",\"@id\":\"https:\/\/brasilnoticias.org\/site\/#\/schema\/person\/image\/\",\"url\":\"https:\/\/secure.gravatar.com\/avatar\/9ecaf7327a696cb23ad926fedded5f1f04d7049de9e445375d55b48c001a6e42?s=96&d=mm&r=g\",\"contentUrl\":\"https:\/\/secure.gravatar.com\/avatar\/9ecaf7327a696cb23ad926fedded5f1f04d7049de9e445375d55b48c001a6e42?s=96&d=mm&r=g\",\"caption\":\"Reda\u00e7\u00e3o\"},\"url\":\"https:\/\/brasilnoticias.org\/site\/author\/henrique\/\"}]}<\/script>\n<!-- \/ Yoast SEO plugin. -->","yoast_head_json":{"title":"C\u00e2mara de Salvador aprova quase 40 propostas em uma \u00fanica tarde, incluindo pol\u00eamico Estatuto dos Pais - Brasil not\u00edcias","robots":{"index":"index","follow":"follow","max-snippet":"max-snippet:-1","max-image-preview":"max-image-preview:large","max-video-preview":"max-video-preview:-1"},"canonical":"https:\/\/brasilnoticias.org\/site\/camara-de-salvador-aprova-quase-40-propostas-em-uma-unica-tarde-incluindo-polemico-estatuto-dos-pais\/","og_locale":"pt_PT","og_type":"article","og_title":"C\u00e2mara de Salvador aprova quase 40 propostas em uma \u00fanica tarde, incluindo pol\u00eamico Estatuto dos Pais - Brasil not\u00edcias","og_description":"Proposta de criar Estatuto Municipal de Direito dos Pais \u00e9 do vereador Alexandre Aleluia (PL) A C\u00e2mara de Salvador aprovou,","og_url":"https:\/\/brasilnoticias.org\/site\/camara-de-salvador-aprova-quase-40-propostas-em-uma-unica-tarde-incluindo-polemico-estatuto-dos-pais\/","og_site_name":"Brasil not\u00edcias","article_published_time":"2023-09-28T10:00:30+00:00","og_image":[{"width":1600,"height":752,"url":"https:\/\/brasilnoticias.org\/site\/wp-content\/uploads\/2023\/09\/141412camara-de-salvador-aprova-quase-40-propostas-em-uma-unica-tarde-incluindo-polemico-estatuto-dos-pais-3.jpg","type":"image\/jpeg"}],"author":"Reda\u00e7\u00e3o","twitter_card":"summary_large_image","twitter_misc":{"Escrito por":"Reda\u00e7\u00e3o"},"schema":{"@context":"https:\/\/schema.org","@graph":[{"@type":"Article","@id":"https:\/\/brasilnoticias.org\/site\/camara-de-salvador-aprova-quase-40-propostas-em-uma-unica-tarde-incluindo-polemico-estatuto-dos-pais\/#article","isPartOf":{"@id":"https:\/\/brasilnoticias.org\/site\/camara-de-salvador-aprova-quase-40-propostas-em-uma-unica-tarde-incluindo-polemico-estatuto-dos-pais\/"},"author":{"name":"Reda\u00e7\u00e3o","@id":"https:\/\/brasilnoticias.org\/site\/#\/schema\/person\/03bbbfe6c7634ad18c26444ea39049fa"},"headline":"C\u00e2mara de Salvador aprova quase 40 propostas em uma \u00fanica tarde, incluindo pol\u00eamico Estatuto dos Pais","datePublished":"2023-09-28T10:00:30+00:00","mainEntityOfPage":{"@id":"https:\/\/brasilnoticias.org\/site\/camara-de-salvador-aprova-quase-40-propostas-em-uma-unica-tarde-incluindo-polemico-estatuto-dos-pais\/"},"wordCount":319,"commentCount":0,"publisher":{"@id":"https:\/\/brasilnoticias.org\/site\/#organization"},"image":{"@id":"https:\/\/brasilnoticias.org\/site\/camara-de-salvador-aprova-quase-40-propostas-em-uma-unica-tarde-incluindo-polemico-estatuto-dos-pais\/#primaryimage"},"thumbnailUrl":"https:\/\/brasilnoticias.org\/site\/wp-content\/uploads\/2023\/09\/141412camara-de-salvador-aprova-quase-40-propostas-em-uma-unica-tarde-incluindo-polemico-estatuto-dos-pais-3.jpg","articleSection":["Pol\u00edtica","\u00daltimas"],"inLanguage":"pt-PT","potentialAction":[{"@type":"CommentAction","name":"Comment","target":["https:\/\/brasilnoticias.org\/site\/camara-de-salvador-aprova-quase-40-propostas-em-uma-unica-tarde-incluindo-polemico-estatuto-dos-pais\/#respond"]}]},{"@type":"WebPage","@id":"https:\/\/brasilnoticias.org\/site\/camara-de-salvador-aprova-quase-40-propostas-em-uma-unica-tarde-incluindo-polemico-estatuto-dos-pais\/","url":"https:\/\/brasilnoticias.org\/site\/camara-de-salvador-aprova-quase-40-propostas-em-uma-unica-tarde-incluindo-polemico-estatuto-dos-pais\/","name":"C\u00e2mara de Salvador aprova quase 40 propostas em uma \u00fanica tarde, incluindo pol\u00eamico Estatuto dos Pais - Brasil not\u00edcias","isPartOf":{"@id":"https:\/\/brasilnoticias.org\/site\/#website"},"primaryImageOfPage":{"@id":"https:\/\/brasilnoticias.org\/site\/camara-de-salvador-aprova-quase-40-propostas-em-uma-unica-tarde-incluindo-polemico-estatuto-dos-pais\/#primaryimage"},"image":{"@id":"https:\/\/brasilnoticias.org\/site\/camara-de-salvador-aprova-quase-40-propostas-em-uma-unica-tarde-incluindo-polemico-estatuto-dos-pais\/#primaryimage"},"thumbnailUrl":"https:\/\/brasilnoticias.org\/site\/wp-content\/uploads\/2023\/09\/141412camara-de-salvador-aprova-quase-40-propostas-em-uma-unica-tarde-incluindo-polemico-estatuto-dos-pais-3.jpg","datePublished":"2023-09-28T10:00:30+00:00","breadcrumb":{"@id":"https:\/\/brasilnoticias.org\/site\/camara-de-salvador-aprova-quase-40-propostas-em-uma-unica-tarde-incluindo-polemico-estatuto-dos-pais\/#breadcrumb"},"inLanguage":"pt-PT","potentialAction":[{"@type":"ReadAction","target":["https:\/\/brasilnoticias.org\/site\/camara-de-salvador-aprova-quase-40-propostas-em-uma-unica-tarde-incluindo-polemico-estatuto-dos-pais\/"]}]},{"@type":"ImageObject","inLanguage":"pt-PT","@id":"https:\/\/brasilnoticias.org\/site\/camara-de-salvador-aprova-quase-40-propostas-em-uma-unica-tarde-incluindo-polemico-estatuto-dos-pais\/#primaryimage","url":"https:\/\/brasilnoticias.org\/site\/wp-content\/uploads\/2023\/09\/141412camara-de-salvador-aprova-quase-40-propostas-em-uma-unica-tarde-incluindo-polemico-estatuto-dos-pais-3.jpg","contentUrl":"https:\/\/brasilnoticias.org\/site\/wp-content\/uploads\/2023\/09\/141412camara-de-salvador-aprova-quase-40-propostas-em-uma-unica-tarde-incluindo-polemico-estatuto-dos-pais-3.jpg","width":1600,"height":752},{"@type":"BreadcrumbList","@id":"https:\/\/brasilnoticias.org\/site\/camara-de-salvador-aprova-quase-40-propostas-em-uma-unica-tarde-incluindo-polemico-estatuto-dos-pais\/#breadcrumb","itemListElement":[{"@type":"ListItem","position":1,"name":"In\u00edcio","item":"https:\/\/brasilnoticias.org\/site\/"},{"@type":"ListItem","position":2,"name":"C\u00e2mara de Salvador aprova quase 40 propostas em uma \u00fanica tarde, incluindo pol\u00eamico Estatuto dos Pais"}]},{"@type":"WebSite","@id":"https:\/\/brasilnoticias.org\/site\/#website","url":"https:\/\/brasilnoticias.org\/site\/","name":"Brasil not\u00edcias","description":"Brasil not\u00edcias","publisher":{"@id":"https:\/\/brasilnoticias.org\/site\/#organization"},"potentialAction":[{"@type":"SearchAction","target":{"@type":"EntryPoint","urlTemplate":"https:\/\/brasilnoticias.org\/site\/?s={search_term_string}"},"query-input":{"@type":"PropertyValueSpecification","valueRequired":true,"valueName":"search_term_string"}}],"inLanguage":"pt-PT"},{"@type":"Organization","@id":"https:\/\/brasilnoticias.org\/site\/#organization","name":"Brasil not\u00edcias","url":"https:\/\/brasilnoticias.org\/site\/","logo":{"@type":"ImageObject","inLanguage":"pt-PT","@id":"https:\/\/brasilnoticias.org\/site\/#\/schema\/logo\/image\/","url":"https:\/\/brasilnoticias.org\/site\/wp-content\/uploads\/2022\/05\/cropped-brasilnoticias-mini.jpg","contentUrl":"https:\/\/brasilnoticias.org\/site\/wp-content\/uploads\/2022\/05\/cropped-brasilnoticias-mini.jpg","width":314,"height":86,"caption":"Brasil not\u00edcias"},"image":{"@id":"https:\/\/brasilnoticias.org\/site\/#\/schema\/logo\/image\/"}},{"@type":"Person","@id":"https:\/\/brasilnoticias.org\/site\/#\/schema\/person\/03bbbfe6c7634ad18c26444ea39049fa","name":"Reda\u00e7\u00e3o","image":{"@type":"ImageObject","inLanguage":"pt-PT","@id":"https:\/\/brasilnoticias.org\/site\/#\/schema\/person\/image\/","url":"https:\/\/secure.gravatar.com\/avatar\/9ecaf7327a696cb23ad926fedded5f1f04d7049de9e445375d55b48c001a6e42?s=96&d=mm&r=g","contentUrl":"https:\/\/secure.gravatar.com\/avatar\/9ecaf7327a696cb23ad926fedded5f1f04d7049de9e445375d55b48c001a6e42?s=96&d=mm&r=g","caption":"Reda\u00e7\u00e3o"},"url":"https:\/\/brasilnoticias.org\/site\/author\/henrique\/"}]}},"_links":{"self":[{"href":"https:\/\/brasilnoticias.org\/site\/wp-json\/wp\/v2\/posts\/9648","targetHints":{"allow":["GET"]}}],"collection":[{"href":"https:\/\/brasilnoticias.org\/site\/wp-json\/wp\/v2\/posts"}],"about":[{"href":"https:\/\/brasilnoticias.org\/site\/wp-json\/wp\/v2\/types\/post"}],"author":[{"embeddable":true,"href":"https:\/\/brasilnoticias.org\/site\/wp-json\/wp\/v2\/users\/4"}],"replies":[{"embeddable":true,"href":"https:\/\/brasilnoticias.org\/site\/wp-json\/wp\/v2\/comments?post=9648"}],"version-history":[{"count":1,"href":"https:\/\/brasilnoticias.org\/site\/wp-json\/wp\/v2\/posts\/9648\/revisions"}],"predecessor-version":[{"id":9650,"href":"https:\/\/brasilnoticias.org\/site\/wp-json\/wp\/v2\/posts\/9648\/revisions\/9650"}],"wp:featuredmedia":[{"embeddable":true,"href":"https:\/\/brasilnoticias.org\/site\/wp-json\/wp\/v2\/media\/9649"}],"wp:attachment":[{"href":"https:\/\/brasilnoticias.org\/site\/wp-json\/wp\/v2\/media?parent=9648"}],"wp:term":[{"taxonomy":"category","embeddable":true,"href":"https:\/\/brasilnoticias.org\/site\/wp-json\/wp\/v2\/categories?post=9648"},{"taxonomy":"post_tag","embeddable":true,"href":"https:\/\/brasilnoticias.org\/site\/wp-json\/wp\/v2\/tags?post=9648"}],"curies":[{"name":"wp","href":"https:\/\/api.w.org\/{rel}","templated":true}]}}