{"id":9657,"date":"2023-09-28T10:00:39","date_gmt":"2023-09-28T13:00:39","guid":{"rendered":"https:\/\/brasilnoticias.org\/site\/?p=9657"},"modified":"2023-09-28T12:34:29","modified_gmt":"2023-09-28T15:34:29","slug":"centro-territorial-de-educacao-profissional-do-sisal-e-premiado-por-projeto-de-estagio-social","status":"publish","type":"post","link":"https:\/\/brasilnoticias.org\/site\/centro-territorial-de-educacao-profissional-do-sisal-e-premiado-por-projeto-de-estagio-social\/","title":{"rendered":"Centro Territorial de Educa\u00e7\u00e3o Profissional do Sisal \u00e9 premiado por projeto de est\u00e1gio social"},"content":{"rendered":"<p>O Centro Territorial de Educa\u00e7\u00e3o Profissional (Cetep) do Sisal, localizado no munic\u00edpio de Serrinha, ficou em terceiro lugar da categoria \u201cEst\u00e1gio \u2013 modalidade educa\u00e7\u00e3o inovadora \u2013 n\u00edvel t\u00e9cnico\u201d do Pr\u00eamio IEL de Talentos. A premia\u00e7\u00e3o reconhece pr\u00e1ticas de est\u00e1gio e projetos de inova\u00e7\u00e3o em todo pa\u00eds. O destaque do Cetep foi gra\u00e7as ao projeto \u201cEst\u00e1gio civil em an\u00e1lises cl\u00ednicas\u201d, que conseguiu unir a pr\u00e1tica necess\u00e1ria na forma\u00e7\u00e3o dos estudantes \u00e0s demandas da comunidade onde vivem, por meio da realiza\u00e7\u00e3o de exames gratuitos, como parasitol\u00f3gicos de fezes e de sangue, glicemia e colesterol.<\/p>\n<p>O professor-orientador Rob\u00e9rio Menezes falou sobre as estrat\u00e9gias adotadas para o desenvolvimento do chamado est\u00e1gio social: \u201cidentificamos que j\u00e1 t\u00ednhamos um laborat\u00f3rio equipado na escola e professores qualificados. Ent\u00e3o, montamos o projeto que funciona hoje com a supervis\u00e3o de profissionais de n\u00edvel superior e de acordo com as normas da vigil\u00e2ncia sanit\u00e1ria\u201d.<\/p>\n<p>A sele\u00e7\u00e3o dos estagi\u00e1rios leva em conta as m\u00e9dias dos estudantes. As aulas pr\u00e1ticas acontecem todas \u00e0s ter\u00e7as e quartas, das 13h \u00e0s 17h, no laborat\u00f3rio do Cetep. O estudante Guilherme Santos, 18, 3\u00ba ano, do curso t\u00e9cnico em An\u00e1lises Cl\u00ednicas, ressaltou a import\u00e2ncia da etapa de forma\u00e7\u00e3o para o futuro exerc\u00edcio profissional: \u201cter uma oportunidade como essa dentro da nossa escola foi de uma enorme ajuda para n\u00f3s e traz seguran\u00e7a para nossos pais por saberem que estamos no ambiente escolar. \u00c9 uma experi\u00eancia \u00f3tima, pois, al\u00e9m de aprender e crescer na parte pr\u00e1tica, os exames beneficiam pessoas da comunidade, e isso \u00e9 muito importante\u201d.<\/p>\n<p>A comunidade escolar est\u00e1 em festa com a premia\u00e7\u00e3o, como revela o professor Rob\u00e9rio Menezes. \u201cGanhar um pr\u00eamio como este \u00e9 a maneira de mensurarmos que estamos no caminho correto com os nossos alunos. Quando vemos todos esses estudantes no mercado de trabalho, no campo de est\u00e1gio, desenvolvendo a profiss\u00e3o para a qual estudaram, \u00e9 muito gratificante, ainda mais quando estamos atendendo a nossa comunidade\u201d, avalia.<\/p>\n<p>Foto: Divulga\u00e7\u00e3o<br \/>\nFonte: Ascom\/SEC<\/p>\n","protected":false},"excerpt":{"rendered":"<p>O Centro Territorial de Educa\u00e7\u00e3o Profissional (Cetep) do Sisal, localizado no munic\u00edpio de Serrinha, ficou em terceiro lugar da categoria<\/p>\n","protected":false},"author":4,"featured_media":9658,"comment_status":"open","ping_status":"open","sticky":false,"template":"","format":"standard","meta":{"colormag_page_container_layout":"default_layout","colormag_page_sidebar_layout":"default_layout","_FSMCFIC_featured_image_caption":"","_FSMCFIC_featured_image_nocaption":"","_FSMCFIC_featured_image_hide":"","footnotes":""},"categories":[2,1],"tags":[],"class_list":["post-9657","post","type-post","status-publish","format-standard","has-post-thumbnail","hentry","category-noticias","category-ultimas"],"yoast_head":"<!-- This site is optimized with the Yoast SEO plugin v27.1.1 - https:\/\/yoast.com\/product\/yoast-seo-wordpress\/ -->\n<title>Centro Territorial de Educa\u00e7\u00e3o Profissional do Sisal \u00e9 premiado por projeto de est\u00e1gio social - Brasil not\u00edcias<\/title>\n<meta name=\"robots\" content=\"index, follow, max-snippet:-1, max-image-preview:large, max-video-preview:-1\" \/>\n<link rel=\"canonical\" href=\"https:\/\/brasilnoticias.org\/site\/centro-territorial-de-educacao-profissional-do-sisal-e-premiado-por-projeto-de-estagio-social\/\" \/>\n<meta property=\"og:locale\" content=\"pt_PT\" \/>\n<meta property=\"og:type\" content=\"article\" \/>\n<meta property=\"og:title\" content=\"Centro Territorial de Educa\u00e7\u00e3o Profissional do Sisal \u00e9 premiado por projeto de est\u00e1gio social - Brasil not\u00edcias\" \/>\n<meta property=\"og:description\" content=\"O Centro Territorial de Educa\u00e7\u00e3o Profissional (Cetep) do Sisal, localizado no munic\u00edpio de Serrinha, ficou em terceiro lugar da categoria\" \/>\n<meta property=\"og:url\" content=\"https:\/\/brasilnoticias.org\/site\/centro-territorial-de-educacao-profissional-do-sisal-e-premiado-por-projeto-de-estagio-social\/\" \/>\n<meta property=\"og:site_name\" content=\"Brasil not\u00edcias\" \/>\n<meta property=\"article:published_time\" content=\"2023-09-28T13:00:39+00:00\" \/>\n<meta property=\"article:modified_time\" content=\"2023-09-28T15:34:29+00:00\" \/>\n<meta property=\"og:image\" content=\"https:\/\/brasilnoticias.org\/site\/wp-content\/uploads\/2023\/09\/Centro-Territorial-de-Educacao-Profissional-do-Sisal-1068x801-1.jpeg\" \/>\n\t<meta property=\"og:image:width\" content=\"1068\" \/>\n\t<meta property=\"og:image:height\" content=\"801\" \/>\n\t<meta property=\"og:image:type\" content=\"image\/jpeg\" \/>\n<meta name=\"author\" content=\"Reda\u00e7\u00e3o\" \/>\n<meta name=\"twitter:card\" content=\"summary_large_image\" \/>\n<meta name=\"twitter:label1\" content=\"Escrito por\" \/>\n\t<meta name=\"twitter:data1\" content=\"Reda\u00e7\u00e3o\" \/>\n\t<meta name=\"twitter:label2\" content=\"Tempo estimado de leitura\" \/>\n\t<meta name=\"twitter:data2\" content=\"2 minutos\" \/>\n<script type=\"application\/ld+json\" class=\"yoast-schema-graph\">{\"@context\":\"https:\/\/schema.org\",\"@graph\":[{\"@type\":\"Article\",\"@id\":\"https:\/\/brasilnoticias.org\/site\/centro-territorial-de-educacao-profissional-do-sisal-e-premiado-por-projeto-de-estagio-social\/#article\",\"isPartOf\":{\"@id\":\"https:\/\/brasilnoticias.org\/site\/centro-territorial-de-educacao-profissional-do-sisal-e-premiado-por-projeto-de-estagio-social\/\"},\"author\":{\"name\":\"Reda\u00e7\u00e3o\",\"@id\":\"https:\/\/brasilnoticias.org\/site\/#\/schema\/person\/03bbbfe6c7634ad18c26444ea39049fa\"},\"headline\":\"Centro Territorial de Educa\u00e7\u00e3o Profissional do Sisal \u00e9 premiado por projeto de est\u00e1gio social\",\"datePublished\":\"2023-09-28T13:00:39+00:00\",\"dateModified\":\"2023-09-28T15:34:29+00:00\",\"mainEntityOfPage\":{\"@id\":\"https:\/\/brasilnoticias.org\/site\/centro-territorial-de-educacao-profissional-do-sisal-e-premiado-por-projeto-de-estagio-social\/\"},\"wordCount\":382,\"commentCount\":0,\"publisher\":{\"@id\":\"https:\/\/brasilnoticias.org\/site\/#organization\"},\"image\":{\"@id\":\"https:\/\/brasilnoticias.org\/site\/centro-territorial-de-educacao-profissional-do-sisal-e-premiado-por-projeto-de-estagio-social\/#primaryimage\"},\"thumbnailUrl\":\"https:\/\/brasilnoticias.org\/site\/wp-content\/uploads\/2023\/09\/Centro-Territorial-de-Educacao-Profissional-do-Sisal-1068x801-1.jpeg\",\"articleSection\":[\"Not\u00edcias\",\"\u00daltimas\"],\"inLanguage\":\"pt-PT\",\"potentialAction\":[{\"@type\":\"CommentAction\",\"name\":\"Comment\",\"target\":[\"https:\/\/brasilnoticias.org\/site\/centro-territorial-de-educacao-profissional-do-sisal-e-premiado-por-projeto-de-estagio-social\/#respond\"]}]},{\"@type\":\"WebPage\",\"@id\":\"https:\/\/brasilnoticias.org\/site\/centro-territorial-de-educacao-profissional-do-sisal-e-premiado-por-projeto-de-estagio-social\/\",\"url\":\"https:\/\/brasilnoticias.org\/site\/centro-territorial-de-educacao-profissional-do-sisal-e-premiado-por-projeto-de-estagio-social\/\",\"name\":\"Centro Territorial de Educa\u00e7\u00e3o Profissional do Sisal \u00e9 premiado por projeto de est\u00e1gio social - Brasil not\u00edcias\",\"isPartOf\":{\"@id\":\"https:\/\/brasilnoticias.org\/site\/#website\"},\"primaryImageOfPage\":{\"@id\":\"https:\/\/brasilnoticias.org\/site\/centro-territorial-de-educacao-profissional-do-sisal-e-premiado-por-projeto-de-estagio-social\/#primaryimage\"},\"image\":{\"@id\":\"https:\/\/brasilnoticias.org\/site\/centro-territorial-de-educacao-profissional-do-sisal-e-premiado-por-projeto-de-estagio-social\/#primaryimage\"},\"thumbnailUrl\":\"https:\/\/brasilnoticias.org\/site\/wp-content\/uploads\/2023\/09\/Centro-Territorial-de-Educacao-Profissional-do-Sisal-1068x801-1.jpeg\",\"datePublished\":\"2023-09-28T13:00:39+00:00\",\"dateModified\":\"2023-09-28T15:34:29+00:00\",\"breadcrumb\":{\"@id\":\"https:\/\/brasilnoticias.org\/site\/centro-territorial-de-educacao-profissional-do-sisal-e-premiado-por-projeto-de-estagio-social\/#breadcrumb\"},\"inLanguage\":\"pt-PT\",\"potentialAction\":[{\"@type\":\"ReadAction\",\"target\":[\"https:\/\/brasilnoticias.org\/site\/centro-territorial-de-educacao-profissional-do-sisal-e-premiado-por-projeto-de-estagio-social\/\"]}]},{\"@type\":\"ImageObject\",\"inLanguage\":\"pt-PT\",\"@id\":\"https:\/\/brasilnoticias.org\/site\/centro-territorial-de-educacao-profissional-do-sisal-e-premiado-por-projeto-de-estagio-social\/#primaryimage\",\"url\":\"https:\/\/brasilnoticias.org\/site\/wp-content\/uploads\/2023\/09\/Centro-Territorial-de-Educacao-Profissional-do-Sisal-1068x801-1.jpeg\",\"contentUrl\":\"https:\/\/brasilnoticias.org\/site\/wp-content\/uploads\/2023\/09\/Centro-Territorial-de-Educacao-Profissional-do-Sisal-1068x801-1.jpeg\",\"width\":1068,\"height\":801},{\"@type\":\"BreadcrumbList\",\"@id\":\"https:\/\/brasilnoticias.org\/site\/centro-territorial-de-educacao-profissional-do-sisal-e-premiado-por-projeto-de-estagio-social\/#breadcrumb\",\"itemListElement\":[{\"@type\":\"ListItem\",\"position\":1,\"name\":\"In\u00edcio\",\"item\":\"https:\/\/brasilnoticias.org\/site\/\"},{\"@type\":\"ListItem\",\"position\":2,\"name\":\"Centro Territorial de Educa\u00e7\u00e3o Profissional do Sisal \u00e9 premiado por projeto de est\u00e1gio social\"}]},{\"@type\":\"WebSite\",\"@id\":\"https:\/\/brasilnoticias.org\/site\/#website\",\"url\":\"https:\/\/brasilnoticias.org\/site\/\",\"name\":\"Brasil not\u00edcias\",\"description\":\"Brasil not\u00edcias\",\"publisher\":{\"@id\":\"https:\/\/brasilnoticias.org\/site\/#organization\"},\"potentialAction\":[{\"@type\":\"SearchAction\",\"target\":{\"@type\":\"EntryPoint\",\"urlTemplate\":\"https:\/\/brasilnoticias.org\/site\/?s={search_term_string}\"},\"query-input\":{\"@type\":\"PropertyValueSpecification\",\"valueRequired\":true,\"valueName\":\"search_term_string\"}}],\"inLanguage\":\"pt-PT\"},{\"@type\":\"Organization\",\"@id\":\"https:\/\/brasilnoticias.org\/site\/#organization\",\"name\":\"Brasil not\u00edcias\",\"url\":\"https:\/\/brasilnoticias.org\/site\/\",\"logo\":{\"@type\":\"ImageObject\",\"inLanguage\":\"pt-PT\",\"@id\":\"https:\/\/brasilnoticias.org\/site\/#\/schema\/logo\/image\/\",\"url\":\"https:\/\/brasilnoticias.org\/site\/wp-content\/uploads\/2022\/05\/cropped-brasilnoticias-mini.jpg\",\"contentUrl\":\"https:\/\/brasilnoticias.org\/site\/wp-content\/uploads\/2022\/05\/cropped-brasilnoticias-mini.jpg\",\"width\":314,\"height\":86,\"caption\":\"Brasil not\u00edcias\"},\"image\":{\"@id\":\"https:\/\/brasilnoticias.org\/site\/#\/schema\/logo\/image\/\"}},{\"@type\":\"Person\",\"@id\":\"https:\/\/brasilnoticias.org\/site\/#\/schema\/person\/03bbbfe6c7634ad18c26444ea39049fa\",\"name\":\"Reda\u00e7\u00e3o\",\"image\":{\"@type\":\"ImageObject\",\"inLanguage\":\"pt-PT\",\"@id\":\"https:\/\/brasilnoticias.org\/site\/#\/schema\/person\/image\/\",\"url\":\"https:\/\/secure.gravatar.com\/avatar\/9ecaf7327a696cb23ad926fedded5f1f04d7049de9e445375d55b48c001a6e42?s=96&d=mm&r=g\",\"contentUrl\":\"https:\/\/secure.gravatar.com\/avatar\/9ecaf7327a696cb23ad926fedded5f1f04d7049de9e445375d55b48c001a6e42?s=96&d=mm&r=g\",\"caption\":\"Reda\u00e7\u00e3o\"},\"url\":\"https:\/\/brasilnoticias.org\/site\/author\/henrique\/\"}]}<\/script>\n<!-- \/ Yoast SEO plugin. -->","yoast_head_json":{"title":"Centro Territorial de Educa\u00e7\u00e3o Profissional do Sisal \u00e9 premiado por projeto de est\u00e1gio social - Brasil not\u00edcias","robots":{"index":"index","follow":"follow","max-snippet":"max-snippet:-1","max-image-preview":"max-image-preview:large","max-video-preview":"max-video-preview:-1"},"canonical":"https:\/\/brasilnoticias.org\/site\/centro-territorial-de-educacao-profissional-do-sisal-e-premiado-por-projeto-de-estagio-social\/","og_locale":"pt_PT","og_type":"article","og_title":"Centro Territorial de Educa\u00e7\u00e3o Profissional do Sisal \u00e9 premiado por projeto de est\u00e1gio social - Brasil not\u00edcias","og_description":"O Centro Territorial de Educa\u00e7\u00e3o Profissional (Cetep) do Sisal, localizado no munic\u00edpio de Serrinha, ficou em terceiro lugar da categoria","og_url":"https:\/\/brasilnoticias.org\/site\/centro-territorial-de-educacao-profissional-do-sisal-e-premiado-por-projeto-de-estagio-social\/","og_site_name":"Brasil not\u00edcias","article_published_time":"2023-09-28T13:00:39+00:00","article_modified_time":"2023-09-28T15:34:29+00:00","og_image":[{"width":1068,"height":801,"url":"https:\/\/brasilnoticias.org\/site\/wp-content\/uploads\/2023\/09\/Centro-Territorial-de-Educacao-Profissional-do-Sisal-1068x801-1.jpeg","type":"image\/jpeg"}],"author":"Reda\u00e7\u00e3o","twitter_card":"summary_large_image","twitter_misc":{"Escrito por":"Reda\u00e7\u00e3o","Tempo estimado de leitura":"2 minutos"},"schema":{"@context":"https:\/\/schema.org","@graph":[{"@type":"Article","@id":"https:\/\/brasilnoticias.org\/site\/centro-territorial-de-educacao-profissional-do-sisal-e-premiado-por-projeto-de-estagio-social\/#article","isPartOf":{"@id":"https:\/\/brasilnoticias.org\/site\/centro-territorial-de-educacao-profissional-do-sisal-e-premiado-por-projeto-de-estagio-social\/"},"author":{"name":"Reda\u00e7\u00e3o","@id":"https:\/\/brasilnoticias.org\/site\/#\/schema\/person\/03bbbfe6c7634ad18c26444ea39049fa"},"headline":"Centro Territorial de Educa\u00e7\u00e3o Profissional do Sisal \u00e9 premiado por projeto de est\u00e1gio social","datePublished":"2023-09-28T13:00:39+00:00","dateModified":"2023-09-28T15:34:29+00:00","mainEntityOfPage":{"@id":"https:\/\/brasilnoticias.org\/site\/centro-territorial-de-educacao-profissional-do-sisal-e-premiado-por-projeto-de-estagio-social\/"},"wordCount":382,"commentCount":0,"publisher":{"@id":"https:\/\/brasilnoticias.org\/site\/#organization"},"image":{"@id":"https:\/\/brasilnoticias.org\/site\/centro-territorial-de-educacao-profissional-do-sisal-e-premiado-por-projeto-de-estagio-social\/#primaryimage"},"thumbnailUrl":"https:\/\/brasilnoticias.org\/site\/wp-content\/uploads\/2023\/09\/Centro-Territorial-de-Educacao-Profissional-do-Sisal-1068x801-1.jpeg","articleSection":["Not\u00edcias","\u00daltimas"],"inLanguage":"pt-PT","potentialAction":[{"@type":"CommentAction","name":"Comment","target":["https:\/\/brasilnoticias.org\/site\/centro-territorial-de-educacao-profissional-do-sisal-e-premiado-por-projeto-de-estagio-social\/#respond"]}]},{"@type":"WebPage","@id":"https:\/\/brasilnoticias.org\/site\/centro-territorial-de-educacao-profissional-do-sisal-e-premiado-por-projeto-de-estagio-social\/","url":"https:\/\/brasilnoticias.org\/site\/centro-territorial-de-educacao-profissional-do-sisal-e-premiado-por-projeto-de-estagio-social\/","name":"Centro Territorial de Educa\u00e7\u00e3o Profissional do Sisal \u00e9 premiado por projeto de est\u00e1gio social - Brasil not\u00edcias","isPartOf":{"@id":"https:\/\/brasilnoticias.org\/site\/#website"},"primaryImageOfPage":{"@id":"https:\/\/brasilnoticias.org\/site\/centro-territorial-de-educacao-profissional-do-sisal-e-premiado-por-projeto-de-estagio-social\/#primaryimage"},"image":{"@id":"https:\/\/brasilnoticias.org\/site\/centro-territorial-de-educacao-profissional-do-sisal-e-premiado-por-projeto-de-estagio-social\/#primaryimage"},"thumbnailUrl":"https:\/\/brasilnoticias.org\/site\/wp-content\/uploads\/2023\/09\/Centro-Territorial-de-Educacao-Profissional-do-Sisal-1068x801-1.jpeg","datePublished":"2023-09-28T13:00:39+00:00","dateModified":"2023-09-28T15:34:29+00:00","breadcrumb":{"@id":"https:\/\/brasilnoticias.org\/site\/centro-territorial-de-educacao-profissional-do-sisal-e-premiado-por-projeto-de-estagio-social\/#breadcrumb"},"inLanguage":"pt-PT","potentialAction":[{"@type":"ReadAction","target":["https:\/\/brasilnoticias.org\/site\/centro-territorial-de-educacao-profissional-do-sisal-e-premiado-por-projeto-de-estagio-social\/"]}]},{"@type":"ImageObject","inLanguage":"pt-PT","@id":"https:\/\/brasilnoticias.org\/site\/centro-territorial-de-educacao-profissional-do-sisal-e-premiado-por-projeto-de-estagio-social\/#primaryimage","url":"https:\/\/brasilnoticias.org\/site\/wp-content\/uploads\/2023\/09\/Centro-Territorial-de-Educacao-Profissional-do-Sisal-1068x801-1.jpeg","contentUrl":"https:\/\/brasilnoticias.org\/site\/wp-content\/uploads\/2023\/09\/Centro-Territorial-de-Educacao-Profissional-do-Sisal-1068x801-1.jpeg","width":1068,"height":801},{"@type":"BreadcrumbList","@id":"https:\/\/brasilnoticias.org\/site\/centro-territorial-de-educacao-profissional-do-sisal-e-premiado-por-projeto-de-estagio-social\/#breadcrumb","itemListElement":[{"@type":"ListItem","position":1,"name":"In\u00edcio","item":"https:\/\/brasilnoticias.org\/site\/"},{"@type":"ListItem","position":2,"name":"Centro Territorial de Educa\u00e7\u00e3o Profissional do Sisal \u00e9 premiado por projeto de est\u00e1gio social"}]},{"@type":"WebSite","@id":"https:\/\/brasilnoticias.org\/site\/#website","url":"https:\/\/brasilnoticias.org\/site\/","name":"Brasil not\u00edcias","description":"Brasil not\u00edcias","publisher":{"@id":"https:\/\/brasilnoticias.org\/site\/#organization"},"potentialAction":[{"@type":"SearchAction","target":{"@type":"EntryPoint","urlTemplate":"https:\/\/brasilnoticias.org\/site\/?s={search_term_string}"},"query-input":{"@type":"PropertyValueSpecification","valueRequired":true,"valueName":"search_term_string"}}],"inLanguage":"pt-PT"},{"@type":"Organization","@id":"https:\/\/brasilnoticias.org\/site\/#organization","name":"Brasil not\u00edcias","url":"https:\/\/brasilnoticias.org\/site\/","logo":{"@type":"ImageObject","inLanguage":"pt-PT","@id":"https:\/\/brasilnoticias.org\/site\/#\/schema\/logo\/image\/","url":"https:\/\/brasilnoticias.org\/site\/wp-content\/uploads\/2022\/05\/cropped-brasilnoticias-mini.jpg","contentUrl":"https:\/\/brasilnoticias.org\/site\/wp-content\/uploads\/2022\/05\/cropped-brasilnoticias-mini.jpg","width":314,"height":86,"caption":"Brasil not\u00edcias"},"image":{"@id":"https:\/\/brasilnoticias.org\/site\/#\/schema\/logo\/image\/"}},{"@type":"Person","@id":"https:\/\/brasilnoticias.org\/site\/#\/schema\/person\/03bbbfe6c7634ad18c26444ea39049fa","name":"Reda\u00e7\u00e3o","image":{"@type":"ImageObject","inLanguage":"pt-PT","@id":"https:\/\/brasilnoticias.org\/site\/#\/schema\/person\/image\/","url":"https:\/\/secure.gravatar.com\/avatar\/9ecaf7327a696cb23ad926fedded5f1f04d7049de9e445375d55b48c001a6e42?s=96&d=mm&r=g","contentUrl":"https:\/\/secure.gravatar.com\/avatar\/9ecaf7327a696cb23ad926fedded5f1f04d7049de9e445375d55b48c001a6e42?s=96&d=mm&r=g","caption":"Reda\u00e7\u00e3o"},"url":"https:\/\/brasilnoticias.org\/site\/author\/henrique\/"}]}},"_links":{"self":[{"href":"https:\/\/brasilnoticias.org\/site\/wp-json\/wp\/v2\/posts\/9657","targetHints":{"allow":["GET"]}}],"collection":[{"href":"https:\/\/brasilnoticias.org\/site\/wp-json\/wp\/v2\/posts"}],"about":[{"href":"https:\/\/brasilnoticias.org\/site\/wp-json\/wp\/v2\/types\/post"}],"author":[{"embeddable":true,"href":"https:\/\/brasilnoticias.org\/site\/wp-json\/wp\/v2\/users\/4"}],"replies":[{"embeddable":true,"href":"https:\/\/brasilnoticias.org\/site\/wp-json\/wp\/v2\/comments?post=9657"}],"version-history":[{"count":1,"href":"https:\/\/brasilnoticias.org\/site\/wp-json\/wp\/v2\/posts\/9657\/revisions"}],"predecessor-version":[{"id":9659,"href":"https:\/\/brasilnoticias.org\/site\/wp-json\/wp\/v2\/posts\/9657\/revisions\/9659"}],"wp:featuredmedia":[{"embeddable":true,"href":"https:\/\/brasilnoticias.org\/site\/wp-json\/wp\/v2\/media\/9658"}],"wp:attachment":[{"href":"https:\/\/brasilnoticias.org\/site\/wp-json\/wp\/v2\/media?parent=9657"}],"wp:term":[{"taxonomy":"category","embeddable":true,"href":"https:\/\/brasilnoticias.org\/site\/wp-json\/wp\/v2\/categories?post=9657"},{"taxonomy":"post_tag","embeddable":true,"href":"https:\/\/brasilnoticias.org\/site\/wp-json\/wp\/v2\/tags?post=9657"}],"curies":[{"name":"wp","href":"https:\/\/api.w.org\/{rel}","templated":true}]}}