{"id":9690,"date":"2023-09-29T05:00:41","date_gmt":"2023-09-29T08:00:41","guid":{"rendered":"https:\/\/brasilnoticias.org\/site\/?p=9690"},"modified":"2023-09-28T22:35:11","modified_gmt":"2023-09-29T01:35:11","slug":"preco-da-gasolina-vendida-para-postos-de-salvador-tera-aumento-de-13","status":"publish","type":"post","link":"https:\/\/brasilnoticias.org\/site\/preco-da-gasolina-vendida-para-postos-de-salvador-tera-aumento-de-13\/","title":{"rendered":"Pre\u00e7o da gasolina vendida para postos de Salvador ter\u00e1 aumento de 13%"},"content":{"rendered":"<p>Empresa administradora da Refinaria Mataripe anunciou aumento na gasolina tipo A nesta quinta-feira (28\/9)<\/p>\n<p>A gasolina tipo A vendida para postos de combust\u00edveis da capital baiana sofrer\u00e1 um aumento de 13,3%, de acordo com an\u00fancio feito nesta quinta-feira (28\/9) pela empresa Acelen, que administra a Refinaria Mataripe, em S\u00e3o Francisco do Conde, Regi\u00e3o Metropolitana de Salvador. Segundo a refinaria, o pre\u00e7o da gasolina para os revendedores subiu de R$ 2,943 para R$ 3,334.<\/p>\n<p>Em nota, a Acelen informou que o aumento tem rela\u00e7\u00e3o com vari\u00e1veis do mercado como custo do petr\u00f3leo, cota\u00e7\u00e3o do d\u00f3lar e frete, \u201cpodendo variar para cima ou para baixo\u201d. A empresa destacou ainda que o pre\u00e7o praticado pela refinaria \u00e9 amparado por crit\u00e9rios t\u00e9cnicos, seguindo o mercado internacional.<\/p>\n<p>Ainda n\u00e3o h\u00e1 informa\u00e7\u00f5es sobre o impacto desse reajuste no pre\u00e7o final da gasolina praticado pelos postos de Salvador, que tem liberdade para definir os valores repassados aos clientes.<\/p>\n<p>Foto: Marcelo Camargo \/ Ag.Brasil<br \/>\nAratu On<\/p>\n","protected":false},"excerpt":{"rendered":"<p>Empresa administradora da Refinaria Mataripe anunciou aumento na gasolina tipo A nesta quinta-feira (28\/9) A gasolina tipo A vendida para<\/p>\n","protected":false},"author":4,"featured_media":9691,"comment_status":"open","ping_status":"open","sticky":false,"template":"","format":"standard","meta":{"colormag_page_container_layout":"default_layout","colormag_page_sidebar_layout":"default_layout","_FSMCFIC_featured_image_caption":"","_FSMCFIC_featured_image_nocaption":"","_FSMCFIC_featured_image_hide":"","footnotes":""},"categories":[2,1],"tags":[],"class_list":["post-9690","post","type-post","status-publish","format-standard","has-post-thumbnail","hentry","category-noticias","category-ultimas"],"yoast_head":"<!-- This site is optimized with the Yoast SEO plugin v27.1.1 - https:\/\/yoast.com\/product\/yoast-seo-wordpress\/ -->\n<title>Pre\u00e7o da gasolina vendida para postos de Salvador ter\u00e1 aumento de 13% - Brasil not\u00edcias<\/title>\n<meta name=\"robots\" content=\"index, follow, max-snippet:-1, max-image-preview:large, max-video-preview:-1\" \/>\n<link rel=\"canonical\" href=\"https:\/\/brasilnoticias.org\/site\/preco-da-gasolina-vendida-para-postos-de-salvador-tera-aumento-de-13\/\" \/>\n<meta property=\"og:locale\" content=\"pt_PT\" \/>\n<meta property=\"og:type\" content=\"article\" \/>\n<meta property=\"og:title\" content=\"Pre\u00e7o da gasolina vendida para postos de Salvador ter\u00e1 aumento de 13% - Brasil not\u00edcias\" \/>\n<meta property=\"og:description\" content=\"Empresa administradora da Refinaria Mataripe anunciou aumento na gasolina tipo A nesta quinta-feira (28\/9) A gasolina tipo A vendida para\" \/>\n<meta property=\"og:url\" content=\"https:\/\/brasilnoticias.org\/site\/preco-da-gasolina-vendida-para-postos-de-salvador-tera-aumento-de-13\/\" \/>\n<meta property=\"og:site_name\" content=\"Brasil not\u00edcias\" \/>\n<meta property=\"article:published_time\" content=\"2023-09-29T08:00:41+00:00\" \/>\n<meta property=\"og:image\" content=\"https:\/\/brasilnoticias.org\/site\/wp-content\/uploads\/2023\/09\/imagem-destacada-gasolina-fica-3-mais-barata-nos-postos-apos-corte-nos-precos-da-740x470-1.jpg\" \/>\n\t<meta property=\"og:image:width\" content=\"740\" \/>\n\t<meta property=\"og:image:height\" content=\"470\" \/>\n\t<meta property=\"og:image:type\" content=\"image\/jpeg\" \/>\n<meta name=\"author\" content=\"Reda\u00e7\u00e3o\" \/>\n<meta name=\"twitter:card\" content=\"summary_large_image\" \/>\n<meta name=\"twitter:label1\" content=\"Escrito por\" \/>\n\t<meta name=\"twitter:data1\" content=\"Reda\u00e7\u00e3o\" \/>\n<script type=\"application\/ld+json\" class=\"yoast-schema-graph\">{\"@context\":\"https:\/\/schema.org\",\"@graph\":[{\"@type\":\"Article\",\"@id\":\"https:\/\/brasilnoticias.org\/site\/preco-da-gasolina-vendida-para-postos-de-salvador-tera-aumento-de-13\/#article\",\"isPartOf\":{\"@id\":\"https:\/\/brasilnoticias.org\/site\/preco-da-gasolina-vendida-para-postos-de-salvador-tera-aumento-de-13\/\"},\"author\":{\"name\":\"Reda\u00e7\u00e3o\",\"@id\":\"https:\/\/brasilnoticias.org\/site\/#\/schema\/person\/03bbbfe6c7634ad18c26444ea39049fa\"},\"headline\":\"Pre\u00e7o da gasolina vendida para postos de Salvador ter\u00e1 aumento de 13%\",\"datePublished\":\"2023-09-29T08:00:41+00:00\",\"mainEntityOfPage\":{\"@id\":\"https:\/\/brasilnoticias.org\/site\/preco-da-gasolina-vendida-para-postos-de-salvador-tera-aumento-de-13\/\"},\"wordCount\":180,\"commentCount\":0,\"publisher\":{\"@id\":\"https:\/\/brasilnoticias.org\/site\/#organization\"},\"image\":{\"@id\":\"https:\/\/brasilnoticias.org\/site\/preco-da-gasolina-vendida-para-postos-de-salvador-tera-aumento-de-13\/#primaryimage\"},\"thumbnailUrl\":\"https:\/\/brasilnoticias.org\/site\/wp-content\/uploads\/2023\/09\/imagem-destacada-gasolina-fica-3-mais-barata-nos-postos-apos-corte-nos-precos-da-740x470-1.jpg\",\"articleSection\":[\"Not\u00edcias\",\"\u00daltimas\"],\"inLanguage\":\"pt-PT\",\"potentialAction\":[{\"@type\":\"CommentAction\",\"name\":\"Comment\",\"target\":[\"https:\/\/brasilnoticias.org\/site\/preco-da-gasolina-vendida-para-postos-de-salvador-tera-aumento-de-13\/#respond\"]}]},{\"@type\":\"WebPage\",\"@id\":\"https:\/\/brasilnoticias.org\/site\/preco-da-gasolina-vendida-para-postos-de-salvador-tera-aumento-de-13\/\",\"url\":\"https:\/\/brasilnoticias.org\/site\/preco-da-gasolina-vendida-para-postos-de-salvador-tera-aumento-de-13\/\",\"name\":\"Pre\u00e7o da gasolina vendida para postos de Salvador ter\u00e1 aumento de 13% - Brasil not\u00edcias\",\"isPartOf\":{\"@id\":\"https:\/\/brasilnoticias.org\/site\/#website\"},\"primaryImageOfPage\":{\"@id\":\"https:\/\/brasilnoticias.org\/site\/preco-da-gasolina-vendida-para-postos-de-salvador-tera-aumento-de-13\/#primaryimage\"},\"image\":{\"@id\":\"https:\/\/brasilnoticias.org\/site\/preco-da-gasolina-vendida-para-postos-de-salvador-tera-aumento-de-13\/#primaryimage\"},\"thumbnailUrl\":\"https:\/\/brasilnoticias.org\/site\/wp-content\/uploads\/2023\/09\/imagem-destacada-gasolina-fica-3-mais-barata-nos-postos-apos-corte-nos-precos-da-740x470-1.jpg\",\"datePublished\":\"2023-09-29T08:00:41+00:00\",\"breadcrumb\":{\"@id\":\"https:\/\/brasilnoticias.org\/site\/preco-da-gasolina-vendida-para-postos-de-salvador-tera-aumento-de-13\/#breadcrumb\"},\"inLanguage\":\"pt-PT\",\"potentialAction\":[{\"@type\":\"ReadAction\",\"target\":[\"https:\/\/brasilnoticias.org\/site\/preco-da-gasolina-vendida-para-postos-de-salvador-tera-aumento-de-13\/\"]}]},{\"@type\":\"ImageObject\",\"inLanguage\":\"pt-PT\",\"@id\":\"https:\/\/brasilnoticias.org\/site\/preco-da-gasolina-vendida-para-postos-de-salvador-tera-aumento-de-13\/#primaryimage\",\"url\":\"https:\/\/brasilnoticias.org\/site\/wp-content\/uploads\/2023\/09\/imagem-destacada-gasolina-fica-3-mais-barata-nos-postos-apos-corte-nos-precos-da-740x470-1.jpg\",\"contentUrl\":\"https:\/\/brasilnoticias.org\/site\/wp-content\/uploads\/2023\/09\/imagem-destacada-gasolina-fica-3-mais-barata-nos-postos-apos-corte-nos-precos-da-740x470-1.jpg\",\"width\":740,\"height\":470},{\"@type\":\"BreadcrumbList\",\"@id\":\"https:\/\/brasilnoticias.org\/site\/preco-da-gasolina-vendida-para-postos-de-salvador-tera-aumento-de-13\/#breadcrumb\",\"itemListElement\":[{\"@type\":\"ListItem\",\"position\":1,\"name\":\"In\u00edcio\",\"item\":\"https:\/\/brasilnoticias.org\/site\/\"},{\"@type\":\"ListItem\",\"position\":2,\"name\":\"Pre\u00e7o da gasolina vendida para postos de Salvador ter\u00e1 aumento de 13%\"}]},{\"@type\":\"WebSite\",\"@id\":\"https:\/\/brasilnoticias.org\/site\/#website\",\"url\":\"https:\/\/brasilnoticias.org\/site\/\",\"name\":\"Brasil not\u00edcias\",\"description\":\"Brasil not\u00edcias\",\"publisher\":{\"@id\":\"https:\/\/brasilnoticias.org\/site\/#organization\"},\"potentialAction\":[{\"@type\":\"SearchAction\",\"target\":{\"@type\":\"EntryPoint\",\"urlTemplate\":\"https:\/\/brasilnoticias.org\/site\/?s={search_term_string}\"},\"query-input\":{\"@type\":\"PropertyValueSpecification\",\"valueRequired\":true,\"valueName\":\"search_term_string\"}}],\"inLanguage\":\"pt-PT\"},{\"@type\":\"Organization\",\"@id\":\"https:\/\/brasilnoticias.org\/site\/#organization\",\"name\":\"Brasil not\u00edcias\",\"url\":\"https:\/\/brasilnoticias.org\/site\/\",\"logo\":{\"@type\":\"ImageObject\",\"inLanguage\":\"pt-PT\",\"@id\":\"https:\/\/brasilnoticias.org\/site\/#\/schema\/logo\/image\/\",\"url\":\"https:\/\/brasilnoticias.org\/site\/wp-content\/uploads\/2022\/05\/cropped-brasilnoticias-mini.jpg\",\"contentUrl\":\"https:\/\/brasilnoticias.org\/site\/wp-content\/uploads\/2022\/05\/cropped-brasilnoticias-mini.jpg\",\"width\":314,\"height\":86,\"caption\":\"Brasil not\u00edcias\"},\"image\":{\"@id\":\"https:\/\/brasilnoticias.org\/site\/#\/schema\/logo\/image\/\"}},{\"@type\":\"Person\",\"@id\":\"https:\/\/brasilnoticias.org\/site\/#\/schema\/person\/03bbbfe6c7634ad18c26444ea39049fa\",\"name\":\"Reda\u00e7\u00e3o\",\"image\":{\"@type\":\"ImageObject\",\"inLanguage\":\"pt-PT\",\"@id\":\"https:\/\/brasilnoticias.org\/site\/#\/schema\/person\/image\/\",\"url\":\"https:\/\/secure.gravatar.com\/avatar\/9ecaf7327a696cb23ad926fedded5f1f04d7049de9e445375d55b48c001a6e42?s=96&d=mm&r=g\",\"contentUrl\":\"https:\/\/secure.gravatar.com\/avatar\/9ecaf7327a696cb23ad926fedded5f1f04d7049de9e445375d55b48c001a6e42?s=96&d=mm&r=g\",\"caption\":\"Reda\u00e7\u00e3o\"},\"url\":\"https:\/\/brasilnoticias.org\/site\/author\/henrique\/\"}]}<\/script>\n<!-- \/ Yoast SEO plugin. -->","yoast_head_json":{"title":"Pre\u00e7o da gasolina vendida para postos de Salvador ter\u00e1 aumento de 13% - Brasil not\u00edcias","robots":{"index":"index","follow":"follow","max-snippet":"max-snippet:-1","max-image-preview":"max-image-preview:large","max-video-preview":"max-video-preview:-1"},"canonical":"https:\/\/brasilnoticias.org\/site\/preco-da-gasolina-vendida-para-postos-de-salvador-tera-aumento-de-13\/","og_locale":"pt_PT","og_type":"article","og_title":"Pre\u00e7o da gasolina vendida para postos de Salvador ter\u00e1 aumento de 13% - Brasil not\u00edcias","og_description":"Empresa administradora da Refinaria Mataripe anunciou aumento na gasolina tipo A nesta quinta-feira (28\/9) A gasolina tipo A vendida para","og_url":"https:\/\/brasilnoticias.org\/site\/preco-da-gasolina-vendida-para-postos-de-salvador-tera-aumento-de-13\/","og_site_name":"Brasil not\u00edcias","article_published_time":"2023-09-29T08:00:41+00:00","og_image":[{"width":740,"height":470,"url":"https:\/\/brasilnoticias.org\/site\/wp-content\/uploads\/2023\/09\/imagem-destacada-gasolina-fica-3-mais-barata-nos-postos-apos-corte-nos-precos-da-740x470-1.jpg","type":"image\/jpeg"}],"author":"Reda\u00e7\u00e3o","twitter_card":"summary_large_image","twitter_misc":{"Escrito por":"Reda\u00e7\u00e3o"},"schema":{"@context":"https:\/\/schema.org","@graph":[{"@type":"Article","@id":"https:\/\/brasilnoticias.org\/site\/preco-da-gasolina-vendida-para-postos-de-salvador-tera-aumento-de-13\/#article","isPartOf":{"@id":"https:\/\/brasilnoticias.org\/site\/preco-da-gasolina-vendida-para-postos-de-salvador-tera-aumento-de-13\/"},"author":{"name":"Reda\u00e7\u00e3o","@id":"https:\/\/brasilnoticias.org\/site\/#\/schema\/person\/03bbbfe6c7634ad18c26444ea39049fa"},"headline":"Pre\u00e7o da gasolina vendida para postos de Salvador ter\u00e1 aumento de 13%","datePublished":"2023-09-29T08:00:41+00:00","mainEntityOfPage":{"@id":"https:\/\/brasilnoticias.org\/site\/preco-da-gasolina-vendida-para-postos-de-salvador-tera-aumento-de-13\/"},"wordCount":180,"commentCount":0,"publisher":{"@id":"https:\/\/brasilnoticias.org\/site\/#organization"},"image":{"@id":"https:\/\/brasilnoticias.org\/site\/preco-da-gasolina-vendida-para-postos-de-salvador-tera-aumento-de-13\/#primaryimage"},"thumbnailUrl":"https:\/\/brasilnoticias.org\/site\/wp-content\/uploads\/2023\/09\/imagem-destacada-gasolina-fica-3-mais-barata-nos-postos-apos-corte-nos-precos-da-740x470-1.jpg","articleSection":["Not\u00edcias","\u00daltimas"],"inLanguage":"pt-PT","potentialAction":[{"@type":"CommentAction","name":"Comment","target":["https:\/\/brasilnoticias.org\/site\/preco-da-gasolina-vendida-para-postos-de-salvador-tera-aumento-de-13\/#respond"]}]},{"@type":"WebPage","@id":"https:\/\/brasilnoticias.org\/site\/preco-da-gasolina-vendida-para-postos-de-salvador-tera-aumento-de-13\/","url":"https:\/\/brasilnoticias.org\/site\/preco-da-gasolina-vendida-para-postos-de-salvador-tera-aumento-de-13\/","name":"Pre\u00e7o da gasolina vendida para postos de Salvador ter\u00e1 aumento de 13% - Brasil not\u00edcias","isPartOf":{"@id":"https:\/\/brasilnoticias.org\/site\/#website"},"primaryImageOfPage":{"@id":"https:\/\/brasilnoticias.org\/site\/preco-da-gasolina-vendida-para-postos-de-salvador-tera-aumento-de-13\/#primaryimage"},"image":{"@id":"https:\/\/brasilnoticias.org\/site\/preco-da-gasolina-vendida-para-postos-de-salvador-tera-aumento-de-13\/#primaryimage"},"thumbnailUrl":"https:\/\/brasilnoticias.org\/site\/wp-content\/uploads\/2023\/09\/imagem-destacada-gasolina-fica-3-mais-barata-nos-postos-apos-corte-nos-precos-da-740x470-1.jpg","datePublished":"2023-09-29T08:00:41+00:00","breadcrumb":{"@id":"https:\/\/brasilnoticias.org\/site\/preco-da-gasolina-vendida-para-postos-de-salvador-tera-aumento-de-13\/#breadcrumb"},"inLanguage":"pt-PT","potentialAction":[{"@type":"ReadAction","target":["https:\/\/brasilnoticias.org\/site\/preco-da-gasolina-vendida-para-postos-de-salvador-tera-aumento-de-13\/"]}]},{"@type":"ImageObject","inLanguage":"pt-PT","@id":"https:\/\/brasilnoticias.org\/site\/preco-da-gasolina-vendida-para-postos-de-salvador-tera-aumento-de-13\/#primaryimage","url":"https:\/\/brasilnoticias.org\/site\/wp-content\/uploads\/2023\/09\/imagem-destacada-gasolina-fica-3-mais-barata-nos-postos-apos-corte-nos-precos-da-740x470-1.jpg","contentUrl":"https:\/\/brasilnoticias.org\/site\/wp-content\/uploads\/2023\/09\/imagem-destacada-gasolina-fica-3-mais-barata-nos-postos-apos-corte-nos-precos-da-740x470-1.jpg","width":740,"height":470},{"@type":"BreadcrumbList","@id":"https:\/\/brasilnoticias.org\/site\/preco-da-gasolina-vendida-para-postos-de-salvador-tera-aumento-de-13\/#breadcrumb","itemListElement":[{"@type":"ListItem","position":1,"name":"In\u00edcio","item":"https:\/\/brasilnoticias.org\/site\/"},{"@type":"ListItem","position":2,"name":"Pre\u00e7o da gasolina vendida para postos de Salvador ter\u00e1 aumento de 13%"}]},{"@type":"WebSite","@id":"https:\/\/brasilnoticias.org\/site\/#website","url":"https:\/\/brasilnoticias.org\/site\/","name":"Brasil not\u00edcias","description":"Brasil not\u00edcias","publisher":{"@id":"https:\/\/brasilnoticias.org\/site\/#organization"},"potentialAction":[{"@type":"SearchAction","target":{"@type":"EntryPoint","urlTemplate":"https:\/\/brasilnoticias.org\/site\/?s={search_term_string}"},"query-input":{"@type":"PropertyValueSpecification","valueRequired":true,"valueName":"search_term_string"}}],"inLanguage":"pt-PT"},{"@type":"Organization","@id":"https:\/\/brasilnoticias.org\/site\/#organization","name":"Brasil not\u00edcias","url":"https:\/\/brasilnoticias.org\/site\/","logo":{"@type":"ImageObject","inLanguage":"pt-PT","@id":"https:\/\/brasilnoticias.org\/site\/#\/schema\/logo\/image\/","url":"https:\/\/brasilnoticias.org\/site\/wp-content\/uploads\/2022\/05\/cropped-brasilnoticias-mini.jpg","contentUrl":"https:\/\/brasilnoticias.org\/site\/wp-content\/uploads\/2022\/05\/cropped-brasilnoticias-mini.jpg","width":314,"height":86,"caption":"Brasil not\u00edcias"},"image":{"@id":"https:\/\/brasilnoticias.org\/site\/#\/schema\/logo\/image\/"}},{"@type":"Person","@id":"https:\/\/brasilnoticias.org\/site\/#\/schema\/person\/03bbbfe6c7634ad18c26444ea39049fa","name":"Reda\u00e7\u00e3o","image":{"@type":"ImageObject","inLanguage":"pt-PT","@id":"https:\/\/brasilnoticias.org\/site\/#\/schema\/person\/image\/","url":"https:\/\/secure.gravatar.com\/avatar\/9ecaf7327a696cb23ad926fedded5f1f04d7049de9e445375d55b48c001a6e42?s=96&d=mm&r=g","contentUrl":"https:\/\/secure.gravatar.com\/avatar\/9ecaf7327a696cb23ad926fedded5f1f04d7049de9e445375d55b48c001a6e42?s=96&d=mm&r=g","caption":"Reda\u00e7\u00e3o"},"url":"https:\/\/brasilnoticias.org\/site\/author\/henrique\/"}]}},"_links":{"self":[{"href":"https:\/\/brasilnoticias.org\/site\/wp-json\/wp\/v2\/posts\/9690","targetHints":{"allow":["GET"]}}],"collection":[{"href":"https:\/\/brasilnoticias.org\/site\/wp-json\/wp\/v2\/posts"}],"about":[{"href":"https:\/\/brasilnoticias.org\/site\/wp-json\/wp\/v2\/types\/post"}],"author":[{"embeddable":true,"href":"https:\/\/brasilnoticias.org\/site\/wp-json\/wp\/v2\/users\/4"}],"replies":[{"embeddable":true,"href":"https:\/\/brasilnoticias.org\/site\/wp-json\/wp\/v2\/comments?post=9690"}],"version-history":[{"count":1,"href":"https:\/\/brasilnoticias.org\/site\/wp-json\/wp\/v2\/posts\/9690\/revisions"}],"predecessor-version":[{"id":9692,"href":"https:\/\/brasilnoticias.org\/site\/wp-json\/wp\/v2\/posts\/9690\/revisions\/9692"}],"wp:featuredmedia":[{"embeddable":true,"href":"https:\/\/brasilnoticias.org\/site\/wp-json\/wp\/v2\/media\/9691"}],"wp:attachment":[{"href":"https:\/\/brasilnoticias.org\/site\/wp-json\/wp\/v2\/media?parent=9690"}],"wp:term":[{"taxonomy":"category","embeddable":true,"href":"https:\/\/brasilnoticias.org\/site\/wp-json\/wp\/v2\/categories?post=9690"},{"taxonomy":"post_tag","embeddable":true,"href":"https:\/\/brasilnoticias.org\/site\/wp-json\/wp\/v2\/tags?post=9690"}],"curies":[{"name":"wp","href":"https:\/\/api.w.org\/{rel}","templated":true}]}}