{"id":9710,"date":"2023-09-29T17:59:35","date_gmt":"2023-09-29T20:59:35","guid":{"rendered":"https:\/\/brasilnoticias.org\/site\/?p=9710"},"modified":"2023-09-29T17:59:35","modified_gmt":"2023-09-29T20:59:35","slug":"apos-rescindir-contrato-do-vlt-governo-fara-manutencao-em-areas-de-antigos-trens-do-suburbio","status":"publish","type":"post","link":"https:\/\/brasilnoticias.org\/site\/apos-rescindir-contrato-do-vlt-governo-fara-manutencao-em-areas-de-antigos-trens-do-suburbio\/","title":{"rendered":"Ap\u00f3s rescindir contrato do VLT, governo far\u00e1 manuten\u00e7\u00e3o em \u00e1reas de antigos trens do Sub\u00farbio"},"content":{"rendered":"<p>Os custos estimados com a contrata\u00e7\u00e3o s\u00e3o de, aproximadamente, R$ 3,3 milh\u00f5es, por 12 meses<\/p>\n<p>Ap\u00f3s rescindir amigavelmente o contrato do VLT com a concession\u00e1ria Metrogeen Skyrail, o Governo da Bahia retomou a posse das \u00e1reas do antigo sistema dos trens do Sub\u00farbio de Salvador. Segundo documentos obtidos pelo Aratu On, a Companhia dos Transportes do Estado (CTB) ficar\u00e1 a cargo da estrutura e, por conta disto, abriu edital de licita\u00e7\u00e3o para contratar uma empresa para promover servi\u00e7os de manuten\u00e7\u00e3o, limpeza e preserva\u00e7\u00e3o das estruturas do antigo modal. O intuito \u00e9 preservar o patrim\u00f4nio enquanto o novo projeto do VLT n\u00e3o \u00e9 lan\u00e7ado.<\/p>\n<p>De acordo com a documenta\u00e7\u00e3o obtida pela reportagem, a licita\u00e7\u00e3o ser\u00e1 aberta na pr\u00f3xima quinta-feira (5\/10), \u00e0s 9h. Os custos estimados com a contrata\u00e7\u00e3o s\u00e3o de aproximadamente R$ 3,3 milh\u00f5es, por 12 meses.<\/p>\n<p>Na justificativa apresentada no edital, a CTB sustenta que a manuten\u00e7\u00e3o \u00e9 \u201curgente e imediata\u201d. \u201cOs servi\u00e7os de manuten\u00e7\u00e3o do trecho s\u00e3o atividades que exigem continuidade e sua interrup\u00e7\u00e3o acarreta risco de agravamento do estado de n\u00e3o conformidades da faixa de dom\u00ednio para implanta\u00e7\u00e3o do sistema\u201d, diz trecho do documento.<\/p>\n<p>A companhia aponta que j\u00e1 vinha identificando uma s\u00e9rie de ocorr\u00eancias de m\u00e1 conserva\u00e7\u00e3o em pontos da faixa de dom\u00ednio no trecho da antiga opera\u00e7\u00e3o do sistema ferrovi\u00e1rio do Sub\u00farbio. Segundo a autarquia, vinculada \u00e0 Secretaria de Desenvolvimento Urbano (Sedur), o abandono das estruturas \u00e9 mais not\u00e1vel nas esta\u00e7\u00f5es Cal\u00e7ada e Paripe, e no P\u00e1tio de Manobras de Periperi, \u201conde foi observada elevada presen\u00e7a de lixo, entulhos e vegeta\u00e7\u00e3o alta\u201d.<\/p>\n<p>A CTB indica que, durante o percurso em que os trens percorriam, h\u00e1 tapumes e equipamentos que foram danificados ou roubados.<\/p>\n<p>\u201cTodos esses servi\u00e7os visam n\u00e3o comprometer a seguran\u00e7a e o bem-estar da popula\u00e7\u00e3o do entorno, dos equipamentos e dos bens p\u00fablicos l\u00e1 existente, com a suspens\u00e3o das atividades que vinham sendo desempenhadas pela concession\u00e1ria, garantindo inclusive a posse da \u00e1rea, impedindo que novas ocupa\u00e7\u00f5es irregulares venham se estabelecer.<\/p>\n<p>OS SERVI\u00c7OS DEVEM SER PROGRAMADOS EM QUATRO AMBIENTES DISTINTOS:<\/p>\n<p>a) Trecho Esta\u00e7\u00e3o Cal\u00e7ada \u2013 Paripe: local em que houve a desmontagem da superestrutura do antigo trem do Sub\u00farbio e a faixa de dom\u00ednio encontra-se livre;<\/p>\n<p>b) P\u00e1tio de Manuten\u00e7\u00e3o da Cal\u00e7ada: com a desmontagem da superestrutura do antigo sistema ferrovi\u00e1rio do Sub\u00farbio, foram executados servi\u00e7os de terraplenagem na \u00e1rea, cravadas 193 estacas de funda\u00e7\u00e3o, e constru\u00eddas unidades que ir\u00e3o compor o canteiro principal de obras do VLT do Sub\u00farbio, como escrit\u00f3rios da concession\u00e1ria, oficina, almoxarifado e sanit\u00e1rios;<\/p>\n<p>c) P\u00e1tio de manobra de Periperi: com a desmontagem da superestrutura do antigo trem do Sub\u00farbio, foram armazenados neste local parte dos equipamentos devolvidos \u00e0 CTB para processos de leil\u00e3o junto \u00e0 Secretaria de Administra\u00e7\u00e3o (Saeb);<\/p>\n<p>d) Trecho Paripe \u2013 Mapele: local em que n\u00e3o havia opera\u00e7\u00e3o do antigo trem do Sub\u00farbio e j\u00e1 h\u00e1 ocupa\u00e7\u00e3o irregular na faixa de dom\u00ednio.<\/p>\n<p>De acordo com a CTB, o edital prev\u00ea limpeza do sistema de drenagem, retirada de lixo, entulho e ro\u00e7agem da vegeta\u00e7\u00e3o, al\u00e9m de recolhimento e recomposi\u00e7\u00e3o dos tapumes, e demoli\u00e7\u00e3o de constru\u00e7\u00f5es irregulares.<\/p>\n<p>A companhia ainda ressalta que o contrato de concess\u00e3o, cuja rescis\u00e3o bilateral foi anunciada pelo governador Jer\u00f4nimo Rodrigues (PT), foi objeto de \u201cdiversas notifica\u00e7\u00f5es de descumprimentos contratuais emitidas pela fiscaliza\u00e7\u00e3o da CTB\u201d.<\/p>\n<p>MUDAN\u00c7AS NO TRA\u00c7ADO<\/p>\n<p>Enquanto a CTB avan\u00e7a no processo de manuten\u00e7\u00e3o das estruturas abandonadas, o Governo do Estado firmou, internamente, a mudan\u00e7a no tra\u00e7ado original do VLT. O modal, que originalmente, teria duas linhas: uma que sairia da Ilha de S\u00e3o Jo\u00e3o, em Sim\u00f5es Filho, at\u00e9 a Feira de S\u00e3o Joaquim, e outra, que ligaria a feira ao Com\u00e9rcio e \u00e0 Esta\u00e7\u00e3o Acesso Norte do Metr\u00f4.<\/p>\n<p>Com as mudan\u00e7as, o modal, que ter\u00e1 novo edital de licita\u00e7\u00e3o, suprimiu as paradas no Acesso Norte, em S\u00e3o Joaquim e no Com\u00e9rcio. Por outro lado, as novas altera\u00e7\u00f5es pretendem fazer a liga\u00e7\u00e3o de Paripe \u00e0 Nova Rodovi\u00e1ria, em \u00c1guas Claras, e a Piat\u00e3, na orla da capital.<\/p>\n<p>O governador Jer\u00f4nimo Rodrigues admitiu ao Aratu On que h\u00e1 estudos em andamento que indicam a possibilidade de o novo projeto suprimir as paradas que levem ao Acesso Norte, ao Com\u00e9rcio e a S\u00e3o Joaquim. A reportagem, contudo, obteve acesso aos estudos finalizados, que asseguram que n\u00e3o haver\u00e1 esta\u00e7\u00f5es e nem paradas nessas localidades.<\/p>\n<p>Aratu On tamb\u00e9m teve acesso a uma planilha de custos estimados para o novo modal. O valor previsto para o primeiro projeto era de R$ 2,8 bilh\u00f5es, com possibilidade de ultrapassar os R$ 5 bilh\u00f5es. O novo VLT deve custar cerca de R$ 3,5 bilh\u00f5es, mesmo com um tra\u00e7ado maior. Neste montante, ainda est\u00e1 inclu\u00edda a duplica\u00e7\u00e3o da Estrada do Derba.<\/p>\n<p>Jer\u00f4nimo afirmou que a prioridade, no momento, \u00e9 construir o trecho que ligar\u00e1 Paripe \u00e0 Cal\u00e7ada.<\/p>\n<p>O novo planejamento visa corrigir o VLT projetado anteriormente. Mesmo sem nenhum trilho instalado, o Governo da Bahia gastou R$ 58 milh\u00f5es em contrapartidas contratuais com a Metrogeen Skyrail. Por outro lado, os moradores da regi\u00e3o da Cidade Baixa e Sub\u00farbio ficaram sem a op\u00e7\u00e3o do trem, ap\u00f3s 161 anos de funcionamento.<\/p>\n<p>Foto: Skyrail Bahia\/divulga\u00e7\u00e3o<br \/>\nAratu On<\/p>\n","protected":false},"excerpt":{"rendered":"<p>Os custos estimados com a contrata\u00e7\u00e3o s\u00e3o de, aproximadamente, R$ 3,3 milh\u00f5es, por 12 meses Ap\u00f3s rescindir amigavelmente o contrato<\/p>\n","protected":false},"author":4,"featured_media":9711,"comment_status":"open","ping_status":"open","sticky":false,"template":"","format":"standard","meta":{"colormag_page_container_layout":"default_layout","colormag_page_sidebar_layout":"default_layout","_FSMCFIC_featured_image_caption":"","_FSMCFIC_featured_image_nocaption":"","_FSMCFIC_featured_image_hide":"","footnotes":""},"categories":[2,1],"tags":[],"class_list":["post-9710","post","type-post","status-publish","format-standard","has-post-thumbnail","hentry","category-noticias","category-ultimas"],"yoast_head":"<!-- This site is optimized with the Yoast SEO plugin v27.1.1 - https:\/\/yoast.com\/product\/yoast-seo-wordpress\/ -->\n<title>Ap\u00f3s rescindir contrato do VLT, governo far\u00e1 manuten\u00e7\u00e3o em \u00e1reas de antigos trens do Sub\u00farbio - Brasil not\u00edcias<\/title>\n<meta name=\"robots\" content=\"index, follow, max-snippet:-1, max-image-preview:large, max-video-preview:-1\" \/>\n<link rel=\"canonical\" href=\"https:\/\/brasilnoticias.org\/site\/apos-rescindir-contrato-do-vlt-governo-fara-manutencao-em-areas-de-antigos-trens-do-suburbio\/\" \/>\n<meta property=\"og:locale\" content=\"pt_PT\" \/>\n<meta property=\"og:type\" content=\"article\" \/>\n<meta property=\"og:title\" content=\"Ap\u00f3s rescindir contrato do VLT, governo far\u00e1 manuten\u00e7\u00e3o em \u00e1reas de antigos trens do Sub\u00farbio - Brasil not\u00edcias\" \/>\n<meta property=\"og:description\" content=\"Os custos estimados com a contrata\u00e7\u00e3o s\u00e3o de, aproximadamente, R$ 3,3 milh\u00f5es, por 12 meses Ap\u00f3s rescindir amigavelmente o contrato\" \/>\n<meta property=\"og:url\" content=\"https:\/\/brasilnoticias.org\/site\/apos-rescindir-contrato-do-vlt-governo-fara-manutencao-em-areas-de-antigos-trens-do-suburbio\/\" \/>\n<meta property=\"og:site_name\" content=\"Brasil not\u00edcias\" \/>\n<meta property=\"article:published_time\" content=\"2023-09-29T20:59:35+00:00\" \/>\n<meta property=\"og:image\" content=\"https:\/\/brasilnoticias.org\/site\/wp-content\/uploads\/2023\/09\/vlt-1-740x470-1.jpg\" \/>\n\t<meta property=\"og:image:width\" content=\"740\" \/>\n\t<meta property=\"og:image:height\" content=\"470\" \/>\n\t<meta property=\"og:image:type\" content=\"image\/jpeg\" \/>\n<meta name=\"author\" content=\"Reda\u00e7\u00e3o\" \/>\n<meta name=\"twitter:card\" content=\"summary_large_image\" \/>\n<meta name=\"twitter:label1\" content=\"Escrito por\" \/>\n\t<meta name=\"twitter:data1\" content=\"Reda\u00e7\u00e3o\" \/>\n<script type=\"application\/ld+json\" class=\"yoast-schema-graph\">{\"@context\":\"https:\/\/schema.org\",\"@graph\":[{\"@type\":\"Article\",\"@id\":\"https:\/\/brasilnoticias.org\/site\/apos-rescindir-contrato-do-vlt-governo-fara-manutencao-em-areas-de-antigos-trens-do-suburbio\/#article\",\"isPartOf\":{\"@id\":\"https:\/\/brasilnoticias.org\/site\/apos-rescindir-contrato-do-vlt-governo-fara-manutencao-em-areas-de-antigos-trens-do-suburbio\/\"},\"author\":{\"name\":\"Reda\u00e7\u00e3o\",\"@id\":\"https:\/\/brasilnoticias.org\/site\/#\/schema\/person\/03bbbfe6c7634ad18c26444ea39049fa\"},\"headline\":\"Ap\u00f3s rescindir contrato do VLT, governo far\u00e1 manuten\u00e7\u00e3o em \u00e1reas de antigos trens do Sub\u00farbio\",\"datePublished\":\"2023-09-29T20:59:35+00:00\",\"mainEntityOfPage\":{\"@id\":\"https:\/\/brasilnoticias.org\/site\/apos-rescindir-contrato-do-vlt-governo-fara-manutencao-em-areas-de-antigos-trens-do-suburbio\/\"},\"wordCount\":960,\"commentCount\":0,\"publisher\":{\"@id\":\"https:\/\/brasilnoticias.org\/site\/#organization\"},\"image\":{\"@id\":\"https:\/\/brasilnoticias.org\/site\/apos-rescindir-contrato-do-vlt-governo-fara-manutencao-em-areas-de-antigos-trens-do-suburbio\/#primaryimage\"},\"thumbnailUrl\":\"https:\/\/brasilnoticias.org\/site\/wp-content\/uploads\/2023\/09\/vlt-1-740x470-1.jpg\",\"articleSection\":[\"Not\u00edcias\",\"\u00daltimas\"],\"inLanguage\":\"pt-PT\",\"potentialAction\":[{\"@type\":\"CommentAction\",\"name\":\"Comment\",\"target\":[\"https:\/\/brasilnoticias.org\/site\/apos-rescindir-contrato-do-vlt-governo-fara-manutencao-em-areas-de-antigos-trens-do-suburbio\/#respond\"]}]},{\"@type\":\"WebPage\",\"@id\":\"https:\/\/brasilnoticias.org\/site\/apos-rescindir-contrato-do-vlt-governo-fara-manutencao-em-areas-de-antigos-trens-do-suburbio\/\",\"url\":\"https:\/\/brasilnoticias.org\/site\/apos-rescindir-contrato-do-vlt-governo-fara-manutencao-em-areas-de-antigos-trens-do-suburbio\/\",\"name\":\"Ap\u00f3s rescindir contrato do VLT, governo far\u00e1 manuten\u00e7\u00e3o em \u00e1reas de antigos trens do Sub\u00farbio - Brasil not\u00edcias\",\"isPartOf\":{\"@id\":\"https:\/\/brasilnoticias.org\/site\/#website\"},\"primaryImageOfPage\":{\"@id\":\"https:\/\/brasilnoticias.org\/site\/apos-rescindir-contrato-do-vlt-governo-fara-manutencao-em-areas-de-antigos-trens-do-suburbio\/#primaryimage\"},\"image\":{\"@id\":\"https:\/\/brasilnoticias.org\/site\/apos-rescindir-contrato-do-vlt-governo-fara-manutencao-em-areas-de-antigos-trens-do-suburbio\/#primaryimage\"},\"thumbnailUrl\":\"https:\/\/brasilnoticias.org\/site\/wp-content\/uploads\/2023\/09\/vlt-1-740x470-1.jpg\",\"datePublished\":\"2023-09-29T20:59:35+00:00\",\"breadcrumb\":{\"@id\":\"https:\/\/brasilnoticias.org\/site\/apos-rescindir-contrato-do-vlt-governo-fara-manutencao-em-areas-de-antigos-trens-do-suburbio\/#breadcrumb\"},\"inLanguage\":\"pt-PT\",\"potentialAction\":[{\"@type\":\"ReadAction\",\"target\":[\"https:\/\/brasilnoticias.org\/site\/apos-rescindir-contrato-do-vlt-governo-fara-manutencao-em-areas-de-antigos-trens-do-suburbio\/\"]}]},{\"@type\":\"ImageObject\",\"inLanguage\":\"pt-PT\",\"@id\":\"https:\/\/brasilnoticias.org\/site\/apos-rescindir-contrato-do-vlt-governo-fara-manutencao-em-areas-de-antigos-trens-do-suburbio\/#primaryimage\",\"url\":\"https:\/\/brasilnoticias.org\/site\/wp-content\/uploads\/2023\/09\/vlt-1-740x470-1.jpg\",\"contentUrl\":\"https:\/\/brasilnoticias.org\/site\/wp-content\/uploads\/2023\/09\/vlt-1-740x470-1.jpg\",\"width\":740,\"height\":470},{\"@type\":\"BreadcrumbList\",\"@id\":\"https:\/\/brasilnoticias.org\/site\/apos-rescindir-contrato-do-vlt-governo-fara-manutencao-em-areas-de-antigos-trens-do-suburbio\/#breadcrumb\",\"itemListElement\":[{\"@type\":\"ListItem\",\"position\":1,\"name\":\"In\u00edcio\",\"item\":\"https:\/\/brasilnoticias.org\/site\/\"},{\"@type\":\"ListItem\",\"position\":2,\"name\":\"Ap\u00f3s rescindir contrato do VLT, governo far\u00e1 manuten\u00e7\u00e3o em \u00e1reas de antigos trens do Sub\u00farbio\"}]},{\"@type\":\"WebSite\",\"@id\":\"https:\/\/brasilnoticias.org\/site\/#website\",\"url\":\"https:\/\/brasilnoticias.org\/site\/\",\"name\":\"Brasil not\u00edcias\",\"description\":\"Brasil not\u00edcias\",\"publisher\":{\"@id\":\"https:\/\/brasilnoticias.org\/site\/#organization\"},\"potentialAction\":[{\"@type\":\"SearchAction\",\"target\":{\"@type\":\"EntryPoint\",\"urlTemplate\":\"https:\/\/brasilnoticias.org\/site\/?s={search_term_string}\"},\"query-input\":{\"@type\":\"PropertyValueSpecification\",\"valueRequired\":true,\"valueName\":\"search_term_string\"}}],\"inLanguage\":\"pt-PT\"},{\"@type\":\"Organization\",\"@id\":\"https:\/\/brasilnoticias.org\/site\/#organization\",\"name\":\"Brasil not\u00edcias\",\"url\":\"https:\/\/brasilnoticias.org\/site\/\",\"logo\":{\"@type\":\"ImageObject\",\"inLanguage\":\"pt-PT\",\"@id\":\"https:\/\/brasilnoticias.org\/site\/#\/schema\/logo\/image\/\",\"url\":\"https:\/\/brasilnoticias.org\/site\/wp-content\/uploads\/2022\/05\/cropped-brasilnoticias-mini.jpg\",\"contentUrl\":\"https:\/\/brasilnoticias.org\/site\/wp-content\/uploads\/2022\/05\/cropped-brasilnoticias-mini.jpg\",\"width\":314,\"height\":86,\"caption\":\"Brasil not\u00edcias\"},\"image\":{\"@id\":\"https:\/\/brasilnoticias.org\/site\/#\/schema\/logo\/image\/\"}},{\"@type\":\"Person\",\"@id\":\"https:\/\/brasilnoticias.org\/site\/#\/schema\/person\/03bbbfe6c7634ad18c26444ea39049fa\",\"name\":\"Reda\u00e7\u00e3o\",\"image\":{\"@type\":\"ImageObject\",\"inLanguage\":\"pt-PT\",\"@id\":\"https:\/\/brasilnoticias.org\/site\/#\/schema\/person\/image\/\",\"url\":\"https:\/\/secure.gravatar.com\/avatar\/9ecaf7327a696cb23ad926fedded5f1f04d7049de9e445375d55b48c001a6e42?s=96&d=mm&r=g\",\"contentUrl\":\"https:\/\/secure.gravatar.com\/avatar\/9ecaf7327a696cb23ad926fedded5f1f04d7049de9e445375d55b48c001a6e42?s=96&d=mm&r=g\",\"caption\":\"Reda\u00e7\u00e3o\"},\"url\":\"https:\/\/brasilnoticias.org\/site\/author\/henrique\/\"}]}<\/script>\n<!-- \/ Yoast SEO plugin. -->","yoast_head_json":{"title":"Ap\u00f3s rescindir contrato do VLT, governo far\u00e1 manuten\u00e7\u00e3o em \u00e1reas de antigos trens do Sub\u00farbio - Brasil not\u00edcias","robots":{"index":"index","follow":"follow","max-snippet":"max-snippet:-1","max-image-preview":"max-image-preview:large","max-video-preview":"max-video-preview:-1"},"canonical":"https:\/\/brasilnoticias.org\/site\/apos-rescindir-contrato-do-vlt-governo-fara-manutencao-em-areas-de-antigos-trens-do-suburbio\/","og_locale":"pt_PT","og_type":"article","og_title":"Ap\u00f3s rescindir contrato do VLT, governo far\u00e1 manuten\u00e7\u00e3o em \u00e1reas de antigos trens do Sub\u00farbio - Brasil not\u00edcias","og_description":"Os custos estimados com a contrata\u00e7\u00e3o s\u00e3o de, aproximadamente, R$ 3,3 milh\u00f5es, por 12 meses Ap\u00f3s rescindir amigavelmente o contrato","og_url":"https:\/\/brasilnoticias.org\/site\/apos-rescindir-contrato-do-vlt-governo-fara-manutencao-em-areas-de-antigos-trens-do-suburbio\/","og_site_name":"Brasil not\u00edcias","article_published_time":"2023-09-29T20:59:35+00:00","og_image":[{"width":740,"height":470,"url":"https:\/\/brasilnoticias.org\/site\/wp-content\/uploads\/2023\/09\/vlt-1-740x470-1.jpg","type":"image\/jpeg"}],"author":"Reda\u00e7\u00e3o","twitter_card":"summary_large_image","twitter_misc":{"Escrito por":"Reda\u00e7\u00e3o"},"schema":{"@context":"https:\/\/schema.org","@graph":[{"@type":"Article","@id":"https:\/\/brasilnoticias.org\/site\/apos-rescindir-contrato-do-vlt-governo-fara-manutencao-em-areas-de-antigos-trens-do-suburbio\/#article","isPartOf":{"@id":"https:\/\/brasilnoticias.org\/site\/apos-rescindir-contrato-do-vlt-governo-fara-manutencao-em-areas-de-antigos-trens-do-suburbio\/"},"author":{"name":"Reda\u00e7\u00e3o","@id":"https:\/\/brasilnoticias.org\/site\/#\/schema\/person\/03bbbfe6c7634ad18c26444ea39049fa"},"headline":"Ap\u00f3s rescindir contrato do VLT, governo far\u00e1 manuten\u00e7\u00e3o em \u00e1reas de antigos trens do Sub\u00farbio","datePublished":"2023-09-29T20:59:35+00:00","mainEntityOfPage":{"@id":"https:\/\/brasilnoticias.org\/site\/apos-rescindir-contrato-do-vlt-governo-fara-manutencao-em-areas-de-antigos-trens-do-suburbio\/"},"wordCount":960,"commentCount":0,"publisher":{"@id":"https:\/\/brasilnoticias.org\/site\/#organization"},"image":{"@id":"https:\/\/brasilnoticias.org\/site\/apos-rescindir-contrato-do-vlt-governo-fara-manutencao-em-areas-de-antigos-trens-do-suburbio\/#primaryimage"},"thumbnailUrl":"https:\/\/brasilnoticias.org\/site\/wp-content\/uploads\/2023\/09\/vlt-1-740x470-1.jpg","articleSection":["Not\u00edcias","\u00daltimas"],"inLanguage":"pt-PT","potentialAction":[{"@type":"CommentAction","name":"Comment","target":["https:\/\/brasilnoticias.org\/site\/apos-rescindir-contrato-do-vlt-governo-fara-manutencao-em-areas-de-antigos-trens-do-suburbio\/#respond"]}]},{"@type":"WebPage","@id":"https:\/\/brasilnoticias.org\/site\/apos-rescindir-contrato-do-vlt-governo-fara-manutencao-em-areas-de-antigos-trens-do-suburbio\/","url":"https:\/\/brasilnoticias.org\/site\/apos-rescindir-contrato-do-vlt-governo-fara-manutencao-em-areas-de-antigos-trens-do-suburbio\/","name":"Ap\u00f3s rescindir contrato do VLT, governo far\u00e1 manuten\u00e7\u00e3o em \u00e1reas de antigos trens do Sub\u00farbio - Brasil not\u00edcias","isPartOf":{"@id":"https:\/\/brasilnoticias.org\/site\/#website"},"primaryImageOfPage":{"@id":"https:\/\/brasilnoticias.org\/site\/apos-rescindir-contrato-do-vlt-governo-fara-manutencao-em-areas-de-antigos-trens-do-suburbio\/#primaryimage"},"image":{"@id":"https:\/\/brasilnoticias.org\/site\/apos-rescindir-contrato-do-vlt-governo-fara-manutencao-em-areas-de-antigos-trens-do-suburbio\/#primaryimage"},"thumbnailUrl":"https:\/\/brasilnoticias.org\/site\/wp-content\/uploads\/2023\/09\/vlt-1-740x470-1.jpg","datePublished":"2023-09-29T20:59:35+00:00","breadcrumb":{"@id":"https:\/\/brasilnoticias.org\/site\/apos-rescindir-contrato-do-vlt-governo-fara-manutencao-em-areas-de-antigos-trens-do-suburbio\/#breadcrumb"},"inLanguage":"pt-PT","potentialAction":[{"@type":"ReadAction","target":["https:\/\/brasilnoticias.org\/site\/apos-rescindir-contrato-do-vlt-governo-fara-manutencao-em-areas-de-antigos-trens-do-suburbio\/"]}]},{"@type":"ImageObject","inLanguage":"pt-PT","@id":"https:\/\/brasilnoticias.org\/site\/apos-rescindir-contrato-do-vlt-governo-fara-manutencao-em-areas-de-antigos-trens-do-suburbio\/#primaryimage","url":"https:\/\/brasilnoticias.org\/site\/wp-content\/uploads\/2023\/09\/vlt-1-740x470-1.jpg","contentUrl":"https:\/\/brasilnoticias.org\/site\/wp-content\/uploads\/2023\/09\/vlt-1-740x470-1.jpg","width":740,"height":470},{"@type":"BreadcrumbList","@id":"https:\/\/brasilnoticias.org\/site\/apos-rescindir-contrato-do-vlt-governo-fara-manutencao-em-areas-de-antigos-trens-do-suburbio\/#breadcrumb","itemListElement":[{"@type":"ListItem","position":1,"name":"In\u00edcio","item":"https:\/\/brasilnoticias.org\/site\/"},{"@type":"ListItem","position":2,"name":"Ap\u00f3s rescindir contrato do VLT, governo far\u00e1 manuten\u00e7\u00e3o em \u00e1reas de antigos trens do Sub\u00farbio"}]},{"@type":"WebSite","@id":"https:\/\/brasilnoticias.org\/site\/#website","url":"https:\/\/brasilnoticias.org\/site\/","name":"Brasil not\u00edcias","description":"Brasil not\u00edcias","publisher":{"@id":"https:\/\/brasilnoticias.org\/site\/#organization"},"potentialAction":[{"@type":"SearchAction","target":{"@type":"EntryPoint","urlTemplate":"https:\/\/brasilnoticias.org\/site\/?s={search_term_string}"},"query-input":{"@type":"PropertyValueSpecification","valueRequired":true,"valueName":"search_term_string"}}],"inLanguage":"pt-PT"},{"@type":"Organization","@id":"https:\/\/brasilnoticias.org\/site\/#organization","name":"Brasil not\u00edcias","url":"https:\/\/brasilnoticias.org\/site\/","logo":{"@type":"ImageObject","inLanguage":"pt-PT","@id":"https:\/\/brasilnoticias.org\/site\/#\/schema\/logo\/image\/","url":"https:\/\/brasilnoticias.org\/site\/wp-content\/uploads\/2022\/05\/cropped-brasilnoticias-mini.jpg","contentUrl":"https:\/\/brasilnoticias.org\/site\/wp-content\/uploads\/2022\/05\/cropped-brasilnoticias-mini.jpg","width":314,"height":86,"caption":"Brasil not\u00edcias"},"image":{"@id":"https:\/\/brasilnoticias.org\/site\/#\/schema\/logo\/image\/"}},{"@type":"Person","@id":"https:\/\/brasilnoticias.org\/site\/#\/schema\/person\/03bbbfe6c7634ad18c26444ea39049fa","name":"Reda\u00e7\u00e3o","image":{"@type":"ImageObject","inLanguage":"pt-PT","@id":"https:\/\/brasilnoticias.org\/site\/#\/schema\/person\/image\/","url":"https:\/\/secure.gravatar.com\/avatar\/9ecaf7327a696cb23ad926fedded5f1f04d7049de9e445375d55b48c001a6e42?s=96&d=mm&r=g","contentUrl":"https:\/\/secure.gravatar.com\/avatar\/9ecaf7327a696cb23ad926fedded5f1f04d7049de9e445375d55b48c001a6e42?s=96&d=mm&r=g","caption":"Reda\u00e7\u00e3o"},"url":"https:\/\/brasilnoticias.org\/site\/author\/henrique\/"}]}},"_links":{"self":[{"href":"https:\/\/brasilnoticias.org\/site\/wp-json\/wp\/v2\/posts\/9710","targetHints":{"allow":["GET"]}}],"collection":[{"href":"https:\/\/brasilnoticias.org\/site\/wp-json\/wp\/v2\/posts"}],"about":[{"href":"https:\/\/brasilnoticias.org\/site\/wp-json\/wp\/v2\/types\/post"}],"author":[{"embeddable":true,"href":"https:\/\/brasilnoticias.org\/site\/wp-json\/wp\/v2\/users\/4"}],"replies":[{"embeddable":true,"href":"https:\/\/brasilnoticias.org\/site\/wp-json\/wp\/v2\/comments?post=9710"}],"version-history":[{"count":1,"href":"https:\/\/brasilnoticias.org\/site\/wp-json\/wp\/v2\/posts\/9710\/revisions"}],"predecessor-version":[{"id":9712,"href":"https:\/\/brasilnoticias.org\/site\/wp-json\/wp\/v2\/posts\/9710\/revisions\/9712"}],"wp:featuredmedia":[{"embeddable":true,"href":"https:\/\/brasilnoticias.org\/site\/wp-json\/wp\/v2\/media\/9711"}],"wp:attachment":[{"href":"https:\/\/brasilnoticias.org\/site\/wp-json\/wp\/v2\/media?parent=9710"}],"wp:term":[{"taxonomy":"category","embeddable":true,"href":"https:\/\/brasilnoticias.org\/site\/wp-json\/wp\/v2\/categories?post=9710"},{"taxonomy":"post_tag","embeddable":true,"href":"https:\/\/brasilnoticias.org\/site\/wp-json\/wp\/v2\/tags?post=9710"}],"curies":[{"name":"wp","href":"https:\/\/api.w.org\/{rel}","templated":true}]}}