{"id":9714,"date":"2023-09-30T06:00:05","date_gmt":"2023-09-30T09:00:05","guid":{"rendered":"https:\/\/brasilnoticias.org\/site\/?p=9714"},"modified":"2023-09-29T18:05:26","modified_gmt":"2023-09-29T21:05:26","slug":"agora-quem-recebe-bolsa-familia-ou-bpc-nao-precisara-mais-pagar-parcelas-do-minha-casa-minha-vida-entenda-fonte-terrabrasilnoticias-com","status":"publish","type":"post","link":"https:\/\/brasilnoticias.org\/site\/agora-quem-recebe-bolsa-familia-ou-bpc-nao-precisara-mais-pagar-parcelas-do-minha-casa-minha-vida-entenda-fonte-terrabrasilnoticias-com\/","title":{"rendered":"AGORA : quem recebe Bolsa Fam\u00edlia ou BPC n\u00e3o precisar\u00e1 mais pagar parcelas do Minha Casa Minha Vida; entenda  FONTE: terrabrasilnoticias.com"},"content":{"rendered":"<p>O Minist\u00e9rio das Cidades publicou nesta quinta-feira (28) uma portaria que isenta benefici\u00e1rios do Bolsa Fam\u00edlia e do Benef\u00edcio de Presta\u00e7\u00e3o Continuada (BPC) de pagarem presta\u00e7\u00f5es de im\u00f3veis comprados no programa Minha Casa, Minha Vida (MCMV).<\/p>\n<p>A medida vale para contratos nas modalidades subsidiadas com recursos do Fundo de Arrendamento Residencial (FAR), do Fundo de Desenvolvimento Social (FDS) e do Programa Nacional de Habita\u00e7\u00e3o Rural (PNHR).<\/p>\n<p>A isen\u00e7\u00e3o est\u00e1 prevista na portaria publicada pelo governo que define os limites de renda e participa\u00e7\u00e3o financeira de benefici\u00e1rios nas quita\u00e7\u00f5es dos contratos do programa (veja mais mudan\u00e7as abaixo).<\/p>\n<p>A regra anterior para a faixa 1 do Minha Casa, Minha Vida, voltada a fam\u00edlias com renda mensal bruta at\u00e9 R$ 2.640, previa que a fam\u00edlia beneficiada pagasse um percentual baixo do valor do im\u00f3vel financiado.<\/p>\n<p>Em alguns casos, o subs\u00eddio do governo podia chegar a 95%, ou seja, a fam\u00edlia pagava apenas 5% do total.<\/p>\n<p>A Caixa Econ\u00f4mica Federal, institui\u00e7\u00e3o financeira respons\u00e1vel pelos contratos, tem um prazo de 30 dias regulamentar as regras e coloc\u00e1-las em vigor.<\/p>\n<p>&#8220;Ap\u00f3s esse prazo, os contratos j\u00e1 firmados e que se enquadrem nas regras da isen\u00e7\u00e3o ter\u00e3o as cobran\u00e7as suspensas&#8221;, informou o Minist\u00e9rio das Cidades.<\/p>\n<p>Em entrevista \u00e0 GloboNews, em fevereiro, o ministro Jader Filho j\u00e1 havia afirmado que estava em estudo pelo governo federal conceder isen\u00e7\u00e3o total no Minha Casa, Minha Vida a quem recebe benef\u00edcios como o Bolsa Fam\u00edlia.<\/p>\n<p>A proposta, segundo disse o ministro \u00e0 ocasi\u00e3o, tem o objetivo de diminuir o d\u00e9ficit habitacional e criar melhores condi\u00e7\u00f5es de contratos para esse p\u00fablico.<\/p>\n<p>Mudan\u00e7as no programa<br \/>\nA portaria do governo tamb\u00e9m reduz a quantidade de presta\u00e7\u00f5es para quita\u00e7\u00e3o do contrato, de 120 para 60 meses, nas unidades contratadas pelo Programa Nacional de Habita\u00e7\u00e3o Urbana (PNHU).<\/p>\n<p>O documento ainda estipula a redu\u00e7\u00e3o, de 4% para 1%, da parcela paga pelos benefici\u00e1rios nos contratos do Programa Nacional de Habita\u00e7\u00e3o Rural (PNHR).<\/p>\n<p>Al\u00e9m disso, fixa os valores m\u00e1ximos que cada fam\u00edlia pode pagar nas presta\u00e7\u00f5es dos im\u00f3veis adquiridos no MCMV nas modalidades subsidiadas com recursos do FAR, do FDS e do PNHR. Veja abaixo:<\/p>\n<p>Para fam\u00edlias com renda bruta familiar de at\u00e9 R$ 1.320, a presta\u00e7\u00e3o mensal dever ser de 10% da renda familiar e a parcela m\u00ednima \u00e9 de R$ 80,00;<br \/>\nPara fam\u00edlias com renda bruta familiar de R$ 1.320,01 a R$ 4.400, a presta\u00e7\u00e3o mensal deve ser de 15% da renda familiar, subtraindo R$ 66,00 do valor.<br \/>\nEm casos de atraso no pagamento das presta\u00e7\u00f5es, ser\u00e1 cobrado juro de 1% ao m\u00eas.<\/p>\n<p>Foto: Divulga\u00e7\u00e3o<br \/>\nG1<\/p>\n","protected":false},"excerpt":{"rendered":"<p>O Minist\u00e9rio das Cidades publicou nesta quinta-feira (28) uma portaria que isenta benefici\u00e1rios do Bolsa Fam\u00edlia e do Benef\u00edcio de<\/p>\n","protected":false},"author":4,"featured_media":9715,"comment_status":"open","ping_status":"open","sticky":false,"template":"","format":"standard","meta":{"colormag_page_container_layout":"default_layout","colormag_page_sidebar_layout":"default_layout","_FSMCFIC_featured_image_caption":"","_FSMCFIC_featured_image_nocaption":"","_FSMCFIC_featured_image_hide":"","footnotes":""},"categories":[2,1],"tags":[],"class_list":["post-9714","post","type-post","status-publish","format-standard","has-post-thumbnail","hentry","category-noticias","category-ultimas"],"yoast_head":"<!-- This site is optimized with the Yoast SEO plugin v27.1.1 - https:\/\/yoast.com\/product\/yoast-seo-wordpress\/ -->\n<title>AGORA : quem recebe Bolsa Fam\u00edlia ou BPC n\u00e3o precisar\u00e1 mais pagar parcelas do Minha Casa Minha Vida; entenda FONTE: terrabrasilnoticias.com - Brasil not\u00edcias<\/title>\n<meta name=\"robots\" content=\"index, follow, max-snippet:-1, max-image-preview:large, max-video-preview:-1\" \/>\n<link rel=\"canonical\" href=\"https:\/\/brasilnoticias.org\/site\/agora-quem-recebe-bolsa-familia-ou-bpc-nao-precisara-mais-pagar-parcelas-do-minha-casa-minha-vida-entenda-fonte-terrabrasilnoticias-com\/\" \/>\n<meta property=\"og:locale\" content=\"pt_PT\" \/>\n<meta property=\"og:type\" content=\"article\" \/>\n<meta property=\"og:title\" content=\"AGORA : quem recebe Bolsa Fam\u00edlia ou BPC n\u00e3o precisar\u00e1 mais pagar parcelas do Minha Casa Minha Vida; entenda FONTE: terrabrasilnoticias.com - Brasil not\u00edcias\" \/>\n<meta property=\"og:description\" content=\"O Minist\u00e9rio das Cidades publicou nesta quinta-feira (28) uma portaria que isenta benefici\u00e1rios do Bolsa Fam\u00edlia e do Benef\u00edcio de\" \/>\n<meta property=\"og:url\" content=\"https:\/\/brasilnoticias.org\/site\/agora-quem-recebe-bolsa-familia-ou-bpc-nao-precisara-mais-pagar-parcelas-do-minha-casa-minha-vida-entenda-fonte-terrabrasilnoticias-com\/\" \/>\n<meta property=\"og:site_name\" content=\"Brasil not\u00edcias\" \/>\n<meta property=\"article:published_time\" content=\"2023-09-30T09:00:05+00:00\" \/>\n<meta property=\"og:image\" content=\"https:\/\/brasilnoticias.org\/site\/wp-content\/uploads\/2023\/09\/3eQ7X0aeGk6kYa9TbP9RL2tkWnJuQp-metaSU1HXzc3NjcucG5n-.png\" \/>\n\t<meta property=\"og:image:width\" content=\"739\" \/>\n\t<meta property=\"og:image:height\" content=\"415\" \/>\n\t<meta property=\"og:image:type\" content=\"image\/png\" \/>\n<meta name=\"author\" content=\"Reda\u00e7\u00e3o\" \/>\n<meta name=\"twitter:card\" content=\"summary_large_image\" \/>\n<meta name=\"twitter:label1\" content=\"Escrito por\" \/>\n\t<meta name=\"twitter:data1\" content=\"Reda\u00e7\u00e3o\" \/>\n<script type=\"application\/ld+json\" class=\"yoast-schema-graph\">{\"@context\":\"https:\/\/schema.org\",\"@graph\":[{\"@type\":\"Article\",\"@id\":\"https:\/\/brasilnoticias.org\/site\/agora-quem-recebe-bolsa-familia-ou-bpc-nao-precisara-mais-pagar-parcelas-do-minha-casa-minha-vida-entenda-fonte-terrabrasilnoticias-com\/#article\",\"isPartOf\":{\"@id\":\"https:\/\/brasilnoticias.org\/site\/agora-quem-recebe-bolsa-familia-ou-bpc-nao-precisara-mais-pagar-parcelas-do-minha-casa-minha-vida-entenda-fonte-terrabrasilnoticias-com\/\"},\"author\":{\"name\":\"Reda\u00e7\u00e3o\",\"@id\":\"https:\/\/brasilnoticias.org\/site\/#\/schema\/person\/03bbbfe6c7634ad18c26444ea39049fa\"},\"headline\":\"AGORA : quem recebe Bolsa Fam\u00edlia ou BPC n\u00e3o precisar\u00e1 mais pagar parcelas do Minha Casa Minha Vida; entenda FONTE: terrabrasilnoticias.com\",\"datePublished\":\"2023-09-30T09:00:05+00:00\",\"mainEntityOfPage\":{\"@id\":\"https:\/\/brasilnoticias.org\/site\/agora-quem-recebe-bolsa-familia-ou-bpc-nao-precisara-mais-pagar-parcelas-do-minha-casa-minha-vida-entenda-fonte-terrabrasilnoticias-com\/\"},\"wordCount\":477,\"commentCount\":0,\"publisher\":{\"@id\":\"https:\/\/brasilnoticias.org\/site\/#organization\"},\"image\":{\"@id\":\"https:\/\/brasilnoticias.org\/site\/agora-quem-recebe-bolsa-familia-ou-bpc-nao-precisara-mais-pagar-parcelas-do-minha-casa-minha-vida-entenda-fonte-terrabrasilnoticias-com\/#primaryimage\"},\"thumbnailUrl\":\"https:\/\/brasilnoticias.org\/site\/wp-content\/uploads\/2023\/09\/3eQ7X0aeGk6kYa9TbP9RL2tkWnJuQp-metaSU1HXzc3NjcucG5n-.png\",\"articleSection\":[\"Not\u00edcias\",\"\u00daltimas\"],\"inLanguage\":\"pt-PT\",\"potentialAction\":[{\"@type\":\"CommentAction\",\"name\":\"Comment\",\"target\":[\"https:\/\/brasilnoticias.org\/site\/agora-quem-recebe-bolsa-familia-ou-bpc-nao-precisara-mais-pagar-parcelas-do-minha-casa-minha-vida-entenda-fonte-terrabrasilnoticias-com\/#respond\"]}]},{\"@type\":\"WebPage\",\"@id\":\"https:\/\/brasilnoticias.org\/site\/agora-quem-recebe-bolsa-familia-ou-bpc-nao-precisara-mais-pagar-parcelas-do-minha-casa-minha-vida-entenda-fonte-terrabrasilnoticias-com\/\",\"url\":\"https:\/\/brasilnoticias.org\/site\/agora-quem-recebe-bolsa-familia-ou-bpc-nao-precisara-mais-pagar-parcelas-do-minha-casa-minha-vida-entenda-fonte-terrabrasilnoticias-com\/\",\"name\":\"AGORA : quem recebe Bolsa Fam\u00edlia ou BPC n\u00e3o precisar\u00e1 mais pagar parcelas do Minha Casa Minha Vida; entenda FONTE: terrabrasilnoticias.com - Brasil not\u00edcias\",\"isPartOf\":{\"@id\":\"https:\/\/brasilnoticias.org\/site\/#website\"},\"primaryImageOfPage\":{\"@id\":\"https:\/\/brasilnoticias.org\/site\/agora-quem-recebe-bolsa-familia-ou-bpc-nao-precisara-mais-pagar-parcelas-do-minha-casa-minha-vida-entenda-fonte-terrabrasilnoticias-com\/#primaryimage\"},\"image\":{\"@id\":\"https:\/\/brasilnoticias.org\/site\/agora-quem-recebe-bolsa-familia-ou-bpc-nao-precisara-mais-pagar-parcelas-do-minha-casa-minha-vida-entenda-fonte-terrabrasilnoticias-com\/#primaryimage\"},\"thumbnailUrl\":\"https:\/\/brasilnoticias.org\/site\/wp-content\/uploads\/2023\/09\/3eQ7X0aeGk6kYa9TbP9RL2tkWnJuQp-metaSU1HXzc3NjcucG5n-.png\",\"datePublished\":\"2023-09-30T09:00:05+00:00\",\"breadcrumb\":{\"@id\":\"https:\/\/brasilnoticias.org\/site\/agora-quem-recebe-bolsa-familia-ou-bpc-nao-precisara-mais-pagar-parcelas-do-minha-casa-minha-vida-entenda-fonte-terrabrasilnoticias-com\/#breadcrumb\"},\"inLanguage\":\"pt-PT\",\"potentialAction\":[{\"@type\":\"ReadAction\",\"target\":[\"https:\/\/brasilnoticias.org\/site\/agora-quem-recebe-bolsa-familia-ou-bpc-nao-precisara-mais-pagar-parcelas-do-minha-casa-minha-vida-entenda-fonte-terrabrasilnoticias-com\/\"]}]},{\"@type\":\"ImageObject\",\"inLanguage\":\"pt-PT\",\"@id\":\"https:\/\/brasilnoticias.org\/site\/agora-quem-recebe-bolsa-familia-ou-bpc-nao-precisara-mais-pagar-parcelas-do-minha-casa-minha-vida-entenda-fonte-terrabrasilnoticias-com\/#primaryimage\",\"url\":\"https:\/\/brasilnoticias.org\/site\/wp-content\/uploads\/2023\/09\/3eQ7X0aeGk6kYa9TbP9RL2tkWnJuQp-metaSU1HXzc3NjcucG5n-.png\",\"contentUrl\":\"https:\/\/brasilnoticias.org\/site\/wp-content\/uploads\/2023\/09\/3eQ7X0aeGk6kYa9TbP9RL2tkWnJuQp-metaSU1HXzc3NjcucG5n-.png\",\"width\":739,\"height\":415},{\"@type\":\"BreadcrumbList\",\"@id\":\"https:\/\/brasilnoticias.org\/site\/agora-quem-recebe-bolsa-familia-ou-bpc-nao-precisara-mais-pagar-parcelas-do-minha-casa-minha-vida-entenda-fonte-terrabrasilnoticias-com\/#breadcrumb\",\"itemListElement\":[{\"@type\":\"ListItem\",\"position\":1,\"name\":\"In\u00edcio\",\"item\":\"https:\/\/brasilnoticias.org\/site\/\"},{\"@type\":\"ListItem\",\"position\":2,\"name\":\"AGORA : quem recebe Bolsa Fam\u00edlia ou BPC n\u00e3o precisar\u00e1 mais pagar parcelas do Minha Casa Minha Vida; entenda FONTE: terrabrasilnoticias.com\"}]},{\"@type\":\"WebSite\",\"@id\":\"https:\/\/brasilnoticias.org\/site\/#website\",\"url\":\"https:\/\/brasilnoticias.org\/site\/\",\"name\":\"Brasil not\u00edcias\",\"description\":\"Brasil not\u00edcias\",\"publisher\":{\"@id\":\"https:\/\/brasilnoticias.org\/site\/#organization\"},\"potentialAction\":[{\"@type\":\"SearchAction\",\"target\":{\"@type\":\"EntryPoint\",\"urlTemplate\":\"https:\/\/brasilnoticias.org\/site\/?s={search_term_string}\"},\"query-input\":{\"@type\":\"PropertyValueSpecification\",\"valueRequired\":true,\"valueName\":\"search_term_string\"}}],\"inLanguage\":\"pt-PT\"},{\"@type\":\"Organization\",\"@id\":\"https:\/\/brasilnoticias.org\/site\/#organization\",\"name\":\"Brasil not\u00edcias\",\"url\":\"https:\/\/brasilnoticias.org\/site\/\",\"logo\":{\"@type\":\"ImageObject\",\"inLanguage\":\"pt-PT\",\"@id\":\"https:\/\/brasilnoticias.org\/site\/#\/schema\/logo\/image\/\",\"url\":\"https:\/\/brasilnoticias.org\/site\/wp-content\/uploads\/2022\/05\/cropped-brasilnoticias-mini.jpg\",\"contentUrl\":\"https:\/\/brasilnoticias.org\/site\/wp-content\/uploads\/2022\/05\/cropped-brasilnoticias-mini.jpg\",\"width\":314,\"height\":86,\"caption\":\"Brasil not\u00edcias\"},\"image\":{\"@id\":\"https:\/\/brasilnoticias.org\/site\/#\/schema\/logo\/image\/\"}},{\"@type\":\"Person\",\"@id\":\"https:\/\/brasilnoticias.org\/site\/#\/schema\/person\/03bbbfe6c7634ad18c26444ea39049fa\",\"name\":\"Reda\u00e7\u00e3o\",\"image\":{\"@type\":\"ImageObject\",\"inLanguage\":\"pt-PT\",\"@id\":\"https:\/\/brasilnoticias.org\/site\/#\/schema\/person\/image\/\",\"url\":\"https:\/\/secure.gravatar.com\/avatar\/9ecaf7327a696cb23ad926fedded5f1f04d7049de9e445375d55b48c001a6e42?s=96&d=mm&r=g\",\"contentUrl\":\"https:\/\/secure.gravatar.com\/avatar\/9ecaf7327a696cb23ad926fedded5f1f04d7049de9e445375d55b48c001a6e42?s=96&d=mm&r=g\",\"caption\":\"Reda\u00e7\u00e3o\"},\"url\":\"https:\/\/brasilnoticias.org\/site\/author\/henrique\/\"}]}<\/script>\n<!-- \/ Yoast SEO plugin. -->","yoast_head_json":{"title":"AGORA : quem recebe Bolsa Fam\u00edlia ou BPC n\u00e3o precisar\u00e1 mais pagar parcelas do Minha Casa Minha Vida; entenda FONTE: terrabrasilnoticias.com - Brasil not\u00edcias","robots":{"index":"index","follow":"follow","max-snippet":"max-snippet:-1","max-image-preview":"max-image-preview:large","max-video-preview":"max-video-preview:-1"},"canonical":"https:\/\/brasilnoticias.org\/site\/agora-quem-recebe-bolsa-familia-ou-bpc-nao-precisara-mais-pagar-parcelas-do-minha-casa-minha-vida-entenda-fonte-terrabrasilnoticias-com\/","og_locale":"pt_PT","og_type":"article","og_title":"AGORA : quem recebe Bolsa Fam\u00edlia ou BPC n\u00e3o precisar\u00e1 mais pagar parcelas do Minha Casa Minha Vida; entenda FONTE: terrabrasilnoticias.com - Brasil not\u00edcias","og_description":"O Minist\u00e9rio das Cidades publicou nesta quinta-feira (28) uma portaria que isenta benefici\u00e1rios do Bolsa Fam\u00edlia e do Benef\u00edcio de","og_url":"https:\/\/brasilnoticias.org\/site\/agora-quem-recebe-bolsa-familia-ou-bpc-nao-precisara-mais-pagar-parcelas-do-minha-casa-minha-vida-entenda-fonte-terrabrasilnoticias-com\/","og_site_name":"Brasil not\u00edcias","article_published_time":"2023-09-30T09:00:05+00:00","og_image":[{"width":739,"height":415,"url":"https:\/\/brasilnoticias.org\/site\/wp-content\/uploads\/2023\/09\/3eQ7X0aeGk6kYa9TbP9RL2tkWnJuQp-metaSU1HXzc3NjcucG5n-.png","type":"image\/png"}],"author":"Reda\u00e7\u00e3o","twitter_card":"summary_large_image","twitter_misc":{"Escrito por":"Reda\u00e7\u00e3o"},"schema":{"@context":"https:\/\/schema.org","@graph":[{"@type":"Article","@id":"https:\/\/brasilnoticias.org\/site\/agora-quem-recebe-bolsa-familia-ou-bpc-nao-precisara-mais-pagar-parcelas-do-minha-casa-minha-vida-entenda-fonte-terrabrasilnoticias-com\/#article","isPartOf":{"@id":"https:\/\/brasilnoticias.org\/site\/agora-quem-recebe-bolsa-familia-ou-bpc-nao-precisara-mais-pagar-parcelas-do-minha-casa-minha-vida-entenda-fonte-terrabrasilnoticias-com\/"},"author":{"name":"Reda\u00e7\u00e3o","@id":"https:\/\/brasilnoticias.org\/site\/#\/schema\/person\/03bbbfe6c7634ad18c26444ea39049fa"},"headline":"AGORA : quem recebe Bolsa Fam\u00edlia ou BPC n\u00e3o precisar\u00e1 mais pagar parcelas do Minha Casa Minha Vida; entenda FONTE: terrabrasilnoticias.com","datePublished":"2023-09-30T09:00:05+00:00","mainEntityOfPage":{"@id":"https:\/\/brasilnoticias.org\/site\/agora-quem-recebe-bolsa-familia-ou-bpc-nao-precisara-mais-pagar-parcelas-do-minha-casa-minha-vida-entenda-fonte-terrabrasilnoticias-com\/"},"wordCount":477,"commentCount":0,"publisher":{"@id":"https:\/\/brasilnoticias.org\/site\/#organization"},"image":{"@id":"https:\/\/brasilnoticias.org\/site\/agora-quem-recebe-bolsa-familia-ou-bpc-nao-precisara-mais-pagar-parcelas-do-minha-casa-minha-vida-entenda-fonte-terrabrasilnoticias-com\/#primaryimage"},"thumbnailUrl":"https:\/\/brasilnoticias.org\/site\/wp-content\/uploads\/2023\/09\/3eQ7X0aeGk6kYa9TbP9RL2tkWnJuQp-metaSU1HXzc3NjcucG5n-.png","articleSection":["Not\u00edcias","\u00daltimas"],"inLanguage":"pt-PT","potentialAction":[{"@type":"CommentAction","name":"Comment","target":["https:\/\/brasilnoticias.org\/site\/agora-quem-recebe-bolsa-familia-ou-bpc-nao-precisara-mais-pagar-parcelas-do-minha-casa-minha-vida-entenda-fonte-terrabrasilnoticias-com\/#respond"]}]},{"@type":"WebPage","@id":"https:\/\/brasilnoticias.org\/site\/agora-quem-recebe-bolsa-familia-ou-bpc-nao-precisara-mais-pagar-parcelas-do-minha-casa-minha-vida-entenda-fonte-terrabrasilnoticias-com\/","url":"https:\/\/brasilnoticias.org\/site\/agora-quem-recebe-bolsa-familia-ou-bpc-nao-precisara-mais-pagar-parcelas-do-minha-casa-minha-vida-entenda-fonte-terrabrasilnoticias-com\/","name":"AGORA : quem recebe Bolsa Fam\u00edlia ou BPC n\u00e3o precisar\u00e1 mais pagar parcelas do Minha Casa Minha Vida; entenda FONTE: terrabrasilnoticias.com - Brasil not\u00edcias","isPartOf":{"@id":"https:\/\/brasilnoticias.org\/site\/#website"},"primaryImageOfPage":{"@id":"https:\/\/brasilnoticias.org\/site\/agora-quem-recebe-bolsa-familia-ou-bpc-nao-precisara-mais-pagar-parcelas-do-minha-casa-minha-vida-entenda-fonte-terrabrasilnoticias-com\/#primaryimage"},"image":{"@id":"https:\/\/brasilnoticias.org\/site\/agora-quem-recebe-bolsa-familia-ou-bpc-nao-precisara-mais-pagar-parcelas-do-minha-casa-minha-vida-entenda-fonte-terrabrasilnoticias-com\/#primaryimage"},"thumbnailUrl":"https:\/\/brasilnoticias.org\/site\/wp-content\/uploads\/2023\/09\/3eQ7X0aeGk6kYa9TbP9RL2tkWnJuQp-metaSU1HXzc3NjcucG5n-.png","datePublished":"2023-09-30T09:00:05+00:00","breadcrumb":{"@id":"https:\/\/brasilnoticias.org\/site\/agora-quem-recebe-bolsa-familia-ou-bpc-nao-precisara-mais-pagar-parcelas-do-minha-casa-minha-vida-entenda-fonte-terrabrasilnoticias-com\/#breadcrumb"},"inLanguage":"pt-PT","potentialAction":[{"@type":"ReadAction","target":["https:\/\/brasilnoticias.org\/site\/agora-quem-recebe-bolsa-familia-ou-bpc-nao-precisara-mais-pagar-parcelas-do-minha-casa-minha-vida-entenda-fonte-terrabrasilnoticias-com\/"]}]},{"@type":"ImageObject","inLanguage":"pt-PT","@id":"https:\/\/brasilnoticias.org\/site\/agora-quem-recebe-bolsa-familia-ou-bpc-nao-precisara-mais-pagar-parcelas-do-minha-casa-minha-vida-entenda-fonte-terrabrasilnoticias-com\/#primaryimage","url":"https:\/\/brasilnoticias.org\/site\/wp-content\/uploads\/2023\/09\/3eQ7X0aeGk6kYa9TbP9RL2tkWnJuQp-metaSU1HXzc3NjcucG5n-.png","contentUrl":"https:\/\/brasilnoticias.org\/site\/wp-content\/uploads\/2023\/09\/3eQ7X0aeGk6kYa9TbP9RL2tkWnJuQp-metaSU1HXzc3NjcucG5n-.png","width":739,"height":415},{"@type":"BreadcrumbList","@id":"https:\/\/brasilnoticias.org\/site\/agora-quem-recebe-bolsa-familia-ou-bpc-nao-precisara-mais-pagar-parcelas-do-minha-casa-minha-vida-entenda-fonte-terrabrasilnoticias-com\/#breadcrumb","itemListElement":[{"@type":"ListItem","position":1,"name":"In\u00edcio","item":"https:\/\/brasilnoticias.org\/site\/"},{"@type":"ListItem","position":2,"name":"AGORA : quem recebe Bolsa Fam\u00edlia ou BPC n\u00e3o precisar\u00e1 mais pagar parcelas do Minha Casa Minha Vida; entenda FONTE: terrabrasilnoticias.com"}]},{"@type":"WebSite","@id":"https:\/\/brasilnoticias.org\/site\/#website","url":"https:\/\/brasilnoticias.org\/site\/","name":"Brasil not\u00edcias","description":"Brasil not\u00edcias","publisher":{"@id":"https:\/\/brasilnoticias.org\/site\/#organization"},"potentialAction":[{"@type":"SearchAction","target":{"@type":"EntryPoint","urlTemplate":"https:\/\/brasilnoticias.org\/site\/?s={search_term_string}"},"query-input":{"@type":"PropertyValueSpecification","valueRequired":true,"valueName":"search_term_string"}}],"inLanguage":"pt-PT"},{"@type":"Organization","@id":"https:\/\/brasilnoticias.org\/site\/#organization","name":"Brasil not\u00edcias","url":"https:\/\/brasilnoticias.org\/site\/","logo":{"@type":"ImageObject","inLanguage":"pt-PT","@id":"https:\/\/brasilnoticias.org\/site\/#\/schema\/logo\/image\/","url":"https:\/\/brasilnoticias.org\/site\/wp-content\/uploads\/2022\/05\/cropped-brasilnoticias-mini.jpg","contentUrl":"https:\/\/brasilnoticias.org\/site\/wp-content\/uploads\/2022\/05\/cropped-brasilnoticias-mini.jpg","width":314,"height":86,"caption":"Brasil not\u00edcias"},"image":{"@id":"https:\/\/brasilnoticias.org\/site\/#\/schema\/logo\/image\/"}},{"@type":"Person","@id":"https:\/\/brasilnoticias.org\/site\/#\/schema\/person\/03bbbfe6c7634ad18c26444ea39049fa","name":"Reda\u00e7\u00e3o","image":{"@type":"ImageObject","inLanguage":"pt-PT","@id":"https:\/\/brasilnoticias.org\/site\/#\/schema\/person\/image\/","url":"https:\/\/secure.gravatar.com\/avatar\/9ecaf7327a696cb23ad926fedded5f1f04d7049de9e445375d55b48c001a6e42?s=96&d=mm&r=g","contentUrl":"https:\/\/secure.gravatar.com\/avatar\/9ecaf7327a696cb23ad926fedded5f1f04d7049de9e445375d55b48c001a6e42?s=96&d=mm&r=g","caption":"Reda\u00e7\u00e3o"},"url":"https:\/\/brasilnoticias.org\/site\/author\/henrique\/"}]}},"_links":{"self":[{"href":"https:\/\/brasilnoticias.org\/site\/wp-json\/wp\/v2\/posts\/9714","targetHints":{"allow":["GET"]}}],"collection":[{"href":"https:\/\/brasilnoticias.org\/site\/wp-json\/wp\/v2\/posts"}],"about":[{"href":"https:\/\/brasilnoticias.org\/site\/wp-json\/wp\/v2\/types\/post"}],"author":[{"embeddable":true,"href":"https:\/\/brasilnoticias.org\/site\/wp-json\/wp\/v2\/users\/4"}],"replies":[{"embeddable":true,"href":"https:\/\/brasilnoticias.org\/site\/wp-json\/wp\/v2\/comments?post=9714"}],"version-history":[{"count":1,"href":"https:\/\/brasilnoticias.org\/site\/wp-json\/wp\/v2\/posts\/9714\/revisions"}],"predecessor-version":[{"id":9716,"href":"https:\/\/brasilnoticias.org\/site\/wp-json\/wp\/v2\/posts\/9714\/revisions\/9716"}],"wp:featuredmedia":[{"embeddable":true,"href":"https:\/\/brasilnoticias.org\/site\/wp-json\/wp\/v2\/media\/9715"}],"wp:attachment":[{"href":"https:\/\/brasilnoticias.org\/site\/wp-json\/wp\/v2\/media?parent=9714"}],"wp:term":[{"taxonomy":"category","embeddable":true,"href":"https:\/\/brasilnoticias.org\/site\/wp-json\/wp\/v2\/categories?post=9714"},{"taxonomy":"post_tag","embeddable":true,"href":"https:\/\/brasilnoticias.org\/site\/wp-json\/wp\/v2\/tags?post=9714"}],"curies":[{"name":"wp","href":"https:\/\/api.w.org\/{rel}","templated":true}]}}