{"id":9717,"date":"2023-09-30T07:05:49","date_gmt":"2023-09-30T10:05:49","guid":{"rendered":"https:\/\/brasilnoticias.org\/site\/?p=9717"},"modified":"2023-09-29T18:09:01","modified_gmt":"2023-09-29T21:09:01","slug":"projeto-de-usina-em-praia-de-fortaleza-pode-derrubar-internet-no-brasil-e-trava-embate-com-operadoras","status":"publish","type":"post","link":"https:\/\/brasilnoticias.org\/site\/projeto-de-usina-em-praia-de-fortaleza-pode-derrubar-internet-no-brasil-e-trava-embate-com-operadoras\/","title":{"rendered":"Projeto de usina em praia de Fortaleza pode derrubar internet no Brasil e trava embate com operadoras"},"content":{"rendered":"<p>Obra para remover sal da \u00e1gua da Praia do Futuro promete aumentar em 12% a oferta de \u00e1gua da Grande Fortaleza. Operadoras temem que usina danifique cabos de telefonias que partem da Europa e \u00c1frica para Fortaleza.<\/p>\n<p>A Praia do Futuro \u00e9 um dos locais mais visitados por fortalezenses e turistas. Quem vai ao local admirar o mar nem imagina que logo abaixo d&#8217;\u00e1gua h\u00e1 um embate ferrenho. Em jogo est\u00e1, de um lado, o funcionamento da internet em todo o Brasil e, de outro, a garantia do fornecimento de \u00e1gua para os cearenses.<\/p>\n<p>O governo do estado defende a obra de uma usina que vai converter \u00e1gua do mar em pot\u00e1vel. J\u00e1 as empresas telef\u00f4nicas temem que a estrutura cause o rompimento de cabos submarinos que fornecem internet.<\/p>\n<p>Fortaleza \u00e9 a cidade brasileira que recebe cabos de fibra \u00f3tica que garantem uma conex\u00e3o r\u00e1pida \u00e0 internet diretamente da Europa. A partir da capital cearense, os cabos s\u00e3o estendidos at\u00e9 Rio de Janeiro e S\u00e3o Paulo. O motivo \u00e9 a maior proximidade da capital cearense com a Europa, cerca de seis mil quil\u00f4metros.<\/p>\n<p>Conforme a Anatel, esses cabos s\u00e3o respons\u00e1veis por 99% do tr\u00e1fego de dados. &#8220;O Cear\u00e1, em especial a cidade de Fortaleza, \u00e9 que garante a interconex\u00e3o do Brasil com o resto do mundo&#8221;, afirmou o ministro das Comunica\u00e7\u00f5es, Juscelino Filho, nesta quarta-feira (27).<\/p>\n<p>Se os cabos forem rompidos, conforme a Ag\u00eancia Nacional de Telecomunica\u00e7\u00f5es (Anatel), o pa\u00eds inteiro fica off-line ou com a internet bastante lenta. Para evitar o risco, a Anatel emitiu uma recomenda\u00e7\u00e3o contr\u00e1ria \u00e0 instala\u00e7\u00e3o do projeto da usina de dessaliniza\u00e7\u00e3o.<\/p>\n<p>A medida parou o andamento do projeto. A estimativa agora \u00e9 que a entrega da usina atrase em pelo menos seis meses. A previs\u00e3o inicial era de que a usina teria as opera\u00e7\u00f5es iniciadas em 2025.<\/p>\n<p>Edital de R$ 3,2 bilh\u00f5es<br \/>\nA iniciativa da constru\u00e7\u00e3o da usina de dessaliniza\u00e7\u00e3o \u00e9 liderada pela Companhia de \u00c1gua e Esgoto do Cear\u00e1 (Cagece). Conforme o projeto, a usina deve ampliar em 12% a oferta de \u00e1gua na Grande Fortaleza.<\/p>\n<p>O edital para a realiza\u00e7\u00e3o do projeto foi vencido pelo Cons\u00f3rcio \u00c1guas de Fortaleza, e o investimento previsto \u00e9 da ordem de R$ 3,2 bilh\u00f5es.<\/p>\n<p>\u00c9 poss\u00edvel existir a usina sem acabar com a internet do pa\u00eds?<\/p>\n<p>Neuri Freitas, diretor-presidente da companhia, explicou que a dist\u00e2ncia entre cabos e outras infraestruturas foi ampliada de 40 para 500 metros, contornando a \u00e1rea do projeto da usina que pode danificar os cabos para evitar riscos.<\/p>\n<p>\u201cA nosso ver, isso est\u00e1 totalmente resolvido, n\u00e3o vamos trazer nenhum risco, buscamos a concilia\u00e7\u00e3o. A gente acha que n\u00e3o h\u00e1 esse risco j\u00e1 que no continente todos os cabos cruzam com alguma estrutura, como rede de g\u00e1s, de energia e diversas outras estruturas\u201d, afirmou.<br \/>\nEm nota, a companhia afirmou que fez altera\u00e7\u00f5es no projeto que custaram &#8220;na ordem de R$ 35 a 40 milh\u00f5es&#8221;. Segundo a empresa, conforme o projeto est\u00e1 sendo elaborado atualmente, a usina &#8220;n\u00e3o apresenta nenhum risco ao funcionamento dos cabos submarinos localizados na Praia do Futuro&#8221;.<\/p>\n<p>Com as novas medidas, a Cagece espera que a Anatel revise a medida que travou o andamento do projeto.<\/p>\n<p>Foto: Divulga\u00e7\u00e3o\/EllaLink<br \/>\nG1<\/p>\n","protected":false},"excerpt":{"rendered":"<p>Obra para remover sal da \u00e1gua da Praia do Futuro promete aumentar em 12% a oferta de \u00e1gua da Grande<\/p>\n","protected":false},"author":4,"featured_media":9718,"comment_status":"open","ping_status":"open","sticky":false,"template":"","format":"standard","meta":{"colormag_page_container_layout":"default_layout","colormag_page_sidebar_layout":"default_layout","_FSMCFIC_featured_image_caption":"","_FSMCFIC_featured_image_nocaption":"","_FSMCFIC_featured_image_hide":"","footnotes":""},"categories":[2,1],"tags":[],"class_list":["post-9717","post","type-post","status-publish","format-standard","has-post-thumbnail","hentry","category-noticias","category-ultimas"],"yoast_head":"<!-- This site is optimized with the Yoast SEO plugin v27.1.1 - https:\/\/yoast.com\/product\/yoast-seo-wordpress\/ -->\n<title>Projeto de usina em praia de Fortaleza pode derrubar internet no Brasil e trava embate com operadoras - Brasil not\u00edcias<\/title>\n<meta name=\"robots\" content=\"index, follow, max-snippet:-1, max-image-preview:large, max-video-preview:-1\" \/>\n<link rel=\"canonical\" href=\"https:\/\/brasilnoticias.org\/site\/projeto-de-usina-em-praia-de-fortaleza-pode-derrubar-internet-no-brasil-e-trava-embate-com-operadoras\/\" \/>\n<meta property=\"og:locale\" content=\"pt_PT\" \/>\n<meta property=\"og:type\" content=\"article\" \/>\n<meta property=\"og:title\" content=\"Projeto de usina em praia de Fortaleza pode derrubar internet no Brasil e trava embate com operadoras - Brasil not\u00edcias\" \/>\n<meta property=\"og:description\" content=\"Obra para remover sal da \u00e1gua da Praia do Futuro promete aumentar em 12% a oferta de \u00e1gua da Grande\" \/>\n<meta property=\"og:url\" content=\"https:\/\/brasilnoticias.org\/site\/projeto-de-usina-em-praia-de-fortaleza-pode-derrubar-internet-no-brasil-e-trava-embate-com-operadoras\/\" \/>\n<meta property=\"og:site_name\" content=\"Brasil not\u00edcias\" \/>\n<meta property=\"article:published_time\" content=\"2023-09-30T10:05:49+00:00\" \/>\n<meta property=\"og:image\" content=\"https:\/\/brasilnoticias.org\/site\/wp-content\/uploads\/2023\/09\/ellalink-sines.webp\" \/>\n\t<meta property=\"og:image:width\" content=\"1200\" \/>\n\t<meta property=\"og:image:height\" content=\"675\" \/>\n\t<meta property=\"og:image:type\" content=\"image\/webp\" \/>\n<meta name=\"author\" content=\"Reda\u00e7\u00e3o\" \/>\n<meta name=\"twitter:card\" content=\"summary_large_image\" \/>\n<meta name=\"twitter:label1\" content=\"Escrito por\" \/>\n\t<meta name=\"twitter:data1\" content=\"Reda\u00e7\u00e3o\" \/>\n<script type=\"application\/ld+json\" class=\"yoast-schema-graph\">{\"@context\":\"https:\/\/schema.org\",\"@graph\":[{\"@type\":\"Article\",\"@id\":\"https:\/\/brasilnoticias.org\/site\/projeto-de-usina-em-praia-de-fortaleza-pode-derrubar-internet-no-brasil-e-trava-embate-com-operadoras\/#article\",\"isPartOf\":{\"@id\":\"https:\/\/brasilnoticias.org\/site\/projeto-de-usina-em-praia-de-fortaleza-pode-derrubar-internet-no-brasil-e-trava-embate-com-operadoras\/\"},\"author\":{\"name\":\"Reda\u00e7\u00e3o\",\"@id\":\"https:\/\/brasilnoticias.org\/site\/#\/schema\/person\/03bbbfe6c7634ad18c26444ea39049fa\"},\"headline\":\"Projeto de usina em praia de Fortaleza pode derrubar internet no Brasil e trava embate com operadoras\",\"datePublished\":\"2023-09-30T10:05:49+00:00\",\"mainEntityOfPage\":{\"@id\":\"https:\/\/brasilnoticias.org\/site\/projeto-de-usina-em-praia-de-fortaleza-pode-derrubar-internet-no-brasil-e-trava-embate-com-operadoras\/\"},\"wordCount\":565,\"commentCount\":0,\"publisher\":{\"@id\":\"https:\/\/brasilnoticias.org\/site\/#organization\"},\"image\":{\"@id\":\"https:\/\/brasilnoticias.org\/site\/projeto-de-usina-em-praia-de-fortaleza-pode-derrubar-internet-no-brasil-e-trava-embate-com-operadoras\/#primaryimage\"},\"thumbnailUrl\":\"https:\/\/brasilnoticias.org\/site\/wp-content\/uploads\/2023\/09\/ellalink-sines.webp\",\"articleSection\":[\"Not\u00edcias\",\"\u00daltimas\"],\"inLanguage\":\"pt-PT\",\"potentialAction\":[{\"@type\":\"CommentAction\",\"name\":\"Comment\",\"target\":[\"https:\/\/brasilnoticias.org\/site\/projeto-de-usina-em-praia-de-fortaleza-pode-derrubar-internet-no-brasil-e-trava-embate-com-operadoras\/#respond\"]}]},{\"@type\":\"WebPage\",\"@id\":\"https:\/\/brasilnoticias.org\/site\/projeto-de-usina-em-praia-de-fortaleza-pode-derrubar-internet-no-brasil-e-trava-embate-com-operadoras\/\",\"url\":\"https:\/\/brasilnoticias.org\/site\/projeto-de-usina-em-praia-de-fortaleza-pode-derrubar-internet-no-brasil-e-trava-embate-com-operadoras\/\",\"name\":\"Projeto de usina em praia de Fortaleza pode derrubar internet no Brasil e trava embate com operadoras - Brasil not\u00edcias\",\"isPartOf\":{\"@id\":\"https:\/\/brasilnoticias.org\/site\/#website\"},\"primaryImageOfPage\":{\"@id\":\"https:\/\/brasilnoticias.org\/site\/projeto-de-usina-em-praia-de-fortaleza-pode-derrubar-internet-no-brasil-e-trava-embate-com-operadoras\/#primaryimage\"},\"image\":{\"@id\":\"https:\/\/brasilnoticias.org\/site\/projeto-de-usina-em-praia-de-fortaleza-pode-derrubar-internet-no-brasil-e-trava-embate-com-operadoras\/#primaryimage\"},\"thumbnailUrl\":\"https:\/\/brasilnoticias.org\/site\/wp-content\/uploads\/2023\/09\/ellalink-sines.webp\",\"datePublished\":\"2023-09-30T10:05:49+00:00\",\"breadcrumb\":{\"@id\":\"https:\/\/brasilnoticias.org\/site\/projeto-de-usina-em-praia-de-fortaleza-pode-derrubar-internet-no-brasil-e-trava-embate-com-operadoras\/#breadcrumb\"},\"inLanguage\":\"pt-PT\",\"potentialAction\":[{\"@type\":\"ReadAction\",\"target\":[\"https:\/\/brasilnoticias.org\/site\/projeto-de-usina-em-praia-de-fortaleza-pode-derrubar-internet-no-brasil-e-trava-embate-com-operadoras\/\"]}]},{\"@type\":\"ImageObject\",\"inLanguage\":\"pt-PT\",\"@id\":\"https:\/\/brasilnoticias.org\/site\/projeto-de-usina-em-praia-de-fortaleza-pode-derrubar-internet-no-brasil-e-trava-embate-com-operadoras\/#primaryimage\",\"url\":\"https:\/\/brasilnoticias.org\/site\/wp-content\/uploads\/2023\/09\/ellalink-sines.webp\",\"contentUrl\":\"https:\/\/brasilnoticias.org\/site\/wp-content\/uploads\/2023\/09\/ellalink-sines.webp\",\"width\":1200,\"height\":675},{\"@type\":\"BreadcrumbList\",\"@id\":\"https:\/\/brasilnoticias.org\/site\/projeto-de-usina-em-praia-de-fortaleza-pode-derrubar-internet-no-brasil-e-trava-embate-com-operadoras\/#breadcrumb\",\"itemListElement\":[{\"@type\":\"ListItem\",\"position\":1,\"name\":\"In\u00edcio\",\"item\":\"https:\/\/brasilnoticias.org\/site\/\"},{\"@type\":\"ListItem\",\"position\":2,\"name\":\"Projeto de usina em praia de Fortaleza pode derrubar internet no Brasil e trava embate com operadoras\"}]},{\"@type\":\"WebSite\",\"@id\":\"https:\/\/brasilnoticias.org\/site\/#website\",\"url\":\"https:\/\/brasilnoticias.org\/site\/\",\"name\":\"Brasil not\u00edcias\",\"description\":\"Brasil not\u00edcias\",\"publisher\":{\"@id\":\"https:\/\/brasilnoticias.org\/site\/#organization\"},\"potentialAction\":[{\"@type\":\"SearchAction\",\"target\":{\"@type\":\"EntryPoint\",\"urlTemplate\":\"https:\/\/brasilnoticias.org\/site\/?s={search_term_string}\"},\"query-input\":{\"@type\":\"PropertyValueSpecification\",\"valueRequired\":true,\"valueName\":\"search_term_string\"}}],\"inLanguage\":\"pt-PT\"},{\"@type\":\"Organization\",\"@id\":\"https:\/\/brasilnoticias.org\/site\/#organization\",\"name\":\"Brasil not\u00edcias\",\"url\":\"https:\/\/brasilnoticias.org\/site\/\",\"logo\":{\"@type\":\"ImageObject\",\"inLanguage\":\"pt-PT\",\"@id\":\"https:\/\/brasilnoticias.org\/site\/#\/schema\/logo\/image\/\",\"url\":\"https:\/\/brasilnoticias.org\/site\/wp-content\/uploads\/2022\/05\/cropped-brasilnoticias-mini.jpg\",\"contentUrl\":\"https:\/\/brasilnoticias.org\/site\/wp-content\/uploads\/2022\/05\/cropped-brasilnoticias-mini.jpg\",\"width\":314,\"height\":86,\"caption\":\"Brasil not\u00edcias\"},\"image\":{\"@id\":\"https:\/\/brasilnoticias.org\/site\/#\/schema\/logo\/image\/\"}},{\"@type\":\"Person\",\"@id\":\"https:\/\/brasilnoticias.org\/site\/#\/schema\/person\/03bbbfe6c7634ad18c26444ea39049fa\",\"name\":\"Reda\u00e7\u00e3o\",\"image\":{\"@type\":\"ImageObject\",\"inLanguage\":\"pt-PT\",\"@id\":\"https:\/\/brasilnoticias.org\/site\/#\/schema\/person\/image\/\",\"url\":\"https:\/\/secure.gravatar.com\/avatar\/9ecaf7327a696cb23ad926fedded5f1f04d7049de9e445375d55b48c001a6e42?s=96&d=mm&r=g\",\"contentUrl\":\"https:\/\/secure.gravatar.com\/avatar\/9ecaf7327a696cb23ad926fedded5f1f04d7049de9e445375d55b48c001a6e42?s=96&d=mm&r=g\",\"caption\":\"Reda\u00e7\u00e3o\"},\"url\":\"https:\/\/brasilnoticias.org\/site\/author\/henrique\/\"}]}<\/script>\n<!-- \/ Yoast SEO plugin. -->","yoast_head_json":{"title":"Projeto de usina em praia de Fortaleza pode derrubar internet no Brasil e trava embate com operadoras - Brasil not\u00edcias","robots":{"index":"index","follow":"follow","max-snippet":"max-snippet:-1","max-image-preview":"max-image-preview:large","max-video-preview":"max-video-preview:-1"},"canonical":"https:\/\/brasilnoticias.org\/site\/projeto-de-usina-em-praia-de-fortaleza-pode-derrubar-internet-no-brasil-e-trava-embate-com-operadoras\/","og_locale":"pt_PT","og_type":"article","og_title":"Projeto de usina em praia de Fortaleza pode derrubar internet no Brasil e trava embate com operadoras - Brasil not\u00edcias","og_description":"Obra para remover sal da \u00e1gua da Praia do Futuro promete aumentar em 12% a oferta de \u00e1gua da Grande","og_url":"https:\/\/brasilnoticias.org\/site\/projeto-de-usina-em-praia-de-fortaleza-pode-derrubar-internet-no-brasil-e-trava-embate-com-operadoras\/","og_site_name":"Brasil not\u00edcias","article_published_time":"2023-09-30T10:05:49+00:00","og_image":[{"width":1200,"height":675,"url":"https:\/\/brasilnoticias.org\/site\/wp-content\/uploads\/2023\/09\/ellalink-sines.webp","type":"image\/webp"}],"author":"Reda\u00e7\u00e3o","twitter_card":"summary_large_image","twitter_misc":{"Escrito por":"Reda\u00e7\u00e3o"},"schema":{"@context":"https:\/\/schema.org","@graph":[{"@type":"Article","@id":"https:\/\/brasilnoticias.org\/site\/projeto-de-usina-em-praia-de-fortaleza-pode-derrubar-internet-no-brasil-e-trava-embate-com-operadoras\/#article","isPartOf":{"@id":"https:\/\/brasilnoticias.org\/site\/projeto-de-usina-em-praia-de-fortaleza-pode-derrubar-internet-no-brasil-e-trava-embate-com-operadoras\/"},"author":{"name":"Reda\u00e7\u00e3o","@id":"https:\/\/brasilnoticias.org\/site\/#\/schema\/person\/03bbbfe6c7634ad18c26444ea39049fa"},"headline":"Projeto de usina em praia de Fortaleza pode derrubar internet no Brasil e trava embate com operadoras","datePublished":"2023-09-30T10:05:49+00:00","mainEntityOfPage":{"@id":"https:\/\/brasilnoticias.org\/site\/projeto-de-usina-em-praia-de-fortaleza-pode-derrubar-internet-no-brasil-e-trava-embate-com-operadoras\/"},"wordCount":565,"commentCount":0,"publisher":{"@id":"https:\/\/brasilnoticias.org\/site\/#organization"},"image":{"@id":"https:\/\/brasilnoticias.org\/site\/projeto-de-usina-em-praia-de-fortaleza-pode-derrubar-internet-no-brasil-e-trava-embate-com-operadoras\/#primaryimage"},"thumbnailUrl":"https:\/\/brasilnoticias.org\/site\/wp-content\/uploads\/2023\/09\/ellalink-sines.webp","articleSection":["Not\u00edcias","\u00daltimas"],"inLanguage":"pt-PT","potentialAction":[{"@type":"CommentAction","name":"Comment","target":["https:\/\/brasilnoticias.org\/site\/projeto-de-usina-em-praia-de-fortaleza-pode-derrubar-internet-no-brasil-e-trava-embate-com-operadoras\/#respond"]}]},{"@type":"WebPage","@id":"https:\/\/brasilnoticias.org\/site\/projeto-de-usina-em-praia-de-fortaleza-pode-derrubar-internet-no-brasil-e-trava-embate-com-operadoras\/","url":"https:\/\/brasilnoticias.org\/site\/projeto-de-usina-em-praia-de-fortaleza-pode-derrubar-internet-no-brasil-e-trava-embate-com-operadoras\/","name":"Projeto de usina em praia de Fortaleza pode derrubar internet no Brasil e trava embate com operadoras - Brasil not\u00edcias","isPartOf":{"@id":"https:\/\/brasilnoticias.org\/site\/#website"},"primaryImageOfPage":{"@id":"https:\/\/brasilnoticias.org\/site\/projeto-de-usina-em-praia-de-fortaleza-pode-derrubar-internet-no-brasil-e-trava-embate-com-operadoras\/#primaryimage"},"image":{"@id":"https:\/\/brasilnoticias.org\/site\/projeto-de-usina-em-praia-de-fortaleza-pode-derrubar-internet-no-brasil-e-trava-embate-com-operadoras\/#primaryimage"},"thumbnailUrl":"https:\/\/brasilnoticias.org\/site\/wp-content\/uploads\/2023\/09\/ellalink-sines.webp","datePublished":"2023-09-30T10:05:49+00:00","breadcrumb":{"@id":"https:\/\/brasilnoticias.org\/site\/projeto-de-usina-em-praia-de-fortaleza-pode-derrubar-internet-no-brasil-e-trava-embate-com-operadoras\/#breadcrumb"},"inLanguage":"pt-PT","potentialAction":[{"@type":"ReadAction","target":["https:\/\/brasilnoticias.org\/site\/projeto-de-usina-em-praia-de-fortaleza-pode-derrubar-internet-no-brasil-e-trava-embate-com-operadoras\/"]}]},{"@type":"ImageObject","inLanguage":"pt-PT","@id":"https:\/\/brasilnoticias.org\/site\/projeto-de-usina-em-praia-de-fortaleza-pode-derrubar-internet-no-brasil-e-trava-embate-com-operadoras\/#primaryimage","url":"https:\/\/brasilnoticias.org\/site\/wp-content\/uploads\/2023\/09\/ellalink-sines.webp","contentUrl":"https:\/\/brasilnoticias.org\/site\/wp-content\/uploads\/2023\/09\/ellalink-sines.webp","width":1200,"height":675},{"@type":"BreadcrumbList","@id":"https:\/\/brasilnoticias.org\/site\/projeto-de-usina-em-praia-de-fortaleza-pode-derrubar-internet-no-brasil-e-trava-embate-com-operadoras\/#breadcrumb","itemListElement":[{"@type":"ListItem","position":1,"name":"In\u00edcio","item":"https:\/\/brasilnoticias.org\/site\/"},{"@type":"ListItem","position":2,"name":"Projeto de usina em praia de Fortaleza pode derrubar internet no Brasil e trava embate com operadoras"}]},{"@type":"WebSite","@id":"https:\/\/brasilnoticias.org\/site\/#website","url":"https:\/\/brasilnoticias.org\/site\/","name":"Brasil not\u00edcias","description":"Brasil not\u00edcias","publisher":{"@id":"https:\/\/brasilnoticias.org\/site\/#organization"},"potentialAction":[{"@type":"SearchAction","target":{"@type":"EntryPoint","urlTemplate":"https:\/\/brasilnoticias.org\/site\/?s={search_term_string}"},"query-input":{"@type":"PropertyValueSpecification","valueRequired":true,"valueName":"search_term_string"}}],"inLanguage":"pt-PT"},{"@type":"Organization","@id":"https:\/\/brasilnoticias.org\/site\/#organization","name":"Brasil not\u00edcias","url":"https:\/\/brasilnoticias.org\/site\/","logo":{"@type":"ImageObject","inLanguage":"pt-PT","@id":"https:\/\/brasilnoticias.org\/site\/#\/schema\/logo\/image\/","url":"https:\/\/brasilnoticias.org\/site\/wp-content\/uploads\/2022\/05\/cropped-brasilnoticias-mini.jpg","contentUrl":"https:\/\/brasilnoticias.org\/site\/wp-content\/uploads\/2022\/05\/cropped-brasilnoticias-mini.jpg","width":314,"height":86,"caption":"Brasil not\u00edcias"},"image":{"@id":"https:\/\/brasilnoticias.org\/site\/#\/schema\/logo\/image\/"}},{"@type":"Person","@id":"https:\/\/brasilnoticias.org\/site\/#\/schema\/person\/03bbbfe6c7634ad18c26444ea39049fa","name":"Reda\u00e7\u00e3o","image":{"@type":"ImageObject","inLanguage":"pt-PT","@id":"https:\/\/brasilnoticias.org\/site\/#\/schema\/person\/image\/","url":"https:\/\/secure.gravatar.com\/avatar\/9ecaf7327a696cb23ad926fedded5f1f04d7049de9e445375d55b48c001a6e42?s=96&d=mm&r=g","contentUrl":"https:\/\/secure.gravatar.com\/avatar\/9ecaf7327a696cb23ad926fedded5f1f04d7049de9e445375d55b48c001a6e42?s=96&d=mm&r=g","caption":"Reda\u00e7\u00e3o"},"url":"https:\/\/brasilnoticias.org\/site\/author\/henrique\/"}]}},"_links":{"self":[{"href":"https:\/\/brasilnoticias.org\/site\/wp-json\/wp\/v2\/posts\/9717","targetHints":{"allow":["GET"]}}],"collection":[{"href":"https:\/\/brasilnoticias.org\/site\/wp-json\/wp\/v2\/posts"}],"about":[{"href":"https:\/\/brasilnoticias.org\/site\/wp-json\/wp\/v2\/types\/post"}],"author":[{"embeddable":true,"href":"https:\/\/brasilnoticias.org\/site\/wp-json\/wp\/v2\/users\/4"}],"replies":[{"embeddable":true,"href":"https:\/\/brasilnoticias.org\/site\/wp-json\/wp\/v2\/comments?post=9717"}],"version-history":[{"count":1,"href":"https:\/\/brasilnoticias.org\/site\/wp-json\/wp\/v2\/posts\/9717\/revisions"}],"predecessor-version":[{"id":9719,"href":"https:\/\/brasilnoticias.org\/site\/wp-json\/wp\/v2\/posts\/9717\/revisions\/9719"}],"wp:featuredmedia":[{"embeddable":true,"href":"https:\/\/brasilnoticias.org\/site\/wp-json\/wp\/v2\/media\/9718"}],"wp:attachment":[{"href":"https:\/\/brasilnoticias.org\/site\/wp-json\/wp\/v2\/media?parent=9717"}],"wp:term":[{"taxonomy":"category","embeddable":true,"href":"https:\/\/brasilnoticias.org\/site\/wp-json\/wp\/v2\/categories?post=9717"},{"taxonomy":"post_tag","embeddable":true,"href":"https:\/\/brasilnoticias.org\/site\/wp-json\/wp\/v2\/tags?post=9717"}],"curies":[{"name":"wp","href":"https:\/\/api.w.org\/{rel}","templated":true}]}}