{"id":9732,"date":"2023-09-30T18:10:10","date_gmt":"2023-09-30T21:10:10","guid":{"rendered":"https:\/\/brasilnoticias.org\/site\/?p=9732"},"modified":"2023-09-30T18:10:10","modified_gmt":"2023-09-30T21:10:10","slug":"salvador-tera-sete-novos-voos-diretos-durante-o-verao","status":"publish","type":"post","link":"https:\/\/brasilnoticias.org\/site\/salvador-tera-sete-novos-voos-diretos-durante-o-verao\/","title":{"rendered":"Salvador ter\u00e1 sete novos voos diretos durante o ver\u00e3o"},"content":{"rendered":"<p>Salvador ter\u00e1 voos diretos com as cidades de Ribeir\u00e3o Preto, S\u00e3o Jos\u00e9 do Rio Preto, Campinas, S\u00e3o Paulo, Belo Horizonte, Goi\u00e2nia e Bras\u00edlia<\/p>\n<p>A Secretaria Municipal de Cultura e Turismo de Salvador divulgou neste s\u00e1bado (30\/9), que a capital baiana ter\u00e1 sete novos voos diretos durante o ver\u00e3o de 2023\/2024. A a\u00e7\u00e3o \u00e9 uma parceria da Prefeitura com a Azul Linhas A\u00e9reas.<\/p>\n<p>Dessa forma, Salvador ter\u00e1 liga\u00e7\u00e3o direta com as cidades de Ribeir\u00e3o Preto, S\u00e3o Jos\u00e9 do Rio Preto, Campinas, S\u00e3o Paulo, Belo Horizonte, Goi\u00e2nia e Bras\u00edlia, entre dezembro de 2023 e fevereiro de 2024. Ser\u00e3o cerca de 50 novos voos neste per\u00edodo.<\/p>\n<p>A disposi\u00e7\u00e3o dos voos, fica da seguinte forma:<\/p>\n<p>Ribeir\u00e3o Preto (RAO) recebe voos \u00e0s ter\u00e7as-feiras em dezembro (19, 26) e em janeiro (2, 9, 16, 23, 30);<br \/>\nS\u00e3o Paulo (CGH) tem voos \u00e0s sextas-feiras em dezembro (15, 22, 29), janeiro (5, 12, 19, 26) e tamb\u00e9m em fevereiro (2);<br \/>\nS\u00e3o Jos\u00e9 do Rio Preto (SJP) oferece voos \u00e0s segundas-feiras em dezembro (18, 25) e janeiro (1, 8, 15, 22, 29);<br \/>\nGoi\u00e2nia (GYN) disponibiliza voos \u00e0s quintas-feiras em dezembro (21, 28), janeiro (4, 11, 18, 25) e fevereiro (1);<br \/>\nCampinas (VCP) e Belo Horizonte (CNF) oferecem voos aos s\u00e1bados (duas vezes por semana) em dezembro (2, 9, 16, 23, 30), janeiro (6, 13, 20, 27) e fevereiro (3, 10, 17, 24);<br \/>\nBras\u00edlia (BSB) ter\u00e1 voos \u00e0s quintas-feiras em dezembro (21, 28), janeiro (4, 11, 18, 25) e fevereiro (1).<\/p>\n<p>Esses voos dedicados oferecem op\u00e7\u00f5es convenientes para viajantes que desejam visitar Salvador durante a temporada 2023\/2024. Vale ressaltar que as pessoas devem verificar as datas e hor\u00e1rios dispon\u00edveis para planejar a viagem com anteced\u00eancia.<\/p>\n<p>Foto: Instagram\/@azulinhasaereas<br \/>\nAratu On<\/p>\n","protected":false},"excerpt":{"rendered":"<p>Salvador ter\u00e1 voos diretos com as cidades de Ribeir\u00e3o Preto, S\u00e3o Jos\u00e9 do Rio Preto, Campinas, S\u00e3o Paulo, Belo Horizonte,<\/p>\n","protected":false},"author":4,"featured_media":9733,"comment_status":"open","ping_status":"open","sticky":false,"template":"","format":"standard","meta":{"colormag_page_container_layout":"default_layout","colormag_page_sidebar_layout":"default_layout","_FSMCFIC_featured_image_caption":"","_FSMCFIC_featured_image_nocaption":"","_FSMCFIC_featured_image_hide":"","footnotes":""},"categories":[2,1],"tags":[],"class_list":["post-9732","post","type-post","status-publish","format-standard","has-post-thumbnail","hentry","category-noticias","category-ultimas"],"yoast_head":"<!-- This site is optimized with the Yoast SEO plugin v27.1.1 - https:\/\/yoast.com\/product\/yoast-seo-wordpress\/ -->\n<title>Salvador ter\u00e1 sete novos voos diretos durante o ver\u00e3o - Brasil not\u00edcias<\/title>\n<meta name=\"robots\" content=\"index, follow, max-snippet:-1, max-image-preview:large, max-video-preview:-1\" \/>\n<link rel=\"canonical\" href=\"https:\/\/brasilnoticias.org\/site\/salvador-tera-sete-novos-voos-diretos-durante-o-verao\/\" \/>\n<meta property=\"og:locale\" content=\"pt_PT\" \/>\n<meta property=\"og:type\" content=\"article\" \/>\n<meta property=\"og:title\" content=\"Salvador ter\u00e1 sete novos voos diretos durante o ver\u00e3o - Brasil not\u00edcias\" \/>\n<meta property=\"og:description\" content=\"Salvador ter\u00e1 voos diretos com as cidades de Ribeir\u00e3o Preto, S\u00e3o Jos\u00e9 do Rio Preto, Campinas, S\u00e3o Paulo, Belo Horizonte,\" \/>\n<meta property=\"og:url\" content=\"https:\/\/brasilnoticias.org\/site\/salvador-tera-sete-novos-voos-diretos-durante-o-verao\/\" \/>\n<meta property=\"og:site_name\" content=\"Brasil not\u00edcias\" \/>\n<meta property=\"article:published_time\" content=\"2023-09-30T21:10:10+00:00\" \/>\n<meta property=\"og:image\" content=\"https:\/\/brasilnoticias.org\/site\/wp-content\/uploads\/2023\/09\/azul-aviao-1.jpg\" \/>\n\t<meta property=\"og:image:width\" content=\"740\" \/>\n\t<meta property=\"og:image:height\" content=\"471\" \/>\n\t<meta property=\"og:image:type\" content=\"image\/jpeg\" \/>\n<meta name=\"author\" content=\"Reda\u00e7\u00e3o\" \/>\n<meta name=\"twitter:card\" content=\"summary_large_image\" \/>\n<meta name=\"twitter:label1\" content=\"Escrito por\" \/>\n\t<meta name=\"twitter:data1\" content=\"Reda\u00e7\u00e3o\" \/>\n<script type=\"application\/ld+json\" class=\"yoast-schema-graph\">{\"@context\":\"https:\/\/schema.org\",\"@graph\":[{\"@type\":\"Article\",\"@id\":\"https:\/\/brasilnoticias.org\/site\/salvador-tera-sete-novos-voos-diretos-durante-o-verao\/#article\",\"isPartOf\":{\"@id\":\"https:\/\/brasilnoticias.org\/site\/salvador-tera-sete-novos-voos-diretos-durante-o-verao\/\"},\"author\":{\"name\":\"Reda\u00e7\u00e3o\",\"@id\":\"https:\/\/brasilnoticias.org\/site\/#\/schema\/person\/03bbbfe6c7634ad18c26444ea39049fa\"},\"headline\":\"Salvador ter\u00e1 sete novos voos diretos durante o ver\u00e3o\",\"datePublished\":\"2023-09-30T21:10:10+00:00\",\"mainEntityOfPage\":{\"@id\":\"https:\/\/brasilnoticias.org\/site\/salvador-tera-sete-novos-voos-diretos-durante-o-verao\/\"},\"wordCount\":264,\"commentCount\":0,\"publisher\":{\"@id\":\"https:\/\/brasilnoticias.org\/site\/#organization\"},\"image\":{\"@id\":\"https:\/\/brasilnoticias.org\/site\/salvador-tera-sete-novos-voos-diretos-durante-o-verao\/#primaryimage\"},\"thumbnailUrl\":\"https:\/\/brasilnoticias.org\/site\/wp-content\/uploads\/2023\/09\/azul-aviao-1.jpg\",\"articleSection\":[\"Not\u00edcias\",\"\u00daltimas\"],\"inLanguage\":\"pt-PT\",\"potentialAction\":[{\"@type\":\"CommentAction\",\"name\":\"Comment\",\"target\":[\"https:\/\/brasilnoticias.org\/site\/salvador-tera-sete-novos-voos-diretos-durante-o-verao\/#respond\"]}]},{\"@type\":\"WebPage\",\"@id\":\"https:\/\/brasilnoticias.org\/site\/salvador-tera-sete-novos-voos-diretos-durante-o-verao\/\",\"url\":\"https:\/\/brasilnoticias.org\/site\/salvador-tera-sete-novos-voos-diretos-durante-o-verao\/\",\"name\":\"Salvador ter\u00e1 sete novos voos diretos durante o ver\u00e3o - Brasil not\u00edcias\",\"isPartOf\":{\"@id\":\"https:\/\/brasilnoticias.org\/site\/#website\"},\"primaryImageOfPage\":{\"@id\":\"https:\/\/brasilnoticias.org\/site\/salvador-tera-sete-novos-voos-diretos-durante-o-verao\/#primaryimage\"},\"image\":{\"@id\":\"https:\/\/brasilnoticias.org\/site\/salvador-tera-sete-novos-voos-diretos-durante-o-verao\/#primaryimage\"},\"thumbnailUrl\":\"https:\/\/brasilnoticias.org\/site\/wp-content\/uploads\/2023\/09\/azul-aviao-1.jpg\",\"datePublished\":\"2023-09-30T21:10:10+00:00\",\"breadcrumb\":{\"@id\":\"https:\/\/brasilnoticias.org\/site\/salvador-tera-sete-novos-voos-diretos-durante-o-verao\/#breadcrumb\"},\"inLanguage\":\"pt-PT\",\"potentialAction\":[{\"@type\":\"ReadAction\",\"target\":[\"https:\/\/brasilnoticias.org\/site\/salvador-tera-sete-novos-voos-diretos-durante-o-verao\/\"]}]},{\"@type\":\"ImageObject\",\"inLanguage\":\"pt-PT\",\"@id\":\"https:\/\/brasilnoticias.org\/site\/salvador-tera-sete-novos-voos-diretos-durante-o-verao\/#primaryimage\",\"url\":\"https:\/\/brasilnoticias.org\/site\/wp-content\/uploads\/2023\/09\/azul-aviao-1.jpg\",\"contentUrl\":\"https:\/\/brasilnoticias.org\/site\/wp-content\/uploads\/2023\/09\/azul-aviao-1.jpg\",\"width\":740,\"height\":471},{\"@type\":\"BreadcrumbList\",\"@id\":\"https:\/\/brasilnoticias.org\/site\/salvador-tera-sete-novos-voos-diretos-durante-o-verao\/#breadcrumb\",\"itemListElement\":[{\"@type\":\"ListItem\",\"position\":1,\"name\":\"In\u00edcio\",\"item\":\"https:\/\/brasilnoticias.org\/site\/\"},{\"@type\":\"ListItem\",\"position\":2,\"name\":\"Salvador ter\u00e1 sete novos voos diretos durante o ver\u00e3o\"}]},{\"@type\":\"WebSite\",\"@id\":\"https:\/\/brasilnoticias.org\/site\/#website\",\"url\":\"https:\/\/brasilnoticias.org\/site\/\",\"name\":\"Brasil not\u00edcias\",\"description\":\"Brasil not\u00edcias\",\"publisher\":{\"@id\":\"https:\/\/brasilnoticias.org\/site\/#organization\"},\"potentialAction\":[{\"@type\":\"SearchAction\",\"target\":{\"@type\":\"EntryPoint\",\"urlTemplate\":\"https:\/\/brasilnoticias.org\/site\/?s={search_term_string}\"},\"query-input\":{\"@type\":\"PropertyValueSpecification\",\"valueRequired\":true,\"valueName\":\"search_term_string\"}}],\"inLanguage\":\"pt-PT\"},{\"@type\":\"Organization\",\"@id\":\"https:\/\/brasilnoticias.org\/site\/#organization\",\"name\":\"Brasil not\u00edcias\",\"url\":\"https:\/\/brasilnoticias.org\/site\/\",\"logo\":{\"@type\":\"ImageObject\",\"inLanguage\":\"pt-PT\",\"@id\":\"https:\/\/brasilnoticias.org\/site\/#\/schema\/logo\/image\/\",\"url\":\"https:\/\/brasilnoticias.org\/site\/wp-content\/uploads\/2022\/05\/cropped-brasilnoticias-mini.jpg\",\"contentUrl\":\"https:\/\/brasilnoticias.org\/site\/wp-content\/uploads\/2022\/05\/cropped-brasilnoticias-mini.jpg\",\"width\":314,\"height\":86,\"caption\":\"Brasil not\u00edcias\"},\"image\":{\"@id\":\"https:\/\/brasilnoticias.org\/site\/#\/schema\/logo\/image\/\"}},{\"@type\":\"Person\",\"@id\":\"https:\/\/brasilnoticias.org\/site\/#\/schema\/person\/03bbbfe6c7634ad18c26444ea39049fa\",\"name\":\"Reda\u00e7\u00e3o\",\"image\":{\"@type\":\"ImageObject\",\"inLanguage\":\"pt-PT\",\"@id\":\"https:\/\/brasilnoticias.org\/site\/#\/schema\/person\/image\/\",\"url\":\"https:\/\/secure.gravatar.com\/avatar\/9ecaf7327a696cb23ad926fedded5f1f04d7049de9e445375d55b48c001a6e42?s=96&d=mm&r=g\",\"contentUrl\":\"https:\/\/secure.gravatar.com\/avatar\/9ecaf7327a696cb23ad926fedded5f1f04d7049de9e445375d55b48c001a6e42?s=96&d=mm&r=g\",\"caption\":\"Reda\u00e7\u00e3o\"},\"url\":\"https:\/\/brasilnoticias.org\/site\/author\/henrique\/\"}]}<\/script>\n<!-- \/ Yoast SEO plugin. -->","yoast_head_json":{"title":"Salvador ter\u00e1 sete novos voos diretos durante o ver\u00e3o - Brasil not\u00edcias","robots":{"index":"index","follow":"follow","max-snippet":"max-snippet:-1","max-image-preview":"max-image-preview:large","max-video-preview":"max-video-preview:-1"},"canonical":"https:\/\/brasilnoticias.org\/site\/salvador-tera-sete-novos-voos-diretos-durante-o-verao\/","og_locale":"pt_PT","og_type":"article","og_title":"Salvador ter\u00e1 sete novos voos diretos durante o ver\u00e3o - Brasil not\u00edcias","og_description":"Salvador ter\u00e1 voos diretos com as cidades de Ribeir\u00e3o Preto, S\u00e3o Jos\u00e9 do Rio Preto, Campinas, S\u00e3o Paulo, Belo Horizonte,","og_url":"https:\/\/brasilnoticias.org\/site\/salvador-tera-sete-novos-voos-diretos-durante-o-verao\/","og_site_name":"Brasil not\u00edcias","article_published_time":"2023-09-30T21:10:10+00:00","og_image":[{"width":740,"height":471,"url":"https:\/\/brasilnoticias.org\/site\/wp-content\/uploads\/2023\/09\/azul-aviao-1.jpg","type":"image\/jpeg"}],"author":"Reda\u00e7\u00e3o","twitter_card":"summary_large_image","twitter_misc":{"Escrito por":"Reda\u00e7\u00e3o"},"schema":{"@context":"https:\/\/schema.org","@graph":[{"@type":"Article","@id":"https:\/\/brasilnoticias.org\/site\/salvador-tera-sete-novos-voos-diretos-durante-o-verao\/#article","isPartOf":{"@id":"https:\/\/brasilnoticias.org\/site\/salvador-tera-sete-novos-voos-diretos-durante-o-verao\/"},"author":{"name":"Reda\u00e7\u00e3o","@id":"https:\/\/brasilnoticias.org\/site\/#\/schema\/person\/03bbbfe6c7634ad18c26444ea39049fa"},"headline":"Salvador ter\u00e1 sete novos voos diretos durante o ver\u00e3o","datePublished":"2023-09-30T21:10:10+00:00","mainEntityOfPage":{"@id":"https:\/\/brasilnoticias.org\/site\/salvador-tera-sete-novos-voos-diretos-durante-o-verao\/"},"wordCount":264,"commentCount":0,"publisher":{"@id":"https:\/\/brasilnoticias.org\/site\/#organization"},"image":{"@id":"https:\/\/brasilnoticias.org\/site\/salvador-tera-sete-novos-voos-diretos-durante-o-verao\/#primaryimage"},"thumbnailUrl":"https:\/\/brasilnoticias.org\/site\/wp-content\/uploads\/2023\/09\/azul-aviao-1.jpg","articleSection":["Not\u00edcias","\u00daltimas"],"inLanguage":"pt-PT","potentialAction":[{"@type":"CommentAction","name":"Comment","target":["https:\/\/brasilnoticias.org\/site\/salvador-tera-sete-novos-voos-diretos-durante-o-verao\/#respond"]}]},{"@type":"WebPage","@id":"https:\/\/brasilnoticias.org\/site\/salvador-tera-sete-novos-voos-diretos-durante-o-verao\/","url":"https:\/\/brasilnoticias.org\/site\/salvador-tera-sete-novos-voos-diretos-durante-o-verao\/","name":"Salvador ter\u00e1 sete novos voos diretos durante o ver\u00e3o - Brasil not\u00edcias","isPartOf":{"@id":"https:\/\/brasilnoticias.org\/site\/#website"},"primaryImageOfPage":{"@id":"https:\/\/brasilnoticias.org\/site\/salvador-tera-sete-novos-voos-diretos-durante-o-verao\/#primaryimage"},"image":{"@id":"https:\/\/brasilnoticias.org\/site\/salvador-tera-sete-novos-voos-diretos-durante-o-verao\/#primaryimage"},"thumbnailUrl":"https:\/\/brasilnoticias.org\/site\/wp-content\/uploads\/2023\/09\/azul-aviao-1.jpg","datePublished":"2023-09-30T21:10:10+00:00","breadcrumb":{"@id":"https:\/\/brasilnoticias.org\/site\/salvador-tera-sete-novos-voos-diretos-durante-o-verao\/#breadcrumb"},"inLanguage":"pt-PT","potentialAction":[{"@type":"ReadAction","target":["https:\/\/brasilnoticias.org\/site\/salvador-tera-sete-novos-voos-diretos-durante-o-verao\/"]}]},{"@type":"ImageObject","inLanguage":"pt-PT","@id":"https:\/\/brasilnoticias.org\/site\/salvador-tera-sete-novos-voos-diretos-durante-o-verao\/#primaryimage","url":"https:\/\/brasilnoticias.org\/site\/wp-content\/uploads\/2023\/09\/azul-aviao-1.jpg","contentUrl":"https:\/\/brasilnoticias.org\/site\/wp-content\/uploads\/2023\/09\/azul-aviao-1.jpg","width":740,"height":471},{"@type":"BreadcrumbList","@id":"https:\/\/brasilnoticias.org\/site\/salvador-tera-sete-novos-voos-diretos-durante-o-verao\/#breadcrumb","itemListElement":[{"@type":"ListItem","position":1,"name":"In\u00edcio","item":"https:\/\/brasilnoticias.org\/site\/"},{"@type":"ListItem","position":2,"name":"Salvador ter\u00e1 sete novos voos diretos durante o ver\u00e3o"}]},{"@type":"WebSite","@id":"https:\/\/brasilnoticias.org\/site\/#website","url":"https:\/\/brasilnoticias.org\/site\/","name":"Brasil not\u00edcias","description":"Brasil not\u00edcias","publisher":{"@id":"https:\/\/brasilnoticias.org\/site\/#organization"},"potentialAction":[{"@type":"SearchAction","target":{"@type":"EntryPoint","urlTemplate":"https:\/\/brasilnoticias.org\/site\/?s={search_term_string}"},"query-input":{"@type":"PropertyValueSpecification","valueRequired":true,"valueName":"search_term_string"}}],"inLanguage":"pt-PT"},{"@type":"Organization","@id":"https:\/\/brasilnoticias.org\/site\/#organization","name":"Brasil not\u00edcias","url":"https:\/\/brasilnoticias.org\/site\/","logo":{"@type":"ImageObject","inLanguage":"pt-PT","@id":"https:\/\/brasilnoticias.org\/site\/#\/schema\/logo\/image\/","url":"https:\/\/brasilnoticias.org\/site\/wp-content\/uploads\/2022\/05\/cropped-brasilnoticias-mini.jpg","contentUrl":"https:\/\/brasilnoticias.org\/site\/wp-content\/uploads\/2022\/05\/cropped-brasilnoticias-mini.jpg","width":314,"height":86,"caption":"Brasil not\u00edcias"},"image":{"@id":"https:\/\/brasilnoticias.org\/site\/#\/schema\/logo\/image\/"}},{"@type":"Person","@id":"https:\/\/brasilnoticias.org\/site\/#\/schema\/person\/03bbbfe6c7634ad18c26444ea39049fa","name":"Reda\u00e7\u00e3o","image":{"@type":"ImageObject","inLanguage":"pt-PT","@id":"https:\/\/brasilnoticias.org\/site\/#\/schema\/person\/image\/","url":"https:\/\/secure.gravatar.com\/avatar\/9ecaf7327a696cb23ad926fedded5f1f04d7049de9e445375d55b48c001a6e42?s=96&d=mm&r=g","contentUrl":"https:\/\/secure.gravatar.com\/avatar\/9ecaf7327a696cb23ad926fedded5f1f04d7049de9e445375d55b48c001a6e42?s=96&d=mm&r=g","caption":"Reda\u00e7\u00e3o"},"url":"https:\/\/brasilnoticias.org\/site\/author\/henrique\/"}]}},"_links":{"self":[{"href":"https:\/\/brasilnoticias.org\/site\/wp-json\/wp\/v2\/posts\/9732","targetHints":{"allow":["GET"]}}],"collection":[{"href":"https:\/\/brasilnoticias.org\/site\/wp-json\/wp\/v2\/posts"}],"about":[{"href":"https:\/\/brasilnoticias.org\/site\/wp-json\/wp\/v2\/types\/post"}],"author":[{"embeddable":true,"href":"https:\/\/brasilnoticias.org\/site\/wp-json\/wp\/v2\/users\/4"}],"replies":[{"embeddable":true,"href":"https:\/\/brasilnoticias.org\/site\/wp-json\/wp\/v2\/comments?post=9732"}],"version-history":[{"count":1,"href":"https:\/\/brasilnoticias.org\/site\/wp-json\/wp\/v2\/posts\/9732\/revisions"}],"predecessor-version":[{"id":9734,"href":"https:\/\/brasilnoticias.org\/site\/wp-json\/wp\/v2\/posts\/9732\/revisions\/9734"}],"wp:featuredmedia":[{"embeddable":true,"href":"https:\/\/brasilnoticias.org\/site\/wp-json\/wp\/v2\/media\/9733"}],"wp:attachment":[{"href":"https:\/\/brasilnoticias.org\/site\/wp-json\/wp\/v2\/media?parent=9732"}],"wp:term":[{"taxonomy":"category","embeddable":true,"href":"https:\/\/brasilnoticias.org\/site\/wp-json\/wp\/v2\/categories?post=9732"},{"taxonomy":"post_tag","embeddable":true,"href":"https:\/\/brasilnoticias.org\/site\/wp-json\/wp\/v2\/tags?post=9732"}],"curies":[{"name":"wp","href":"https:\/\/api.w.org\/{rel}","templated":true}]}}