{"id":9747,"date":"2023-10-01T08:00:12","date_gmt":"2023-10-01T11:00:12","guid":{"rendered":"https:\/\/brasilnoticias.org\/site\/?p=9747"},"modified":"2023-09-30T18:16:50","modified_gmt":"2023-09-30T21:16:50","slug":"pesquisa-aponta-que-41-dos-brasileiros-se-mudariam-do-pais-por-causa-da-polarizacao-politica","status":"publish","type":"post","link":"https:\/\/brasilnoticias.org\/site\/pesquisa-aponta-que-41-dos-brasileiros-se-mudariam-do-pais-por-causa-da-polarizacao-politica\/","title":{"rendered":"Pesquisa aponta que 41% dos brasileiros se mudariam do pa\u00eds por causa da polariza\u00e7\u00e3o pol\u00edtica"},"content":{"rendered":"<p>Segundo o estudo, brasileiros sa\u00edram das urnas ap\u00f3s elei\u00e7\u00f5es do ano passado \u201cafetivamente polarizados\u201d e \u201csocialmente calcificados\u201d<\/p>\n<p>Realizada pela Quaest, a pesquisa \u201cO que esperar do Brasil?\u201d mostrou que 41% dos brasileiros escolheriam mudar de pa\u00eds devido aos conflitos causados pela polariza\u00e7\u00e3o pol\u00edtica. O estudo foi publicado neste s\u00e1bado (30).<\/p>\n<p>O levantamento, obtido pela CNN, faz uma an\u00e1lise, com base em dados colhidos at\u00e9 junho deste ano, sobre \u201ccomo a polariza\u00e7\u00e3o divide fam\u00edlias, compromete empresas e desafia o futuro do pa\u00eds\u201d. Segundo o estudo, os brasileiros sa\u00edram das urnas ap\u00f3s as elei\u00e7\u00f5es do ano passado \u201cafetivamente polarizados\u201d e \u201csocialmente calcificados\u201d.<\/p>\n<p>Houve um aumento no \u00edndice de \u201cpolariza\u00e7\u00e3o afetiva\u201d, que trata do afeto dos eleitores em rela\u00e7\u00e3o aos candidatos advers\u00e1rios aos seus \u2013 nesse caso, o presidente Luiz In\u00e1cio Lula da Silva (PT) e o ex-presidente Jair Bolsonaro (PL). A pes<\/p>\n<p>Foto: Nelson Jr.\/Ascom\/TSE<br \/>\nPor: Metro1<\/p>\n","protected":false},"excerpt":{"rendered":"<p>Segundo o estudo, brasileiros sa\u00edram das urnas ap\u00f3s elei\u00e7\u00f5es do ano passado \u201cafetivamente polarizados\u201d e \u201csocialmente calcificados\u201d Realizada pela Quaest,<\/p>\n","protected":false},"author":4,"featured_media":9748,"comment_status":"open","ping_status":"open","sticky":false,"template":"","format":"standard","meta":{"colormag_page_container_layout":"default_layout","colormag_page_sidebar_layout":"default_layout","_FSMCFIC_featured_image_caption":"","_FSMCFIC_featured_image_nocaption":"","_FSMCFIC_featured_image_hide":"","footnotes":""},"categories":[5,1],"tags":[],"class_list":["post-9747","post","type-post","status-publish","format-standard","has-post-thumbnail","hentry","category-politica","category-ultimas"],"yoast_head":"<!-- This site is optimized with the Yoast SEO plugin v27.1.1 - https:\/\/yoast.com\/product\/yoast-seo-wordpress\/ -->\n<title>Pesquisa aponta que 41% dos brasileiros se mudariam do pa\u00eds por causa da polariza\u00e7\u00e3o pol\u00edtica - Brasil not\u00edcias<\/title>\n<meta name=\"robots\" content=\"index, follow, max-snippet:-1, max-image-preview:large, max-video-preview:-1\" \/>\n<link rel=\"canonical\" href=\"https:\/\/brasilnoticias.org\/site\/pesquisa-aponta-que-41-dos-brasileiros-se-mudariam-do-pais-por-causa-da-polarizacao-politica\/\" \/>\n<meta property=\"og:locale\" content=\"pt_PT\" \/>\n<meta property=\"og:type\" content=\"article\" \/>\n<meta property=\"og:title\" content=\"Pesquisa aponta que 41% dos brasileiros se mudariam do pa\u00eds por causa da polariza\u00e7\u00e3o pol\u00edtica - Brasil not\u00edcias\" \/>\n<meta property=\"og:description\" content=\"Segundo o estudo, brasileiros sa\u00edram das urnas ap\u00f3s elei\u00e7\u00f5es do ano passado \u201cafetivamente polarizados\u201d e \u201csocialmente calcificados\u201d Realizada pela Quaest,\" \/>\n<meta property=\"og:url\" content=\"https:\/\/brasilnoticias.org\/site\/pesquisa-aponta-que-41-dos-brasileiros-se-mudariam-do-pais-por-causa-da-polarizacao-politica\/\" \/>\n<meta property=\"og:site_name\" content=\"Brasil not\u00edcias\" \/>\n<meta property=\"article:published_time\" content=\"2023-10-01T11:00:12+00:00\" \/>\n<meta property=\"og:image\" content=\"https:\/\/brasilnoticias.org\/site\/wp-content\/uploads\/2023\/09\/141501pesquisa-aponta-que-41-dos-brasileiros-se-mudariam-do-pais-por-causa-da-polarizacao-politica-3.jpg\" \/>\n\t<meta property=\"og:image:width\" content=\"1600\" \/>\n\t<meta property=\"og:image:height\" content=\"752\" \/>\n\t<meta property=\"og:image:type\" content=\"image\/jpeg\" \/>\n<meta name=\"author\" content=\"Reda\u00e7\u00e3o\" \/>\n<meta name=\"twitter:card\" content=\"summary_large_image\" \/>\n<meta name=\"twitter:label1\" content=\"Escrito por\" \/>\n\t<meta name=\"twitter:data1\" content=\"Reda\u00e7\u00e3o\" \/>\n<script type=\"application\/ld+json\" class=\"yoast-schema-graph\">{\"@context\":\"https:\/\/schema.org\",\"@graph\":[{\"@type\":\"Article\",\"@id\":\"https:\/\/brasilnoticias.org\/site\/pesquisa-aponta-que-41-dos-brasileiros-se-mudariam-do-pais-por-causa-da-polarizacao-politica\/#article\",\"isPartOf\":{\"@id\":\"https:\/\/brasilnoticias.org\/site\/pesquisa-aponta-que-41-dos-brasileiros-se-mudariam-do-pais-por-causa-da-polarizacao-politica\/\"},\"author\":{\"name\":\"Reda\u00e7\u00e3o\",\"@id\":\"https:\/\/brasilnoticias.org\/site\/#\/schema\/person\/03bbbfe6c7634ad18c26444ea39049fa\"},\"headline\":\"Pesquisa aponta que 41% dos brasileiros se mudariam do pa\u00eds por causa da polariza\u00e7\u00e3o pol\u00edtica\",\"datePublished\":\"2023-10-01T11:00:12+00:00\",\"mainEntityOfPage\":{\"@id\":\"https:\/\/brasilnoticias.org\/site\/pesquisa-aponta-que-41-dos-brasileiros-se-mudariam-do-pais-por-causa-da-polarizacao-politica\/\"},\"wordCount\":179,\"commentCount\":0,\"publisher\":{\"@id\":\"https:\/\/brasilnoticias.org\/site\/#organization\"},\"image\":{\"@id\":\"https:\/\/brasilnoticias.org\/site\/pesquisa-aponta-que-41-dos-brasileiros-se-mudariam-do-pais-por-causa-da-polarizacao-politica\/#primaryimage\"},\"thumbnailUrl\":\"https:\/\/brasilnoticias.org\/site\/wp-content\/uploads\/2023\/09\/141501pesquisa-aponta-que-41-dos-brasileiros-se-mudariam-do-pais-por-causa-da-polarizacao-politica-3.jpg\",\"articleSection\":[\"Pol\u00edtica\",\"\u00daltimas\"],\"inLanguage\":\"pt-PT\",\"potentialAction\":[{\"@type\":\"CommentAction\",\"name\":\"Comment\",\"target\":[\"https:\/\/brasilnoticias.org\/site\/pesquisa-aponta-que-41-dos-brasileiros-se-mudariam-do-pais-por-causa-da-polarizacao-politica\/#respond\"]}]},{\"@type\":\"WebPage\",\"@id\":\"https:\/\/brasilnoticias.org\/site\/pesquisa-aponta-que-41-dos-brasileiros-se-mudariam-do-pais-por-causa-da-polarizacao-politica\/\",\"url\":\"https:\/\/brasilnoticias.org\/site\/pesquisa-aponta-que-41-dos-brasileiros-se-mudariam-do-pais-por-causa-da-polarizacao-politica\/\",\"name\":\"Pesquisa aponta que 41% dos brasileiros se mudariam do pa\u00eds por causa da polariza\u00e7\u00e3o pol\u00edtica - Brasil not\u00edcias\",\"isPartOf\":{\"@id\":\"https:\/\/brasilnoticias.org\/site\/#website\"},\"primaryImageOfPage\":{\"@id\":\"https:\/\/brasilnoticias.org\/site\/pesquisa-aponta-que-41-dos-brasileiros-se-mudariam-do-pais-por-causa-da-polarizacao-politica\/#primaryimage\"},\"image\":{\"@id\":\"https:\/\/brasilnoticias.org\/site\/pesquisa-aponta-que-41-dos-brasileiros-se-mudariam-do-pais-por-causa-da-polarizacao-politica\/#primaryimage\"},\"thumbnailUrl\":\"https:\/\/brasilnoticias.org\/site\/wp-content\/uploads\/2023\/09\/141501pesquisa-aponta-que-41-dos-brasileiros-se-mudariam-do-pais-por-causa-da-polarizacao-politica-3.jpg\",\"datePublished\":\"2023-10-01T11:00:12+00:00\",\"breadcrumb\":{\"@id\":\"https:\/\/brasilnoticias.org\/site\/pesquisa-aponta-que-41-dos-brasileiros-se-mudariam-do-pais-por-causa-da-polarizacao-politica\/#breadcrumb\"},\"inLanguage\":\"pt-PT\",\"potentialAction\":[{\"@type\":\"ReadAction\",\"target\":[\"https:\/\/brasilnoticias.org\/site\/pesquisa-aponta-que-41-dos-brasileiros-se-mudariam-do-pais-por-causa-da-polarizacao-politica\/\"]}]},{\"@type\":\"ImageObject\",\"inLanguage\":\"pt-PT\",\"@id\":\"https:\/\/brasilnoticias.org\/site\/pesquisa-aponta-que-41-dos-brasileiros-se-mudariam-do-pais-por-causa-da-polarizacao-politica\/#primaryimage\",\"url\":\"https:\/\/brasilnoticias.org\/site\/wp-content\/uploads\/2023\/09\/141501pesquisa-aponta-que-41-dos-brasileiros-se-mudariam-do-pais-por-causa-da-polarizacao-politica-3.jpg\",\"contentUrl\":\"https:\/\/brasilnoticias.org\/site\/wp-content\/uploads\/2023\/09\/141501pesquisa-aponta-que-41-dos-brasileiros-se-mudariam-do-pais-por-causa-da-polarizacao-politica-3.jpg\",\"width\":1600,\"height\":752},{\"@type\":\"BreadcrumbList\",\"@id\":\"https:\/\/brasilnoticias.org\/site\/pesquisa-aponta-que-41-dos-brasileiros-se-mudariam-do-pais-por-causa-da-polarizacao-politica\/#breadcrumb\",\"itemListElement\":[{\"@type\":\"ListItem\",\"position\":1,\"name\":\"In\u00edcio\",\"item\":\"https:\/\/brasilnoticias.org\/site\/\"},{\"@type\":\"ListItem\",\"position\":2,\"name\":\"Pesquisa aponta que 41% dos brasileiros se mudariam do pa\u00eds por causa da polariza\u00e7\u00e3o pol\u00edtica\"}]},{\"@type\":\"WebSite\",\"@id\":\"https:\/\/brasilnoticias.org\/site\/#website\",\"url\":\"https:\/\/brasilnoticias.org\/site\/\",\"name\":\"Brasil not\u00edcias\",\"description\":\"Brasil not\u00edcias\",\"publisher\":{\"@id\":\"https:\/\/brasilnoticias.org\/site\/#organization\"},\"potentialAction\":[{\"@type\":\"SearchAction\",\"target\":{\"@type\":\"EntryPoint\",\"urlTemplate\":\"https:\/\/brasilnoticias.org\/site\/?s={search_term_string}\"},\"query-input\":{\"@type\":\"PropertyValueSpecification\",\"valueRequired\":true,\"valueName\":\"search_term_string\"}}],\"inLanguage\":\"pt-PT\"},{\"@type\":\"Organization\",\"@id\":\"https:\/\/brasilnoticias.org\/site\/#organization\",\"name\":\"Brasil not\u00edcias\",\"url\":\"https:\/\/brasilnoticias.org\/site\/\",\"logo\":{\"@type\":\"ImageObject\",\"inLanguage\":\"pt-PT\",\"@id\":\"https:\/\/brasilnoticias.org\/site\/#\/schema\/logo\/image\/\",\"url\":\"https:\/\/brasilnoticias.org\/site\/wp-content\/uploads\/2022\/05\/cropped-brasilnoticias-mini.jpg\",\"contentUrl\":\"https:\/\/brasilnoticias.org\/site\/wp-content\/uploads\/2022\/05\/cropped-brasilnoticias-mini.jpg\",\"width\":314,\"height\":86,\"caption\":\"Brasil not\u00edcias\"},\"image\":{\"@id\":\"https:\/\/brasilnoticias.org\/site\/#\/schema\/logo\/image\/\"}},{\"@type\":\"Person\",\"@id\":\"https:\/\/brasilnoticias.org\/site\/#\/schema\/person\/03bbbfe6c7634ad18c26444ea39049fa\",\"name\":\"Reda\u00e7\u00e3o\",\"image\":{\"@type\":\"ImageObject\",\"inLanguage\":\"pt-PT\",\"@id\":\"https:\/\/brasilnoticias.org\/site\/#\/schema\/person\/image\/\",\"url\":\"https:\/\/secure.gravatar.com\/avatar\/9ecaf7327a696cb23ad926fedded5f1f04d7049de9e445375d55b48c001a6e42?s=96&d=mm&r=g\",\"contentUrl\":\"https:\/\/secure.gravatar.com\/avatar\/9ecaf7327a696cb23ad926fedded5f1f04d7049de9e445375d55b48c001a6e42?s=96&d=mm&r=g\",\"caption\":\"Reda\u00e7\u00e3o\"},\"url\":\"https:\/\/brasilnoticias.org\/site\/author\/henrique\/\"}]}<\/script>\n<!-- \/ Yoast SEO plugin. -->","yoast_head_json":{"title":"Pesquisa aponta que 41% dos brasileiros se mudariam do pa\u00eds por causa da polariza\u00e7\u00e3o pol\u00edtica - Brasil not\u00edcias","robots":{"index":"index","follow":"follow","max-snippet":"max-snippet:-1","max-image-preview":"max-image-preview:large","max-video-preview":"max-video-preview:-1"},"canonical":"https:\/\/brasilnoticias.org\/site\/pesquisa-aponta-que-41-dos-brasileiros-se-mudariam-do-pais-por-causa-da-polarizacao-politica\/","og_locale":"pt_PT","og_type":"article","og_title":"Pesquisa aponta que 41% dos brasileiros se mudariam do pa\u00eds por causa da polariza\u00e7\u00e3o pol\u00edtica - Brasil not\u00edcias","og_description":"Segundo o estudo, brasileiros sa\u00edram das urnas ap\u00f3s elei\u00e7\u00f5es do ano passado \u201cafetivamente polarizados\u201d e \u201csocialmente calcificados\u201d Realizada pela Quaest,","og_url":"https:\/\/brasilnoticias.org\/site\/pesquisa-aponta-que-41-dos-brasileiros-se-mudariam-do-pais-por-causa-da-polarizacao-politica\/","og_site_name":"Brasil not\u00edcias","article_published_time":"2023-10-01T11:00:12+00:00","og_image":[{"width":1600,"height":752,"url":"https:\/\/brasilnoticias.org\/site\/wp-content\/uploads\/2023\/09\/141501pesquisa-aponta-que-41-dos-brasileiros-se-mudariam-do-pais-por-causa-da-polarizacao-politica-3.jpg","type":"image\/jpeg"}],"author":"Reda\u00e7\u00e3o","twitter_card":"summary_large_image","twitter_misc":{"Escrito por":"Reda\u00e7\u00e3o"},"schema":{"@context":"https:\/\/schema.org","@graph":[{"@type":"Article","@id":"https:\/\/brasilnoticias.org\/site\/pesquisa-aponta-que-41-dos-brasileiros-se-mudariam-do-pais-por-causa-da-polarizacao-politica\/#article","isPartOf":{"@id":"https:\/\/brasilnoticias.org\/site\/pesquisa-aponta-que-41-dos-brasileiros-se-mudariam-do-pais-por-causa-da-polarizacao-politica\/"},"author":{"name":"Reda\u00e7\u00e3o","@id":"https:\/\/brasilnoticias.org\/site\/#\/schema\/person\/03bbbfe6c7634ad18c26444ea39049fa"},"headline":"Pesquisa aponta que 41% dos brasileiros se mudariam do pa\u00eds por causa da polariza\u00e7\u00e3o pol\u00edtica","datePublished":"2023-10-01T11:00:12+00:00","mainEntityOfPage":{"@id":"https:\/\/brasilnoticias.org\/site\/pesquisa-aponta-que-41-dos-brasileiros-se-mudariam-do-pais-por-causa-da-polarizacao-politica\/"},"wordCount":179,"commentCount":0,"publisher":{"@id":"https:\/\/brasilnoticias.org\/site\/#organization"},"image":{"@id":"https:\/\/brasilnoticias.org\/site\/pesquisa-aponta-que-41-dos-brasileiros-se-mudariam-do-pais-por-causa-da-polarizacao-politica\/#primaryimage"},"thumbnailUrl":"https:\/\/brasilnoticias.org\/site\/wp-content\/uploads\/2023\/09\/141501pesquisa-aponta-que-41-dos-brasileiros-se-mudariam-do-pais-por-causa-da-polarizacao-politica-3.jpg","articleSection":["Pol\u00edtica","\u00daltimas"],"inLanguage":"pt-PT","potentialAction":[{"@type":"CommentAction","name":"Comment","target":["https:\/\/brasilnoticias.org\/site\/pesquisa-aponta-que-41-dos-brasileiros-se-mudariam-do-pais-por-causa-da-polarizacao-politica\/#respond"]}]},{"@type":"WebPage","@id":"https:\/\/brasilnoticias.org\/site\/pesquisa-aponta-que-41-dos-brasileiros-se-mudariam-do-pais-por-causa-da-polarizacao-politica\/","url":"https:\/\/brasilnoticias.org\/site\/pesquisa-aponta-que-41-dos-brasileiros-se-mudariam-do-pais-por-causa-da-polarizacao-politica\/","name":"Pesquisa aponta que 41% dos brasileiros se mudariam do pa\u00eds por causa da polariza\u00e7\u00e3o pol\u00edtica - Brasil not\u00edcias","isPartOf":{"@id":"https:\/\/brasilnoticias.org\/site\/#website"},"primaryImageOfPage":{"@id":"https:\/\/brasilnoticias.org\/site\/pesquisa-aponta-que-41-dos-brasileiros-se-mudariam-do-pais-por-causa-da-polarizacao-politica\/#primaryimage"},"image":{"@id":"https:\/\/brasilnoticias.org\/site\/pesquisa-aponta-que-41-dos-brasileiros-se-mudariam-do-pais-por-causa-da-polarizacao-politica\/#primaryimage"},"thumbnailUrl":"https:\/\/brasilnoticias.org\/site\/wp-content\/uploads\/2023\/09\/141501pesquisa-aponta-que-41-dos-brasileiros-se-mudariam-do-pais-por-causa-da-polarizacao-politica-3.jpg","datePublished":"2023-10-01T11:00:12+00:00","breadcrumb":{"@id":"https:\/\/brasilnoticias.org\/site\/pesquisa-aponta-que-41-dos-brasileiros-se-mudariam-do-pais-por-causa-da-polarizacao-politica\/#breadcrumb"},"inLanguage":"pt-PT","potentialAction":[{"@type":"ReadAction","target":["https:\/\/brasilnoticias.org\/site\/pesquisa-aponta-que-41-dos-brasileiros-se-mudariam-do-pais-por-causa-da-polarizacao-politica\/"]}]},{"@type":"ImageObject","inLanguage":"pt-PT","@id":"https:\/\/brasilnoticias.org\/site\/pesquisa-aponta-que-41-dos-brasileiros-se-mudariam-do-pais-por-causa-da-polarizacao-politica\/#primaryimage","url":"https:\/\/brasilnoticias.org\/site\/wp-content\/uploads\/2023\/09\/141501pesquisa-aponta-que-41-dos-brasileiros-se-mudariam-do-pais-por-causa-da-polarizacao-politica-3.jpg","contentUrl":"https:\/\/brasilnoticias.org\/site\/wp-content\/uploads\/2023\/09\/141501pesquisa-aponta-que-41-dos-brasileiros-se-mudariam-do-pais-por-causa-da-polarizacao-politica-3.jpg","width":1600,"height":752},{"@type":"BreadcrumbList","@id":"https:\/\/brasilnoticias.org\/site\/pesquisa-aponta-que-41-dos-brasileiros-se-mudariam-do-pais-por-causa-da-polarizacao-politica\/#breadcrumb","itemListElement":[{"@type":"ListItem","position":1,"name":"In\u00edcio","item":"https:\/\/brasilnoticias.org\/site\/"},{"@type":"ListItem","position":2,"name":"Pesquisa aponta que 41% dos brasileiros se mudariam do pa\u00eds por causa da polariza\u00e7\u00e3o pol\u00edtica"}]},{"@type":"WebSite","@id":"https:\/\/brasilnoticias.org\/site\/#website","url":"https:\/\/brasilnoticias.org\/site\/","name":"Brasil not\u00edcias","description":"Brasil not\u00edcias","publisher":{"@id":"https:\/\/brasilnoticias.org\/site\/#organization"},"potentialAction":[{"@type":"SearchAction","target":{"@type":"EntryPoint","urlTemplate":"https:\/\/brasilnoticias.org\/site\/?s={search_term_string}"},"query-input":{"@type":"PropertyValueSpecification","valueRequired":true,"valueName":"search_term_string"}}],"inLanguage":"pt-PT"},{"@type":"Organization","@id":"https:\/\/brasilnoticias.org\/site\/#organization","name":"Brasil not\u00edcias","url":"https:\/\/brasilnoticias.org\/site\/","logo":{"@type":"ImageObject","inLanguage":"pt-PT","@id":"https:\/\/brasilnoticias.org\/site\/#\/schema\/logo\/image\/","url":"https:\/\/brasilnoticias.org\/site\/wp-content\/uploads\/2022\/05\/cropped-brasilnoticias-mini.jpg","contentUrl":"https:\/\/brasilnoticias.org\/site\/wp-content\/uploads\/2022\/05\/cropped-brasilnoticias-mini.jpg","width":314,"height":86,"caption":"Brasil not\u00edcias"},"image":{"@id":"https:\/\/brasilnoticias.org\/site\/#\/schema\/logo\/image\/"}},{"@type":"Person","@id":"https:\/\/brasilnoticias.org\/site\/#\/schema\/person\/03bbbfe6c7634ad18c26444ea39049fa","name":"Reda\u00e7\u00e3o","image":{"@type":"ImageObject","inLanguage":"pt-PT","@id":"https:\/\/brasilnoticias.org\/site\/#\/schema\/person\/image\/","url":"https:\/\/secure.gravatar.com\/avatar\/9ecaf7327a696cb23ad926fedded5f1f04d7049de9e445375d55b48c001a6e42?s=96&d=mm&r=g","contentUrl":"https:\/\/secure.gravatar.com\/avatar\/9ecaf7327a696cb23ad926fedded5f1f04d7049de9e445375d55b48c001a6e42?s=96&d=mm&r=g","caption":"Reda\u00e7\u00e3o"},"url":"https:\/\/brasilnoticias.org\/site\/author\/henrique\/"}]}},"_links":{"self":[{"href":"https:\/\/brasilnoticias.org\/site\/wp-json\/wp\/v2\/posts\/9747","targetHints":{"allow":["GET"]}}],"collection":[{"href":"https:\/\/brasilnoticias.org\/site\/wp-json\/wp\/v2\/posts"}],"about":[{"href":"https:\/\/brasilnoticias.org\/site\/wp-json\/wp\/v2\/types\/post"}],"author":[{"embeddable":true,"href":"https:\/\/brasilnoticias.org\/site\/wp-json\/wp\/v2\/users\/4"}],"replies":[{"embeddable":true,"href":"https:\/\/brasilnoticias.org\/site\/wp-json\/wp\/v2\/comments?post=9747"}],"version-history":[{"count":1,"href":"https:\/\/brasilnoticias.org\/site\/wp-json\/wp\/v2\/posts\/9747\/revisions"}],"predecessor-version":[{"id":9749,"href":"https:\/\/brasilnoticias.org\/site\/wp-json\/wp\/v2\/posts\/9747\/revisions\/9749"}],"wp:featuredmedia":[{"embeddable":true,"href":"https:\/\/brasilnoticias.org\/site\/wp-json\/wp\/v2\/media\/9748"}],"wp:attachment":[{"href":"https:\/\/brasilnoticias.org\/site\/wp-json\/wp\/v2\/media?parent=9747"}],"wp:term":[{"taxonomy":"category","embeddable":true,"href":"https:\/\/brasilnoticias.org\/site\/wp-json\/wp\/v2\/categories?post=9747"},{"taxonomy":"post_tag","embeddable":true,"href":"https:\/\/brasilnoticias.org\/site\/wp-json\/wp\/v2\/tags?post=9747"}],"curies":[{"name":"wp","href":"https:\/\/api.w.org\/{rel}","templated":true}]}}