{"id":975,"date":"2022-07-09T20:17:55","date_gmt":"2022-07-09T23:17:55","guid":{"rendered":"https:\/\/brasilnoticias.org\/site\/?p=975"},"modified":"2022-07-09T20:17:55","modified_gmt":"2022-07-09T23:17:55","slug":"goleiro-bruno-volta-a-atuar-profissionalmente-saiba-em-qual-time","status":"publish","type":"post","link":"https:\/\/brasilnoticias.org\/site\/goleiro-bruno-volta-a-atuar-profissionalmente-saiba-em-qual-time\/","title":{"rendered":"GOLEIRO BRUNO VOLTA A ATUAR PROFISSIONALMENTE; SAIBA EM QUAL TIME"},"content":{"rendered":"<p>Mais uma vez o goleiro Bruno est\u00e1 de volta aos gramados do futebol profissional brasileiro. A partir de agora o atleta faz parte do refor\u00e7o do Atl\u00e9tico Carioca, clube de S\u00e3o Gon\u00e7alo e deve competir pela quarta divis\u00e3o do Campeonato Carioca. As informa\u00e7\u00f5es s\u00e3o do site O S\u00e3o Gon\u00e7alo. O novo contrato \u00e9 v\u00e1lido at\u00e9 o fim da atual temporada.<\/p>\n<p>O goleiro, que j\u00e1 defendeu as cores do Atl\u00e9tico Carioca em outra ocasi\u00e3o, chegou a anunciar que iria se aposentar. O comunicado foi feito ano ano passado, enquanto Bruno ainda atuava pelo alvinegro. O atleta foi destaque no Flamengo entre os anos de 2006 e 2010, mas acabou condenado na Justi\u00e7a pela morte da modelo Eliza Samudio, m\u00e3e do seu filho Bruno, que hoje tem 12 anos.<\/p>\n<p>Aos 37 anos, o ex-atleta est\u00e1 em regime semiaberto desde julho de 2019, quando deixou o pres\u00eddio de Varginha, em Minas Gerais, para cumprir a pena em casa. O ex-goleiro do Flamengo foi condenado a 20 anos e nove meses de pris\u00e3o, e hoje vive na Regi\u00e3o dos Lagos, no Rio de Janeiro.<\/p>\n<p>Bruno tamb\u00e9m j\u00e1 havia tentado a carreira de empreendedor e chegou a abrir uma loja de a\u00e7a\u00ed no in\u00edcio deste ano. J\u00e1 no ano passado, Bruno passou pelo futebol do Acre, onde foi vice-campe\u00e3o defendendo o Rio Branco.<\/p>\n<p>Na \u00e9poca, o goleiro n\u00e3o teve muita sorte \u00e9 acabou perdendo o t\u00edtulo in\u00e9dito do Campeonato Acreano 2020 para o Galvez, que bateu o Rio Branco por2 x0, em partida realizada no dia 12 de setembro.<\/p>\n<p>&nbsp;<\/p>\n<p>&nbsp;<\/p>\n<p>&nbsp;<\/p>\n<p>Bnews<\/p>\n","protected":false},"excerpt":{"rendered":"<p>Mais uma vez o goleiro Bruno est\u00e1 de volta aos gramados do futebol profissional brasileiro. A partir de agora o<\/p>\n","protected":false},"author":2,"featured_media":976,"comment_status":"open","ping_status":"open","sticky":false,"template":"","format":"standard","meta":{"colormag_page_container_layout":"default_layout","colormag_page_sidebar_layout":"default_layout","_FSMCFIC_featured_image_caption":"","_FSMCFIC_featured_image_nocaption":"","_FSMCFIC_featured_image_hide":"","footnotes":""},"categories":[4,1],"tags":[],"class_list":["post-975","post","type-post","status-publish","format-standard","has-post-thumbnail","hentry","category-esporte","category-ultimas"],"yoast_head":"<!-- This site is optimized with the Yoast SEO plugin v27.1.1 - https:\/\/yoast.com\/product\/yoast-seo-wordpress\/ -->\n<title>GOLEIRO BRUNO VOLTA A ATUAR PROFISSIONALMENTE; SAIBA EM QUAL TIME - Brasil not\u00edcias<\/title>\n<meta name=\"robots\" content=\"index, follow, max-snippet:-1, max-image-preview:large, max-video-preview:-1\" \/>\n<link rel=\"canonical\" href=\"https:\/\/brasilnoticias.org\/site\/goleiro-bruno-volta-a-atuar-profissionalmente-saiba-em-qual-time\/\" \/>\n<meta property=\"og:locale\" content=\"pt_PT\" \/>\n<meta property=\"og:type\" content=\"article\" \/>\n<meta property=\"og:title\" content=\"GOLEIRO BRUNO VOLTA A ATUAR PROFISSIONALMENTE; SAIBA EM QUAL TIME - Brasil not\u00edcias\" \/>\n<meta property=\"og:description\" content=\"Mais uma vez o goleiro Bruno est\u00e1 de volta aos gramados do futebol profissional brasileiro. A partir de agora o\" \/>\n<meta property=\"og:url\" content=\"https:\/\/brasilnoticias.org\/site\/goleiro-bruno-volta-a-atuar-profissionalmente-saiba-em-qual-time\/\" \/>\n<meta property=\"og:site_name\" content=\"Brasil not\u00edcias\" \/>\n<meta property=\"article:published_time\" content=\"2022-07-09T23:17:55+00:00\" \/>\n<meta property=\"og:image\" content=\"https:\/\/brasilnoticias.org\/site\/wp-content\/uploads\/2022\/07\/80dc0781-4204-4a41-aa04-09c46047ef2e_widelg.jpeg\" \/>\n\t<meta property=\"og:image:width\" content=\"800\" \/>\n\t<meta property=\"og:image:height\" content=\"450\" \/>\n\t<meta property=\"og:image:type\" content=\"image\/jpeg\" \/>\n<meta name=\"author\" content=\"Reda\u00e7\u00e3o\" \/>\n<meta name=\"twitter:card\" content=\"summary_large_image\" \/>\n<meta name=\"twitter:label1\" content=\"Escrito por\" \/>\n\t<meta name=\"twitter:data1\" content=\"Reda\u00e7\u00e3o\" \/>\n\t<meta name=\"twitter:label2\" content=\"Tempo estimado de leitura\" \/>\n\t<meta name=\"twitter:data2\" content=\"1 minuto\" \/>\n<script type=\"application\/ld+json\" class=\"yoast-schema-graph\">{\"@context\":\"https:\/\/schema.org\",\"@graph\":[{\"@type\":\"Article\",\"@id\":\"https:\/\/brasilnoticias.org\/site\/goleiro-bruno-volta-a-atuar-profissionalmente-saiba-em-qual-time\/#article\",\"isPartOf\":{\"@id\":\"https:\/\/brasilnoticias.org\/site\/goleiro-bruno-volta-a-atuar-profissionalmente-saiba-em-qual-time\/\"},\"author\":{\"name\":\"Reda\u00e7\u00e3o\",\"@id\":\"https:\/\/brasilnoticias.org\/site\/#\/schema\/person\/f609fa847b5314f1c8b983342f34c798\"},\"headline\":\"GOLEIRO BRUNO VOLTA A ATUAR PROFISSIONALMENTE; SAIBA EM QUAL TIME\",\"datePublished\":\"2022-07-09T23:17:55+00:00\",\"mainEntityOfPage\":{\"@id\":\"https:\/\/brasilnoticias.org\/site\/goleiro-bruno-volta-a-atuar-profissionalmente-saiba-em-qual-time\/\"},\"wordCount\":282,\"commentCount\":0,\"publisher\":{\"@id\":\"https:\/\/brasilnoticias.org\/site\/#organization\"},\"image\":{\"@id\":\"https:\/\/brasilnoticias.org\/site\/goleiro-bruno-volta-a-atuar-profissionalmente-saiba-em-qual-time\/#primaryimage\"},\"thumbnailUrl\":\"https:\/\/brasilnoticias.org\/site\/wp-content\/uploads\/2022\/07\/80dc0781-4204-4a41-aa04-09c46047ef2e_widelg.jpeg\",\"articleSection\":[\"Esporte\",\"\u00daltimas\"],\"inLanguage\":\"pt-PT\",\"potentialAction\":[{\"@type\":\"CommentAction\",\"name\":\"Comment\",\"target\":[\"https:\/\/brasilnoticias.org\/site\/goleiro-bruno-volta-a-atuar-profissionalmente-saiba-em-qual-time\/#respond\"]}]},{\"@type\":\"WebPage\",\"@id\":\"https:\/\/brasilnoticias.org\/site\/goleiro-bruno-volta-a-atuar-profissionalmente-saiba-em-qual-time\/\",\"url\":\"https:\/\/brasilnoticias.org\/site\/goleiro-bruno-volta-a-atuar-profissionalmente-saiba-em-qual-time\/\",\"name\":\"GOLEIRO BRUNO VOLTA A ATUAR PROFISSIONALMENTE; SAIBA EM QUAL TIME - Brasil not\u00edcias\",\"isPartOf\":{\"@id\":\"https:\/\/brasilnoticias.org\/site\/#website\"},\"primaryImageOfPage\":{\"@id\":\"https:\/\/brasilnoticias.org\/site\/goleiro-bruno-volta-a-atuar-profissionalmente-saiba-em-qual-time\/#primaryimage\"},\"image\":{\"@id\":\"https:\/\/brasilnoticias.org\/site\/goleiro-bruno-volta-a-atuar-profissionalmente-saiba-em-qual-time\/#primaryimage\"},\"thumbnailUrl\":\"https:\/\/brasilnoticias.org\/site\/wp-content\/uploads\/2022\/07\/80dc0781-4204-4a41-aa04-09c46047ef2e_widelg.jpeg\",\"datePublished\":\"2022-07-09T23:17:55+00:00\",\"breadcrumb\":{\"@id\":\"https:\/\/brasilnoticias.org\/site\/goleiro-bruno-volta-a-atuar-profissionalmente-saiba-em-qual-time\/#breadcrumb\"},\"inLanguage\":\"pt-PT\",\"potentialAction\":[{\"@type\":\"ReadAction\",\"target\":[\"https:\/\/brasilnoticias.org\/site\/goleiro-bruno-volta-a-atuar-profissionalmente-saiba-em-qual-time\/\"]}]},{\"@type\":\"ImageObject\",\"inLanguage\":\"pt-PT\",\"@id\":\"https:\/\/brasilnoticias.org\/site\/goleiro-bruno-volta-a-atuar-profissionalmente-saiba-em-qual-time\/#primaryimage\",\"url\":\"https:\/\/brasilnoticias.org\/site\/wp-content\/uploads\/2022\/07\/80dc0781-4204-4a41-aa04-09c46047ef2e_widelg.jpeg\",\"contentUrl\":\"https:\/\/brasilnoticias.org\/site\/wp-content\/uploads\/2022\/07\/80dc0781-4204-4a41-aa04-09c46047ef2e_widelg.jpeg\",\"width\":800,\"height\":450},{\"@type\":\"BreadcrumbList\",\"@id\":\"https:\/\/brasilnoticias.org\/site\/goleiro-bruno-volta-a-atuar-profissionalmente-saiba-em-qual-time\/#breadcrumb\",\"itemListElement\":[{\"@type\":\"ListItem\",\"position\":1,\"name\":\"In\u00edcio\",\"item\":\"https:\/\/brasilnoticias.org\/site\/\"},{\"@type\":\"ListItem\",\"position\":2,\"name\":\"GOLEIRO BRUNO VOLTA A ATUAR PROFISSIONALMENTE; SAIBA EM QUAL TIME\"}]},{\"@type\":\"WebSite\",\"@id\":\"https:\/\/brasilnoticias.org\/site\/#website\",\"url\":\"https:\/\/brasilnoticias.org\/site\/\",\"name\":\"Brasil not\u00edcias\",\"description\":\"Brasil not\u00edcias\",\"publisher\":{\"@id\":\"https:\/\/brasilnoticias.org\/site\/#organization\"},\"potentialAction\":[{\"@type\":\"SearchAction\",\"target\":{\"@type\":\"EntryPoint\",\"urlTemplate\":\"https:\/\/brasilnoticias.org\/site\/?s={search_term_string}\"},\"query-input\":{\"@type\":\"PropertyValueSpecification\",\"valueRequired\":true,\"valueName\":\"search_term_string\"}}],\"inLanguage\":\"pt-PT\"},{\"@type\":\"Organization\",\"@id\":\"https:\/\/brasilnoticias.org\/site\/#organization\",\"name\":\"Brasil not\u00edcias\",\"url\":\"https:\/\/brasilnoticias.org\/site\/\",\"logo\":{\"@type\":\"ImageObject\",\"inLanguage\":\"pt-PT\",\"@id\":\"https:\/\/brasilnoticias.org\/site\/#\/schema\/logo\/image\/\",\"url\":\"https:\/\/brasilnoticias.org\/site\/wp-content\/uploads\/2022\/05\/cropped-brasilnoticias-mini.jpg\",\"contentUrl\":\"https:\/\/brasilnoticias.org\/site\/wp-content\/uploads\/2022\/05\/cropped-brasilnoticias-mini.jpg\",\"width\":314,\"height\":86,\"caption\":\"Brasil not\u00edcias\"},\"image\":{\"@id\":\"https:\/\/brasilnoticias.org\/site\/#\/schema\/logo\/image\/\"}},{\"@type\":\"Person\",\"@id\":\"https:\/\/brasilnoticias.org\/site\/#\/schema\/person\/f609fa847b5314f1c8b983342f34c798\",\"name\":\"Reda\u00e7\u00e3o\",\"image\":{\"@type\":\"ImageObject\",\"inLanguage\":\"pt-PT\",\"@id\":\"https:\/\/brasilnoticias.org\/site\/#\/schema\/person\/image\/\",\"url\":\"https:\/\/secure.gravatar.com\/avatar\/447284c06c1ad8b46465a36de9cd0d8326b73387a22799b8b1ffb1fbcff2ed0c?s=96&d=mm&r=g\",\"contentUrl\":\"https:\/\/secure.gravatar.com\/avatar\/447284c06c1ad8b46465a36de9cd0d8326b73387a22799b8b1ffb1fbcff2ed0c?s=96&d=mm&r=g\",\"caption\":\"Reda\u00e7\u00e3o\"},\"url\":\"https:\/\/brasilnoticias.org\/site\/author\/redacao\/\"}]}<\/script>\n<!-- \/ Yoast SEO plugin. -->","yoast_head_json":{"title":"GOLEIRO BRUNO VOLTA A ATUAR PROFISSIONALMENTE; SAIBA EM QUAL TIME - Brasil not\u00edcias","robots":{"index":"index","follow":"follow","max-snippet":"max-snippet:-1","max-image-preview":"max-image-preview:large","max-video-preview":"max-video-preview:-1"},"canonical":"https:\/\/brasilnoticias.org\/site\/goleiro-bruno-volta-a-atuar-profissionalmente-saiba-em-qual-time\/","og_locale":"pt_PT","og_type":"article","og_title":"GOLEIRO BRUNO VOLTA A ATUAR PROFISSIONALMENTE; SAIBA EM QUAL TIME - Brasil not\u00edcias","og_description":"Mais uma vez o goleiro Bruno est\u00e1 de volta aos gramados do futebol profissional brasileiro. A partir de agora o","og_url":"https:\/\/brasilnoticias.org\/site\/goleiro-bruno-volta-a-atuar-profissionalmente-saiba-em-qual-time\/","og_site_name":"Brasil not\u00edcias","article_published_time":"2022-07-09T23:17:55+00:00","og_image":[{"width":800,"height":450,"url":"https:\/\/brasilnoticias.org\/site\/wp-content\/uploads\/2022\/07\/80dc0781-4204-4a41-aa04-09c46047ef2e_widelg.jpeg","type":"image\/jpeg"}],"author":"Reda\u00e7\u00e3o","twitter_card":"summary_large_image","twitter_misc":{"Escrito por":"Reda\u00e7\u00e3o","Tempo estimado de leitura":"1 minuto"},"schema":{"@context":"https:\/\/schema.org","@graph":[{"@type":"Article","@id":"https:\/\/brasilnoticias.org\/site\/goleiro-bruno-volta-a-atuar-profissionalmente-saiba-em-qual-time\/#article","isPartOf":{"@id":"https:\/\/brasilnoticias.org\/site\/goleiro-bruno-volta-a-atuar-profissionalmente-saiba-em-qual-time\/"},"author":{"name":"Reda\u00e7\u00e3o","@id":"https:\/\/brasilnoticias.org\/site\/#\/schema\/person\/f609fa847b5314f1c8b983342f34c798"},"headline":"GOLEIRO BRUNO VOLTA A ATUAR PROFISSIONALMENTE; SAIBA EM QUAL TIME","datePublished":"2022-07-09T23:17:55+00:00","mainEntityOfPage":{"@id":"https:\/\/brasilnoticias.org\/site\/goleiro-bruno-volta-a-atuar-profissionalmente-saiba-em-qual-time\/"},"wordCount":282,"commentCount":0,"publisher":{"@id":"https:\/\/brasilnoticias.org\/site\/#organization"},"image":{"@id":"https:\/\/brasilnoticias.org\/site\/goleiro-bruno-volta-a-atuar-profissionalmente-saiba-em-qual-time\/#primaryimage"},"thumbnailUrl":"https:\/\/brasilnoticias.org\/site\/wp-content\/uploads\/2022\/07\/80dc0781-4204-4a41-aa04-09c46047ef2e_widelg.jpeg","articleSection":["Esporte","\u00daltimas"],"inLanguage":"pt-PT","potentialAction":[{"@type":"CommentAction","name":"Comment","target":["https:\/\/brasilnoticias.org\/site\/goleiro-bruno-volta-a-atuar-profissionalmente-saiba-em-qual-time\/#respond"]}]},{"@type":"WebPage","@id":"https:\/\/brasilnoticias.org\/site\/goleiro-bruno-volta-a-atuar-profissionalmente-saiba-em-qual-time\/","url":"https:\/\/brasilnoticias.org\/site\/goleiro-bruno-volta-a-atuar-profissionalmente-saiba-em-qual-time\/","name":"GOLEIRO BRUNO VOLTA A ATUAR PROFISSIONALMENTE; SAIBA EM QUAL TIME - Brasil not\u00edcias","isPartOf":{"@id":"https:\/\/brasilnoticias.org\/site\/#website"},"primaryImageOfPage":{"@id":"https:\/\/brasilnoticias.org\/site\/goleiro-bruno-volta-a-atuar-profissionalmente-saiba-em-qual-time\/#primaryimage"},"image":{"@id":"https:\/\/brasilnoticias.org\/site\/goleiro-bruno-volta-a-atuar-profissionalmente-saiba-em-qual-time\/#primaryimage"},"thumbnailUrl":"https:\/\/brasilnoticias.org\/site\/wp-content\/uploads\/2022\/07\/80dc0781-4204-4a41-aa04-09c46047ef2e_widelg.jpeg","datePublished":"2022-07-09T23:17:55+00:00","breadcrumb":{"@id":"https:\/\/brasilnoticias.org\/site\/goleiro-bruno-volta-a-atuar-profissionalmente-saiba-em-qual-time\/#breadcrumb"},"inLanguage":"pt-PT","potentialAction":[{"@type":"ReadAction","target":["https:\/\/brasilnoticias.org\/site\/goleiro-bruno-volta-a-atuar-profissionalmente-saiba-em-qual-time\/"]}]},{"@type":"ImageObject","inLanguage":"pt-PT","@id":"https:\/\/brasilnoticias.org\/site\/goleiro-bruno-volta-a-atuar-profissionalmente-saiba-em-qual-time\/#primaryimage","url":"https:\/\/brasilnoticias.org\/site\/wp-content\/uploads\/2022\/07\/80dc0781-4204-4a41-aa04-09c46047ef2e_widelg.jpeg","contentUrl":"https:\/\/brasilnoticias.org\/site\/wp-content\/uploads\/2022\/07\/80dc0781-4204-4a41-aa04-09c46047ef2e_widelg.jpeg","width":800,"height":450},{"@type":"BreadcrumbList","@id":"https:\/\/brasilnoticias.org\/site\/goleiro-bruno-volta-a-atuar-profissionalmente-saiba-em-qual-time\/#breadcrumb","itemListElement":[{"@type":"ListItem","position":1,"name":"In\u00edcio","item":"https:\/\/brasilnoticias.org\/site\/"},{"@type":"ListItem","position":2,"name":"GOLEIRO BRUNO VOLTA A ATUAR PROFISSIONALMENTE; SAIBA EM QUAL TIME"}]},{"@type":"WebSite","@id":"https:\/\/brasilnoticias.org\/site\/#website","url":"https:\/\/brasilnoticias.org\/site\/","name":"Brasil not\u00edcias","description":"Brasil not\u00edcias","publisher":{"@id":"https:\/\/brasilnoticias.org\/site\/#organization"},"potentialAction":[{"@type":"SearchAction","target":{"@type":"EntryPoint","urlTemplate":"https:\/\/brasilnoticias.org\/site\/?s={search_term_string}"},"query-input":{"@type":"PropertyValueSpecification","valueRequired":true,"valueName":"search_term_string"}}],"inLanguage":"pt-PT"},{"@type":"Organization","@id":"https:\/\/brasilnoticias.org\/site\/#organization","name":"Brasil not\u00edcias","url":"https:\/\/brasilnoticias.org\/site\/","logo":{"@type":"ImageObject","inLanguage":"pt-PT","@id":"https:\/\/brasilnoticias.org\/site\/#\/schema\/logo\/image\/","url":"https:\/\/brasilnoticias.org\/site\/wp-content\/uploads\/2022\/05\/cropped-brasilnoticias-mini.jpg","contentUrl":"https:\/\/brasilnoticias.org\/site\/wp-content\/uploads\/2022\/05\/cropped-brasilnoticias-mini.jpg","width":314,"height":86,"caption":"Brasil not\u00edcias"},"image":{"@id":"https:\/\/brasilnoticias.org\/site\/#\/schema\/logo\/image\/"}},{"@type":"Person","@id":"https:\/\/brasilnoticias.org\/site\/#\/schema\/person\/f609fa847b5314f1c8b983342f34c798","name":"Reda\u00e7\u00e3o","image":{"@type":"ImageObject","inLanguage":"pt-PT","@id":"https:\/\/brasilnoticias.org\/site\/#\/schema\/person\/image\/","url":"https:\/\/secure.gravatar.com\/avatar\/447284c06c1ad8b46465a36de9cd0d8326b73387a22799b8b1ffb1fbcff2ed0c?s=96&d=mm&r=g","contentUrl":"https:\/\/secure.gravatar.com\/avatar\/447284c06c1ad8b46465a36de9cd0d8326b73387a22799b8b1ffb1fbcff2ed0c?s=96&d=mm&r=g","caption":"Reda\u00e7\u00e3o"},"url":"https:\/\/brasilnoticias.org\/site\/author\/redacao\/"}]}},"_links":{"self":[{"href":"https:\/\/brasilnoticias.org\/site\/wp-json\/wp\/v2\/posts\/975","targetHints":{"allow":["GET"]}}],"collection":[{"href":"https:\/\/brasilnoticias.org\/site\/wp-json\/wp\/v2\/posts"}],"about":[{"href":"https:\/\/brasilnoticias.org\/site\/wp-json\/wp\/v2\/types\/post"}],"author":[{"embeddable":true,"href":"https:\/\/brasilnoticias.org\/site\/wp-json\/wp\/v2\/users\/2"}],"replies":[{"embeddable":true,"href":"https:\/\/brasilnoticias.org\/site\/wp-json\/wp\/v2\/comments?post=975"}],"version-history":[{"count":1,"href":"https:\/\/brasilnoticias.org\/site\/wp-json\/wp\/v2\/posts\/975\/revisions"}],"predecessor-version":[{"id":977,"href":"https:\/\/brasilnoticias.org\/site\/wp-json\/wp\/v2\/posts\/975\/revisions\/977"}],"wp:featuredmedia":[{"embeddable":true,"href":"https:\/\/brasilnoticias.org\/site\/wp-json\/wp\/v2\/media\/976"}],"wp:attachment":[{"href":"https:\/\/brasilnoticias.org\/site\/wp-json\/wp\/v2\/media?parent=975"}],"wp:term":[{"taxonomy":"category","embeddable":true,"href":"https:\/\/brasilnoticias.org\/site\/wp-json\/wp\/v2\/categories?post=975"},{"taxonomy":"post_tag","embeddable":true,"href":"https:\/\/brasilnoticias.org\/site\/wp-json\/wp\/v2\/tags?post=975"}],"curies":[{"name":"wp","href":"https:\/\/api.w.org\/{rel}","templated":true}]}}