{"id":9756,"date":"2023-10-01T11:00:55","date_gmt":"2023-10-01T14:00:55","guid":{"rendered":"https:\/\/brasilnoticias.org\/site\/?p=9756"},"modified":"2023-09-30T18:21:02","modified_gmt":"2023-09-30T21:21:02","slug":"automobilismo-na-capital-e-no-interior-e-destaque-da-agenda-do-esporte-baiano-neste-final-de-semana","status":"publish","type":"post","link":"https:\/\/brasilnoticias.org\/site\/automobilismo-na-capital-e-no-interior-e-destaque-da-agenda-do-esporte-baiano-neste-final-de-semana\/","title":{"rendered":"Automobilismo na capital e no interior \u00e9 destaque da agenda do esporte baiano neste final de semana"},"content":{"rendered":"<p>As competi\u00e7\u00f5es do automobilismo baiano marcam o final de semana da agenda esportiva com eventos no interior e na capital baiana, apoiados pela Superintend\u00eancia dos Desportos do Estado da Bahia (Sudesb), autarquia da Secretaria do Trabalho, Emprego, Renda e Esporte (Setre). Em Salvador, acontece a quinta edi\u00e7\u00e3o do Rally Salvador no domingo (1\u00ba), com a largada no estacionamento do Centro de Conven\u00e7\u00f5es de Salvador, na Boca do Rio, \u00e0s 9h, e a chegada no Shopping Paralela.<\/p>\n<p>A \u00fanica prova de rally urbano de Salvador e a maior do mundo em n\u00famero de inscritos, com 75 carros, superando a m\u00e9dia de 50 carros das competi\u00e7\u00f5es europeias, vai passar pelos principais pontos tur\u00edsticos e vias da capital baiana, como, por exemplo, o Centro Administrativo da Bahia (CAB), a avenida Paralela, o Com\u00e9rcio e o Centro Hist\u00f3rico, entre outros espa\u00e7os que ser\u00e3o apresentados no dia da prova. Os pilotos v\u00e3o seguir as velocidades e o tr\u00e2nsito no fluxo normal das vias da capital baiana.<\/p>\n<p>Com a disputa das categorias aventura 4\u00d74, turismo 4\u00d72, imprensa e carros antigos, tamb\u00e9m ser\u00e3o definidos os campe\u00f5es das categorias 4\u00d74 e 4\u00d72 da Copa Baiana de Rally de Aventura 2023, da Federa\u00e7\u00e3o de Automobilismo da Bahia (FAB). O organizador da prova, Roberto Cunha, pontua o slogan \u201cConhe\u00e7a Salvador de uma forma diferente\u201d para explicar o formato cultural do rally de aventura em um roteiro com tarefas. Entre elas, a tarefa solid\u00e1ria, que vai arrecadar alimentos em troca de pontos para as Obras Sociais Irm\u00e3 Dulce.<\/p>\n<p>\u201cEssa surpresa de 75 carros largando \u00e9 gra\u00e7as ao apoio fundamental do Governo do Estado, por meio da Sudesb, que \u00e9 uma grande incentivadora do automobilismo no estado. \u00c9 um circuito bem bacana, lembrando que n\u00e3o \u00e9 um rally de velocidade, \u00e9 de aventura. N\u00e3o adianta acelerar demais. As pessoas v\u00e3o acompanhando e conhecendo a cidade ao seguir suas planilhas\u201d, comenta Roberto.<\/p>\n<p>J\u00e1 no interior do estado, em Vit\u00f3ria da Conquista, no Kart\u00f3dromo Leandro Merlo, a Copa Baiana de Hot Lap 2023 acontece neste s\u00e1bado, 30, a partir das 8h, com o aquecimento, e das 10h30 com as baterias. Ao todo, 18 ve\u00edculos disputam as cinco categorias da competi\u00e7\u00e3o, que preenche uma lacuna de mais de 45 anos sem um evento de circuito de carros em pistas com curvas, retas e acelera\u00e7\u00e3o, que, antigamente, aconteciam em lugares marcantes, como na avenida Centen\u00e1rio, segundo o organizador da prova, Diego Freitas.<\/p>\n<p>\u201cA Hot Lap traz de volta essa emo\u00e7\u00e3o dentro de um kart\u00f3dromo com um carro por vez, competindo pela melhor volta cronometrada em uma tecnologia super moderna, sem a possibilidade de falha humana. As melhores voltas s\u00e3o computadas e decidem os p\u00f3dios de cada categoria. \u00c9 um investimento muito forte que colocamos na prova e a Sudesb foi fundamental nessa prova de Vit\u00f3ria da Conquista. A qualidade est\u00e1 alt\u00edssima\u201d, afirma Diego.<\/p>\n<p>Basquete<\/p>\n<p>Salvador tamb\u00e9m tem um final de semana agitado com a bola laranja. A quarta etapa do Campeonato Baiano de Basquete 3\u00d73 acontece entre esta sexta-feira (29) e o domingo (1\u00ba), no Instituo Lideran\u00e7a, em Lauro de Freitas. A programa\u00e7\u00e3o inicia na sexta-feira, das 13h \u00e0s 17h, com a categoria sub-16 masculino. J\u00e1 no s\u00e1bado (30), as categorias sub-18, masculino e feminino, entram em quadra a partir das 13h at\u00e9 por volta das 19h, enquanto, no \u00faltimo dia de competi\u00e7\u00e3o, \u00e9 a vez das categorias sub-23 e adulto masculino das 9h \u00e0s 13h.<\/p>\n<p>Os campe\u00f5es de cada categoria em cada etapa se classificam para a etapa final na pr\u00f3xima semana. J\u00e1 no s\u00e1bado (30) tamb\u00e9m acontece a segunda seletiva do Rei da Quadra, em formato de desafio X1 (um contra o outro), a partir das 17h, que classifica para a Grande Final, com premia\u00e7\u00e3o em dinheiro, no Wet\u2019n Wild.<\/p>\n<p>Completando a programa\u00e7\u00e3o do basquete baiano da Federa\u00e7\u00e3o Bahiana de Basketball (FBB), a segunda rodada do Campeonato Bahiano de Basquete Adulto e Base Masculino e Feminino 2023 acontece durante as manh\u00e3s e tardes deste s\u00e1bado, 30, e domingo, 01, no Gin\u00e1sio Poliesportivo de Cajazeiras. Estar\u00e3o em quadra as categorias sub-16 masculino, sub-16 feminino, sub-18 masculino, sub-23 masculino e adulto masculino em 12 partidas, seis em cada dia.<\/p>\n<p>Ciclismo<\/p>\n<p>O XCO AG Sport acontece neste final de semana na regi\u00e3o do Sisal, em Concei\u00e7\u00e3o do Coit\u00e9, v\u00e1lido como a sexta etapa do Campeonato Baiano da Federa\u00e7\u00e3o Baiana de Ciclismo (FBC). Com os reconhecimentos do terreno nesta sexta-feira (29), 28 categorias pedalam entre o s\u00e1bado (30), e o domingo (1\u00ba).<\/p>\n<p>No primeiro dia de provas, a partir das 13h, as categorias infanto-juvenil (masculino e feminino), master (D1 e D2), nelore 95+, turismo (A, B e C), juvenil (masculino e feminino) e master feminino (A, B e C) disputam os pisos acidentados, enquanto pela manh\u00e3 as crian\u00e7as de dois a 12 anos vivem a experi\u00eancia. J\u00e1 no \u00faltimo dia de prova, a partir das 8h30, \u00e9 a vez das baterias da e-bike, elite feminino, sub-23 feminino, junior feminino, m\u00e1ster (A1, A2, B1, B2, C1 e C2), sub-30, junior masculino, sub-23 e elite masculino.<\/p>\n<p>Futebol Feminino<\/p>\n<p>O Est\u00e1dio de Pitua\u00e7u sedia a segunda partida da grande final do Campeonato Baiano de Futebol Feminino 2023 neste domingo (1\u00ba), \u00e0s 16h. As jogadoras do Esporte Clube Bahia e do Esporte Clube Vit\u00f3ria fazem o segundo jogo do cl\u00e1ssico BAVI, que decide o t\u00edtulo baiano deste ano. A equipe do tricolor baiano est\u00e1 na vantagem ap\u00f3s o triunfo por 2\u00d71, no \u00faltimo domingo, no Est\u00e1dio Manoel Barradas, o Barrad\u00e3o.<\/p>\n<p>Foto: Ascom\/Sudesb<br \/>\nFonte: Ascom\/Sudesb<\/p>\n","protected":false},"excerpt":{"rendered":"<p>As competi\u00e7\u00f5es do automobilismo baiano marcam o final de semana da agenda esportiva com eventos no interior e na capital<\/p>\n","protected":false},"author":4,"featured_media":9757,"comment_status":"open","ping_status":"open","sticky":false,"template":"","format":"standard","meta":{"colormag_page_container_layout":"default_layout","colormag_page_sidebar_layout":"default_layout","_FSMCFIC_featured_image_caption":"","_FSMCFIC_featured_image_nocaption":"","_FSMCFIC_featured_image_hide":"","footnotes":""},"categories":[1],"tags":[],"class_list":["post-9756","post","type-post","status-publish","format-standard","has-post-thumbnail","hentry","category-ultimas"],"yoast_head":"<!-- This site is optimized with the Yoast SEO plugin v27.1.1 - https:\/\/yoast.com\/product\/yoast-seo-wordpress\/ -->\n<title>Automobilismo na capital e no interior \u00e9 destaque da agenda do esporte baiano neste final de semana - Brasil not\u00edcias<\/title>\n<meta name=\"robots\" content=\"index, follow, max-snippet:-1, max-image-preview:large, max-video-preview:-1\" \/>\n<link rel=\"canonical\" href=\"https:\/\/brasilnoticias.org\/site\/automobilismo-na-capital-e-no-interior-e-destaque-da-agenda-do-esporte-baiano-neste-final-de-semana\/\" \/>\n<meta property=\"og:locale\" content=\"pt_PT\" \/>\n<meta property=\"og:type\" content=\"article\" \/>\n<meta property=\"og:title\" content=\"Automobilismo na capital e no interior \u00e9 destaque da agenda do esporte baiano neste final de semana - Brasil not\u00edcias\" \/>\n<meta property=\"og:description\" content=\"As competi\u00e7\u00f5es do automobilismo baiano marcam o final de semana da agenda esportiva com eventos no interior e na capital\" \/>\n<meta property=\"og:url\" content=\"https:\/\/brasilnoticias.org\/site\/automobilismo-na-capital-e-no-interior-e-destaque-da-agenda-do-esporte-baiano-neste-final-de-semana\/\" \/>\n<meta property=\"og:site_name\" content=\"Brasil not\u00edcias\" \/>\n<meta property=\"article:published_time\" content=\"2023-10-01T14:00:55+00:00\" \/>\n<meta property=\"og:image\" content=\"https:\/\/brasilnoticias.org\/site\/wp-content\/uploads\/2023\/09\/automobilismo-6-696x464-1.jpg\" \/>\n\t<meta property=\"og:image:width\" content=\"696\" \/>\n\t<meta property=\"og:image:height\" content=\"464\" \/>\n\t<meta property=\"og:image:type\" content=\"image\/jpeg\" \/>\n<meta name=\"author\" content=\"Reda\u00e7\u00e3o\" \/>\n<meta name=\"twitter:card\" content=\"summary_large_image\" \/>\n<meta name=\"twitter:label1\" content=\"Escrito por\" \/>\n\t<meta name=\"twitter:data1\" content=\"Reda\u00e7\u00e3o\" \/>\n<script type=\"application\/ld+json\" class=\"yoast-schema-graph\">{\"@context\":\"https:\/\/schema.org\",\"@graph\":[{\"@type\":\"Article\",\"@id\":\"https:\/\/brasilnoticias.org\/site\/automobilismo-na-capital-e-no-interior-e-destaque-da-agenda-do-esporte-baiano-neste-final-de-semana\/#article\",\"isPartOf\":{\"@id\":\"https:\/\/brasilnoticias.org\/site\/automobilismo-na-capital-e-no-interior-e-destaque-da-agenda-do-esporte-baiano-neste-final-de-semana\/\"},\"author\":{\"name\":\"Reda\u00e7\u00e3o\",\"@id\":\"https:\/\/brasilnoticias.org\/site\/#\/schema\/person\/03bbbfe6c7634ad18c26444ea39049fa\"},\"headline\":\"Automobilismo na capital e no interior \u00e9 destaque da agenda do esporte baiano neste final de semana\",\"datePublished\":\"2023-10-01T14:00:55+00:00\",\"mainEntityOfPage\":{\"@id\":\"https:\/\/brasilnoticias.org\/site\/automobilismo-na-capital-e-no-interior-e-destaque-da-agenda-do-esporte-baiano-neste-final-de-semana\/\"},\"wordCount\":951,\"commentCount\":0,\"publisher\":{\"@id\":\"https:\/\/brasilnoticias.org\/site\/#organization\"},\"image\":{\"@id\":\"https:\/\/brasilnoticias.org\/site\/automobilismo-na-capital-e-no-interior-e-destaque-da-agenda-do-esporte-baiano-neste-final-de-semana\/#primaryimage\"},\"thumbnailUrl\":\"https:\/\/brasilnoticias.org\/site\/wp-content\/uploads\/2023\/09\/automobilismo-6-696x464-1.jpg\",\"articleSection\":[\"\u00daltimas\"],\"inLanguage\":\"pt-PT\",\"potentialAction\":[{\"@type\":\"CommentAction\",\"name\":\"Comment\",\"target\":[\"https:\/\/brasilnoticias.org\/site\/automobilismo-na-capital-e-no-interior-e-destaque-da-agenda-do-esporte-baiano-neste-final-de-semana\/#respond\"]}]},{\"@type\":\"WebPage\",\"@id\":\"https:\/\/brasilnoticias.org\/site\/automobilismo-na-capital-e-no-interior-e-destaque-da-agenda-do-esporte-baiano-neste-final-de-semana\/\",\"url\":\"https:\/\/brasilnoticias.org\/site\/automobilismo-na-capital-e-no-interior-e-destaque-da-agenda-do-esporte-baiano-neste-final-de-semana\/\",\"name\":\"Automobilismo na capital e no interior \u00e9 destaque da agenda do esporte baiano neste final de semana - Brasil not\u00edcias\",\"isPartOf\":{\"@id\":\"https:\/\/brasilnoticias.org\/site\/#website\"},\"primaryImageOfPage\":{\"@id\":\"https:\/\/brasilnoticias.org\/site\/automobilismo-na-capital-e-no-interior-e-destaque-da-agenda-do-esporte-baiano-neste-final-de-semana\/#primaryimage\"},\"image\":{\"@id\":\"https:\/\/brasilnoticias.org\/site\/automobilismo-na-capital-e-no-interior-e-destaque-da-agenda-do-esporte-baiano-neste-final-de-semana\/#primaryimage\"},\"thumbnailUrl\":\"https:\/\/brasilnoticias.org\/site\/wp-content\/uploads\/2023\/09\/automobilismo-6-696x464-1.jpg\",\"datePublished\":\"2023-10-01T14:00:55+00:00\",\"breadcrumb\":{\"@id\":\"https:\/\/brasilnoticias.org\/site\/automobilismo-na-capital-e-no-interior-e-destaque-da-agenda-do-esporte-baiano-neste-final-de-semana\/#breadcrumb\"},\"inLanguage\":\"pt-PT\",\"potentialAction\":[{\"@type\":\"ReadAction\",\"target\":[\"https:\/\/brasilnoticias.org\/site\/automobilismo-na-capital-e-no-interior-e-destaque-da-agenda-do-esporte-baiano-neste-final-de-semana\/\"]}]},{\"@type\":\"ImageObject\",\"inLanguage\":\"pt-PT\",\"@id\":\"https:\/\/brasilnoticias.org\/site\/automobilismo-na-capital-e-no-interior-e-destaque-da-agenda-do-esporte-baiano-neste-final-de-semana\/#primaryimage\",\"url\":\"https:\/\/brasilnoticias.org\/site\/wp-content\/uploads\/2023\/09\/automobilismo-6-696x464-1.jpg\",\"contentUrl\":\"https:\/\/brasilnoticias.org\/site\/wp-content\/uploads\/2023\/09\/automobilismo-6-696x464-1.jpg\",\"width\":696,\"height\":464},{\"@type\":\"BreadcrumbList\",\"@id\":\"https:\/\/brasilnoticias.org\/site\/automobilismo-na-capital-e-no-interior-e-destaque-da-agenda-do-esporte-baiano-neste-final-de-semana\/#breadcrumb\",\"itemListElement\":[{\"@type\":\"ListItem\",\"position\":1,\"name\":\"In\u00edcio\",\"item\":\"https:\/\/brasilnoticias.org\/site\/\"},{\"@type\":\"ListItem\",\"position\":2,\"name\":\"Automobilismo na capital e no interior \u00e9 destaque da agenda do esporte baiano neste final de semana\"}]},{\"@type\":\"WebSite\",\"@id\":\"https:\/\/brasilnoticias.org\/site\/#website\",\"url\":\"https:\/\/brasilnoticias.org\/site\/\",\"name\":\"Brasil not\u00edcias\",\"description\":\"Brasil not\u00edcias\",\"publisher\":{\"@id\":\"https:\/\/brasilnoticias.org\/site\/#organization\"},\"potentialAction\":[{\"@type\":\"SearchAction\",\"target\":{\"@type\":\"EntryPoint\",\"urlTemplate\":\"https:\/\/brasilnoticias.org\/site\/?s={search_term_string}\"},\"query-input\":{\"@type\":\"PropertyValueSpecification\",\"valueRequired\":true,\"valueName\":\"search_term_string\"}}],\"inLanguage\":\"pt-PT\"},{\"@type\":\"Organization\",\"@id\":\"https:\/\/brasilnoticias.org\/site\/#organization\",\"name\":\"Brasil not\u00edcias\",\"url\":\"https:\/\/brasilnoticias.org\/site\/\",\"logo\":{\"@type\":\"ImageObject\",\"inLanguage\":\"pt-PT\",\"@id\":\"https:\/\/brasilnoticias.org\/site\/#\/schema\/logo\/image\/\",\"url\":\"https:\/\/brasilnoticias.org\/site\/wp-content\/uploads\/2022\/05\/cropped-brasilnoticias-mini.jpg\",\"contentUrl\":\"https:\/\/brasilnoticias.org\/site\/wp-content\/uploads\/2022\/05\/cropped-brasilnoticias-mini.jpg\",\"width\":314,\"height\":86,\"caption\":\"Brasil not\u00edcias\"},\"image\":{\"@id\":\"https:\/\/brasilnoticias.org\/site\/#\/schema\/logo\/image\/\"}},{\"@type\":\"Person\",\"@id\":\"https:\/\/brasilnoticias.org\/site\/#\/schema\/person\/03bbbfe6c7634ad18c26444ea39049fa\",\"name\":\"Reda\u00e7\u00e3o\",\"image\":{\"@type\":\"ImageObject\",\"inLanguage\":\"pt-PT\",\"@id\":\"https:\/\/brasilnoticias.org\/site\/#\/schema\/person\/image\/\",\"url\":\"https:\/\/secure.gravatar.com\/avatar\/9ecaf7327a696cb23ad926fedded5f1f04d7049de9e445375d55b48c001a6e42?s=96&d=mm&r=g\",\"contentUrl\":\"https:\/\/secure.gravatar.com\/avatar\/9ecaf7327a696cb23ad926fedded5f1f04d7049de9e445375d55b48c001a6e42?s=96&d=mm&r=g\",\"caption\":\"Reda\u00e7\u00e3o\"},\"url\":\"https:\/\/brasilnoticias.org\/site\/author\/henrique\/\"}]}<\/script>\n<!-- \/ Yoast SEO plugin. -->","yoast_head_json":{"title":"Automobilismo na capital e no interior \u00e9 destaque da agenda do esporte baiano neste final de semana - Brasil not\u00edcias","robots":{"index":"index","follow":"follow","max-snippet":"max-snippet:-1","max-image-preview":"max-image-preview:large","max-video-preview":"max-video-preview:-1"},"canonical":"https:\/\/brasilnoticias.org\/site\/automobilismo-na-capital-e-no-interior-e-destaque-da-agenda-do-esporte-baiano-neste-final-de-semana\/","og_locale":"pt_PT","og_type":"article","og_title":"Automobilismo na capital e no interior \u00e9 destaque da agenda do esporte baiano neste final de semana - Brasil not\u00edcias","og_description":"As competi\u00e7\u00f5es do automobilismo baiano marcam o final de semana da agenda esportiva com eventos no interior e na capital","og_url":"https:\/\/brasilnoticias.org\/site\/automobilismo-na-capital-e-no-interior-e-destaque-da-agenda-do-esporte-baiano-neste-final-de-semana\/","og_site_name":"Brasil not\u00edcias","article_published_time":"2023-10-01T14:00:55+00:00","og_image":[{"width":696,"height":464,"url":"https:\/\/brasilnoticias.org\/site\/wp-content\/uploads\/2023\/09\/automobilismo-6-696x464-1.jpg","type":"image\/jpeg"}],"author":"Reda\u00e7\u00e3o","twitter_card":"summary_large_image","twitter_misc":{"Escrito por":"Reda\u00e7\u00e3o"},"schema":{"@context":"https:\/\/schema.org","@graph":[{"@type":"Article","@id":"https:\/\/brasilnoticias.org\/site\/automobilismo-na-capital-e-no-interior-e-destaque-da-agenda-do-esporte-baiano-neste-final-de-semana\/#article","isPartOf":{"@id":"https:\/\/brasilnoticias.org\/site\/automobilismo-na-capital-e-no-interior-e-destaque-da-agenda-do-esporte-baiano-neste-final-de-semana\/"},"author":{"name":"Reda\u00e7\u00e3o","@id":"https:\/\/brasilnoticias.org\/site\/#\/schema\/person\/03bbbfe6c7634ad18c26444ea39049fa"},"headline":"Automobilismo na capital e no interior \u00e9 destaque da agenda do esporte baiano neste final de semana","datePublished":"2023-10-01T14:00:55+00:00","mainEntityOfPage":{"@id":"https:\/\/brasilnoticias.org\/site\/automobilismo-na-capital-e-no-interior-e-destaque-da-agenda-do-esporte-baiano-neste-final-de-semana\/"},"wordCount":951,"commentCount":0,"publisher":{"@id":"https:\/\/brasilnoticias.org\/site\/#organization"},"image":{"@id":"https:\/\/brasilnoticias.org\/site\/automobilismo-na-capital-e-no-interior-e-destaque-da-agenda-do-esporte-baiano-neste-final-de-semana\/#primaryimage"},"thumbnailUrl":"https:\/\/brasilnoticias.org\/site\/wp-content\/uploads\/2023\/09\/automobilismo-6-696x464-1.jpg","articleSection":["\u00daltimas"],"inLanguage":"pt-PT","potentialAction":[{"@type":"CommentAction","name":"Comment","target":["https:\/\/brasilnoticias.org\/site\/automobilismo-na-capital-e-no-interior-e-destaque-da-agenda-do-esporte-baiano-neste-final-de-semana\/#respond"]}]},{"@type":"WebPage","@id":"https:\/\/brasilnoticias.org\/site\/automobilismo-na-capital-e-no-interior-e-destaque-da-agenda-do-esporte-baiano-neste-final-de-semana\/","url":"https:\/\/brasilnoticias.org\/site\/automobilismo-na-capital-e-no-interior-e-destaque-da-agenda-do-esporte-baiano-neste-final-de-semana\/","name":"Automobilismo na capital e no interior \u00e9 destaque da agenda do esporte baiano neste final de semana - Brasil not\u00edcias","isPartOf":{"@id":"https:\/\/brasilnoticias.org\/site\/#website"},"primaryImageOfPage":{"@id":"https:\/\/brasilnoticias.org\/site\/automobilismo-na-capital-e-no-interior-e-destaque-da-agenda-do-esporte-baiano-neste-final-de-semana\/#primaryimage"},"image":{"@id":"https:\/\/brasilnoticias.org\/site\/automobilismo-na-capital-e-no-interior-e-destaque-da-agenda-do-esporte-baiano-neste-final-de-semana\/#primaryimage"},"thumbnailUrl":"https:\/\/brasilnoticias.org\/site\/wp-content\/uploads\/2023\/09\/automobilismo-6-696x464-1.jpg","datePublished":"2023-10-01T14:00:55+00:00","breadcrumb":{"@id":"https:\/\/brasilnoticias.org\/site\/automobilismo-na-capital-e-no-interior-e-destaque-da-agenda-do-esporte-baiano-neste-final-de-semana\/#breadcrumb"},"inLanguage":"pt-PT","potentialAction":[{"@type":"ReadAction","target":["https:\/\/brasilnoticias.org\/site\/automobilismo-na-capital-e-no-interior-e-destaque-da-agenda-do-esporte-baiano-neste-final-de-semana\/"]}]},{"@type":"ImageObject","inLanguage":"pt-PT","@id":"https:\/\/brasilnoticias.org\/site\/automobilismo-na-capital-e-no-interior-e-destaque-da-agenda-do-esporte-baiano-neste-final-de-semana\/#primaryimage","url":"https:\/\/brasilnoticias.org\/site\/wp-content\/uploads\/2023\/09\/automobilismo-6-696x464-1.jpg","contentUrl":"https:\/\/brasilnoticias.org\/site\/wp-content\/uploads\/2023\/09\/automobilismo-6-696x464-1.jpg","width":696,"height":464},{"@type":"BreadcrumbList","@id":"https:\/\/brasilnoticias.org\/site\/automobilismo-na-capital-e-no-interior-e-destaque-da-agenda-do-esporte-baiano-neste-final-de-semana\/#breadcrumb","itemListElement":[{"@type":"ListItem","position":1,"name":"In\u00edcio","item":"https:\/\/brasilnoticias.org\/site\/"},{"@type":"ListItem","position":2,"name":"Automobilismo na capital e no interior \u00e9 destaque da agenda do esporte baiano neste final de semana"}]},{"@type":"WebSite","@id":"https:\/\/brasilnoticias.org\/site\/#website","url":"https:\/\/brasilnoticias.org\/site\/","name":"Brasil not\u00edcias","description":"Brasil not\u00edcias","publisher":{"@id":"https:\/\/brasilnoticias.org\/site\/#organization"},"potentialAction":[{"@type":"SearchAction","target":{"@type":"EntryPoint","urlTemplate":"https:\/\/brasilnoticias.org\/site\/?s={search_term_string}"},"query-input":{"@type":"PropertyValueSpecification","valueRequired":true,"valueName":"search_term_string"}}],"inLanguage":"pt-PT"},{"@type":"Organization","@id":"https:\/\/brasilnoticias.org\/site\/#organization","name":"Brasil not\u00edcias","url":"https:\/\/brasilnoticias.org\/site\/","logo":{"@type":"ImageObject","inLanguage":"pt-PT","@id":"https:\/\/brasilnoticias.org\/site\/#\/schema\/logo\/image\/","url":"https:\/\/brasilnoticias.org\/site\/wp-content\/uploads\/2022\/05\/cropped-brasilnoticias-mini.jpg","contentUrl":"https:\/\/brasilnoticias.org\/site\/wp-content\/uploads\/2022\/05\/cropped-brasilnoticias-mini.jpg","width":314,"height":86,"caption":"Brasil not\u00edcias"},"image":{"@id":"https:\/\/brasilnoticias.org\/site\/#\/schema\/logo\/image\/"}},{"@type":"Person","@id":"https:\/\/brasilnoticias.org\/site\/#\/schema\/person\/03bbbfe6c7634ad18c26444ea39049fa","name":"Reda\u00e7\u00e3o","image":{"@type":"ImageObject","inLanguage":"pt-PT","@id":"https:\/\/brasilnoticias.org\/site\/#\/schema\/person\/image\/","url":"https:\/\/secure.gravatar.com\/avatar\/9ecaf7327a696cb23ad926fedded5f1f04d7049de9e445375d55b48c001a6e42?s=96&d=mm&r=g","contentUrl":"https:\/\/secure.gravatar.com\/avatar\/9ecaf7327a696cb23ad926fedded5f1f04d7049de9e445375d55b48c001a6e42?s=96&d=mm&r=g","caption":"Reda\u00e7\u00e3o"},"url":"https:\/\/brasilnoticias.org\/site\/author\/henrique\/"}]}},"_links":{"self":[{"href":"https:\/\/brasilnoticias.org\/site\/wp-json\/wp\/v2\/posts\/9756","targetHints":{"allow":["GET"]}}],"collection":[{"href":"https:\/\/brasilnoticias.org\/site\/wp-json\/wp\/v2\/posts"}],"about":[{"href":"https:\/\/brasilnoticias.org\/site\/wp-json\/wp\/v2\/types\/post"}],"author":[{"embeddable":true,"href":"https:\/\/brasilnoticias.org\/site\/wp-json\/wp\/v2\/users\/4"}],"replies":[{"embeddable":true,"href":"https:\/\/brasilnoticias.org\/site\/wp-json\/wp\/v2\/comments?post=9756"}],"version-history":[{"count":1,"href":"https:\/\/brasilnoticias.org\/site\/wp-json\/wp\/v2\/posts\/9756\/revisions"}],"predecessor-version":[{"id":9758,"href":"https:\/\/brasilnoticias.org\/site\/wp-json\/wp\/v2\/posts\/9756\/revisions\/9758"}],"wp:featuredmedia":[{"embeddable":true,"href":"https:\/\/brasilnoticias.org\/site\/wp-json\/wp\/v2\/media\/9757"}],"wp:attachment":[{"href":"https:\/\/brasilnoticias.org\/site\/wp-json\/wp\/v2\/media?parent=9756"}],"wp:term":[{"taxonomy":"category","embeddable":true,"href":"https:\/\/brasilnoticias.org\/site\/wp-json\/wp\/v2\/categories?post=9756"},{"taxonomy":"post_tag","embeddable":true,"href":"https:\/\/brasilnoticias.org\/site\/wp-json\/wp\/v2\/tags?post=9756"}],"curies":[{"name":"wp","href":"https:\/\/api.w.org\/{rel}","templated":true}]}}