{"id":9762,"date":"2023-10-01T19:26:36","date_gmt":"2023-10-01T22:26:36","guid":{"rendered":"https:\/\/brasilnoticias.org\/site\/?p=9762"},"modified":"2023-10-01T19:26:36","modified_gmt":"2023-10-01T22:26:36","slug":"gas-de-cozinha-fica-mais-caro-a-partir-deste-domingo-na-bahia","status":"publish","type":"post","link":"https:\/\/brasilnoticias.org\/site\/gas-de-cozinha-fica-mais-caro-a-partir-deste-domingo-na-bahia\/","title":{"rendered":"G\u00e1s de cozinha fica mais caro a partir deste domingo na Bahia"},"content":{"rendered":"<p>Aumento de 6,5% no G\u00e1s Liquefeito de Petr\u00f3leo (GLP) impacta consumidores na regi\u00e3o<\/p>\n<p>O pre\u00e7o do g\u00e1s de cozinha ter\u00e1 reajuste na Bahia a partir deste domingo (1\u00ba\/9). A Refinaria de Mataripe, administrada pela Acelen e respons\u00e1vel pelo abastecimento do estado, anunciou um aumento de 6,5% no G\u00e1s Liquefeito de Petr\u00f3leo (GLP) para as distribuidoras. O aumento ser\u00e1 repassado aos consumidores finais pelas distribuidoras, segundo o portal G1.<\/p>\n<p>Segundo informa\u00e7\u00f5es do Sindicato dos Revendedores de G\u00e1s do Estado da Bahia (Sindrevgas), quem adquirir o botij\u00e3o de 13 kg ter\u00e1 que desembolsar entre R$ 5 e R$ 7 a mais. Estima-se que o pre\u00e7o final para o consumidor deva ficar entre R$ 123 e R$ 125. Atualmente, o pre\u00e7o m\u00e9dio em Salvador e Regi\u00e3o Metropolitana \u00e9 de R$ 118,00.<\/p>\n<p>Este reajuste representa o quarto aumento no pre\u00e7o do g\u00e1s de cozinha ao longo do ano de 2023, de acordo com o sindicato. Al\u00e9m do aumento em outubro, houve reajustes nos meses de fevereiro, mar\u00e7o e setembro. No entanto, \u00e9 importante notar que esses aumentos ocorreram na origem, sem incid\u00eancia de aumento na distribui\u00e7\u00e3o.<\/p>\n<p>VEJA CRONOLOGIA DO REAJUSTE NA REGI\u00c3O:<\/p>\n<p>\u2013 Janeiro R$ 6,70 \u2013 (redu\u00e7\u00e3o)<br \/>\n\u2013 Fevereiro R$ 3,81 \u2013 (aumento)<br \/>\n\u2013 Mar\u00e7o R$1,95 \u2013 (aumento)<br \/>\n\u2013 Abril R$4,28 \u2013 (redu\u00e7\u00e3o) e R$7,11 (aumento de imposto)<br \/>\n\u2013 Maio \u2013 R$5,31 (redu\u00e7\u00e3o)<br \/>\n\u2013 Junho \u2013 R$4,11 (redu\u00e7\u00e3o)<br \/>\n\u2013 Julho \u2013 R$2,89 (redu\u00e7\u00e3o)<br \/>\n\u2013 Agosto \u2013 (estabilidade)<br \/>\n\u2013 Setembro \u2013 R$3,50 (aumento por diss\u00eddio coletivo da categoria)<br \/>\n\u2013 Outubro \u2013 R$2,60 (aumento)<\/p>\n<p>A Acelen, em nota, afirmou que os pre\u00e7os praticados seguem crit\u00e9rios de mercado que levam em considera\u00e7\u00e3o vari\u00e1veis como o custo do petr\u00f3leo, adquirido a pre\u00e7os internacionais, a cota\u00e7\u00e3o do d\u00f3lar e o custo do frete. Esses fatores podem levar a varia\u00e7\u00f5es para cima ou para baixo nos pre\u00e7os do g\u00e1s de cozinha.<\/p>\n<p>Foto: Divulga\u00e7\u00e3o<br \/>\nAratu On<\/p>\n","protected":false},"excerpt":{"rendered":"<p>Aumento de 6,5% no G\u00e1s Liquefeito de Petr\u00f3leo (GLP) impacta consumidores na regi\u00e3o O pre\u00e7o do g\u00e1s de cozinha ter\u00e1<\/p>\n","protected":false},"author":4,"featured_media":9763,"comment_status":"open","ping_status":"open","sticky":false,"template":"","format":"standard","meta":{"colormag_page_container_layout":"default_layout","colormag_page_sidebar_layout":"default_layout","_FSMCFIC_featured_image_caption":"","_FSMCFIC_featured_image_nocaption":"","_FSMCFIC_featured_image_hide":"","footnotes":""},"categories":[2,1],"tags":[],"class_list":["post-9762","post","type-post","status-publish","format-standard","has-post-thumbnail","hentry","category-noticias","category-ultimas"],"yoast_head":"<!-- This site is optimized with the Yoast SEO plugin v27.1.1 - https:\/\/yoast.com\/product\/yoast-seo-wordpress\/ -->\n<title>G\u00e1s de cozinha fica mais caro a partir deste domingo na Bahia - Brasil not\u00edcias<\/title>\n<meta name=\"robots\" content=\"index, follow, max-snippet:-1, max-image-preview:large, max-video-preview:-1\" \/>\n<link rel=\"canonical\" href=\"https:\/\/brasilnoticias.org\/site\/gas-de-cozinha-fica-mais-caro-a-partir-deste-domingo-na-bahia\/\" \/>\n<meta property=\"og:locale\" content=\"pt_PT\" \/>\n<meta property=\"og:type\" content=\"article\" \/>\n<meta property=\"og:title\" content=\"G\u00e1s de cozinha fica mais caro a partir deste domingo na Bahia - Brasil not\u00edcias\" \/>\n<meta property=\"og:description\" content=\"Aumento de 6,5% no G\u00e1s Liquefeito de Petr\u00f3leo (GLP) impacta consumidores na regi\u00e3o O pre\u00e7o do g\u00e1s de cozinha ter\u00e1\" \/>\n<meta property=\"og:url\" content=\"https:\/\/brasilnoticias.org\/site\/gas-de-cozinha-fica-mais-caro-a-partir-deste-domingo-na-bahia\/\" \/>\n<meta property=\"og:site_name\" content=\"Brasil not\u00edcias\" \/>\n<meta property=\"article:published_time\" content=\"2023-10-01T22:26:36+00:00\" \/>\n<meta property=\"og:image\" content=\"https:\/\/brasilnoticias.org\/site\/wp-content\/uploads\/2023\/10\/gas.jpg\" \/>\n\t<meta property=\"og:image:width\" content=\"601\" \/>\n\t<meta property=\"og:image:height\" content=\"338\" \/>\n\t<meta property=\"og:image:type\" content=\"image\/jpeg\" \/>\n<meta name=\"author\" content=\"Reda\u00e7\u00e3o\" \/>\n<meta name=\"twitter:card\" content=\"summary_large_image\" \/>\n<meta name=\"twitter:label1\" content=\"Escrito por\" \/>\n\t<meta name=\"twitter:data1\" content=\"Reda\u00e7\u00e3o\" \/>\n<script type=\"application\/ld+json\" class=\"yoast-schema-graph\">{\"@context\":\"https:\/\/schema.org\",\"@graph\":[{\"@type\":\"Article\",\"@id\":\"https:\/\/brasilnoticias.org\/site\/gas-de-cozinha-fica-mais-caro-a-partir-deste-domingo-na-bahia\/#article\",\"isPartOf\":{\"@id\":\"https:\/\/brasilnoticias.org\/site\/gas-de-cozinha-fica-mais-caro-a-partir-deste-domingo-na-bahia\/\"},\"author\":{\"name\":\"Reda\u00e7\u00e3o\",\"@id\":\"https:\/\/brasilnoticias.org\/site\/#\/schema\/person\/03bbbfe6c7634ad18c26444ea39049fa\"},\"headline\":\"G\u00e1s de cozinha fica mais caro a partir deste domingo na Bahia\",\"datePublished\":\"2023-10-01T22:26:36+00:00\",\"mainEntityOfPage\":{\"@id\":\"https:\/\/brasilnoticias.org\/site\/gas-de-cozinha-fica-mais-caro-a-partir-deste-domingo-na-bahia\/\"},\"wordCount\":326,\"commentCount\":0,\"publisher\":{\"@id\":\"https:\/\/brasilnoticias.org\/site\/#organization\"},\"image\":{\"@id\":\"https:\/\/brasilnoticias.org\/site\/gas-de-cozinha-fica-mais-caro-a-partir-deste-domingo-na-bahia\/#primaryimage\"},\"thumbnailUrl\":\"https:\/\/brasilnoticias.org\/site\/wp-content\/uploads\/2023\/10\/gas.jpg\",\"articleSection\":[\"Not\u00edcias\",\"\u00daltimas\"],\"inLanguage\":\"pt-PT\",\"potentialAction\":[{\"@type\":\"CommentAction\",\"name\":\"Comment\",\"target\":[\"https:\/\/brasilnoticias.org\/site\/gas-de-cozinha-fica-mais-caro-a-partir-deste-domingo-na-bahia\/#respond\"]}]},{\"@type\":\"WebPage\",\"@id\":\"https:\/\/brasilnoticias.org\/site\/gas-de-cozinha-fica-mais-caro-a-partir-deste-domingo-na-bahia\/\",\"url\":\"https:\/\/brasilnoticias.org\/site\/gas-de-cozinha-fica-mais-caro-a-partir-deste-domingo-na-bahia\/\",\"name\":\"G\u00e1s de cozinha fica mais caro a partir deste domingo na Bahia - Brasil not\u00edcias\",\"isPartOf\":{\"@id\":\"https:\/\/brasilnoticias.org\/site\/#website\"},\"primaryImageOfPage\":{\"@id\":\"https:\/\/brasilnoticias.org\/site\/gas-de-cozinha-fica-mais-caro-a-partir-deste-domingo-na-bahia\/#primaryimage\"},\"image\":{\"@id\":\"https:\/\/brasilnoticias.org\/site\/gas-de-cozinha-fica-mais-caro-a-partir-deste-domingo-na-bahia\/#primaryimage\"},\"thumbnailUrl\":\"https:\/\/brasilnoticias.org\/site\/wp-content\/uploads\/2023\/10\/gas.jpg\",\"datePublished\":\"2023-10-01T22:26:36+00:00\",\"breadcrumb\":{\"@id\":\"https:\/\/brasilnoticias.org\/site\/gas-de-cozinha-fica-mais-caro-a-partir-deste-domingo-na-bahia\/#breadcrumb\"},\"inLanguage\":\"pt-PT\",\"potentialAction\":[{\"@type\":\"ReadAction\",\"target\":[\"https:\/\/brasilnoticias.org\/site\/gas-de-cozinha-fica-mais-caro-a-partir-deste-domingo-na-bahia\/\"]}]},{\"@type\":\"ImageObject\",\"inLanguage\":\"pt-PT\",\"@id\":\"https:\/\/brasilnoticias.org\/site\/gas-de-cozinha-fica-mais-caro-a-partir-deste-domingo-na-bahia\/#primaryimage\",\"url\":\"https:\/\/brasilnoticias.org\/site\/wp-content\/uploads\/2023\/10\/gas.jpg\",\"contentUrl\":\"https:\/\/brasilnoticias.org\/site\/wp-content\/uploads\/2023\/10\/gas.jpg\",\"width\":601,\"height\":338},{\"@type\":\"BreadcrumbList\",\"@id\":\"https:\/\/brasilnoticias.org\/site\/gas-de-cozinha-fica-mais-caro-a-partir-deste-domingo-na-bahia\/#breadcrumb\",\"itemListElement\":[{\"@type\":\"ListItem\",\"position\":1,\"name\":\"In\u00edcio\",\"item\":\"https:\/\/brasilnoticias.org\/site\/\"},{\"@type\":\"ListItem\",\"position\":2,\"name\":\"G\u00e1s de cozinha fica mais caro a partir deste domingo na Bahia\"}]},{\"@type\":\"WebSite\",\"@id\":\"https:\/\/brasilnoticias.org\/site\/#website\",\"url\":\"https:\/\/brasilnoticias.org\/site\/\",\"name\":\"Brasil not\u00edcias\",\"description\":\"Brasil not\u00edcias\",\"publisher\":{\"@id\":\"https:\/\/brasilnoticias.org\/site\/#organization\"},\"potentialAction\":[{\"@type\":\"SearchAction\",\"target\":{\"@type\":\"EntryPoint\",\"urlTemplate\":\"https:\/\/brasilnoticias.org\/site\/?s={search_term_string}\"},\"query-input\":{\"@type\":\"PropertyValueSpecification\",\"valueRequired\":true,\"valueName\":\"search_term_string\"}}],\"inLanguage\":\"pt-PT\"},{\"@type\":\"Organization\",\"@id\":\"https:\/\/brasilnoticias.org\/site\/#organization\",\"name\":\"Brasil not\u00edcias\",\"url\":\"https:\/\/brasilnoticias.org\/site\/\",\"logo\":{\"@type\":\"ImageObject\",\"inLanguage\":\"pt-PT\",\"@id\":\"https:\/\/brasilnoticias.org\/site\/#\/schema\/logo\/image\/\",\"url\":\"https:\/\/brasilnoticias.org\/site\/wp-content\/uploads\/2022\/05\/cropped-brasilnoticias-mini.jpg\",\"contentUrl\":\"https:\/\/brasilnoticias.org\/site\/wp-content\/uploads\/2022\/05\/cropped-brasilnoticias-mini.jpg\",\"width\":314,\"height\":86,\"caption\":\"Brasil not\u00edcias\"},\"image\":{\"@id\":\"https:\/\/brasilnoticias.org\/site\/#\/schema\/logo\/image\/\"}},{\"@type\":\"Person\",\"@id\":\"https:\/\/brasilnoticias.org\/site\/#\/schema\/person\/03bbbfe6c7634ad18c26444ea39049fa\",\"name\":\"Reda\u00e7\u00e3o\",\"image\":{\"@type\":\"ImageObject\",\"inLanguage\":\"pt-PT\",\"@id\":\"https:\/\/brasilnoticias.org\/site\/#\/schema\/person\/image\/\",\"url\":\"https:\/\/secure.gravatar.com\/avatar\/9ecaf7327a696cb23ad926fedded5f1f04d7049de9e445375d55b48c001a6e42?s=96&d=mm&r=g\",\"contentUrl\":\"https:\/\/secure.gravatar.com\/avatar\/9ecaf7327a696cb23ad926fedded5f1f04d7049de9e445375d55b48c001a6e42?s=96&d=mm&r=g\",\"caption\":\"Reda\u00e7\u00e3o\"},\"url\":\"https:\/\/brasilnoticias.org\/site\/author\/henrique\/\"}]}<\/script>\n<!-- \/ Yoast SEO plugin. -->","yoast_head_json":{"title":"G\u00e1s de cozinha fica mais caro a partir deste domingo na Bahia - Brasil not\u00edcias","robots":{"index":"index","follow":"follow","max-snippet":"max-snippet:-1","max-image-preview":"max-image-preview:large","max-video-preview":"max-video-preview:-1"},"canonical":"https:\/\/brasilnoticias.org\/site\/gas-de-cozinha-fica-mais-caro-a-partir-deste-domingo-na-bahia\/","og_locale":"pt_PT","og_type":"article","og_title":"G\u00e1s de cozinha fica mais caro a partir deste domingo na Bahia - Brasil not\u00edcias","og_description":"Aumento de 6,5% no G\u00e1s Liquefeito de Petr\u00f3leo (GLP) impacta consumidores na regi\u00e3o O pre\u00e7o do g\u00e1s de cozinha ter\u00e1","og_url":"https:\/\/brasilnoticias.org\/site\/gas-de-cozinha-fica-mais-caro-a-partir-deste-domingo-na-bahia\/","og_site_name":"Brasil not\u00edcias","article_published_time":"2023-10-01T22:26:36+00:00","og_image":[{"width":601,"height":338,"url":"https:\/\/brasilnoticias.org\/site\/wp-content\/uploads\/2023\/10\/gas.jpg","type":"image\/jpeg"}],"author":"Reda\u00e7\u00e3o","twitter_card":"summary_large_image","twitter_misc":{"Escrito por":"Reda\u00e7\u00e3o"},"schema":{"@context":"https:\/\/schema.org","@graph":[{"@type":"Article","@id":"https:\/\/brasilnoticias.org\/site\/gas-de-cozinha-fica-mais-caro-a-partir-deste-domingo-na-bahia\/#article","isPartOf":{"@id":"https:\/\/brasilnoticias.org\/site\/gas-de-cozinha-fica-mais-caro-a-partir-deste-domingo-na-bahia\/"},"author":{"name":"Reda\u00e7\u00e3o","@id":"https:\/\/brasilnoticias.org\/site\/#\/schema\/person\/03bbbfe6c7634ad18c26444ea39049fa"},"headline":"G\u00e1s de cozinha fica mais caro a partir deste domingo na Bahia","datePublished":"2023-10-01T22:26:36+00:00","mainEntityOfPage":{"@id":"https:\/\/brasilnoticias.org\/site\/gas-de-cozinha-fica-mais-caro-a-partir-deste-domingo-na-bahia\/"},"wordCount":326,"commentCount":0,"publisher":{"@id":"https:\/\/brasilnoticias.org\/site\/#organization"},"image":{"@id":"https:\/\/brasilnoticias.org\/site\/gas-de-cozinha-fica-mais-caro-a-partir-deste-domingo-na-bahia\/#primaryimage"},"thumbnailUrl":"https:\/\/brasilnoticias.org\/site\/wp-content\/uploads\/2023\/10\/gas.jpg","articleSection":["Not\u00edcias","\u00daltimas"],"inLanguage":"pt-PT","potentialAction":[{"@type":"CommentAction","name":"Comment","target":["https:\/\/brasilnoticias.org\/site\/gas-de-cozinha-fica-mais-caro-a-partir-deste-domingo-na-bahia\/#respond"]}]},{"@type":"WebPage","@id":"https:\/\/brasilnoticias.org\/site\/gas-de-cozinha-fica-mais-caro-a-partir-deste-domingo-na-bahia\/","url":"https:\/\/brasilnoticias.org\/site\/gas-de-cozinha-fica-mais-caro-a-partir-deste-domingo-na-bahia\/","name":"G\u00e1s de cozinha fica mais caro a partir deste domingo na Bahia - Brasil not\u00edcias","isPartOf":{"@id":"https:\/\/brasilnoticias.org\/site\/#website"},"primaryImageOfPage":{"@id":"https:\/\/brasilnoticias.org\/site\/gas-de-cozinha-fica-mais-caro-a-partir-deste-domingo-na-bahia\/#primaryimage"},"image":{"@id":"https:\/\/brasilnoticias.org\/site\/gas-de-cozinha-fica-mais-caro-a-partir-deste-domingo-na-bahia\/#primaryimage"},"thumbnailUrl":"https:\/\/brasilnoticias.org\/site\/wp-content\/uploads\/2023\/10\/gas.jpg","datePublished":"2023-10-01T22:26:36+00:00","breadcrumb":{"@id":"https:\/\/brasilnoticias.org\/site\/gas-de-cozinha-fica-mais-caro-a-partir-deste-domingo-na-bahia\/#breadcrumb"},"inLanguage":"pt-PT","potentialAction":[{"@type":"ReadAction","target":["https:\/\/brasilnoticias.org\/site\/gas-de-cozinha-fica-mais-caro-a-partir-deste-domingo-na-bahia\/"]}]},{"@type":"ImageObject","inLanguage":"pt-PT","@id":"https:\/\/brasilnoticias.org\/site\/gas-de-cozinha-fica-mais-caro-a-partir-deste-domingo-na-bahia\/#primaryimage","url":"https:\/\/brasilnoticias.org\/site\/wp-content\/uploads\/2023\/10\/gas.jpg","contentUrl":"https:\/\/brasilnoticias.org\/site\/wp-content\/uploads\/2023\/10\/gas.jpg","width":601,"height":338},{"@type":"BreadcrumbList","@id":"https:\/\/brasilnoticias.org\/site\/gas-de-cozinha-fica-mais-caro-a-partir-deste-domingo-na-bahia\/#breadcrumb","itemListElement":[{"@type":"ListItem","position":1,"name":"In\u00edcio","item":"https:\/\/brasilnoticias.org\/site\/"},{"@type":"ListItem","position":2,"name":"G\u00e1s de cozinha fica mais caro a partir deste domingo na Bahia"}]},{"@type":"WebSite","@id":"https:\/\/brasilnoticias.org\/site\/#website","url":"https:\/\/brasilnoticias.org\/site\/","name":"Brasil not\u00edcias","description":"Brasil not\u00edcias","publisher":{"@id":"https:\/\/brasilnoticias.org\/site\/#organization"},"potentialAction":[{"@type":"SearchAction","target":{"@type":"EntryPoint","urlTemplate":"https:\/\/brasilnoticias.org\/site\/?s={search_term_string}"},"query-input":{"@type":"PropertyValueSpecification","valueRequired":true,"valueName":"search_term_string"}}],"inLanguage":"pt-PT"},{"@type":"Organization","@id":"https:\/\/brasilnoticias.org\/site\/#organization","name":"Brasil not\u00edcias","url":"https:\/\/brasilnoticias.org\/site\/","logo":{"@type":"ImageObject","inLanguage":"pt-PT","@id":"https:\/\/brasilnoticias.org\/site\/#\/schema\/logo\/image\/","url":"https:\/\/brasilnoticias.org\/site\/wp-content\/uploads\/2022\/05\/cropped-brasilnoticias-mini.jpg","contentUrl":"https:\/\/brasilnoticias.org\/site\/wp-content\/uploads\/2022\/05\/cropped-brasilnoticias-mini.jpg","width":314,"height":86,"caption":"Brasil not\u00edcias"},"image":{"@id":"https:\/\/brasilnoticias.org\/site\/#\/schema\/logo\/image\/"}},{"@type":"Person","@id":"https:\/\/brasilnoticias.org\/site\/#\/schema\/person\/03bbbfe6c7634ad18c26444ea39049fa","name":"Reda\u00e7\u00e3o","image":{"@type":"ImageObject","inLanguage":"pt-PT","@id":"https:\/\/brasilnoticias.org\/site\/#\/schema\/person\/image\/","url":"https:\/\/secure.gravatar.com\/avatar\/9ecaf7327a696cb23ad926fedded5f1f04d7049de9e445375d55b48c001a6e42?s=96&d=mm&r=g","contentUrl":"https:\/\/secure.gravatar.com\/avatar\/9ecaf7327a696cb23ad926fedded5f1f04d7049de9e445375d55b48c001a6e42?s=96&d=mm&r=g","caption":"Reda\u00e7\u00e3o"},"url":"https:\/\/brasilnoticias.org\/site\/author\/henrique\/"}]}},"_links":{"self":[{"href":"https:\/\/brasilnoticias.org\/site\/wp-json\/wp\/v2\/posts\/9762","targetHints":{"allow":["GET"]}}],"collection":[{"href":"https:\/\/brasilnoticias.org\/site\/wp-json\/wp\/v2\/posts"}],"about":[{"href":"https:\/\/brasilnoticias.org\/site\/wp-json\/wp\/v2\/types\/post"}],"author":[{"embeddable":true,"href":"https:\/\/brasilnoticias.org\/site\/wp-json\/wp\/v2\/users\/4"}],"replies":[{"embeddable":true,"href":"https:\/\/brasilnoticias.org\/site\/wp-json\/wp\/v2\/comments?post=9762"}],"version-history":[{"count":1,"href":"https:\/\/brasilnoticias.org\/site\/wp-json\/wp\/v2\/posts\/9762\/revisions"}],"predecessor-version":[{"id":9764,"href":"https:\/\/brasilnoticias.org\/site\/wp-json\/wp\/v2\/posts\/9762\/revisions\/9764"}],"wp:featuredmedia":[{"embeddable":true,"href":"https:\/\/brasilnoticias.org\/site\/wp-json\/wp\/v2\/media\/9763"}],"wp:attachment":[{"href":"https:\/\/brasilnoticias.org\/site\/wp-json\/wp\/v2\/media?parent=9762"}],"wp:term":[{"taxonomy":"category","embeddable":true,"href":"https:\/\/brasilnoticias.org\/site\/wp-json\/wp\/v2\/categories?post=9762"},{"taxonomy":"post_tag","embeddable":true,"href":"https:\/\/brasilnoticias.org\/site\/wp-json\/wp\/v2\/tags?post=9762"}],"curies":[{"name":"wp","href":"https:\/\/api.w.org\/{rel}","templated":true}]}}