{"id":9774,"date":"2023-10-02T06:00:05","date_gmt":"2023-10-02T09:00:05","guid":{"rendered":"https:\/\/brasilnoticias.org\/site\/?p=9774"},"modified":"2023-10-01T19:35:42","modified_gmt":"2023-10-01T22:35:42","slug":"festival-dois-de-julho-filarmonicas-da-bahia-abre-inscricoes-para-selecao-de-bandas","status":"publish","type":"post","link":"https:\/\/brasilnoticias.org\/site\/festival-dois-de-julho-filarmonicas-da-bahia-abre-inscricoes-para-selecao-de-bandas\/","title":{"rendered":"Festival Dois de Julho \u2013 Filarm\u00f4nicas da Bahia abre inscri\u00e7\u00f5es para sele\u00e7\u00e3o de bandas"},"content":{"rendered":"<p>Mais uma edi\u00e7\u00e3o do Festival Dois de Julho \u2013 Filarm\u00f4nicas da Bahia est\u00e1 sendo preparada para trazer bandas filarm\u00f4nicas de todo estado de volta aos palcos do Centro Hist\u00f3rico de Salvador. A Secretaria de Cultura do Estado da Bahia (Secult), atrav\u00e9s do Centro de Culturas Populares e Identit\u00e1rias (CCPI) e da Funda\u00e7\u00e3o Cultural do Estado (Funceb), realizar\u00e1 o Festival Dois de Julho Ano II nos dias 9 e 10 de dezembro, com apresenta\u00e7\u00f5es musicais no Pelourinho.<\/p>\n<p>As bandas filarm\u00f4nicas j\u00e1 podem se inscrever de 28 de setembro a 27 de outubro, e devem possuir, no m\u00ednimo, dois anos de atua\u00e7\u00e3o na \u00e1rea. Ser\u00e3o contratadas 12 (doze) bandas com at\u00e9 41 integrantes. O concurso \u00e9 voltado, exclusivamente, para pessoas jur\u00eddicas.<\/p>\n<p>Cada uma das atra\u00e7\u00f5es selecionadas receber\u00e1 cach\u00ea no valor bruto de R$ 20 mil. Em 2022, a primeira edi\u00e7\u00e3o do festival levou mais de 1500 pessoas aos largos do Pelourinho.<\/p>\n<p>A inscri\u00e7\u00e3o se dar\u00e1 em etapa \u00fanica, atrav\u00e9s do preenchimento do formul\u00e1rio dispon\u00edvel no site da Secretaria de Cultura do Estado (www.cultura.ba.gov.br), acompanhado de link do drive com a documenta\u00e7\u00e3o para habilita\u00e7\u00e3o e do material art\u00edstico. D\u00favidas sobre o edital podem ser encaminhadas para o e-mail festivaldoisdejulho@cultura.ba.gov.br.<\/p>\n<p>As bandas filarm\u00f4nicas s\u00e3o reconhecidas pela notoriedade p\u00fablica como institui\u00e7\u00f5es representativas da cultura baiana, com sua expressividade engajada nas tradi\u00e7\u00f5es locais, e uma fun\u00e7\u00e3o educacional respeitada por grandes artistas e professores do segmento da m\u00fasica erudita e popular. S\u00e3o uma manifesta\u00e7\u00e3o secular que mobiliza multid\u00f5es em suas apresenta\u00e7\u00f5es, garantindo a diversidade e a mem\u00f3ria musical da Bahia. O Festival Dois de Julho \u2013 Filarm\u00f4nicas da Bahia se constitui, portanto, como uma a\u00e7\u00e3o de incentivo e valoriza\u00e7\u00e3o a esta importante tradi\u00e7\u00e3o do nosso estado.<\/p>\n<p>Servi\u00e7o<\/p>\n<p>Festival Dois de Julho \u2013 Filarm\u00f4nicas da Bahia Ano II<\/p>\n<p>Inscri\u00e7\u00e3o: 28 de setembro a 27 de outubro de 2023, no site da Secult (www.cultura.ba.gov.br)<\/p>\n<p>Festival: 9 e 10 de dezembro de 2023<\/p>\n<p>Gratuito<\/p>\n<p>Foto: Lucas Malkut<br \/>\nFonte: Ascom\/Funceb<\/p>\n","protected":false},"excerpt":{"rendered":"<p>Mais uma edi\u00e7\u00e3o do Festival Dois de Julho \u2013 Filarm\u00f4nicas da Bahia est\u00e1 sendo preparada para trazer bandas filarm\u00f4nicas de<\/p>\n","protected":false},"author":4,"featured_media":9775,"comment_status":"open","ping_status":"open","sticky":false,"template":"","format":"standard","meta":{"colormag_page_container_layout":"default_layout","colormag_page_sidebar_layout":"default_layout","_FSMCFIC_featured_image_caption":"","_FSMCFIC_featured_image_nocaption":"","_FSMCFIC_featured_image_hide":"","footnotes":""},"categories":[1],"tags":[],"class_list":["post-9774","post","type-post","status-publish","format-standard","has-post-thumbnail","hentry","category-ultimas"],"yoast_head":"<!-- This site is optimized with the Yoast SEO plugin v27.1.1 - https:\/\/yoast.com\/product\/yoast-seo-wordpress\/ -->\n<title>Festival Dois de Julho \u2013 Filarm\u00f4nicas da Bahia abre inscri\u00e7\u00f5es para sele\u00e7\u00e3o de bandas - Brasil not\u00edcias<\/title>\n<meta name=\"robots\" content=\"index, follow, max-snippet:-1, max-image-preview:large, max-video-preview:-1\" \/>\n<link rel=\"canonical\" href=\"https:\/\/brasilnoticias.org\/site\/festival-dois-de-julho-filarmonicas-da-bahia-abre-inscricoes-para-selecao-de-bandas\/\" \/>\n<meta property=\"og:locale\" content=\"pt_PT\" \/>\n<meta property=\"og:type\" content=\"article\" \/>\n<meta property=\"og:title\" content=\"Festival Dois de Julho \u2013 Filarm\u00f4nicas da Bahia abre inscri\u00e7\u00f5es para sele\u00e7\u00e3o de bandas - Brasil not\u00edcias\" \/>\n<meta property=\"og:description\" content=\"Mais uma edi\u00e7\u00e3o do Festival Dois de Julho \u2013 Filarm\u00f4nicas da Bahia est\u00e1 sendo preparada para trazer bandas filarm\u00f4nicas de\" \/>\n<meta property=\"og:url\" content=\"https:\/\/brasilnoticias.org\/site\/festival-dois-de-julho-filarmonicas-da-bahia-abre-inscricoes-para-selecao-de-bandas\/\" \/>\n<meta property=\"og:site_name\" content=\"Brasil not\u00edcias\" \/>\n<meta property=\"article:published_time\" content=\"2023-10-02T09:00:05+00:00\" \/>\n<meta property=\"og:image\" content=\"https:\/\/brasilnoticias.org\/site\/wp-content\/uploads\/2023\/10\/festival-696x464-1.jpg\" \/>\n\t<meta property=\"og:image:width\" content=\"696\" \/>\n\t<meta property=\"og:image:height\" content=\"464\" \/>\n\t<meta property=\"og:image:type\" content=\"image\/jpeg\" \/>\n<meta name=\"author\" content=\"Reda\u00e7\u00e3o\" \/>\n<meta name=\"twitter:card\" content=\"summary_large_image\" \/>\n<meta name=\"twitter:label1\" content=\"Escrito por\" \/>\n\t<meta name=\"twitter:data1\" content=\"Reda\u00e7\u00e3o\" \/>\n<script type=\"application\/ld+json\" class=\"yoast-schema-graph\">{\"@context\":\"https:\/\/schema.org\",\"@graph\":[{\"@type\":\"Article\",\"@id\":\"https:\/\/brasilnoticias.org\/site\/festival-dois-de-julho-filarmonicas-da-bahia-abre-inscricoes-para-selecao-de-bandas\/#article\",\"isPartOf\":{\"@id\":\"https:\/\/brasilnoticias.org\/site\/festival-dois-de-julho-filarmonicas-da-bahia-abre-inscricoes-para-selecao-de-bandas\/\"},\"author\":{\"name\":\"Reda\u00e7\u00e3o\",\"@id\":\"https:\/\/brasilnoticias.org\/site\/#\/schema\/person\/03bbbfe6c7634ad18c26444ea39049fa\"},\"headline\":\"Festival Dois de Julho \u2013 Filarm\u00f4nicas da Bahia abre inscri\u00e7\u00f5es para sele\u00e7\u00e3o de bandas\",\"datePublished\":\"2023-10-02T09:00:05+00:00\",\"mainEntityOfPage\":{\"@id\":\"https:\/\/brasilnoticias.org\/site\/festival-dois-de-julho-filarmonicas-da-bahia-abre-inscricoes-para-selecao-de-bandas\/\"},\"wordCount\":371,\"commentCount\":0,\"publisher\":{\"@id\":\"https:\/\/brasilnoticias.org\/site\/#organization\"},\"image\":{\"@id\":\"https:\/\/brasilnoticias.org\/site\/festival-dois-de-julho-filarmonicas-da-bahia-abre-inscricoes-para-selecao-de-bandas\/#primaryimage\"},\"thumbnailUrl\":\"https:\/\/brasilnoticias.org\/site\/wp-content\/uploads\/2023\/10\/festival-696x464-1.jpg\",\"articleSection\":[\"\u00daltimas\"],\"inLanguage\":\"pt-PT\",\"potentialAction\":[{\"@type\":\"CommentAction\",\"name\":\"Comment\",\"target\":[\"https:\/\/brasilnoticias.org\/site\/festival-dois-de-julho-filarmonicas-da-bahia-abre-inscricoes-para-selecao-de-bandas\/#respond\"]}]},{\"@type\":\"WebPage\",\"@id\":\"https:\/\/brasilnoticias.org\/site\/festival-dois-de-julho-filarmonicas-da-bahia-abre-inscricoes-para-selecao-de-bandas\/\",\"url\":\"https:\/\/brasilnoticias.org\/site\/festival-dois-de-julho-filarmonicas-da-bahia-abre-inscricoes-para-selecao-de-bandas\/\",\"name\":\"Festival Dois de Julho \u2013 Filarm\u00f4nicas da Bahia abre inscri\u00e7\u00f5es para sele\u00e7\u00e3o de bandas - Brasil not\u00edcias\",\"isPartOf\":{\"@id\":\"https:\/\/brasilnoticias.org\/site\/#website\"},\"primaryImageOfPage\":{\"@id\":\"https:\/\/brasilnoticias.org\/site\/festival-dois-de-julho-filarmonicas-da-bahia-abre-inscricoes-para-selecao-de-bandas\/#primaryimage\"},\"image\":{\"@id\":\"https:\/\/brasilnoticias.org\/site\/festival-dois-de-julho-filarmonicas-da-bahia-abre-inscricoes-para-selecao-de-bandas\/#primaryimage\"},\"thumbnailUrl\":\"https:\/\/brasilnoticias.org\/site\/wp-content\/uploads\/2023\/10\/festival-696x464-1.jpg\",\"datePublished\":\"2023-10-02T09:00:05+00:00\",\"breadcrumb\":{\"@id\":\"https:\/\/brasilnoticias.org\/site\/festival-dois-de-julho-filarmonicas-da-bahia-abre-inscricoes-para-selecao-de-bandas\/#breadcrumb\"},\"inLanguage\":\"pt-PT\",\"potentialAction\":[{\"@type\":\"ReadAction\",\"target\":[\"https:\/\/brasilnoticias.org\/site\/festival-dois-de-julho-filarmonicas-da-bahia-abre-inscricoes-para-selecao-de-bandas\/\"]}]},{\"@type\":\"ImageObject\",\"inLanguage\":\"pt-PT\",\"@id\":\"https:\/\/brasilnoticias.org\/site\/festival-dois-de-julho-filarmonicas-da-bahia-abre-inscricoes-para-selecao-de-bandas\/#primaryimage\",\"url\":\"https:\/\/brasilnoticias.org\/site\/wp-content\/uploads\/2023\/10\/festival-696x464-1.jpg\",\"contentUrl\":\"https:\/\/brasilnoticias.org\/site\/wp-content\/uploads\/2023\/10\/festival-696x464-1.jpg\",\"width\":696,\"height\":464},{\"@type\":\"BreadcrumbList\",\"@id\":\"https:\/\/brasilnoticias.org\/site\/festival-dois-de-julho-filarmonicas-da-bahia-abre-inscricoes-para-selecao-de-bandas\/#breadcrumb\",\"itemListElement\":[{\"@type\":\"ListItem\",\"position\":1,\"name\":\"In\u00edcio\",\"item\":\"https:\/\/brasilnoticias.org\/site\/\"},{\"@type\":\"ListItem\",\"position\":2,\"name\":\"Festival Dois de Julho \u2013 Filarm\u00f4nicas da Bahia abre inscri\u00e7\u00f5es para sele\u00e7\u00e3o de bandas\"}]},{\"@type\":\"WebSite\",\"@id\":\"https:\/\/brasilnoticias.org\/site\/#website\",\"url\":\"https:\/\/brasilnoticias.org\/site\/\",\"name\":\"Brasil not\u00edcias\",\"description\":\"Brasil not\u00edcias\",\"publisher\":{\"@id\":\"https:\/\/brasilnoticias.org\/site\/#organization\"},\"potentialAction\":[{\"@type\":\"SearchAction\",\"target\":{\"@type\":\"EntryPoint\",\"urlTemplate\":\"https:\/\/brasilnoticias.org\/site\/?s={search_term_string}\"},\"query-input\":{\"@type\":\"PropertyValueSpecification\",\"valueRequired\":true,\"valueName\":\"search_term_string\"}}],\"inLanguage\":\"pt-PT\"},{\"@type\":\"Organization\",\"@id\":\"https:\/\/brasilnoticias.org\/site\/#organization\",\"name\":\"Brasil not\u00edcias\",\"url\":\"https:\/\/brasilnoticias.org\/site\/\",\"logo\":{\"@type\":\"ImageObject\",\"inLanguage\":\"pt-PT\",\"@id\":\"https:\/\/brasilnoticias.org\/site\/#\/schema\/logo\/image\/\",\"url\":\"https:\/\/brasilnoticias.org\/site\/wp-content\/uploads\/2022\/05\/cropped-brasilnoticias-mini.jpg\",\"contentUrl\":\"https:\/\/brasilnoticias.org\/site\/wp-content\/uploads\/2022\/05\/cropped-brasilnoticias-mini.jpg\",\"width\":314,\"height\":86,\"caption\":\"Brasil not\u00edcias\"},\"image\":{\"@id\":\"https:\/\/brasilnoticias.org\/site\/#\/schema\/logo\/image\/\"}},{\"@type\":\"Person\",\"@id\":\"https:\/\/brasilnoticias.org\/site\/#\/schema\/person\/03bbbfe6c7634ad18c26444ea39049fa\",\"name\":\"Reda\u00e7\u00e3o\",\"image\":{\"@type\":\"ImageObject\",\"inLanguage\":\"pt-PT\",\"@id\":\"https:\/\/brasilnoticias.org\/site\/#\/schema\/person\/image\/\",\"url\":\"https:\/\/secure.gravatar.com\/avatar\/9ecaf7327a696cb23ad926fedded5f1f04d7049de9e445375d55b48c001a6e42?s=96&d=mm&r=g\",\"contentUrl\":\"https:\/\/secure.gravatar.com\/avatar\/9ecaf7327a696cb23ad926fedded5f1f04d7049de9e445375d55b48c001a6e42?s=96&d=mm&r=g\",\"caption\":\"Reda\u00e7\u00e3o\"},\"url\":\"https:\/\/brasilnoticias.org\/site\/author\/henrique\/\"}]}<\/script>\n<!-- \/ Yoast SEO plugin. -->","yoast_head_json":{"title":"Festival Dois de Julho \u2013 Filarm\u00f4nicas da Bahia abre inscri\u00e7\u00f5es para sele\u00e7\u00e3o de bandas - Brasil not\u00edcias","robots":{"index":"index","follow":"follow","max-snippet":"max-snippet:-1","max-image-preview":"max-image-preview:large","max-video-preview":"max-video-preview:-1"},"canonical":"https:\/\/brasilnoticias.org\/site\/festival-dois-de-julho-filarmonicas-da-bahia-abre-inscricoes-para-selecao-de-bandas\/","og_locale":"pt_PT","og_type":"article","og_title":"Festival Dois de Julho \u2013 Filarm\u00f4nicas da Bahia abre inscri\u00e7\u00f5es para sele\u00e7\u00e3o de bandas - Brasil not\u00edcias","og_description":"Mais uma edi\u00e7\u00e3o do Festival Dois de Julho \u2013 Filarm\u00f4nicas da Bahia est\u00e1 sendo preparada para trazer bandas filarm\u00f4nicas de","og_url":"https:\/\/brasilnoticias.org\/site\/festival-dois-de-julho-filarmonicas-da-bahia-abre-inscricoes-para-selecao-de-bandas\/","og_site_name":"Brasil not\u00edcias","article_published_time":"2023-10-02T09:00:05+00:00","og_image":[{"width":696,"height":464,"url":"https:\/\/brasilnoticias.org\/site\/wp-content\/uploads\/2023\/10\/festival-696x464-1.jpg","type":"image\/jpeg"}],"author":"Reda\u00e7\u00e3o","twitter_card":"summary_large_image","twitter_misc":{"Escrito por":"Reda\u00e7\u00e3o"},"schema":{"@context":"https:\/\/schema.org","@graph":[{"@type":"Article","@id":"https:\/\/brasilnoticias.org\/site\/festival-dois-de-julho-filarmonicas-da-bahia-abre-inscricoes-para-selecao-de-bandas\/#article","isPartOf":{"@id":"https:\/\/brasilnoticias.org\/site\/festival-dois-de-julho-filarmonicas-da-bahia-abre-inscricoes-para-selecao-de-bandas\/"},"author":{"name":"Reda\u00e7\u00e3o","@id":"https:\/\/brasilnoticias.org\/site\/#\/schema\/person\/03bbbfe6c7634ad18c26444ea39049fa"},"headline":"Festival Dois de Julho \u2013 Filarm\u00f4nicas da Bahia abre inscri\u00e7\u00f5es para sele\u00e7\u00e3o de bandas","datePublished":"2023-10-02T09:00:05+00:00","mainEntityOfPage":{"@id":"https:\/\/brasilnoticias.org\/site\/festival-dois-de-julho-filarmonicas-da-bahia-abre-inscricoes-para-selecao-de-bandas\/"},"wordCount":371,"commentCount":0,"publisher":{"@id":"https:\/\/brasilnoticias.org\/site\/#organization"},"image":{"@id":"https:\/\/brasilnoticias.org\/site\/festival-dois-de-julho-filarmonicas-da-bahia-abre-inscricoes-para-selecao-de-bandas\/#primaryimage"},"thumbnailUrl":"https:\/\/brasilnoticias.org\/site\/wp-content\/uploads\/2023\/10\/festival-696x464-1.jpg","articleSection":["\u00daltimas"],"inLanguage":"pt-PT","potentialAction":[{"@type":"CommentAction","name":"Comment","target":["https:\/\/brasilnoticias.org\/site\/festival-dois-de-julho-filarmonicas-da-bahia-abre-inscricoes-para-selecao-de-bandas\/#respond"]}]},{"@type":"WebPage","@id":"https:\/\/brasilnoticias.org\/site\/festival-dois-de-julho-filarmonicas-da-bahia-abre-inscricoes-para-selecao-de-bandas\/","url":"https:\/\/brasilnoticias.org\/site\/festival-dois-de-julho-filarmonicas-da-bahia-abre-inscricoes-para-selecao-de-bandas\/","name":"Festival Dois de Julho \u2013 Filarm\u00f4nicas da Bahia abre inscri\u00e7\u00f5es para sele\u00e7\u00e3o de bandas - Brasil not\u00edcias","isPartOf":{"@id":"https:\/\/brasilnoticias.org\/site\/#website"},"primaryImageOfPage":{"@id":"https:\/\/brasilnoticias.org\/site\/festival-dois-de-julho-filarmonicas-da-bahia-abre-inscricoes-para-selecao-de-bandas\/#primaryimage"},"image":{"@id":"https:\/\/brasilnoticias.org\/site\/festival-dois-de-julho-filarmonicas-da-bahia-abre-inscricoes-para-selecao-de-bandas\/#primaryimage"},"thumbnailUrl":"https:\/\/brasilnoticias.org\/site\/wp-content\/uploads\/2023\/10\/festival-696x464-1.jpg","datePublished":"2023-10-02T09:00:05+00:00","breadcrumb":{"@id":"https:\/\/brasilnoticias.org\/site\/festival-dois-de-julho-filarmonicas-da-bahia-abre-inscricoes-para-selecao-de-bandas\/#breadcrumb"},"inLanguage":"pt-PT","potentialAction":[{"@type":"ReadAction","target":["https:\/\/brasilnoticias.org\/site\/festival-dois-de-julho-filarmonicas-da-bahia-abre-inscricoes-para-selecao-de-bandas\/"]}]},{"@type":"ImageObject","inLanguage":"pt-PT","@id":"https:\/\/brasilnoticias.org\/site\/festival-dois-de-julho-filarmonicas-da-bahia-abre-inscricoes-para-selecao-de-bandas\/#primaryimage","url":"https:\/\/brasilnoticias.org\/site\/wp-content\/uploads\/2023\/10\/festival-696x464-1.jpg","contentUrl":"https:\/\/brasilnoticias.org\/site\/wp-content\/uploads\/2023\/10\/festival-696x464-1.jpg","width":696,"height":464},{"@type":"BreadcrumbList","@id":"https:\/\/brasilnoticias.org\/site\/festival-dois-de-julho-filarmonicas-da-bahia-abre-inscricoes-para-selecao-de-bandas\/#breadcrumb","itemListElement":[{"@type":"ListItem","position":1,"name":"In\u00edcio","item":"https:\/\/brasilnoticias.org\/site\/"},{"@type":"ListItem","position":2,"name":"Festival Dois de Julho \u2013 Filarm\u00f4nicas da Bahia abre inscri\u00e7\u00f5es para sele\u00e7\u00e3o de bandas"}]},{"@type":"WebSite","@id":"https:\/\/brasilnoticias.org\/site\/#website","url":"https:\/\/brasilnoticias.org\/site\/","name":"Brasil not\u00edcias","description":"Brasil not\u00edcias","publisher":{"@id":"https:\/\/brasilnoticias.org\/site\/#organization"},"potentialAction":[{"@type":"SearchAction","target":{"@type":"EntryPoint","urlTemplate":"https:\/\/brasilnoticias.org\/site\/?s={search_term_string}"},"query-input":{"@type":"PropertyValueSpecification","valueRequired":true,"valueName":"search_term_string"}}],"inLanguage":"pt-PT"},{"@type":"Organization","@id":"https:\/\/brasilnoticias.org\/site\/#organization","name":"Brasil not\u00edcias","url":"https:\/\/brasilnoticias.org\/site\/","logo":{"@type":"ImageObject","inLanguage":"pt-PT","@id":"https:\/\/brasilnoticias.org\/site\/#\/schema\/logo\/image\/","url":"https:\/\/brasilnoticias.org\/site\/wp-content\/uploads\/2022\/05\/cropped-brasilnoticias-mini.jpg","contentUrl":"https:\/\/brasilnoticias.org\/site\/wp-content\/uploads\/2022\/05\/cropped-brasilnoticias-mini.jpg","width":314,"height":86,"caption":"Brasil not\u00edcias"},"image":{"@id":"https:\/\/brasilnoticias.org\/site\/#\/schema\/logo\/image\/"}},{"@type":"Person","@id":"https:\/\/brasilnoticias.org\/site\/#\/schema\/person\/03bbbfe6c7634ad18c26444ea39049fa","name":"Reda\u00e7\u00e3o","image":{"@type":"ImageObject","inLanguage":"pt-PT","@id":"https:\/\/brasilnoticias.org\/site\/#\/schema\/person\/image\/","url":"https:\/\/secure.gravatar.com\/avatar\/9ecaf7327a696cb23ad926fedded5f1f04d7049de9e445375d55b48c001a6e42?s=96&d=mm&r=g","contentUrl":"https:\/\/secure.gravatar.com\/avatar\/9ecaf7327a696cb23ad926fedded5f1f04d7049de9e445375d55b48c001a6e42?s=96&d=mm&r=g","caption":"Reda\u00e7\u00e3o"},"url":"https:\/\/brasilnoticias.org\/site\/author\/henrique\/"}]}},"_links":{"self":[{"href":"https:\/\/brasilnoticias.org\/site\/wp-json\/wp\/v2\/posts\/9774","targetHints":{"allow":["GET"]}}],"collection":[{"href":"https:\/\/brasilnoticias.org\/site\/wp-json\/wp\/v2\/posts"}],"about":[{"href":"https:\/\/brasilnoticias.org\/site\/wp-json\/wp\/v2\/types\/post"}],"author":[{"embeddable":true,"href":"https:\/\/brasilnoticias.org\/site\/wp-json\/wp\/v2\/users\/4"}],"replies":[{"embeddable":true,"href":"https:\/\/brasilnoticias.org\/site\/wp-json\/wp\/v2\/comments?post=9774"}],"version-history":[{"count":1,"href":"https:\/\/brasilnoticias.org\/site\/wp-json\/wp\/v2\/posts\/9774\/revisions"}],"predecessor-version":[{"id":9776,"href":"https:\/\/brasilnoticias.org\/site\/wp-json\/wp\/v2\/posts\/9774\/revisions\/9776"}],"wp:featuredmedia":[{"embeddable":true,"href":"https:\/\/brasilnoticias.org\/site\/wp-json\/wp\/v2\/media\/9775"}],"wp:attachment":[{"href":"https:\/\/brasilnoticias.org\/site\/wp-json\/wp\/v2\/media?parent=9774"}],"wp:term":[{"taxonomy":"category","embeddable":true,"href":"https:\/\/brasilnoticias.org\/site\/wp-json\/wp\/v2\/categories?post=9774"},{"taxonomy":"post_tag","embeddable":true,"href":"https:\/\/brasilnoticias.org\/site\/wp-json\/wp\/v2\/tags?post=9774"}],"curies":[{"name":"wp","href":"https:\/\/api.w.org\/{rel}","templated":true}]}}