{"id":9777,"date":"2023-10-02T07:00:54","date_gmt":"2023-10-02T10:00:54","guid":{"rendered":"https:\/\/brasilnoticias.org\/site\/?p=9777"},"modified":"2023-10-01T19:37:24","modified_gmt":"2023-10-01T22:37:24","slug":"governador-visita-mac_bahia-e-confere-programacao-gratuita-de-abertura-do-equipamento","status":"publish","type":"post","link":"https:\/\/brasilnoticias.org\/site\/governador-visita-mac_bahia-e-confere-programacao-gratuita-de-abertura-do-equipamento\/","title":{"rendered":"Governador visita MAC_Bahia e confere programa\u00e7\u00e3o gratuita de abertura do equipamento"},"content":{"rendered":"<p>Inaugurado em Salvador, na \u00faltima sexta-feira (29), o Museu de Arte Contempor\u00e2nea da Bahia (MAC_Bahia) promoveu uma programa\u00e7\u00e3o gratuita com diversas linguagens art\u00edsticas por 60h ininterruptas. Localizado no Palacete do Comendador Bernardo Martins Catharino, onde antes funcionava o Palacete das Artes, no bairro da Gra\u00e7a, o equipamento passou por adapta\u00e7\u00f5es para receber obras e projetos de arte contempor\u00e2nea. <\/p>\n<p>Na tarde deste domingo (1\u00ba), o governador Jer\u00f4nimo Rodrigues participou do encerramento das atividades acompanhado da primeira-dama Tatiana Velloso, do secret\u00e1rio de cultura, Bruno Monteiro, e da diretora do Instituto do Patrim\u00f4nio Art\u00edstico e Cultural da Bahia (Ipac), Luciana Mandelli.<\/p>\n<p>\u201cO Museu de Arte Contempor\u00e2nea traz um conjunto de novidades para ressignificar o conceito de museu, para incorporar artistas das mais diversas nuances. Aqui, por exemplo, temos o grafite sob uma \u00f3tica e uma l\u00f3gica dos movimentos, seja de mulheres, do movimento de favela. Eu tenho certeza de que a gente, com mais esse museu aberto aqui em Salvador, vai estimular, cada vez mais, as pessoas a frequentarem os museus\u201d, disse o governador.<\/p>\n<p>A programa\u00e7\u00e3o de abertura do MAC_Bahia contou com performances de break-dance, slam de poesia e m\u00fasica; bate-papos e oficinas; proje\u00e7\u00f5es de v\u00eddeo mapping e cinema a c\u00e9u aberto; arte-digital, com DJ, VJ e live code; pista de skate; yoga, entre outras atra\u00e7\u00f5es, incluindo exposi\u00e7\u00f5es. Jer\u00f4nimo visitou o espa\u00e7o Colaborar, da Secretaria de Ci\u00eancia, Tecnologia e Inova\u00e7\u00e3o (Secti) \u2013 dotado de infraestrutura para cria\u00e7\u00e3o de arte-digital -, e circulou por diversas \u00e1reas do museu, al\u00e9m da exposi\u00e7\u00e3o Ag\u00f4, mostra inaugural do MAC_Bahia, assinada pelo artista Ayrson Her\u00e1clito, que re\u00fane um conjunto de trabalhos de tempos distintos e suportes variados da arte contempor\u00e2nea baiana e brasileira, utilizando elementos como dend\u00ea, \u00e1gua salgada, \u00e1gua doce e folhas.<\/p>\n<p>\u201cMais um equipamento cultural que o povo baiano ganha a partir do trabalho do Governo do Estado, acreditando na diversifica\u00e7\u00e3o do fazer cultural, de uma forma de n\u00f3s tamb\u00e9m chegarmos a outros p\u00fablicos, e \u00e9 isso que esse Museu de Arte Contempor\u00e2nea vem fazer, trazendo diferentes manifesta\u00e7\u00f5es art\u00edsticas, como o skate, como o Cine-Pared\u00e3o, como as exposi\u00e7\u00f5es, como o grafite, mostrando que tudo isso \u00e9 arte, e abrindo esse espa\u00e7o para novos encontros e novas possibilidades\u201d, destacou o secret\u00e1rio de Cultura. Ainda de acordo com Bruno, o MAC_Bahia conta com acervos que j\u00e1 eram do Governo, que estavam, sobretudo, no Museu de Arte Moderna (MAM), e foram selecionados pelo diretor e curador, Daniel Rangel, para fazer essa primeira ocupa\u00e7\u00e3o.<\/p>\n<p>Para Luciana Mandelli, mesmo antes do final da programa\u00e7\u00e3o, a dire\u00e7\u00e3o do museu  j\u00e1 comemora a din\u00e2mica do espa\u00e7o, que se revelou superativo, com participa\u00e7\u00e3o de pessoas tanto do entorno, quanto das que vieram do interior. \u201cA gente recebeu a visita de quase 16 munic\u00edpios ao longo desses dias, dessas horas de funcionamento. Voc\u00eas est\u00e3o vendo a\u00ed, foram crian\u00e7as, jovens, idosos. Enfim, foi bem ecl\u00e9tica, tem sido bem ecl\u00e9tica a participa\u00e7\u00e3o. E acho que cumpriu o papel de apresentar para a cidade um perfil de arte, uma forma de dialogar com as artes democr\u00e1tica, ampla. Enfim, \u00e9 um momento de di\u00e1logos mesmo, a gente conseguiu colher bastante informa\u00e7\u00f5es tamb\u00e9m, as percep\u00e7\u00f5es\u201d, avaliou.<\/p>\n<p>Foto: Fernando Vivas\/GOVBA<br \/>\nRep\u00f3rter: Lina Magali<\/p>\n","protected":false},"excerpt":{"rendered":"<p>Inaugurado em Salvador, na \u00faltima sexta-feira (29), o Museu de Arte Contempor\u00e2nea da Bahia (MAC_Bahia) promoveu uma programa\u00e7\u00e3o gratuita com<\/p>\n","protected":false},"author":4,"featured_media":9778,"comment_status":"open","ping_status":"open","sticky":false,"template":"","format":"standard","meta":{"colormag_page_container_layout":"default_layout","colormag_page_sidebar_layout":"default_layout","_FSMCFIC_featured_image_caption":"","_FSMCFIC_featured_image_nocaption":"","_FSMCFIC_featured_image_hide":"","footnotes":""},"categories":[2,1],"tags":[],"class_list":["post-9777","post","type-post","status-publish","format-standard","has-post-thumbnail","hentry","category-noticias","category-ultimas"],"yoast_head":"<!-- This site is optimized with the Yoast SEO plugin v27.1.1 - https:\/\/yoast.com\/product\/yoast-seo-wordpress\/ -->\n<title>Governador visita MAC_Bahia e confere programa\u00e7\u00e3o gratuita de abertura do equipamento - Brasil not\u00edcias<\/title>\n<meta name=\"robots\" content=\"index, follow, max-snippet:-1, max-image-preview:large, max-video-preview:-1\" \/>\n<link rel=\"canonical\" href=\"https:\/\/brasilnoticias.org\/site\/governador-visita-mac_bahia-e-confere-programacao-gratuita-de-abertura-do-equipamento\/\" \/>\n<meta property=\"og:locale\" content=\"pt_PT\" \/>\n<meta property=\"og:type\" content=\"article\" \/>\n<meta property=\"og:title\" content=\"Governador visita MAC_Bahia e confere programa\u00e7\u00e3o gratuita de abertura do equipamento - Brasil not\u00edcias\" \/>\n<meta property=\"og:description\" content=\"Inaugurado em Salvador, na \u00faltima sexta-feira (29), o Museu de Arte Contempor\u00e2nea da Bahia (MAC_Bahia) promoveu uma programa\u00e7\u00e3o gratuita com\" \/>\n<meta property=\"og:url\" content=\"https:\/\/brasilnoticias.org\/site\/governador-visita-mac_bahia-e-confere-programacao-gratuita-de-abertura-do-equipamento\/\" \/>\n<meta property=\"og:site_name\" content=\"Brasil not\u00edcias\" \/>\n<meta property=\"article:published_time\" content=\"2023-10-02T10:00:54+00:00\" \/>\n<meta property=\"og:image\" content=\"https:\/\/brasilnoticias.org\/site\/wp-content\/uploads\/2023\/10\/WhatsApp-Image-2023-10-01-at-18.19.17-1-1068x712-1.jpeg\" \/>\n\t<meta property=\"og:image:width\" content=\"1068\" \/>\n\t<meta property=\"og:image:height\" content=\"712\" \/>\n\t<meta property=\"og:image:type\" content=\"image\/jpeg\" \/>\n<meta name=\"author\" content=\"Reda\u00e7\u00e3o\" \/>\n<meta name=\"twitter:card\" content=\"summary_large_image\" \/>\n<meta name=\"twitter:label1\" content=\"Escrito por\" \/>\n\t<meta name=\"twitter:data1\" content=\"Reda\u00e7\u00e3o\" \/>\n<script type=\"application\/ld+json\" class=\"yoast-schema-graph\">{\"@context\":\"https:\/\/schema.org\",\"@graph\":[{\"@type\":\"Article\",\"@id\":\"https:\/\/brasilnoticias.org\/site\/governador-visita-mac_bahia-e-confere-programacao-gratuita-de-abertura-do-equipamento\/#article\",\"isPartOf\":{\"@id\":\"https:\/\/brasilnoticias.org\/site\/governador-visita-mac_bahia-e-confere-programacao-gratuita-de-abertura-do-equipamento\/\"},\"author\":{\"name\":\"Reda\u00e7\u00e3o\",\"@id\":\"https:\/\/brasilnoticias.org\/site\/#\/schema\/person\/03bbbfe6c7634ad18c26444ea39049fa\"},\"headline\":\"Governador visita MAC_Bahia e confere programa\u00e7\u00e3o gratuita de abertura do equipamento\",\"datePublished\":\"2023-10-02T10:00:54+00:00\",\"mainEntityOfPage\":{\"@id\":\"https:\/\/brasilnoticias.org\/site\/governador-visita-mac_bahia-e-confere-programacao-gratuita-de-abertura-do-equipamento\/\"},\"wordCount\":592,\"commentCount\":0,\"publisher\":{\"@id\":\"https:\/\/brasilnoticias.org\/site\/#organization\"},\"image\":{\"@id\":\"https:\/\/brasilnoticias.org\/site\/governador-visita-mac_bahia-e-confere-programacao-gratuita-de-abertura-do-equipamento\/#primaryimage\"},\"thumbnailUrl\":\"https:\/\/brasilnoticias.org\/site\/wp-content\/uploads\/2023\/10\/WhatsApp-Image-2023-10-01-at-18.19.17-1-1068x712-1.jpeg\",\"articleSection\":[\"Not\u00edcias\",\"\u00daltimas\"],\"inLanguage\":\"pt-PT\",\"potentialAction\":[{\"@type\":\"CommentAction\",\"name\":\"Comment\",\"target\":[\"https:\/\/brasilnoticias.org\/site\/governador-visita-mac_bahia-e-confere-programacao-gratuita-de-abertura-do-equipamento\/#respond\"]}]},{\"@type\":\"WebPage\",\"@id\":\"https:\/\/brasilnoticias.org\/site\/governador-visita-mac_bahia-e-confere-programacao-gratuita-de-abertura-do-equipamento\/\",\"url\":\"https:\/\/brasilnoticias.org\/site\/governador-visita-mac_bahia-e-confere-programacao-gratuita-de-abertura-do-equipamento\/\",\"name\":\"Governador visita MAC_Bahia e confere programa\u00e7\u00e3o gratuita de abertura do equipamento - Brasil not\u00edcias\",\"isPartOf\":{\"@id\":\"https:\/\/brasilnoticias.org\/site\/#website\"},\"primaryImageOfPage\":{\"@id\":\"https:\/\/brasilnoticias.org\/site\/governador-visita-mac_bahia-e-confere-programacao-gratuita-de-abertura-do-equipamento\/#primaryimage\"},\"image\":{\"@id\":\"https:\/\/brasilnoticias.org\/site\/governador-visita-mac_bahia-e-confere-programacao-gratuita-de-abertura-do-equipamento\/#primaryimage\"},\"thumbnailUrl\":\"https:\/\/brasilnoticias.org\/site\/wp-content\/uploads\/2023\/10\/WhatsApp-Image-2023-10-01-at-18.19.17-1-1068x712-1.jpeg\",\"datePublished\":\"2023-10-02T10:00:54+00:00\",\"breadcrumb\":{\"@id\":\"https:\/\/brasilnoticias.org\/site\/governador-visita-mac_bahia-e-confere-programacao-gratuita-de-abertura-do-equipamento\/#breadcrumb\"},\"inLanguage\":\"pt-PT\",\"potentialAction\":[{\"@type\":\"ReadAction\",\"target\":[\"https:\/\/brasilnoticias.org\/site\/governador-visita-mac_bahia-e-confere-programacao-gratuita-de-abertura-do-equipamento\/\"]}]},{\"@type\":\"ImageObject\",\"inLanguage\":\"pt-PT\",\"@id\":\"https:\/\/brasilnoticias.org\/site\/governador-visita-mac_bahia-e-confere-programacao-gratuita-de-abertura-do-equipamento\/#primaryimage\",\"url\":\"https:\/\/brasilnoticias.org\/site\/wp-content\/uploads\/2023\/10\/WhatsApp-Image-2023-10-01-at-18.19.17-1-1068x712-1.jpeg\",\"contentUrl\":\"https:\/\/brasilnoticias.org\/site\/wp-content\/uploads\/2023\/10\/WhatsApp-Image-2023-10-01-at-18.19.17-1-1068x712-1.jpeg\",\"width\":1068,\"height\":712},{\"@type\":\"BreadcrumbList\",\"@id\":\"https:\/\/brasilnoticias.org\/site\/governador-visita-mac_bahia-e-confere-programacao-gratuita-de-abertura-do-equipamento\/#breadcrumb\",\"itemListElement\":[{\"@type\":\"ListItem\",\"position\":1,\"name\":\"In\u00edcio\",\"item\":\"https:\/\/brasilnoticias.org\/site\/\"},{\"@type\":\"ListItem\",\"position\":2,\"name\":\"Governador visita MAC_Bahia e confere programa\u00e7\u00e3o gratuita de abertura do equipamento\"}]},{\"@type\":\"WebSite\",\"@id\":\"https:\/\/brasilnoticias.org\/site\/#website\",\"url\":\"https:\/\/brasilnoticias.org\/site\/\",\"name\":\"Brasil not\u00edcias\",\"description\":\"Brasil not\u00edcias\",\"publisher\":{\"@id\":\"https:\/\/brasilnoticias.org\/site\/#organization\"},\"potentialAction\":[{\"@type\":\"SearchAction\",\"target\":{\"@type\":\"EntryPoint\",\"urlTemplate\":\"https:\/\/brasilnoticias.org\/site\/?s={search_term_string}\"},\"query-input\":{\"@type\":\"PropertyValueSpecification\",\"valueRequired\":true,\"valueName\":\"search_term_string\"}}],\"inLanguage\":\"pt-PT\"},{\"@type\":\"Organization\",\"@id\":\"https:\/\/brasilnoticias.org\/site\/#organization\",\"name\":\"Brasil not\u00edcias\",\"url\":\"https:\/\/brasilnoticias.org\/site\/\",\"logo\":{\"@type\":\"ImageObject\",\"inLanguage\":\"pt-PT\",\"@id\":\"https:\/\/brasilnoticias.org\/site\/#\/schema\/logo\/image\/\",\"url\":\"https:\/\/brasilnoticias.org\/site\/wp-content\/uploads\/2022\/05\/cropped-brasilnoticias-mini.jpg\",\"contentUrl\":\"https:\/\/brasilnoticias.org\/site\/wp-content\/uploads\/2022\/05\/cropped-brasilnoticias-mini.jpg\",\"width\":314,\"height\":86,\"caption\":\"Brasil not\u00edcias\"},\"image\":{\"@id\":\"https:\/\/brasilnoticias.org\/site\/#\/schema\/logo\/image\/\"}},{\"@type\":\"Person\",\"@id\":\"https:\/\/brasilnoticias.org\/site\/#\/schema\/person\/03bbbfe6c7634ad18c26444ea39049fa\",\"name\":\"Reda\u00e7\u00e3o\",\"image\":{\"@type\":\"ImageObject\",\"inLanguage\":\"pt-PT\",\"@id\":\"https:\/\/brasilnoticias.org\/site\/#\/schema\/person\/image\/\",\"url\":\"https:\/\/secure.gravatar.com\/avatar\/9ecaf7327a696cb23ad926fedded5f1f04d7049de9e445375d55b48c001a6e42?s=96&d=mm&r=g\",\"contentUrl\":\"https:\/\/secure.gravatar.com\/avatar\/9ecaf7327a696cb23ad926fedded5f1f04d7049de9e445375d55b48c001a6e42?s=96&d=mm&r=g\",\"caption\":\"Reda\u00e7\u00e3o\"},\"url\":\"https:\/\/brasilnoticias.org\/site\/author\/henrique\/\"}]}<\/script>\n<!-- \/ Yoast SEO plugin. -->","yoast_head_json":{"title":"Governador visita MAC_Bahia e confere programa\u00e7\u00e3o gratuita de abertura do equipamento - Brasil not\u00edcias","robots":{"index":"index","follow":"follow","max-snippet":"max-snippet:-1","max-image-preview":"max-image-preview:large","max-video-preview":"max-video-preview:-1"},"canonical":"https:\/\/brasilnoticias.org\/site\/governador-visita-mac_bahia-e-confere-programacao-gratuita-de-abertura-do-equipamento\/","og_locale":"pt_PT","og_type":"article","og_title":"Governador visita MAC_Bahia e confere programa\u00e7\u00e3o gratuita de abertura do equipamento - Brasil not\u00edcias","og_description":"Inaugurado em Salvador, na \u00faltima sexta-feira (29), o Museu de Arte Contempor\u00e2nea da Bahia (MAC_Bahia) promoveu uma programa\u00e7\u00e3o gratuita com","og_url":"https:\/\/brasilnoticias.org\/site\/governador-visita-mac_bahia-e-confere-programacao-gratuita-de-abertura-do-equipamento\/","og_site_name":"Brasil not\u00edcias","article_published_time":"2023-10-02T10:00:54+00:00","og_image":[{"width":1068,"height":712,"url":"https:\/\/brasilnoticias.org\/site\/wp-content\/uploads\/2023\/10\/WhatsApp-Image-2023-10-01-at-18.19.17-1-1068x712-1.jpeg","type":"image\/jpeg"}],"author":"Reda\u00e7\u00e3o","twitter_card":"summary_large_image","twitter_misc":{"Escrito por":"Reda\u00e7\u00e3o"},"schema":{"@context":"https:\/\/schema.org","@graph":[{"@type":"Article","@id":"https:\/\/brasilnoticias.org\/site\/governador-visita-mac_bahia-e-confere-programacao-gratuita-de-abertura-do-equipamento\/#article","isPartOf":{"@id":"https:\/\/brasilnoticias.org\/site\/governador-visita-mac_bahia-e-confere-programacao-gratuita-de-abertura-do-equipamento\/"},"author":{"name":"Reda\u00e7\u00e3o","@id":"https:\/\/brasilnoticias.org\/site\/#\/schema\/person\/03bbbfe6c7634ad18c26444ea39049fa"},"headline":"Governador visita MAC_Bahia e confere programa\u00e7\u00e3o gratuita de abertura do equipamento","datePublished":"2023-10-02T10:00:54+00:00","mainEntityOfPage":{"@id":"https:\/\/brasilnoticias.org\/site\/governador-visita-mac_bahia-e-confere-programacao-gratuita-de-abertura-do-equipamento\/"},"wordCount":592,"commentCount":0,"publisher":{"@id":"https:\/\/brasilnoticias.org\/site\/#organization"},"image":{"@id":"https:\/\/brasilnoticias.org\/site\/governador-visita-mac_bahia-e-confere-programacao-gratuita-de-abertura-do-equipamento\/#primaryimage"},"thumbnailUrl":"https:\/\/brasilnoticias.org\/site\/wp-content\/uploads\/2023\/10\/WhatsApp-Image-2023-10-01-at-18.19.17-1-1068x712-1.jpeg","articleSection":["Not\u00edcias","\u00daltimas"],"inLanguage":"pt-PT","potentialAction":[{"@type":"CommentAction","name":"Comment","target":["https:\/\/brasilnoticias.org\/site\/governador-visita-mac_bahia-e-confere-programacao-gratuita-de-abertura-do-equipamento\/#respond"]}]},{"@type":"WebPage","@id":"https:\/\/brasilnoticias.org\/site\/governador-visita-mac_bahia-e-confere-programacao-gratuita-de-abertura-do-equipamento\/","url":"https:\/\/brasilnoticias.org\/site\/governador-visita-mac_bahia-e-confere-programacao-gratuita-de-abertura-do-equipamento\/","name":"Governador visita MAC_Bahia e confere programa\u00e7\u00e3o gratuita de abertura do equipamento - Brasil not\u00edcias","isPartOf":{"@id":"https:\/\/brasilnoticias.org\/site\/#website"},"primaryImageOfPage":{"@id":"https:\/\/brasilnoticias.org\/site\/governador-visita-mac_bahia-e-confere-programacao-gratuita-de-abertura-do-equipamento\/#primaryimage"},"image":{"@id":"https:\/\/brasilnoticias.org\/site\/governador-visita-mac_bahia-e-confere-programacao-gratuita-de-abertura-do-equipamento\/#primaryimage"},"thumbnailUrl":"https:\/\/brasilnoticias.org\/site\/wp-content\/uploads\/2023\/10\/WhatsApp-Image-2023-10-01-at-18.19.17-1-1068x712-1.jpeg","datePublished":"2023-10-02T10:00:54+00:00","breadcrumb":{"@id":"https:\/\/brasilnoticias.org\/site\/governador-visita-mac_bahia-e-confere-programacao-gratuita-de-abertura-do-equipamento\/#breadcrumb"},"inLanguage":"pt-PT","potentialAction":[{"@type":"ReadAction","target":["https:\/\/brasilnoticias.org\/site\/governador-visita-mac_bahia-e-confere-programacao-gratuita-de-abertura-do-equipamento\/"]}]},{"@type":"ImageObject","inLanguage":"pt-PT","@id":"https:\/\/brasilnoticias.org\/site\/governador-visita-mac_bahia-e-confere-programacao-gratuita-de-abertura-do-equipamento\/#primaryimage","url":"https:\/\/brasilnoticias.org\/site\/wp-content\/uploads\/2023\/10\/WhatsApp-Image-2023-10-01-at-18.19.17-1-1068x712-1.jpeg","contentUrl":"https:\/\/brasilnoticias.org\/site\/wp-content\/uploads\/2023\/10\/WhatsApp-Image-2023-10-01-at-18.19.17-1-1068x712-1.jpeg","width":1068,"height":712},{"@type":"BreadcrumbList","@id":"https:\/\/brasilnoticias.org\/site\/governador-visita-mac_bahia-e-confere-programacao-gratuita-de-abertura-do-equipamento\/#breadcrumb","itemListElement":[{"@type":"ListItem","position":1,"name":"In\u00edcio","item":"https:\/\/brasilnoticias.org\/site\/"},{"@type":"ListItem","position":2,"name":"Governador visita MAC_Bahia e confere programa\u00e7\u00e3o gratuita de abertura do equipamento"}]},{"@type":"WebSite","@id":"https:\/\/brasilnoticias.org\/site\/#website","url":"https:\/\/brasilnoticias.org\/site\/","name":"Brasil not\u00edcias","description":"Brasil not\u00edcias","publisher":{"@id":"https:\/\/brasilnoticias.org\/site\/#organization"},"potentialAction":[{"@type":"SearchAction","target":{"@type":"EntryPoint","urlTemplate":"https:\/\/brasilnoticias.org\/site\/?s={search_term_string}"},"query-input":{"@type":"PropertyValueSpecification","valueRequired":true,"valueName":"search_term_string"}}],"inLanguage":"pt-PT"},{"@type":"Organization","@id":"https:\/\/brasilnoticias.org\/site\/#organization","name":"Brasil not\u00edcias","url":"https:\/\/brasilnoticias.org\/site\/","logo":{"@type":"ImageObject","inLanguage":"pt-PT","@id":"https:\/\/brasilnoticias.org\/site\/#\/schema\/logo\/image\/","url":"https:\/\/brasilnoticias.org\/site\/wp-content\/uploads\/2022\/05\/cropped-brasilnoticias-mini.jpg","contentUrl":"https:\/\/brasilnoticias.org\/site\/wp-content\/uploads\/2022\/05\/cropped-brasilnoticias-mini.jpg","width":314,"height":86,"caption":"Brasil not\u00edcias"},"image":{"@id":"https:\/\/brasilnoticias.org\/site\/#\/schema\/logo\/image\/"}},{"@type":"Person","@id":"https:\/\/brasilnoticias.org\/site\/#\/schema\/person\/03bbbfe6c7634ad18c26444ea39049fa","name":"Reda\u00e7\u00e3o","image":{"@type":"ImageObject","inLanguage":"pt-PT","@id":"https:\/\/brasilnoticias.org\/site\/#\/schema\/person\/image\/","url":"https:\/\/secure.gravatar.com\/avatar\/9ecaf7327a696cb23ad926fedded5f1f04d7049de9e445375d55b48c001a6e42?s=96&d=mm&r=g","contentUrl":"https:\/\/secure.gravatar.com\/avatar\/9ecaf7327a696cb23ad926fedded5f1f04d7049de9e445375d55b48c001a6e42?s=96&d=mm&r=g","caption":"Reda\u00e7\u00e3o"},"url":"https:\/\/brasilnoticias.org\/site\/author\/henrique\/"}]}},"_links":{"self":[{"href":"https:\/\/brasilnoticias.org\/site\/wp-json\/wp\/v2\/posts\/9777","targetHints":{"allow":["GET"]}}],"collection":[{"href":"https:\/\/brasilnoticias.org\/site\/wp-json\/wp\/v2\/posts"}],"about":[{"href":"https:\/\/brasilnoticias.org\/site\/wp-json\/wp\/v2\/types\/post"}],"author":[{"embeddable":true,"href":"https:\/\/brasilnoticias.org\/site\/wp-json\/wp\/v2\/users\/4"}],"replies":[{"embeddable":true,"href":"https:\/\/brasilnoticias.org\/site\/wp-json\/wp\/v2\/comments?post=9777"}],"version-history":[{"count":1,"href":"https:\/\/brasilnoticias.org\/site\/wp-json\/wp\/v2\/posts\/9777\/revisions"}],"predecessor-version":[{"id":9779,"href":"https:\/\/brasilnoticias.org\/site\/wp-json\/wp\/v2\/posts\/9777\/revisions\/9779"}],"wp:featuredmedia":[{"embeddable":true,"href":"https:\/\/brasilnoticias.org\/site\/wp-json\/wp\/v2\/media\/9778"}],"wp:attachment":[{"href":"https:\/\/brasilnoticias.org\/site\/wp-json\/wp\/v2\/media?parent=9777"}],"wp:term":[{"taxonomy":"category","embeddable":true,"href":"https:\/\/brasilnoticias.org\/site\/wp-json\/wp\/v2\/categories?post=9777"},{"taxonomy":"post_tag","embeddable":true,"href":"https:\/\/brasilnoticias.org\/site\/wp-json\/wp\/v2\/tags?post=9777"}],"curies":[{"name":"wp","href":"https:\/\/api.w.org\/{rel}","templated":true}]}}