{"id":9786,"date":"2023-10-02T10:00:47","date_gmt":"2023-10-02T13:00:47","guid":{"rendered":"https:\/\/brasilnoticias.org\/site\/?p=9786"},"modified":"2023-10-01T19:41:06","modified_gmt":"2023-10-01T22:41:06","slug":"injustos-ataques-politicos-nao-resolvem-problemas-diz-dino-sobre-criticas-a-seguranca-publica","status":"publish","type":"post","link":"https:\/\/brasilnoticias.org\/site\/injustos-ataques-politicos-nao-resolvem-problemas-diz-dino-sobre-criticas-a-seguranca-publica\/","title":{"rendered":"\u201dInjustos ataques pol\u00edticos n\u00e3o resolvem problemas&#8221;, diz Dino sobre cr\u00edticas \u00e0 seguran\u00e7a p\u00fablica"},"content":{"rendered":"<p>O ministro se manifestou a respeito do assunto atrav\u00e9s das redes sociais, neste domingo (1\u00b0)<\/p>\n<p>Atrav\u00e9s das redes sociais, neste domingo (1\u00b0), o ministro da Justi\u00e7a e Seguran\u00e7a P\u00fablica, Fl\u00e1vio Dino, se manifestou sobre cr\u00edticas feitas contra atua\u00e7\u00e3o do governo federal no combate \u00e0 criminalidade, e defendeu que \u201cinjustos ataques pol\u00edticos e extremismos\u201d n\u00e3o ser\u00e3o respons\u00e1veis por problemas.<\/p>\n<p>O ministro afirmou que o debate sobre seguran\u00e7a p\u00fablica deve ser feito com seriedade. Ele tamb\u00e9m disse que, apesar da falta de reconhecimento, o governo tem conquistado resultados positivos, como a redu\u00e7\u00e3o do armamentismo, desmonte de garimpo ilegal e apoio \u00e0s v\u00edtimas de viol\u00eancia.<\/p>\n<p>&#8220;Debate sobre seguran\u00e7a p\u00fablica exige prud\u00eancia, seriedade, responsabilidade, e respeito \u00e0s leis. Creio que injustos ataques pol\u00edticos e extremismos mobilizam \u2018torcidas\u2019, mas n\u00e3o resolvem problemas&#8221;, disse o ministro.<\/p>\n<p>&#8220;Tenho a maior aten\u00e7\u00e3o com sugest\u00f5es dos que se declaram especialistas em seguran\u00e7a p\u00fablica. Confio tanto neles que temos dezenas de especialistas na nossa equipe no Minist\u00e9rio da Justi\u00e7a. Gente que estuda o tema ou \u00e9 profissional da \u00e1rea h\u00e1 d\u00e9cadas\u201d, concluiu.<\/p>\n<p>Foto: Marcelo Camargo\/Ag\u00eancia Brasil<br \/>\nPor: Metro1<\/p>\n","protected":false},"excerpt":{"rendered":"<p>O ministro se manifestou a respeito do assunto atrav\u00e9s das redes sociais, neste domingo (1\u00b0) Atrav\u00e9s das redes sociais, neste<\/p>\n","protected":false},"author":4,"featured_media":9787,"comment_status":"open","ping_status":"open","sticky":false,"template":"","format":"standard","meta":{"colormag_page_container_layout":"default_layout","colormag_page_sidebar_layout":"default_layout","_FSMCFIC_featured_image_caption":"","_FSMCFIC_featured_image_nocaption":"","_FSMCFIC_featured_image_hide":"","footnotes":""},"categories":[5,1],"tags":[],"class_list":["post-9786","post","type-post","status-publish","format-standard","has-post-thumbnail","hentry","category-politica","category-ultimas"],"yoast_head":"<!-- This site is optimized with the Yoast SEO plugin v27.1.1 - https:\/\/yoast.com\/product\/yoast-seo-wordpress\/ -->\n<title>\u201dInjustos ataques pol\u00edticos n\u00e3o resolvem problemas&quot;, diz Dino sobre cr\u00edticas \u00e0 seguran\u00e7a p\u00fablica - Brasil not\u00edcias<\/title>\n<meta name=\"robots\" content=\"index, follow, max-snippet:-1, max-image-preview:large, max-video-preview:-1\" \/>\n<link rel=\"canonical\" href=\"https:\/\/brasilnoticias.org\/site\/injustos-ataques-politicos-nao-resolvem-problemas-diz-dino-sobre-criticas-a-seguranca-publica\/\" \/>\n<meta property=\"og:locale\" content=\"pt_PT\" \/>\n<meta property=\"og:type\" content=\"article\" \/>\n<meta property=\"og:title\" content=\"\u201dInjustos ataques pol\u00edticos n\u00e3o resolvem problemas&quot;, diz Dino sobre cr\u00edticas \u00e0 seguran\u00e7a p\u00fablica - Brasil not\u00edcias\" \/>\n<meta property=\"og:description\" content=\"O ministro se manifestou a respeito do assunto atrav\u00e9s das redes sociais, neste domingo (1\u00b0) Atrav\u00e9s das redes sociais, neste\" \/>\n<meta property=\"og:url\" content=\"https:\/\/brasilnoticias.org\/site\/injustos-ataques-politicos-nao-resolvem-problemas-diz-dino-sobre-criticas-a-seguranca-publica\/\" \/>\n<meta property=\"og:site_name\" content=\"Brasil not\u00edcias\" \/>\n<meta property=\"article:published_time\" content=\"2023-10-02T13:00:47+00:00\" \/>\n<meta property=\"og:image\" content=\"https:\/\/brasilnoticias.org\/site\/wp-content\/uploads\/2023\/10\/141543injustos-ataques-politicos-nao-resolvem-problemas-diz-dino-sobre-criticas-a-seguranca-publica-3.jpg\" \/>\n\t<meta property=\"og:image:width\" content=\"1600\" \/>\n\t<meta property=\"og:image:height\" content=\"752\" \/>\n\t<meta property=\"og:image:type\" content=\"image\/jpeg\" \/>\n<meta name=\"author\" content=\"Reda\u00e7\u00e3o\" \/>\n<meta name=\"twitter:card\" content=\"summary_large_image\" \/>\n<meta name=\"twitter:label1\" content=\"Escrito por\" \/>\n\t<meta name=\"twitter:data1\" content=\"Reda\u00e7\u00e3o\" \/>\n<script type=\"application\/ld+json\" class=\"yoast-schema-graph\">{\"@context\":\"https:\/\/schema.org\",\"@graph\":[{\"@type\":\"Article\",\"@id\":\"https:\/\/brasilnoticias.org\/site\/injustos-ataques-politicos-nao-resolvem-problemas-diz-dino-sobre-criticas-a-seguranca-publica\/#article\",\"isPartOf\":{\"@id\":\"https:\/\/brasilnoticias.org\/site\/injustos-ataques-politicos-nao-resolvem-problemas-diz-dino-sobre-criticas-a-seguranca-publica\/\"},\"author\":{\"name\":\"Reda\u00e7\u00e3o\",\"@id\":\"https:\/\/brasilnoticias.org\/site\/#\/schema\/person\/03bbbfe6c7634ad18c26444ea39049fa\"},\"headline\":\"\u201dInjustos ataques pol\u00edticos n\u00e3o resolvem problemas&#8221;, diz Dino sobre cr\u00edticas \u00e0 seguran\u00e7a p\u00fablica\",\"datePublished\":\"2023-10-02T13:00:47+00:00\",\"mainEntityOfPage\":{\"@id\":\"https:\/\/brasilnoticias.org\/site\/injustos-ataques-politicos-nao-resolvem-problemas-diz-dino-sobre-criticas-a-seguranca-publica\/\"},\"wordCount\":223,\"commentCount\":0,\"publisher\":{\"@id\":\"https:\/\/brasilnoticias.org\/site\/#organization\"},\"image\":{\"@id\":\"https:\/\/brasilnoticias.org\/site\/injustos-ataques-politicos-nao-resolvem-problemas-diz-dino-sobre-criticas-a-seguranca-publica\/#primaryimage\"},\"thumbnailUrl\":\"https:\/\/brasilnoticias.org\/site\/wp-content\/uploads\/2023\/10\/141543injustos-ataques-politicos-nao-resolvem-problemas-diz-dino-sobre-criticas-a-seguranca-publica-3.jpg\",\"articleSection\":[\"Pol\u00edtica\",\"\u00daltimas\"],\"inLanguage\":\"pt-PT\",\"potentialAction\":[{\"@type\":\"CommentAction\",\"name\":\"Comment\",\"target\":[\"https:\/\/brasilnoticias.org\/site\/injustos-ataques-politicos-nao-resolvem-problemas-diz-dino-sobre-criticas-a-seguranca-publica\/#respond\"]}]},{\"@type\":\"WebPage\",\"@id\":\"https:\/\/brasilnoticias.org\/site\/injustos-ataques-politicos-nao-resolvem-problemas-diz-dino-sobre-criticas-a-seguranca-publica\/\",\"url\":\"https:\/\/brasilnoticias.org\/site\/injustos-ataques-politicos-nao-resolvem-problemas-diz-dino-sobre-criticas-a-seguranca-publica\/\",\"name\":\"\u201dInjustos ataques pol\u00edticos n\u00e3o resolvem problemas\\\", diz Dino sobre cr\u00edticas \u00e0 seguran\u00e7a p\u00fablica - Brasil not\u00edcias\",\"isPartOf\":{\"@id\":\"https:\/\/brasilnoticias.org\/site\/#website\"},\"primaryImageOfPage\":{\"@id\":\"https:\/\/brasilnoticias.org\/site\/injustos-ataques-politicos-nao-resolvem-problemas-diz-dino-sobre-criticas-a-seguranca-publica\/#primaryimage\"},\"image\":{\"@id\":\"https:\/\/brasilnoticias.org\/site\/injustos-ataques-politicos-nao-resolvem-problemas-diz-dino-sobre-criticas-a-seguranca-publica\/#primaryimage\"},\"thumbnailUrl\":\"https:\/\/brasilnoticias.org\/site\/wp-content\/uploads\/2023\/10\/141543injustos-ataques-politicos-nao-resolvem-problemas-diz-dino-sobre-criticas-a-seguranca-publica-3.jpg\",\"datePublished\":\"2023-10-02T13:00:47+00:00\",\"breadcrumb\":{\"@id\":\"https:\/\/brasilnoticias.org\/site\/injustos-ataques-politicos-nao-resolvem-problemas-diz-dino-sobre-criticas-a-seguranca-publica\/#breadcrumb\"},\"inLanguage\":\"pt-PT\",\"potentialAction\":[{\"@type\":\"ReadAction\",\"target\":[\"https:\/\/brasilnoticias.org\/site\/injustos-ataques-politicos-nao-resolvem-problemas-diz-dino-sobre-criticas-a-seguranca-publica\/\"]}]},{\"@type\":\"ImageObject\",\"inLanguage\":\"pt-PT\",\"@id\":\"https:\/\/brasilnoticias.org\/site\/injustos-ataques-politicos-nao-resolvem-problemas-diz-dino-sobre-criticas-a-seguranca-publica\/#primaryimage\",\"url\":\"https:\/\/brasilnoticias.org\/site\/wp-content\/uploads\/2023\/10\/141543injustos-ataques-politicos-nao-resolvem-problemas-diz-dino-sobre-criticas-a-seguranca-publica-3.jpg\",\"contentUrl\":\"https:\/\/brasilnoticias.org\/site\/wp-content\/uploads\/2023\/10\/141543injustos-ataques-politicos-nao-resolvem-problemas-diz-dino-sobre-criticas-a-seguranca-publica-3.jpg\",\"width\":1600,\"height\":752},{\"@type\":\"BreadcrumbList\",\"@id\":\"https:\/\/brasilnoticias.org\/site\/injustos-ataques-politicos-nao-resolvem-problemas-diz-dino-sobre-criticas-a-seguranca-publica\/#breadcrumb\",\"itemListElement\":[{\"@type\":\"ListItem\",\"position\":1,\"name\":\"In\u00edcio\",\"item\":\"https:\/\/brasilnoticias.org\/site\/\"},{\"@type\":\"ListItem\",\"position\":2,\"name\":\"\u201dInjustos ataques pol\u00edticos n\u00e3o resolvem problemas&#8221;, diz Dino sobre cr\u00edticas \u00e0 seguran\u00e7a p\u00fablica\"}]},{\"@type\":\"WebSite\",\"@id\":\"https:\/\/brasilnoticias.org\/site\/#website\",\"url\":\"https:\/\/brasilnoticias.org\/site\/\",\"name\":\"Brasil not\u00edcias\",\"description\":\"Brasil not\u00edcias\",\"publisher\":{\"@id\":\"https:\/\/brasilnoticias.org\/site\/#organization\"},\"potentialAction\":[{\"@type\":\"SearchAction\",\"target\":{\"@type\":\"EntryPoint\",\"urlTemplate\":\"https:\/\/brasilnoticias.org\/site\/?s={search_term_string}\"},\"query-input\":{\"@type\":\"PropertyValueSpecification\",\"valueRequired\":true,\"valueName\":\"search_term_string\"}}],\"inLanguage\":\"pt-PT\"},{\"@type\":\"Organization\",\"@id\":\"https:\/\/brasilnoticias.org\/site\/#organization\",\"name\":\"Brasil not\u00edcias\",\"url\":\"https:\/\/brasilnoticias.org\/site\/\",\"logo\":{\"@type\":\"ImageObject\",\"inLanguage\":\"pt-PT\",\"@id\":\"https:\/\/brasilnoticias.org\/site\/#\/schema\/logo\/image\/\",\"url\":\"https:\/\/brasilnoticias.org\/site\/wp-content\/uploads\/2022\/05\/cropped-brasilnoticias-mini.jpg\",\"contentUrl\":\"https:\/\/brasilnoticias.org\/site\/wp-content\/uploads\/2022\/05\/cropped-brasilnoticias-mini.jpg\",\"width\":314,\"height\":86,\"caption\":\"Brasil not\u00edcias\"},\"image\":{\"@id\":\"https:\/\/brasilnoticias.org\/site\/#\/schema\/logo\/image\/\"}},{\"@type\":\"Person\",\"@id\":\"https:\/\/brasilnoticias.org\/site\/#\/schema\/person\/03bbbfe6c7634ad18c26444ea39049fa\",\"name\":\"Reda\u00e7\u00e3o\",\"image\":{\"@type\":\"ImageObject\",\"inLanguage\":\"pt-PT\",\"@id\":\"https:\/\/brasilnoticias.org\/site\/#\/schema\/person\/image\/\",\"url\":\"https:\/\/secure.gravatar.com\/avatar\/9ecaf7327a696cb23ad926fedded5f1f04d7049de9e445375d55b48c001a6e42?s=96&d=mm&r=g\",\"contentUrl\":\"https:\/\/secure.gravatar.com\/avatar\/9ecaf7327a696cb23ad926fedded5f1f04d7049de9e445375d55b48c001a6e42?s=96&d=mm&r=g\",\"caption\":\"Reda\u00e7\u00e3o\"},\"url\":\"https:\/\/brasilnoticias.org\/site\/author\/henrique\/\"}]}<\/script>\n<!-- \/ Yoast SEO plugin. -->","yoast_head_json":{"title":"\u201dInjustos ataques pol\u00edticos n\u00e3o resolvem problemas\", diz Dino sobre cr\u00edticas \u00e0 seguran\u00e7a p\u00fablica - Brasil not\u00edcias","robots":{"index":"index","follow":"follow","max-snippet":"max-snippet:-1","max-image-preview":"max-image-preview:large","max-video-preview":"max-video-preview:-1"},"canonical":"https:\/\/brasilnoticias.org\/site\/injustos-ataques-politicos-nao-resolvem-problemas-diz-dino-sobre-criticas-a-seguranca-publica\/","og_locale":"pt_PT","og_type":"article","og_title":"\u201dInjustos ataques pol\u00edticos n\u00e3o resolvem problemas\", diz Dino sobre cr\u00edticas \u00e0 seguran\u00e7a p\u00fablica - Brasil not\u00edcias","og_description":"O ministro se manifestou a respeito do assunto atrav\u00e9s das redes sociais, neste domingo (1\u00b0) Atrav\u00e9s das redes sociais, neste","og_url":"https:\/\/brasilnoticias.org\/site\/injustos-ataques-politicos-nao-resolvem-problemas-diz-dino-sobre-criticas-a-seguranca-publica\/","og_site_name":"Brasil not\u00edcias","article_published_time":"2023-10-02T13:00:47+00:00","og_image":[{"width":1600,"height":752,"url":"https:\/\/brasilnoticias.org\/site\/wp-content\/uploads\/2023\/10\/141543injustos-ataques-politicos-nao-resolvem-problemas-diz-dino-sobre-criticas-a-seguranca-publica-3.jpg","type":"image\/jpeg"}],"author":"Reda\u00e7\u00e3o","twitter_card":"summary_large_image","twitter_misc":{"Escrito por":"Reda\u00e7\u00e3o"},"schema":{"@context":"https:\/\/schema.org","@graph":[{"@type":"Article","@id":"https:\/\/brasilnoticias.org\/site\/injustos-ataques-politicos-nao-resolvem-problemas-diz-dino-sobre-criticas-a-seguranca-publica\/#article","isPartOf":{"@id":"https:\/\/brasilnoticias.org\/site\/injustos-ataques-politicos-nao-resolvem-problemas-diz-dino-sobre-criticas-a-seguranca-publica\/"},"author":{"name":"Reda\u00e7\u00e3o","@id":"https:\/\/brasilnoticias.org\/site\/#\/schema\/person\/03bbbfe6c7634ad18c26444ea39049fa"},"headline":"\u201dInjustos ataques pol\u00edticos n\u00e3o resolvem problemas&#8221;, diz Dino sobre cr\u00edticas \u00e0 seguran\u00e7a p\u00fablica","datePublished":"2023-10-02T13:00:47+00:00","mainEntityOfPage":{"@id":"https:\/\/brasilnoticias.org\/site\/injustos-ataques-politicos-nao-resolvem-problemas-diz-dino-sobre-criticas-a-seguranca-publica\/"},"wordCount":223,"commentCount":0,"publisher":{"@id":"https:\/\/brasilnoticias.org\/site\/#organization"},"image":{"@id":"https:\/\/brasilnoticias.org\/site\/injustos-ataques-politicos-nao-resolvem-problemas-diz-dino-sobre-criticas-a-seguranca-publica\/#primaryimage"},"thumbnailUrl":"https:\/\/brasilnoticias.org\/site\/wp-content\/uploads\/2023\/10\/141543injustos-ataques-politicos-nao-resolvem-problemas-diz-dino-sobre-criticas-a-seguranca-publica-3.jpg","articleSection":["Pol\u00edtica","\u00daltimas"],"inLanguage":"pt-PT","potentialAction":[{"@type":"CommentAction","name":"Comment","target":["https:\/\/brasilnoticias.org\/site\/injustos-ataques-politicos-nao-resolvem-problemas-diz-dino-sobre-criticas-a-seguranca-publica\/#respond"]}]},{"@type":"WebPage","@id":"https:\/\/brasilnoticias.org\/site\/injustos-ataques-politicos-nao-resolvem-problemas-diz-dino-sobre-criticas-a-seguranca-publica\/","url":"https:\/\/brasilnoticias.org\/site\/injustos-ataques-politicos-nao-resolvem-problemas-diz-dino-sobre-criticas-a-seguranca-publica\/","name":"\u201dInjustos ataques pol\u00edticos n\u00e3o resolvem problemas\", diz Dino sobre cr\u00edticas \u00e0 seguran\u00e7a p\u00fablica - Brasil not\u00edcias","isPartOf":{"@id":"https:\/\/brasilnoticias.org\/site\/#website"},"primaryImageOfPage":{"@id":"https:\/\/brasilnoticias.org\/site\/injustos-ataques-politicos-nao-resolvem-problemas-diz-dino-sobre-criticas-a-seguranca-publica\/#primaryimage"},"image":{"@id":"https:\/\/brasilnoticias.org\/site\/injustos-ataques-politicos-nao-resolvem-problemas-diz-dino-sobre-criticas-a-seguranca-publica\/#primaryimage"},"thumbnailUrl":"https:\/\/brasilnoticias.org\/site\/wp-content\/uploads\/2023\/10\/141543injustos-ataques-politicos-nao-resolvem-problemas-diz-dino-sobre-criticas-a-seguranca-publica-3.jpg","datePublished":"2023-10-02T13:00:47+00:00","breadcrumb":{"@id":"https:\/\/brasilnoticias.org\/site\/injustos-ataques-politicos-nao-resolvem-problemas-diz-dino-sobre-criticas-a-seguranca-publica\/#breadcrumb"},"inLanguage":"pt-PT","potentialAction":[{"@type":"ReadAction","target":["https:\/\/brasilnoticias.org\/site\/injustos-ataques-politicos-nao-resolvem-problemas-diz-dino-sobre-criticas-a-seguranca-publica\/"]}]},{"@type":"ImageObject","inLanguage":"pt-PT","@id":"https:\/\/brasilnoticias.org\/site\/injustos-ataques-politicos-nao-resolvem-problemas-diz-dino-sobre-criticas-a-seguranca-publica\/#primaryimage","url":"https:\/\/brasilnoticias.org\/site\/wp-content\/uploads\/2023\/10\/141543injustos-ataques-politicos-nao-resolvem-problemas-diz-dino-sobre-criticas-a-seguranca-publica-3.jpg","contentUrl":"https:\/\/brasilnoticias.org\/site\/wp-content\/uploads\/2023\/10\/141543injustos-ataques-politicos-nao-resolvem-problemas-diz-dino-sobre-criticas-a-seguranca-publica-3.jpg","width":1600,"height":752},{"@type":"BreadcrumbList","@id":"https:\/\/brasilnoticias.org\/site\/injustos-ataques-politicos-nao-resolvem-problemas-diz-dino-sobre-criticas-a-seguranca-publica\/#breadcrumb","itemListElement":[{"@type":"ListItem","position":1,"name":"In\u00edcio","item":"https:\/\/brasilnoticias.org\/site\/"},{"@type":"ListItem","position":2,"name":"\u201dInjustos ataques pol\u00edticos n\u00e3o resolvem problemas&#8221;, diz Dino sobre cr\u00edticas \u00e0 seguran\u00e7a p\u00fablica"}]},{"@type":"WebSite","@id":"https:\/\/brasilnoticias.org\/site\/#website","url":"https:\/\/brasilnoticias.org\/site\/","name":"Brasil not\u00edcias","description":"Brasil not\u00edcias","publisher":{"@id":"https:\/\/brasilnoticias.org\/site\/#organization"},"potentialAction":[{"@type":"SearchAction","target":{"@type":"EntryPoint","urlTemplate":"https:\/\/brasilnoticias.org\/site\/?s={search_term_string}"},"query-input":{"@type":"PropertyValueSpecification","valueRequired":true,"valueName":"search_term_string"}}],"inLanguage":"pt-PT"},{"@type":"Organization","@id":"https:\/\/brasilnoticias.org\/site\/#organization","name":"Brasil not\u00edcias","url":"https:\/\/brasilnoticias.org\/site\/","logo":{"@type":"ImageObject","inLanguage":"pt-PT","@id":"https:\/\/brasilnoticias.org\/site\/#\/schema\/logo\/image\/","url":"https:\/\/brasilnoticias.org\/site\/wp-content\/uploads\/2022\/05\/cropped-brasilnoticias-mini.jpg","contentUrl":"https:\/\/brasilnoticias.org\/site\/wp-content\/uploads\/2022\/05\/cropped-brasilnoticias-mini.jpg","width":314,"height":86,"caption":"Brasil not\u00edcias"},"image":{"@id":"https:\/\/brasilnoticias.org\/site\/#\/schema\/logo\/image\/"}},{"@type":"Person","@id":"https:\/\/brasilnoticias.org\/site\/#\/schema\/person\/03bbbfe6c7634ad18c26444ea39049fa","name":"Reda\u00e7\u00e3o","image":{"@type":"ImageObject","inLanguage":"pt-PT","@id":"https:\/\/brasilnoticias.org\/site\/#\/schema\/person\/image\/","url":"https:\/\/secure.gravatar.com\/avatar\/9ecaf7327a696cb23ad926fedded5f1f04d7049de9e445375d55b48c001a6e42?s=96&d=mm&r=g","contentUrl":"https:\/\/secure.gravatar.com\/avatar\/9ecaf7327a696cb23ad926fedded5f1f04d7049de9e445375d55b48c001a6e42?s=96&d=mm&r=g","caption":"Reda\u00e7\u00e3o"},"url":"https:\/\/brasilnoticias.org\/site\/author\/henrique\/"}]}},"_links":{"self":[{"href":"https:\/\/brasilnoticias.org\/site\/wp-json\/wp\/v2\/posts\/9786","targetHints":{"allow":["GET"]}}],"collection":[{"href":"https:\/\/brasilnoticias.org\/site\/wp-json\/wp\/v2\/posts"}],"about":[{"href":"https:\/\/brasilnoticias.org\/site\/wp-json\/wp\/v2\/types\/post"}],"author":[{"embeddable":true,"href":"https:\/\/brasilnoticias.org\/site\/wp-json\/wp\/v2\/users\/4"}],"replies":[{"embeddable":true,"href":"https:\/\/brasilnoticias.org\/site\/wp-json\/wp\/v2\/comments?post=9786"}],"version-history":[{"count":1,"href":"https:\/\/brasilnoticias.org\/site\/wp-json\/wp\/v2\/posts\/9786\/revisions"}],"predecessor-version":[{"id":9788,"href":"https:\/\/brasilnoticias.org\/site\/wp-json\/wp\/v2\/posts\/9786\/revisions\/9788"}],"wp:featuredmedia":[{"embeddable":true,"href":"https:\/\/brasilnoticias.org\/site\/wp-json\/wp\/v2\/media\/9787"}],"wp:attachment":[{"href":"https:\/\/brasilnoticias.org\/site\/wp-json\/wp\/v2\/media?parent=9786"}],"wp:term":[{"taxonomy":"category","embeddable":true,"href":"https:\/\/brasilnoticias.org\/site\/wp-json\/wp\/v2\/categories?post=9786"},{"taxonomy":"post_tag","embeddable":true,"href":"https:\/\/brasilnoticias.org\/site\/wp-json\/wp\/v2\/tags?post=9786"}],"curies":[{"name":"wp","href":"https:\/\/api.w.org\/{rel}","templated":true}]}}