{"id":9799,"date":"2023-10-02T14:48:09","date_gmt":"2023-10-02T17:48:09","guid":{"rendered":"https:\/\/brasilnoticias.org\/site\/?p=9799"},"modified":"2023-10-02T14:48:09","modified_gmt":"2023-10-02T17:48:09","slug":"agressoes-e-ameacas-entenda-o-que-esta-por-tras-da-briga-entre-donos-de-circos-na-paralela","status":"publish","type":"post","link":"https:\/\/brasilnoticias.org\/site\/agressoes-e-ameacas-entenda-o-que-esta-por-tras-da-briga-entre-donos-de-circos-na-paralela\/","title":{"rendered":"Agress\u00f5es e amea\u00e7as: entenda o que est\u00e1 por tr\u00e1s da briga entre donos de circos na Paralela"},"content":{"rendered":"<p>Eles travam uma disputa pelos espa\u00e7os para as realiza\u00e7\u00f5es de seus shows, que chegou ao \u00e1pice na semana passada, com agress\u00f5es f\u00edsicas<\/p>\n<p>Uma \u00e1rea, localizada \u00e0s margens da Avenida Paralela, vem sendo palco de uma briga que j\u00e1 resultou em agress\u00f5es f\u00edsicas e uma suposta amea\u00e7a com homens armados, entre os donos de dois circos: Mundo M\u00e1gico e Le Cirque. As atra\u00e7\u00f5es pertencem aos empres\u00e1rios Leandro Vieira e George Stevanovich, respectivamente. Eles s\u00e3o os piv\u00f4s da confus\u00e3o. Na \u00faltima sexta-feira (29\/9), George foi agredido por um grupo suspeitos. Ele acusa Leandro de ser o mandante da a\u00e7\u00e3o e, mais do que isso, de ter participado dela.<\/p>\n<p>Em entrevista ao Aratu On, George conta que come\u00e7ou a receber mensagens no in\u00edcio da semana passada, atrav\u00e9s de seu n\u00famero pessoal. Elas estariam sendo enviadas por Leandro e continham intima\u00e7\u00f5es para que eles pudessem resolver, \u201ccomo homens\u201d, suas diferen\u00e7as, visto que, os dois terrenos, que n\u00e3o possuem divis\u00f3rias, tinham sido alugados para ambos os empreendimentos atuarem no mesmo per\u00edodo. Como atuam no mesmo ramo, criou-se uma rusga autom\u00e1tica, uma vez que, pela l\u00f3gica, ter um circo funcionando ao lado do outro traria preju\u00edzos para os dois lados.<\/p>\n<p>Na \u00faltima sexta, o dono do Le Cirque conta que conversava com um seguran\u00e7a na porta do estacionamento de um col\u00e9gio que fica a pouco metros do terreno em quest\u00e3o, quando foi surpreendido por Leandro.<\/p>\n<p>\u201cEle (Leandro) chegou me intimidando, me xingou e ficou me filmando. Foi embora e minutos depois retornou com cerca de 6 a 8 homens. Eles me derrubarem, me chutaram e s\u00f3 pararam devido ao seguran\u00e7a\u201d, destaca.<\/p>\n<p>Foto: Redes Sociais<br \/>\nAratu On<\/p>\n","protected":false},"excerpt":{"rendered":"<p>Eles travam uma disputa pelos espa\u00e7os para as realiza\u00e7\u00f5es de seus shows, que chegou ao \u00e1pice na semana passada, com<\/p>\n","protected":false},"author":4,"featured_media":9800,"comment_status":"open","ping_status":"open","sticky":false,"template":"","format":"standard","meta":{"colormag_page_container_layout":"default_layout","colormag_page_sidebar_layout":"default_layout","_FSMCFIC_featured_image_caption":"","_FSMCFIC_featured_image_nocaption":"","_FSMCFIC_featured_image_hide":"","footnotes":""},"categories":[2,1],"tags":[],"class_list":["post-9799","post","type-post","status-publish","format-standard","has-post-thumbnail","hentry","category-noticias","category-ultimas"],"yoast_head":"<!-- This site is optimized with the Yoast SEO plugin v27.1.1 - https:\/\/yoast.com\/product\/yoast-seo-wordpress\/ -->\n<title>Agress\u00f5es e amea\u00e7as: entenda o que est\u00e1 por tr\u00e1s da briga entre donos de circos na Paralela - Brasil not\u00edcias<\/title>\n<meta name=\"robots\" content=\"index, follow, max-snippet:-1, max-image-preview:large, max-video-preview:-1\" \/>\n<link rel=\"canonical\" href=\"https:\/\/brasilnoticias.org\/site\/agressoes-e-ameacas-entenda-o-que-esta-por-tras-da-briga-entre-donos-de-circos-na-paralela\/\" \/>\n<meta property=\"og:locale\" content=\"pt_PT\" \/>\n<meta property=\"og:type\" content=\"article\" \/>\n<meta property=\"og:title\" content=\"Agress\u00f5es e amea\u00e7as: entenda o que est\u00e1 por tr\u00e1s da briga entre donos de circos na Paralela - Brasil not\u00edcias\" \/>\n<meta property=\"og:description\" content=\"Eles travam uma disputa pelos espa\u00e7os para as realiza\u00e7\u00f5es de seus shows, que chegou ao \u00e1pice na semana passada, com\" \/>\n<meta property=\"og:url\" content=\"https:\/\/brasilnoticias.org\/site\/agressoes-e-ameacas-entenda-o-que-esta-por-tras-da-briga-entre-donos-de-circos-na-paralela\/\" \/>\n<meta property=\"og:site_name\" content=\"Brasil not\u00edcias\" \/>\n<meta property=\"article:published_time\" content=\"2023-10-02T17:48:09+00:00\" \/>\n<meta property=\"og:image\" content=\"https:\/\/brasilnoticias.org\/site\/wp-content\/uploads\/2023\/10\/Aratu-On-22.jpg\" \/>\n\t<meta property=\"og:image:width\" content=\"740\" \/>\n\t<meta property=\"og:image:height\" content=\"470\" \/>\n\t<meta property=\"og:image:type\" content=\"image\/jpeg\" \/>\n<meta name=\"author\" content=\"Reda\u00e7\u00e3o\" \/>\n<meta name=\"twitter:card\" content=\"summary_large_image\" \/>\n<meta name=\"twitter:label1\" content=\"Escrito por\" \/>\n\t<meta name=\"twitter:data1\" content=\"Reda\u00e7\u00e3o\" \/>\n<script type=\"application\/ld+json\" class=\"yoast-schema-graph\">{\"@context\":\"https:\/\/schema.org\",\"@graph\":[{\"@type\":\"Article\",\"@id\":\"https:\/\/brasilnoticias.org\/site\/agressoes-e-ameacas-entenda-o-que-esta-por-tras-da-briga-entre-donos-de-circos-na-paralela\/#article\",\"isPartOf\":{\"@id\":\"https:\/\/brasilnoticias.org\/site\/agressoes-e-ameacas-entenda-o-que-esta-por-tras-da-briga-entre-donos-de-circos-na-paralela\/\"},\"author\":{\"name\":\"Reda\u00e7\u00e3o\",\"@id\":\"https:\/\/brasilnoticias.org\/site\/#\/schema\/person\/03bbbfe6c7634ad18c26444ea39049fa\"},\"headline\":\"Agress\u00f5es e amea\u00e7as: entenda o que est\u00e1 por tr\u00e1s da briga entre donos de circos na Paralela\",\"datePublished\":\"2023-10-02T17:48:09+00:00\",\"mainEntityOfPage\":{\"@id\":\"https:\/\/brasilnoticias.org\/site\/agressoes-e-ameacas-entenda-o-que-esta-por-tras-da-briga-entre-donos-de-circos-na-paralela\/\"},\"wordCount\":317,\"commentCount\":0,\"publisher\":{\"@id\":\"https:\/\/brasilnoticias.org\/site\/#organization\"},\"image\":{\"@id\":\"https:\/\/brasilnoticias.org\/site\/agressoes-e-ameacas-entenda-o-que-esta-por-tras-da-briga-entre-donos-de-circos-na-paralela\/#primaryimage\"},\"thumbnailUrl\":\"https:\/\/brasilnoticias.org\/site\/wp-content\/uploads\/2023\/10\/Aratu-On-22.jpg\",\"articleSection\":[\"Not\u00edcias\",\"\u00daltimas\"],\"inLanguage\":\"pt-PT\",\"potentialAction\":[{\"@type\":\"CommentAction\",\"name\":\"Comment\",\"target\":[\"https:\/\/brasilnoticias.org\/site\/agressoes-e-ameacas-entenda-o-que-esta-por-tras-da-briga-entre-donos-de-circos-na-paralela\/#respond\"]}]},{\"@type\":\"WebPage\",\"@id\":\"https:\/\/brasilnoticias.org\/site\/agressoes-e-ameacas-entenda-o-que-esta-por-tras-da-briga-entre-donos-de-circos-na-paralela\/\",\"url\":\"https:\/\/brasilnoticias.org\/site\/agressoes-e-ameacas-entenda-o-que-esta-por-tras-da-briga-entre-donos-de-circos-na-paralela\/\",\"name\":\"Agress\u00f5es e amea\u00e7as: entenda o que est\u00e1 por tr\u00e1s da briga entre donos de circos na Paralela - Brasil not\u00edcias\",\"isPartOf\":{\"@id\":\"https:\/\/brasilnoticias.org\/site\/#website\"},\"primaryImageOfPage\":{\"@id\":\"https:\/\/brasilnoticias.org\/site\/agressoes-e-ameacas-entenda-o-que-esta-por-tras-da-briga-entre-donos-de-circos-na-paralela\/#primaryimage\"},\"image\":{\"@id\":\"https:\/\/brasilnoticias.org\/site\/agressoes-e-ameacas-entenda-o-que-esta-por-tras-da-briga-entre-donos-de-circos-na-paralela\/#primaryimage\"},\"thumbnailUrl\":\"https:\/\/brasilnoticias.org\/site\/wp-content\/uploads\/2023\/10\/Aratu-On-22.jpg\",\"datePublished\":\"2023-10-02T17:48:09+00:00\",\"breadcrumb\":{\"@id\":\"https:\/\/brasilnoticias.org\/site\/agressoes-e-ameacas-entenda-o-que-esta-por-tras-da-briga-entre-donos-de-circos-na-paralela\/#breadcrumb\"},\"inLanguage\":\"pt-PT\",\"potentialAction\":[{\"@type\":\"ReadAction\",\"target\":[\"https:\/\/brasilnoticias.org\/site\/agressoes-e-ameacas-entenda-o-que-esta-por-tras-da-briga-entre-donos-de-circos-na-paralela\/\"]}]},{\"@type\":\"ImageObject\",\"inLanguage\":\"pt-PT\",\"@id\":\"https:\/\/brasilnoticias.org\/site\/agressoes-e-ameacas-entenda-o-que-esta-por-tras-da-briga-entre-donos-de-circos-na-paralela\/#primaryimage\",\"url\":\"https:\/\/brasilnoticias.org\/site\/wp-content\/uploads\/2023\/10\/Aratu-On-22.jpg\",\"contentUrl\":\"https:\/\/brasilnoticias.org\/site\/wp-content\/uploads\/2023\/10\/Aratu-On-22.jpg\",\"width\":740,\"height\":470},{\"@type\":\"BreadcrumbList\",\"@id\":\"https:\/\/brasilnoticias.org\/site\/agressoes-e-ameacas-entenda-o-que-esta-por-tras-da-briga-entre-donos-de-circos-na-paralela\/#breadcrumb\",\"itemListElement\":[{\"@type\":\"ListItem\",\"position\":1,\"name\":\"In\u00edcio\",\"item\":\"https:\/\/brasilnoticias.org\/site\/\"},{\"@type\":\"ListItem\",\"position\":2,\"name\":\"Agress\u00f5es e amea\u00e7as: entenda o que est\u00e1 por tr\u00e1s da briga entre donos de circos na Paralela\"}]},{\"@type\":\"WebSite\",\"@id\":\"https:\/\/brasilnoticias.org\/site\/#website\",\"url\":\"https:\/\/brasilnoticias.org\/site\/\",\"name\":\"Brasil not\u00edcias\",\"description\":\"Brasil not\u00edcias\",\"publisher\":{\"@id\":\"https:\/\/brasilnoticias.org\/site\/#organization\"},\"potentialAction\":[{\"@type\":\"SearchAction\",\"target\":{\"@type\":\"EntryPoint\",\"urlTemplate\":\"https:\/\/brasilnoticias.org\/site\/?s={search_term_string}\"},\"query-input\":{\"@type\":\"PropertyValueSpecification\",\"valueRequired\":true,\"valueName\":\"search_term_string\"}}],\"inLanguage\":\"pt-PT\"},{\"@type\":\"Organization\",\"@id\":\"https:\/\/brasilnoticias.org\/site\/#organization\",\"name\":\"Brasil not\u00edcias\",\"url\":\"https:\/\/brasilnoticias.org\/site\/\",\"logo\":{\"@type\":\"ImageObject\",\"inLanguage\":\"pt-PT\",\"@id\":\"https:\/\/brasilnoticias.org\/site\/#\/schema\/logo\/image\/\",\"url\":\"https:\/\/brasilnoticias.org\/site\/wp-content\/uploads\/2022\/05\/cropped-brasilnoticias-mini.jpg\",\"contentUrl\":\"https:\/\/brasilnoticias.org\/site\/wp-content\/uploads\/2022\/05\/cropped-brasilnoticias-mini.jpg\",\"width\":314,\"height\":86,\"caption\":\"Brasil not\u00edcias\"},\"image\":{\"@id\":\"https:\/\/brasilnoticias.org\/site\/#\/schema\/logo\/image\/\"}},{\"@type\":\"Person\",\"@id\":\"https:\/\/brasilnoticias.org\/site\/#\/schema\/person\/03bbbfe6c7634ad18c26444ea39049fa\",\"name\":\"Reda\u00e7\u00e3o\",\"image\":{\"@type\":\"ImageObject\",\"inLanguage\":\"pt-PT\",\"@id\":\"https:\/\/brasilnoticias.org\/site\/#\/schema\/person\/image\/\",\"url\":\"https:\/\/secure.gravatar.com\/avatar\/9ecaf7327a696cb23ad926fedded5f1f04d7049de9e445375d55b48c001a6e42?s=96&d=mm&r=g\",\"contentUrl\":\"https:\/\/secure.gravatar.com\/avatar\/9ecaf7327a696cb23ad926fedded5f1f04d7049de9e445375d55b48c001a6e42?s=96&d=mm&r=g\",\"caption\":\"Reda\u00e7\u00e3o\"},\"url\":\"https:\/\/brasilnoticias.org\/site\/author\/henrique\/\"}]}<\/script>\n<!-- \/ Yoast SEO plugin. -->","yoast_head_json":{"title":"Agress\u00f5es e amea\u00e7as: entenda o que est\u00e1 por tr\u00e1s da briga entre donos de circos na Paralela - Brasil not\u00edcias","robots":{"index":"index","follow":"follow","max-snippet":"max-snippet:-1","max-image-preview":"max-image-preview:large","max-video-preview":"max-video-preview:-1"},"canonical":"https:\/\/brasilnoticias.org\/site\/agressoes-e-ameacas-entenda-o-que-esta-por-tras-da-briga-entre-donos-de-circos-na-paralela\/","og_locale":"pt_PT","og_type":"article","og_title":"Agress\u00f5es e amea\u00e7as: entenda o que est\u00e1 por tr\u00e1s da briga entre donos de circos na Paralela - Brasil not\u00edcias","og_description":"Eles travam uma disputa pelos espa\u00e7os para as realiza\u00e7\u00f5es de seus shows, que chegou ao \u00e1pice na semana passada, com","og_url":"https:\/\/brasilnoticias.org\/site\/agressoes-e-ameacas-entenda-o-que-esta-por-tras-da-briga-entre-donos-de-circos-na-paralela\/","og_site_name":"Brasil not\u00edcias","article_published_time":"2023-10-02T17:48:09+00:00","og_image":[{"width":740,"height":470,"url":"https:\/\/brasilnoticias.org\/site\/wp-content\/uploads\/2023\/10\/Aratu-On-22.jpg","type":"image\/jpeg"}],"author":"Reda\u00e7\u00e3o","twitter_card":"summary_large_image","twitter_misc":{"Escrito por":"Reda\u00e7\u00e3o"},"schema":{"@context":"https:\/\/schema.org","@graph":[{"@type":"Article","@id":"https:\/\/brasilnoticias.org\/site\/agressoes-e-ameacas-entenda-o-que-esta-por-tras-da-briga-entre-donos-de-circos-na-paralela\/#article","isPartOf":{"@id":"https:\/\/brasilnoticias.org\/site\/agressoes-e-ameacas-entenda-o-que-esta-por-tras-da-briga-entre-donos-de-circos-na-paralela\/"},"author":{"name":"Reda\u00e7\u00e3o","@id":"https:\/\/brasilnoticias.org\/site\/#\/schema\/person\/03bbbfe6c7634ad18c26444ea39049fa"},"headline":"Agress\u00f5es e amea\u00e7as: entenda o que est\u00e1 por tr\u00e1s da briga entre donos de circos na Paralela","datePublished":"2023-10-02T17:48:09+00:00","mainEntityOfPage":{"@id":"https:\/\/brasilnoticias.org\/site\/agressoes-e-ameacas-entenda-o-que-esta-por-tras-da-briga-entre-donos-de-circos-na-paralela\/"},"wordCount":317,"commentCount":0,"publisher":{"@id":"https:\/\/brasilnoticias.org\/site\/#organization"},"image":{"@id":"https:\/\/brasilnoticias.org\/site\/agressoes-e-ameacas-entenda-o-que-esta-por-tras-da-briga-entre-donos-de-circos-na-paralela\/#primaryimage"},"thumbnailUrl":"https:\/\/brasilnoticias.org\/site\/wp-content\/uploads\/2023\/10\/Aratu-On-22.jpg","articleSection":["Not\u00edcias","\u00daltimas"],"inLanguage":"pt-PT","potentialAction":[{"@type":"CommentAction","name":"Comment","target":["https:\/\/brasilnoticias.org\/site\/agressoes-e-ameacas-entenda-o-que-esta-por-tras-da-briga-entre-donos-de-circos-na-paralela\/#respond"]}]},{"@type":"WebPage","@id":"https:\/\/brasilnoticias.org\/site\/agressoes-e-ameacas-entenda-o-que-esta-por-tras-da-briga-entre-donos-de-circos-na-paralela\/","url":"https:\/\/brasilnoticias.org\/site\/agressoes-e-ameacas-entenda-o-que-esta-por-tras-da-briga-entre-donos-de-circos-na-paralela\/","name":"Agress\u00f5es e amea\u00e7as: entenda o que est\u00e1 por tr\u00e1s da briga entre donos de circos na Paralela - Brasil not\u00edcias","isPartOf":{"@id":"https:\/\/brasilnoticias.org\/site\/#website"},"primaryImageOfPage":{"@id":"https:\/\/brasilnoticias.org\/site\/agressoes-e-ameacas-entenda-o-que-esta-por-tras-da-briga-entre-donos-de-circos-na-paralela\/#primaryimage"},"image":{"@id":"https:\/\/brasilnoticias.org\/site\/agressoes-e-ameacas-entenda-o-que-esta-por-tras-da-briga-entre-donos-de-circos-na-paralela\/#primaryimage"},"thumbnailUrl":"https:\/\/brasilnoticias.org\/site\/wp-content\/uploads\/2023\/10\/Aratu-On-22.jpg","datePublished":"2023-10-02T17:48:09+00:00","breadcrumb":{"@id":"https:\/\/brasilnoticias.org\/site\/agressoes-e-ameacas-entenda-o-que-esta-por-tras-da-briga-entre-donos-de-circos-na-paralela\/#breadcrumb"},"inLanguage":"pt-PT","potentialAction":[{"@type":"ReadAction","target":["https:\/\/brasilnoticias.org\/site\/agressoes-e-ameacas-entenda-o-que-esta-por-tras-da-briga-entre-donos-de-circos-na-paralela\/"]}]},{"@type":"ImageObject","inLanguage":"pt-PT","@id":"https:\/\/brasilnoticias.org\/site\/agressoes-e-ameacas-entenda-o-que-esta-por-tras-da-briga-entre-donos-de-circos-na-paralela\/#primaryimage","url":"https:\/\/brasilnoticias.org\/site\/wp-content\/uploads\/2023\/10\/Aratu-On-22.jpg","contentUrl":"https:\/\/brasilnoticias.org\/site\/wp-content\/uploads\/2023\/10\/Aratu-On-22.jpg","width":740,"height":470},{"@type":"BreadcrumbList","@id":"https:\/\/brasilnoticias.org\/site\/agressoes-e-ameacas-entenda-o-que-esta-por-tras-da-briga-entre-donos-de-circos-na-paralela\/#breadcrumb","itemListElement":[{"@type":"ListItem","position":1,"name":"In\u00edcio","item":"https:\/\/brasilnoticias.org\/site\/"},{"@type":"ListItem","position":2,"name":"Agress\u00f5es e amea\u00e7as: entenda o que est\u00e1 por tr\u00e1s da briga entre donos de circos na Paralela"}]},{"@type":"WebSite","@id":"https:\/\/brasilnoticias.org\/site\/#website","url":"https:\/\/brasilnoticias.org\/site\/","name":"Brasil not\u00edcias","description":"Brasil not\u00edcias","publisher":{"@id":"https:\/\/brasilnoticias.org\/site\/#organization"},"potentialAction":[{"@type":"SearchAction","target":{"@type":"EntryPoint","urlTemplate":"https:\/\/brasilnoticias.org\/site\/?s={search_term_string}"},"query-input":{"@type":"PropertyValueSpecification","valueRequired":true,"valueName":"search_term_string"}}],"inLanguage":"pt-PT"},{"@type":"Organization","@id":"https:\/\/brasilnoticias.org\/site\/#organization","name":"Brasil not\u00edcias","url":"https:\/\/brasilnoticias.org\/site\/","logo":{"@type":"ImageObject","inLanguage":"pt-PT","@id":"https:\/\/brasilnoticias.org\/site\/#\/schema\/logo\/image\/","url":"https:\/\/brasilnoticias.org\/site\/wp-content\/uploads\/2022\/05\/cropped-brasilnoticias-mini.jpg","contentUrl":"https:\/\/brasilnoticias.org\/site\/wp-content\/uploads\/2022\/05\/cropped-brasilnoticias-mini.jpg","width":314,"height":86,"caption":"Brasil not\u00edcias"},"image":{"@id":"https:\/\/brasilnoticias.org\/site\/#\/schema\/logo\/image\/"}},{"@type":"Person","@id":"https:\/\/brasilnoticias.org\/site\/#\/schema\/person\/03bbbfe6c7634ad18c26444ea39049fa","name":"Reda\u00e7\u00e3o","image":{"@type":"ImageObject","inLanguage":"pt-PT","@id":"https:\/\/brasilnoticias.org\/site\/#\/schema\/person\/image\/","url":"https:\/\/secure.gravatar.com\/avatar\/9ecaf7327a696cb23ad926fedded5f1f04d7049de9e445375d55b48c001a6e42?s=96&d=mm&r=g","contentUrl":"https:\/\/secure.gravatar.com\/avatar\/9ecaf7327a696cb23ad926fedded5f1f04d7049de9e445375d55b48c001a6e42?s=96&d=mm&r=g","caption":"Reda\u00e7\u00e3o"},"url":"https:\/\/brasilnoticias.org\/site\/author\/henrique\/"}]}},"_links":{"self":[{"href":"https:\/\/brasilnoticias.org\/site\/wp-json\/wp\/v2\/posts\/9799","targetHints":{"allow":["GET"]}}],"collection":[{"href":"https:\/\/brasilnoticias.org\/site\/wp-json\/wp\/v2\/posts"}],"about":[{"href":"https:\/\/brasilnoticias.org\/site\/wp-json\/wp\/v2\/types\/post"}],"author":[{"embeddable":true,"href":"https:\/\/brasilnoticias.org\/site\/wp-json\/wp\/v2\/users\/4"}],"replies":[{"embeddable":true,"href":"https:\/\/brasilnoticias.org\/site\/wp-json\/wp\/v2\/comments?post=9799"}],"version-history":[{"count":1,"href":"https:\/\/brasilnoticias.org\/site\/wp-json\/wp\/v2\/posts\/9799\/revisions"}],"predecessor-version":[{"id":9801,"href":"https:\/\/brasilnoticias.org\/site\/wp-json\/wp\/v2\/posts\/9799\/revisions\/9801"}],"wp:featuredmedia":[{"embeddable":true,"href":"https:\/\/brasilnoticias.org\/site\/wp-json\/wp\/v2\/media\/9800"}],"wp:attachment":[{"href":"https:\/\/brasilnoticias.org\/site\/wp-json\/wp\/v2\/media?parent=9799"}],"wp:term":[{"taxonomy":"category","embeddable":true,"href":"https:\/\/brasilnoticias.org\/site\/wp-json\/wp\/v2\/categories?post=9799"},{"taxonomy":"post_tag","embeddable":true,"href":"https:\/\/brasilnoticias.org\/site\/wp-json\/wp\/v2\/tags?post=9799"}],"curies":[{"name":"wp","href":"https:\/\/api.w.org\/{rel}","templated":true}]}}