{"id":98,"date":"2022-04-11T15:51:01","date_gmt":"2022-04-11T18:51:01","guid":{"rendered":"https:\/\/brasilnoticias.org\/site\/?p=98"},"modified":"2022-05-03T15:52:17","modified_gmt":"2022-05-03T18:52:17","slug":"projeto-de-niltinho-homenageia-a-prefeita-carmem-gandarela-em-madre-de-deus-com-nome-em-conjunto-habitacional","status":"publish","type":"post","link":"https:\/\/brasilnoticias.org\/site\/projeto-de-niltinho-homenageia-a-prefeita-carmem-gandarela-em-madre-de-deus-com-nome-em-conjunto-habitacional\/","title":{"rendered":"Projeto de Niltinho homenageia a prefeita Carmem Gandarela, em Madre de Deus, com nome em conjunto habitacional"},"content":{"rendered":"<p>Est\u00e1 tramitando na Assembleia Legislativa da Bahia proposi\u00e7\u00e3o do deputado estadual Niltinho (PP) para denominar como Carmen Gandarela o conjunto com 80 unidades habitacionais localizado no bairro Nova Quit\u00e9ria, no munic\u00edpio de Madre de Deus. Conforme tramita\u00e7\u00e3o na Assembleia Legislativa do Estado da Bahia, a proposi\u00e7\u00e3o est\u00e1 com o relator, o deputado V\u00edtor Bonfim (PL). Dessa forma, a mesma deve tramitar nas demais comiss\u00f5es tem\u00e1ticas at\u00e9 ser levada a plen\u00e1rio. \u201cEsta \u00e9 uma justa homenagem a Carmen Gandarela. Quando ela faleceu deixou profundo vazio entre seus familiares, amigos e toda a sua legi\u00e3o de eleitores. Durante a sua vida p\u00fablica trabalhou incansavelmente pela popula\u00e7\u00e3o madredeusense e pelo desenvolvimento e progresso do munic\u00edpio\u201d, afirmou o deputado. Segundo o parlamentar, a prefeita Carmen Gandarela foi eleita por 2 mandatos consecutivos para governar o munic\u00edpio de Madre de Deus, entre os anos de 1997 e 2004.<\/p>\n<p><img loading=\"lazy\" decoding=\"async\" class=\"size-full wp-image-99 aligncenter\" src=\"https:\/\/brasilnoticias.org\/site\/wp-content\/uploads\/2022\/05\/IMG-20220411-WA0049-300x193-1.jpg\" alt=\"\" width=\"300\" height=\"193\" \/><\/p>\n<p>&nbsp;<\/p>\n<div id=\"content\" class=\"clearfix\">\n<article id=\"post-14503\" class=\"post-14503 post type-post status-publish format-standard has-post-thumbnail hentry category-politica category-ultimas\">\n<div class=\"article-content clearfix\">\n<div class=\"entry-content clearfix\">\n<p>No ano de 2012, ela retornou \u00e0 cena pol\u00edtica da cidade, sendo escolhida novamente, em elei\u00e7\u00f5es suplementares, para comandar o munic\u00edpio da Regi\u00e3o Metropolitana de Salvador. No m\u00eas de outubro do mesmo ano, Carmen foi reeleita, mas em mar\u00e7o de 2013, renunciou ao cargo por problemas de sa\u00fade que a vitimou anos mais tarde. \u201cAl\u00e9m de prefeita, Carmen Gandarela foi professora durante 40 anos e, por isso, sua gest\u00e3o foi voltada para a educa\u00e7\u00e3o. Ela deixou sua marca na Bahia como a gestora das realiza\u00e7\u00f5es e inova\u00e7\u00f5es no munic\u00edpio, j\u00e1 que foi na gest\u00e3o dela que aconteceram importantes mudan\u00e7as em Madre de Deus, principalmente nos setores da educa\u00e7\u00e3o, sa\u00fade e infraestrutura, como a reforma de 800 casas, a constru\u00e7\u00e3o de quatro postos de sa\u00fade e quatro escolas\u201d, explicou Niltinho.<\/p>\n<\/div>\n<\/div>\n<\/article>\n<\/div>\n","protected":false},"excerpt":{"rendered":"<p>Est\u00e1 tramitando na Assembleia Legislativa da Bahia proposi\u00e7\u00e3o do deputado estadual Niltinho (PP) para denominar como Carmen Gandarela o conjunto<\/p>\n","protected":false},"author":1,"featured_media":100,"comment_status":"open","ping_status":"open","sticky":false,"template":"","format":"standard","meta":{"colormag_page_container_layout":"default_layout","colormag_page_sidebar_layout":"default_layout","_FSMCFIC_featured_image_caption":"","_FSMCFIC_featured_image_nocaption":"","_FSMCFIC_featured_image_hide":"","footnotes":""},"categories":[5,1],"tags":[],"class_list":["post-98","post","type-post","status-publish","format-standard","has-post-thumbnail","hentry","category-politica","category-ultimas"],"yoast_head":"<!-- This site is optimized with the Yoast SEO plugin v27.1.1 - https:\/\/yoast.com\/product\/yoast-seo-wordpress\/ -->\n<title>Projeto de Niltinho homenageia a prefeita Carmem Gandarela, em Madre de Deus, com nome em conjunto habitacional - Brasil not\u00edcias<\/title>\n<meta name=\"robots\" content=\"index, follow, max-snippet:-1, max-image-preview:large, max-video-preview:-1\" \/>\n<link rel=\"canonical\" href=\"https:\/\/brasilnoticias.org\/site\/projeto-de-niltinho-homenageia-a-prefeita-carmem-gandarela-em-madre-de-deus-com-nome-em-conjunto-habitacional\/\" \/>\n<meta property=\"og:locale\" content=\"pt_PT\" \/>\n<meta property=\"og:type\" content=\"article\" \/>\n<meta property=\"og:title\" content=\"Projeto de Niltinho homenageia a prefeita Carmem Gandarela, em Madre de Deus, com nome em conjunto habitacional - Brasil not\u00edcias\" \/>\n<meta property=\"og:description\" content=\"Est\u00e1 tramitando na Assembleia Legislativa da Bahia proposi\u00e7\u00e3o do deputado estadual Niltinho (PP) para denominar como Carmen Gandarela o conjunto\" \/>\n<meta property=\"og:url\" content=\"https:\/\/brasilnoticias.org\/site\/projeto-de-niltinho-homenageia-a-prefeita-carmem-gandarela-em-madre-de-deus-com-nome-em-conjunto-habitacional\/\" \/>\n<meta property=\"og:site_name\" content=\"Brasil not\u00edcias\" \/>\n<meta property=\"article:published_time\" content=\"2022-04-11T18:51:01+00:00\" \/>\n<meta property=\"article:modified_time\" content=\"2022-05-03T18:52:17+00:00\" \/>\n<meta property=\"og:image\" content=\"https:\/\/brasilnoticias.org\/site\/wp-content\/uploads\/2022\/05\/IMG-20220411-WA0048-565x445-1.jpg\" \/>\n\t<meta property=\"og:image:width\" content=\"565\" \/>\n\t<meta property=\"og:image:height\" content=\"445\" \/>\n\t<meta property=\"og:image:type\" content=\"image\/jpeg\" \/>\n<meta name=\"author\" content=\"Reda\u00e7\u00e3o\" \/>\n<meta name=\"twitter:card\" content=\"summary_large_image\" \/>\n<meta name=\"twitter:label1\" content=\"Escrito por\" \/>\n\t<meta name=\"twitter:data1\" content=\"Reda\u00e7\u00e3o\" \/>\n\t<meta name=\"twitter:label2\" content=\"Tempo estimado de leitura\" \/>\n\t<meta name=\"twitter:data2\" content=\"1 minuto\" \/>\n<script type=\"application\/ld+json\" class=\"yoast-schema-graph\">{\"@context\":\"https:\/\/schema.org\",\"@graph\":[{\"@type\":\"Article\",\"@id\":\"https:\/\/brasilnoticias.org\/site\/projeto-de-niltinho-homenageia-a-prefeita-carmem-gandarela-em-madre-de-deus-com-nome-em-conjunto-habitacional\/#article\",\"isPartOf\":{\"@id\":\"https:\/\/brasilnoticias.org\/site\/projeto-de-niltinho-homenageia-a-prefeita-carmem-gandarela-em-madre-de-deus-com-nome-em-conjunto-habitacional\/\"},\"author\":{\"name\":\"Reda\u00e7\u00e3o\",\"@id\":\"https:\/\/brasilnoticias.org\/site\/#\/schema\/person\/a0e05b973ec4d15c658d51911e53507b\"},\"headline\":\"Projeto de Niltinho homenageia a prefeita Carmem Gandarela, em Madre de Deus, com nome em conjunto habitacional\",\"datePublished\":\"2022-04-11T18:51:01+00:00\",\"dateModified\":\"2022-05-03T18:52:17+00:00\",\"mainEntityOfPage\":{\"@id\":\"https:\/\/brasilnoticias.org\/site\/projeto-de-niltinho-homenageia-a-prefeita-carmem-gandarela-em-madre-de-deus-com-nome-em-conjunto-habitacional\/\"},\"wordCount\":313,\"commentCount\":0,\"publisher\":{\"@id\":\"https:\/\/brasilnoticias.org\/site\/#organization\"},\"image\":{\"@id\":\"https:\/\/brasilnoticias.org\/site\/projeto-de-niltinho-homenageia-a-prefeita-carmem-gandarela-em-madre-de-deus-com-nome-em-conjunto-habitacional\/#primaryimage\"},\"thumbnailUrl\":\"https:\/\/brasilnoticias.org\/site\/wp-content\/uploads\/2022\/05\/IMG-20220411-WA0048-565x445-1.jpg\",\"articleSection\":[\"Pol\u00edtica\",\"\u00daltimas\"],\"inLanguage\":\"pt-PT\",\"potentialAction\":[{\"@type\":\"CommentAction\",\"name\":\"Comment\",\"target\":[\"https:\/\/brasilnoticias.org\/site\/projeto-de-niltinho-homenageia-a-prefeita-carmem-gandarela-em-madre-de-deus-com-nome-em-conjunto-habitacional\/#respond\"]}]},{\"@type\":\"WebPage\",\"@id\":\"https:\/\/brasilnoticias.org\/site\/projeto-de-niltinho-homenageia-a-prefeita-carmem-gandarela-em-madre-de-deus-com-nome-em-conjunto-habitacional\/\",\"url\":\"https:\/\/brasilnoticias.org\/site\/projeto-de-niltinho-homenageia-a-prefeita-carmem-gandarela-em-madre-de-deus-com-nome-em-conjunto-habitacional\/\",\"name\":\"Projeto de Niltinho homenageia a prefeita Carmem Gandarela, em Madre de Deus, com nome em conjunto habitacional - Brasil not\u00edcias\",\"isPartOf\":{\"@id\":\"https:\/\/brasilnoticias.org\/site\/#website\"},\"primaryImageOfPage\":{\"@id\":\"https:\/\/brasilnoticias.org\/site\/projeto-de-niltinho-homenageia-a-prefeita-carmem-gandarela-em-madre-de-deus-com-nome-em-conjunto-habitacional\/#primaryimage\"},\"image\":{\"@id\":\"https:\/\/brasilnoticias.org\/site\/projeto-de-niltinho-homenageia-a-prefeita-carmem-gandarela-em-madre-de-deus-com-nome-em-conjunto-habitacional\/#primaryimage\"},\"thumbnailUrl\":\"https:\/\/brasilnoticias.org\/site\/wp-content\/uploads\/2022\/05\/IMG-20220411-WA0048-565x445-1.jpg\",\"datePublished\":\"2022-04-11T18:51:01+00:00\",\"dateModified\":\"2022-05-03T18:52:17+00:00\",\"breadcrumb\":{\"@id\":\"https:\/\/brasilnoticias.org\/site\/projeto-de-niltinho-homenageia-a-prefeita-carmem-gandarela-em-madre-de-deus-com-nome-em-conjunto-habitacional\/#breadcrumb\"},\"inLanguage\":\"pt-PT\",\"potentialAction\":[{\"@type\":\"ReadAction\",\"target\":[\"https:\/\/brasilnoticias.org\/site\/projeto-de-niltinho-homenageia-a-prefeita-carmem-gandarela-em-madre-de-deus-com-nome-em-conjunto-habitacional\/\"]}]},{\"@type\":\"ImageObject\",\"inLanguage\":\"pt-PT\",\"@id\":\"https:\/\/brasilnoticias.org\/site\/projeto-de-niltinho-homenageia-a-prefeita-carmem-gandarela-em-madre-de-deus-com-nome-em-conjunto-habitacional\/#primaryimage\",\"url\":\"https:\/\/brasilnoticias.org\/site\/wp-content\/uploads\/2022\/05\/IMG-20220411-WA0048-565x445-1.jpg\",\"contentUrl\":\"https:\/\/brasilnoticias.org\/site\/wp-content\/uploads\/2022\/05\/IMG-20220411-WA0048-565x445-1.jpg\",\"width\":565,\"height\":445},{\"@type\":\"BreadcrumbList\",\"@id\":\"https:\/\/brasilnoticias.org\/site\/projeto-de-niltinho-homenageia-a-prefeita-carmem-gandarela-em-madre-de-deus-com-nome-em-conjunto-habitacional\/#breadcrumb\",\"itemListElement\":[{\"@type\":\"ListItem\",\"position\":1,\"name\":\"In\u00edcio\",\"item\":\"https:\/\/brasilnoticias.org\/site\/\"},{\"@type\":\"ListItem\",\"position\":2,\"name\":\"Projeto de Niltinho homenageia a prefeita Carmem Gandarela, em Madre de Deus, com nome em conjunto habitacional\"}]},{\"@type\":\"WebSite\",\"@id\":\"https:\/\/brasilnoticias.org\/site\/#website\",\"url\":\"https:\/\/brasilnoticias.org\/site\/\",\"name\":\"Brasil not\u00edcias\",\"description\":\"Brasil not\u00edcias\",\"publisher\":{\"@id\":\"https:\/\/brasilnoticias.org\/site\/#organization\"},\"potentialAction\":[{\"@type\":\"SearchAction\",\"target\":{\"@type\":\"EntryPoint\",\"urlTemplate\":\"https:\/\/brasilnoticias.org\/site\/?s={search_term_string}\"},\"query-input\":{\"@type\":\"PropertyValueSpecification\",\"valueRequired\":true,\"valueName\":\"search_term_string\"}}],\"inLanguage\":\"pt-PT\"},{\"@type\":\"Organization\",\"@id\":\"https:\/\/brasilnoticias.org\/site\/#organization\",\"name\":\"Brasil not\u00edcias\",\"url\":\"https:\/\/brasilnoticias.org\/site\/\",\"logo\":{\"@type\":\"ImageObject\",\"inLanguage\":\"pt-PT\",\"@id\":\"https:\/\/brasilnoticias.org\/site\/#\/schema\/logo\/image\/\",\"url\":\"https:\/\/brasilnoticias.org\/site\/wp-content\/uploads\/2022\/05\/cropped-brasilnoticias-mini.jpg\",\"contentUrl\":\"https:\/\/brasilnoticias.org\/site\/wp-content\/uploads\/2022\/05\/cropped-brasilnoticias-mini.jpg\",\"width\":314,\"height\":86,\"caption\":\"Brasil not\u00edcias\"},\"image\":{\"@id\":\"https:\/\/brasilnoticias.org\/site\/#\/schema\/logo\/image\/\"}},{\"@type\":\"Person\",\"@id\":\"https:\/\/brasilnoticias.org\/site\/#\/schema\/person\/a0e05b973ec4d15c658d51911e53507b\",\"name\":\"Reda\u00e7\u00e3o\",\"image\":{\"@type\":\"ImageObject\",\"inLanguage\":\"pt-PT\",\"@id\":\"https:\/\/brasilnoticias.org\/site\/#\/schema\/person\/image\/\",\"url\":\"https:\/\/secure.gravatar.com\/avatar\/75d8b050df2de108b08ae78dfb8e374892df24a383c67db9c46a9c604f6aee9c?s=96&d=mm&r=g\",\"contentUrl\":\"https:\/\/secure.gravatar.com\/avatar\/75d8b050df2de108b08ae78dfb8e374892df24a383c67db9c46a9c604f6aee9c?s=96&d=mm&r=g\",\"caption\":\"Reda\u00e7\u00e3o\"},\"sameAs\":[\"https:\/\/brasilnoticias.org\/site\"],\"url\":\"https:\/\/brasilnoticias.org\/site\/author\/fernandozsngmail-com\/\"}]}<\/script>\n<!-- \/ Yoast SEO plugin. -->","yoast_head_json":{"title":"Projeto de Niltinho homenageia a prefeita Carmem Gandarela, em Madre de Deus, com nome em conjunto habitacional - Brasil not\u00edcias","robots":{"index":"index","follow":"follow","max-snippet":"max-snippet:-1","max-image-preview":"max-image-preview:large","max-video-preview":"max-video-preview:-1"},"canonical":"https:\/\/brasilnoticias.org\/site\/projeto-de-niltinho-homenageia-a-prefeita-carmem-gandarela-em-madre-de-deus-com-nome-em-conjunto-habitacional\/","og_locale":"pt_PT","og_type":"article","og_title":"Projeto de Niltinho homenageia a prefeita Carmem Gandarela, em Madre de Deus, com nome em conjunto habitacional - Brasil not\u00edcias","og_description":"Est\u00e1 tramitando na Assembleia Legislativa da Bahia proposi\u00e7\u00e3o do deputado estadual Niltinho (PP) para denominar como Carmen Gandarela o conjunto","og_url":"https:\/\/brasilnoticias.org\/site\/projeto-de-niltinho-homenageia-a-prefeita-carmem-gandarela-em-madre-de-deus-com-nome-em-conjunto-habitacional\/","og_site_name":"Brasil not\u00edcias","article_published_time":"2022-04-11T18:51:01+00:00","article_modified_time":"2022-05-03T18:52:17+00:00","og_image":[{"width":565,"height":445,"url":"https:\/\/brasilnoticias.org\/site\/wp-content\/uploads\/2022\/05\/IMG-20220411-WA0048-565x445-1.jpg","type":"image\/jpeg"}],"author":"Reda\u00e7\u00e3o","twitter_card":"summary_large_image","twitter_misc":{"Escrito por":"Reda\u00e7\u00e3o","Tempo estimado de leitura":"1 minuto"},"schema":{"@context":"https:\/\/schema.org","@graph":[{"@type":"Article","@id":"https:\/\/brasilnoticias.org\/site\/projeto-de-niltinho-homenageia-a-prefeita-carmem-gandarela-em-madre-de-deus-com-nome-em-conjunto-habitacional\/#article","isPartOf":{"@id":"https:\/\/brasilnoticias.org\/site\/projeto-de-niltinho-homenageia-a-prefeita-carmem-gandarela-em-madre-de-deus-com-nome-em-conjunto-habitacional\/"},"author":{"name":"Reda\u00e7\u00e3o","@id":"https:\/\/brasilnoticias.org\/site\/#\/schema\/person\/a0e05b973ec4d15c658d51911e53507b"},"headline":"Projeto de Niltinho homenageia a prefeita Carmem Gandarela, em Madre de Deus, com nome em conjunto habitacional","datePublished":"2022-04-11T18:51:01+00:00","dateModified":"2022-05-03T18:52:17+00:00","mainEntityOfPage":{"@id":"https:\/\/brasilnoticias.org\/site\/projeto-de-niltinho-homenageia-a-prefeita-carmem-gandarela-em-madre-de-deus-com-nome-em-conjunto-habitacional\/"},"wordCount":313,"commentCount":0,"publisher":{"@id":"https:\/\/brasilnoticias.org\/site\/#organization"},"image":{"@id":"https:\/\/brasilnoticias.org\/site\/projeto-de-niltinho-homenageia-a-prefeita-carmem-gandarela-em-madre-de-deus-com-nome-em-conjunto-habitacional\/#primaryimage"},"thumbnailUrl":"https:\/\/brasilnoticias.org\/site\/wp-content\/uploads\/2022\/05\/IMG-20220411-WA0048-565x445-1.jpg","articleSection":["Pol\u00edtica","\u00daltimas"],"inLanguage":"pt-PT","potentialAction":[{"@type":"CommentAction","name":"Comment","target":["https:\/\/brasilnoticias.org\/site\/projeto-de-niltinho-homenageia-a-prefeita-carmem-gandarela-em-madre-de-deus-com-nome-em-conjunto-habitacional\/#respond"]}]},{"@type":"WebPage","@id":"https:\/\/brasilnoticias.org\/site\/projeto-de-niltinho-homenageia-a-prefeita-carmem-gandarela-em-madre-de-deus-com-nome-em-conjunto-habitacional\/","url":"https:\/\/brasilnoticias.org\/site\/projeto-de-niltinho-homenageia-a-prefeita-carmem-gandarela-em-madre-de-deus-com-nome-em-conjunto-habitacional\/","name":"Projeto de Niltinho homenageia a prefeita Carmem Gandarela, em Madre de Deus, com nome em conjunto habitacional - Brasil not\u00edcias","isPartOf":{"@id":"https:\/\/brasilnoticias.org\/site\/#website"},"primaryImageOfPage":{"@id":"https:\/\/brasilnoticias.org\/site\/projeto-de-niltinho-homenageia-a-prefeita-carmem-gandarela-em-madre-de-deus-com-nome-em-conjunto-habitacional\/#primaryimage"},"image":{"@id":"https:\/\/brasilnoticias.org\/site\/projeto-de-niltinho-homenageia-a-prefeita-carmem-gandarela-em-madre-de-deus-com-nome-em-conjunto-habitacional\/#primaryimage"},"thumbnailUrl":"https:\/\/brasilnoticias.org\/site\/wp-content\/uploads\/2022\/05\/IMG-20220411-WA0048-565x445-1.jpg","datePublished":"2022-04-11T18:51:01+00:00","dateModified":"2022-05-03T18:52:17+00:00","breadcrumb":{"@id":"https:\/\/brasilnoticias.org\/site\/projeto-de-niltinho-homenageia-a-prefeita-carmem-gandarela-em-madre-de-deus-com-nome-em-conjunto-habitacional\/#breadcrumb"},"inLanguage":"pt-PT","potentialAction":[{"@type":"ReadAction","target":["https:\/\/brasilnoticias.org\/site\/projeto-de-niltinho-homenageia-a-prefeita-carmem-gandarela-em-madre-de-deus-com-nome-em-conjunto-habitacional\/"]}]},{"@type":"ImageObject","inLanguage":"pt-PT","@id":"https:\/\/brasilnoticias.org\/site\/projeto-de-niltinho-homenageia-a-prefeita-carmem-gandarela-em-madre-de-deus-com-nome-em-conjunto-habitacional\/#primaryimage","url":"https:\/\/brasilnoticias.org\/site\/wp-content\/uploads\/2022\/05\/IMG-20220411-WA0048-565x445-1.jpg","contentUrl":"https:\/\/brasilnoticias.org\/site\/wp-content\/uploads\/2022\/05\/IMG-20220411-WA0048-565x445-1.jpg","width":565,"height":445},{"@type":"BreadcrumbList","@id":"https:\/\/brasilnoticias.org\/site\/projeto-de-niltinho-homenageia-a-prefeita-carmem-gandarela-em-madre-de-deus-com-nome-em-conjunto-habitacional\/#breadcrumb","itemListElement":[{"@type":"ListItem","position":1,"name":"In\u00edcio","item":"https:\/\/brasilnoticias.org\/site\/"},{"@type":"ListItem","position":2,"name":"Projeto de Niltinho homenageia a prefeita Carmem Gandarela, em Madre de Deus, com nome em conjunto habitacional"}]},{"@type":"WebSite","@id":"https:\/\/brasilnoticias.org\/site\/#website","url":"https:\/\/brasilnoticias.org\/site\/","name":"Brasil not\u00edcias","description":"Brasil not\u00edcias","publisher":{"@id":"https:\/\/brasilnoticias.org\/site\/#organization"},"potentialAction":[{"@type":"SearchAction","target":{"@type":"EntryPoint","urlTemplate":"https:\/\/brasilnoticias.org\/site\/?s={search_term_string}"},"query-input":{"@type":"PropertyValueSpecification","valueRequired":true,"valueName":"search_term_string"}}],"inLanguage":"pt-PT"},{"@type":"Organization","@id":"https:\/\/brasilnoticias.org\/site\/#organization","name":"Brasil not\u00edcias","url":"https:\/\/brasilnoticias.org\/site\/","logo":{"@type":"ImageObject","inLanguage":"pt-PT","@id":"https:\/\/brasilnoticias.org\/site\/#\/schema\/logo\/image\/","url":"https:\/\/brasilnoticias.org\/site\/wp-content\/uploads\/2022\/05\/cropped-brasilnoticias-mini.jpg","contentUrl":"https:\/\/brasilnoticias.org\/site\/wp-content\/uploads\/2022\/05\/cropped-brasilnoticias-mini.jpg","width":314,"height":86,"caption":"Brasil not\u00edcias"},"image":{"@id":"https:\/\/brasilnoticias.org\/site\/#\/schema\/logo\/image\/"}},{"@type":"Person","@id":"https:\/\/brasilnoticias.org\/site\/#\/schema\/person\/a0e05b973ec4d15c658d51911e53507b","name":"Reda\u00e7\u00e3o","image":{"@type":"ImageObject","inLanguage":"pt-PT","@id":"https:\/\/brasilnoticias.org\/site\/#\/schema\/person\/image\/","url":"https:\/\/secure.gravatar.com\/avatar\/75d8b050df2de108b08ae78dfb8e374892df24a383c67db9c46a9c604f6aee9c?s=96&d=mm&r=g","contentUrl":"https:\/\/secure.gravatar.com\/avatar\/75d8b050df2de108b08ae78dfb8e374892df24a383c67db9c46a9c604f6aee9c?s=96&d=mm&r=g","caption":"Reda\u00e7\u00e3o"},"sameAs":["https:\/\/brasilnoticias.org\/site"],"url":"https:\/\/brasilnoticias.org\/site\/author\/fernandozsngmail-com\/"}]}},"_links":{"self":[{"href":"https:\/\/brasilnoticias.org\/site\/wp-json\/wp\/v2\/posts\/98","targetHints":{"allow":["GET"]}}],"collection":[{"href":"https:\/\/brasilnoticias.org\/site\/wp-json\/wp\/v2\/posts"}],"about":[{"href":"https:\/\/brasilnoticias.org\/site\/wp-json\/wp\/v2\/types\/post"}],"author":[{"embeddable":true,"href":"https:\/\/brasilnoticias.org\/site\/wp-json\/wp\/v2\/users\/1"}],"replies":[{"embeddable":true,"href":"https:\/\/brasilnoticias.org\/site\/wp-json\/wp\/v2\/comments?post=98"}],"version-history":[{"count":1,"href":"https:\/\/brasilnoticias.org\/site\/wp-json\/wp\/v2\/posts\/98\/revisions"}],"predecessor-version":[{"id":101,"href":"https:\/\/brasilnoticias.org\/site\/wp-json\/wp\/v2\/posts\/98\/revisions\/101"}],"wp:featuredmedia":[{"embeddable":true,"href":"https:\/\/brasilnoticias.org\/site\/wp-json\/wp\/v2\/media\/100"}],"wp:attachment":[{"href":"https:\/\/brasilnoticias.org\/site\/wp-json\/wp\/v2\/media?parent=98"}],"wp:term":[{"taxonomy":"category","embeddable":true,"href":"https:\/\/brasilnoticias.org\/site\/wp-json\/wp\/v2\/categories?post=98"},{"taxonomy":"post_tag","embeddable":true,"href":"https:\/\/brasilnoticias.org\/site\/wp-json\/wp\/v2\/tags?post=98"}],"curies":[{"name":"wp","href":"https:\/\/api.w.org\/{rel}","templated":true}]}}