{"id":981,"date":"2022-07-09T20:21:16","date_gmt":"2022-07-09T23:21:16","guid":{"rendered":"https:\/\/brasilnoticias.org\/site\/?p=981"},"modified":"2022-07-09T20:21:16","modified_gmt":"2022-07-09T23:21:16","slug":"litica-bolsonaro-evoca-guerra-do-bem-contra-o-mal-em-discurso-na-marcha-para-jesus","status":"publish","type":"post","link":"https:\/\/brasilnoticias.org\/site\/litica-bolsonaro-evoca-guerra-do-bem-contra-o-mal-em-discurso-na-marcha-para-jesus\/","title":{"rendered":"L\u00cdTICA BOLSONARO EVOCA \u2018GUERRA DO BEM CONTRA O MAL\u2019 EM DISCURSO NA MARCHA PARA JESUS"},"content":{"rendered":"<p>O presidente Jair Bolsonaro (PL) evocou mais uma vez a \u201cguerra do bem contra o mal\u201d e expurgou \u201cas dores do socialismo\u201d na maior das Marchas para Jesus do pa\u00eds, a de S\u00e3o Paulo.<\/p>\n<p>\u201cTemos uma posi\u00e7\u00e3o aqui: somos contra o aborto, contra a ideologia de g\u00eanero, contra a libera\u00e7\u00e3o das drogas e somos defensores da fam\u00edlia brasileira\u201d, disse o pr\u00e9-candidato \u00e0 reelei\u00e7\u00e3o neste s\u00e1bado (9), no trio principal do evento.<\/p>\n<p>Ap\u00f3s ver uma multid\u00e3o ajoelhada nas ruas do centro paulistano, Bolsonaro clamou pela maioria crist\u00e3 do pa\u00eds. \u201cSomos a maioria do pa\u00eds, a maioria do bem, e nessa guerra do bem contra o mal o bem vencer\u00e1 outra vez.\u201d<\/p>\n<p>Em seguida, o presidente alertou os fi\u00e9is sobre um suposto risco de o Brasil virar uma na\u00e7\u00e3o pintada de vermelho socialista. \u201cQue nosso povo n\u00e3o experimente as dores do socialismo\u201d, afirmou, pedindo que as pessoas olhassem ao redor da Am\u00e9rica do Sul. Citou Venezuela e tamb\u00e9m pa\u00edses que, nos \u00faltimos anos, elegeram l\u00edderes de esquerda: Argentina, Chile e Col\u00f4mbia. \u201cN\u00e3o queremos isso para o nosso Brasil.\u201d<\/p>\n<p>\u201cEstamos aqui para declarar que Jesus Cristo \u00e9 o Senhor de S\u00e3o Paulo e do Brasil\u201d, iniciou assim a Marcha seu idealizador, o ap\u00f3stolo Estevam Hernandes. Ele apresentou Bolsonaro como \u201cesse homem escolhido por Deus\u201d e aben\u00e7oou a vida do presidente, de sua fam\u00edlia e de seus ministros.<\/p>\n<p>Bolsonaro subiu por volta das 10h no trio, com uma comitiva pol\u00edtica que incluiu Tarc\u00edsio de Freitas, seu candidato a governador paulista, e o deputado Marco Feliciano, ambos do PL de SP. O ex-ministro do Meio Ambiente Ricardo Salles tamb\u00e9m estava l\u00e1.<\/p>\n<p>Tarc\u00edsio adotou um tom pastoral ao discursar para o p\u00fablico de cima do trio. \u201cVejo uma profecia se realizando, a profecia da uni\u00e3o do povo de Deus\u201d, disse. Depois, distribuiu \u201cb\u00ean\u00e7\u00e3os\u201d e enalteceu \u201ca palavra prof\u00e9tica\u201d.<\/p>\n<p>O ap\u00f3stolo C\u00e9sar Augusto, que discursou no trio ao lado de Bolsonaro, disse depois \u00e0 Folha que seu desejo s\u00e3o mais \u201cquatro anos de ben\u00e7\u00e3o\u201d com o presidente \u00e0 frente do pa\u00eds. Ele lembrou que os petistas Lula e Dilma Rousseff foram convidados em anos anteriores, mas n\u00e3o passaram na Marcha.<\/p>\n<p>Bolsonaro se dirigiu tr\u00eas vezes ao p\u00fablico, duas delas no trajeto e a \u00faltima no palco montado perto do Campo de Marte, destino final da marcha.<\/p>\n<p>Ali, repetiu com outras palavras o que j\u00e1 havia dito no ponto de partida: cuidado com comunismo e socialismo e defender a na\u00e7\u00e3o de males progressistas como a ideologia de g\u00eanero.<\/p>\n<p>Acrescentou \u00e0 sua fala, ainda, algumas vacinas contra a crise econ\u00f4mica que afugentou boa parte dos eleitores que lhe deram prefer\u00eancia em 2018. Disse que a pandemia est\u00e1 se encaminhando para o fim e lembrou da guerra na Ucr\u00e2nia, que fez economias do mundo todo despencarem.<\/p>\n<p>Tamb\u00e9m reprisou a falsa ideia de que sua gest\u00e3o \u00e9 livre de atos corruptos. \u201cTem uma coisa que nos faz ter a consci\u00eancia tranquila: somos um governo que acabou com a palavra corrup\u00e7\u00e3o.\u201d Ignorou epis\u00f3dios como o esc\u00e2ndalo no MEC, que envolveu dois pastores que tinham canal com a Presid\u00eancia.<\/p>\n<div class=\"d-flex justify-content-center my-3\">\n<div id=\"banner-300x250-4-area\" data-desktop=\"300x250\" data-mobile=\"300x250\" data-google-query-id=\"CLWeu4vy7PgCFZ45uQYdWi8K4w\">\n<div id=\"google_ads_iframe_\/8804\/parceiros\/bnews_4__container__\"><iframe loading=\"lazy\" id=\"google_ads_iframe_\/8804\/parceiros\/bnews_4\" tabindex=\"0\" title=\"3rd party ad content\" role=\"region\" src=\"https:\/\/817426bf56314c18c31d747f810ee651.safeframe.googlesyndication.com\/safeframe\/1-0-38\/html\/container.html\" name=\"\" width=\"412\" height=\"343\" frameborder=\"0\" marginwidth=\"0\" marginheight=\"0\" scrolling=\"no\" sandbox=\"allow-forms allow-popups allow-popups-to-escape-sandbox allow-same-origin allow-scripts allow-top-navigation-by-user-activation\" data-is-safeframe=\"true\" aria-label=\"Advertisement\" data-google-container-id=\"6\" data-load-complete=\"true\" data-mce-fragment=\"1\"><\/iframe><\/div>\n<\/div>\n<\/div>\n<p>O governador Rodrigo Garcia (PSDB) subiu ao palco no fim da tarde e teve recep\u00e7\u00e3o pouco calorosa, mas sem nenhuma hostilidade tamb\u00e9m. Exaltou uma \u201cpalavra de Deus cada vez mais forte\u201d e valores comuns aos crist\u00e3os, como o amor ao pr\u00f3ximo.<\/p>\n<p>Como j\u00e1 havia sido feito por Bolsonaro, o ap\u00f3stolo Estevam puxou uma ora\u00e7\u00e3o para Garcia, que tentar\u00e1 ser reconduzido ao cargo em outubro. O governador ficou pouco mais de tr\u00eas minutos no palco e, antes de come\u00e7ar a falar, fez uma selfie com a bispa S\u00f4nia com a multid\u00e3o de fundo.<\/p>\n<p>Garcia chegou exatamente 20 minutos depois de o pr\u00e9-candidato ao governo do estado Tarc\u00edsio de Freitas ir embora com uma comitiva.<\/p>\n<div class=\"d-flex justify-content-center my-3\">\n<p>O presidente Bolsonaro foi \u00e0 sua primeira Marcha para Jesus em 2018. J\u00e1 ocupava, ent\u00e3o, a cabeceira na corrida pelo Pal\u00e1cio do Planalto, mas ainda n\u00e3o era unanimidade entre os grandes l\u00edderes evang\u00e9licos do pa\u00eds. Muitos s\u00f3 embarcaram na sua campanha depois.<\/p>\n<p>O l\u00edder da Marcha para Jesus disse \u00e0 Folha, na \u00e9poca, que a Bolsonaro faria bem em \u201cpregar mais amor e toler\u00e2ncia\u201d. Hoje aliado do presidente, Hernandes diz pensar diferente. Afirmou ao jornal nesta semana que, ap\u00f3s conhecer o chefe do Executivo, sentiu que era um homem de Deus.<\/p>\n<p>Em 2019, Bolsonaro se tornou o primeiro ocupante do Pal\u00e1cio do Planalto a passar neste que \u00e9 o maior evento do calend\u00e1rio evang\u00e9lico do continente. Discursou sobre \u201cum problema ser\u00edssimo de moral, \u00e9tica e economia\u201d que, a seu ver, florescia no Brasil.<\/p>\n<p>As duas edi\u00e7\u00f5es seguintes da marcha ca\u00edram por conta da pandemia. Em vez de povo caminhando na rua, a organiza\u00e7\u00e3o optou por carreatas, mas sem a dimens\u00e3o original nem a presen\u00e7a de autoridades, que costumam bater ponto no evento sobretudo em ano eleitoral.<\/p>\n<p><strong>BANDEIRA EMPACA<\/strong><\/p>\n<p>Jos\u00e9 Henrique Batista, 37, veio de Piracicaba para participar da marcha. \u201cN\u00e3o estou interessado em discurso de pol\u00edtico, mas faz parte, n\u00e9? Olha a multid\u00e3o. Tem muita gente aqui que acredita no que eles [pol\u00edticos] falam. Eu acredito em Deus\u201d, disse ele, bandeira do Brasil enrolada ao corpo.<\/p>\n<p>A venda da bandeira brasileira, por\u00e9m, frustrou parte dos ambulantes. A reportagem conversou com ao menos 30 deles. \u201cEst\u00e1 muito devagar. A crise est\u00e1 feia para todo o mundo \u201c, disse Alexandre Campos, 39 anos, 20 deles como ambulante. \u201cPerguntam o pre\u00e7o, querem tirar foto com a bandeira, mas n\u00e3o levam.\u201d<\/p>\n<p>Em s\u00e1bado de sol forte, os bon\u00e9s, R$ 20, em m\u00e9dia, tiveram mais sa\u00edda. A bandeira brasileira, com pre\u00e7os entre R$ 25 e R$ 40, empacou. Uma das faixas de cabe\u00e7a mais populares trazia \u201c100% Jesus\u201d escrito em strass, as pedrinhas brilhantes.<\/p>\n<p>Bal\u00f5es azuis, verdes e amarelos decoravam alguns dos trios que lideraram a caminhada, carros alugados de nomes como Titan e Canibal.<\/p>\n<\/div>\n<p>&nbsp;<\/p>\n<p>&nbsp;<\/p>\n<p>&nbsp;<\/p>\n<p>Bnews<\/p>\n","protected":false},"excerpt":{"rendered":"<p>O presidente Jair Bolsonaro (PL) evocou mais uma vez a \u201cguerra do bem contra o mal\u201d e expurgou \u201cas dores<\/p>\n","protected":false},"author":2,"featured_media":982,"comment_status":"open","ping_status":"open","sticky":false,"template":"","format":"standard","meta":{"colormag_page_container_layout":"default_layout","colormag_page_sidebar_layout":"default_layout","_FSMCFIC_featured_image_caption":"","_FSMCFIC_featured_image_nocaption":"","_FSMCFIC_featured_image_hide":"","footnotes":""},"categories":[5,1],"tags":[],"class_list":["post-981","post","type-post","status-publish","format-standard","has-post-thumbnail","hentry","category-politica","category-ultimas"],"yoast_head":"<!-- This site is optimized with the Yoast SEO plugin v27.1.1 - https:\/\/yoast.com\/product\/yoast-seo-wordpress\/ -->\n<title>L\u00cdTICA BOLSONARO EVOCA \u2018GUERRA DO BEM CONTRA O MAL\u2019 EM DISCURSO NA MARCHA PARA JESUS - Brasil not\u00edcias<\/title>\n<meta name=\"robots\" content=\"index, follow, max-snippet:-1, max-image-preview:large, max-video-preview:-1\" \/>\n<link rel=\"canonical\" href=\"https:\/\/brasilnoticias.org\/site\/litica-bolsonaro-evoca-guerra-do-bem-contra-o-mal-em-discurso-na-marcha-para-jesus\/\" \/>\n<meta property=\"og:locale\" content=\"pt_PT\" \/>\n<meta property=\"og:type\" content=\"article\" \/>\n<meta property=\"og:title\" content=\"L\u00cdTICA BOLSONARO EVOCA \u2018GUERRA DO BEM CONTRA O MAL\u2019 EM DISCURSO NA MARCHA PARA JESUS - Brasil not\u00edcias\" \/>\n<meta property=\"og:description\" content=\"O presidente Jair Bolsonaro (PL) evocou mais uma vez a \u201cguerra do bem contra o mal\u201d e expurgou \u201cas dores\" \/>\n<meta property=\"og:url\" content=\"https:\/\/brasilnoticias.org\/site\/litica-bolsonaro-evoca-guerra-do-bem-contra-o-mal-em-discurso-na-marcha-para-jesus\/\" \/>\n<meta property=\"og:site_name\" content=\"Brasil not\u00edcias\" \/>\n<meta property=\"article:published_time\" content=\"2022-07-09T23:21:16+00:00\" \/>\n<meta property=\"og:image\" content=\"https:\/\/brasilnoticias.org\/site\/wp-content\/uploads\/2022\/07\/marcha_para_jesus_widelg-1.jpg\" \/>\n\t<meta property=\"og:image:width\" content=\"800\" \/>\n\t<meta property=\"og:image:height\" content=\"450\" \/>\n\t<meta property=\"og:image:type\" content=\"image\/jpeg\" \/>\n<meta name=\"author\" content=\"Reda\u00e7\u00e3o\" \/>\n<meta name=\"twitter:card\" content=\"summary_large_image\" \/>\n<meta name=\"twitter:label1\" content=\"Escrito por\" \/>\n\t<meta name=\"twitter:data1\" content=\"Reda\u00e7\u00e3o\" \/>\n\t<meta name=\"twitter:label2\" content=\"Tempo estimado de leitura\" \/>\n\t<meta name=\"twitter:data2\" content=\"5 minutos\" \/>\n<script type=\"application\/ld+json\" class=\"yoast-schema-graph\">{\"@context\":\"https:\/\/schema.org\",\"@graph\":[{\"@type\":\"Article\",\"@id\":\"https:\/\/brasilnoticias.org\/site\/litica-bolsonaro-evoca-guerra-do-bem-contra-o-mal-em-discurso-na-marcha-para-jesus\/#article\",\"isPartOf\":{\"@id\":\"https:\/\/brasilnoticias.org\/site\/litica-bolsonaro-evoca-guerra-do-bem-contra-o-mal-em-discurso-na-marcha-para-jesus\/\"},\"author\":{\"name\":\"Reda\u00e7\u00e3o\",\"@id\":\"https:\/\/brasilnoticias.org\/site\/#\/schema\/person\/f609fa847b5314f1c8b983342f34c798\"},\"headline\":\"L\u00cdTICA BOLSONARO EVOCA \u2018GUERRA DO BEM CONTRA O MAL\u2019 EM DISCURSO NA MARCHA PARA JESUS\",\"datePublished\":\"2022-07-09T23:21:16+00:00\",\"mainEntityOfPage\":{\"@id\":\"https:\/\/brasilnoticias.org\/site\/litica-bolsonaro-evoca-guerra-do-bem-contra-o-mal-em-discurso-na-marcha-para-jesus\/\"},\"wordCount\":1055,\"commentCount\":0,\"publisher\":{\"@id\":\"https:\/\/brasilnoticias.org\/site\/#organization\"},\"image\":{\"@id\":\"https:\/\/brasilnoticias.org\/site\/litica-bolsonaro-evoca-guerra-do-bem-contra-o-mal-em-discurso-na-marcha-para-jesus\/#primaryimage\"},\"thumbnailUrl\":\"https:\/\/brasilnoticias.org\/site\/wp-content\/uploads\/2022\/07\/marcha_para_jesus_widelg-1.jpg\",\"articleSection\":[\"Pol\u00edtica\",\"\u00daltimas\"],\"inLanguage\":\"pt-PT\",\"potentialAction\":[{\"@type\":\"CommentAction\",\"name\":\"Comment\",\"target\":[\"https:\/\/brasilnoticias.org\/site\/litica-bolsonaro-evoca-guerra-do-bem-contra-o-mal-em-discurso-na-marcha-para-jesus\/#respond\"]}]},{\"@type\":\"WebPage\",\"@id\":\"https:\/\/brasilnoticias.org\/site\/litica-bolsonaro-evoca-guerra-do-bem-contra-o-mal-em-discurso-na-marcha-para-jesus\/\",\"url\":\"https:\/\/brasilnoticias.org\/site\/litica-bolsonaro-evoca-guerra-do-bem-contra-o-mal-em-discurso-na-marcha-para-jesus\/\",\"name\":\"L\u00cdTICA BOLSONARO EVOCA \u2018GUERRA DO BEM CONTRA O MAL\u2019 EM DISCURSO NA MARCHA PARA JESUS - Brasil not\u00edcias\",\"isPartOf\":{\"@id\":\"https:\/\/brasilnoticias.org\/site\/#website\"},\"primaryImageOfPage\":{\"@id\":\"https:\/\/brasilnoticias.org\/site\/litica-bolsonaro-evoca-guerra-do-bem-contra-o-mal-em-discurso-na-marcha-para-jesus\/#primaryimage\"},\"image\":{\"@id\":\"https:\/\/brasilnoticias.org\/site\/litica-bolsonaro-evoca-guerra-do-bem-contra-o-mal-em-discurso-na-marcha-para-jesus\/#primaryimage\"},\"thumbnailUrl\":\"https:\/\/brasilnoticias.org\/site\/wp-content\/uploads\/2022\/07\/marcha_para_jesus_widelg-1.jpg\",\"datePublished\":\"2022-07-09T23:21:16+00:00\",\"breadcrumb\":{\"@id\":\"https:\/\/brasilnoticias.org\/site\/litica-bolsonaro-evoca-guerra-do-bem-contra-o-mal-em-discurso-na-marcha-para-jesus\/#breadcrumb\"},\"inLanguage\":\"pt-PT\",\"potentialAction\":[{\"@type\":\"ReadAction\",\"target\":[\"https:\/\/brasilnoticias.org\/site\/litica-bolsonaro-evoca-guerra-do-bem-contra-o-mal-em-discurso-na-marcha-para-jesus\/\"]}]},{\"@type\":\"ImageObject\",\"inLanguage\":\"pt-PT\",\"@id\":\"https:\/\/brasilnoticias.org\/site\/litica-bolsonaro-evoca-guerra-do-bem-contra-o-mal-em-discurso-na-marcha-para-jesus\/#primaryimage\",\"url\":\"https:\/\/brasilnoticias.org\/site\/wp-content\/uploads\/2022\/07\/marcha_para_jesus_widelg-1.jpg\",\"contentUrl\":\"https:\/\/brasilnoticias.org\/site\/wp-content\/uploads\/2022\/07\/marcha_para_jesus_widelg-1.jpg\",\"width\":800,\"height\":450},{\"@type\":\"BreadcrumbList\",\"@id\":\"https:\/\/brasilnoticias.org\/site\/litica-bolsonaro-evoca-guerra-do-bem-contra-o-mal-em-discurso-na-marcha-para-jesus\/#breadcrumb\",\"itemListElement\":[{\"@type\":\"ListItem\",\"position\":1,\"name\":\"In\u00edcio\",\"item\":\"https:\/\/brasilnoticias.org\/site\/\"},{\"@type\":\"ListItem\",\"position\":2,\"name\":\"L\u00cdTICA BOLSONARO EVOCA \u2018GUERRA DO BEM CONTRA O MAL\u2019 EM DISCURSO NA MARCHA PARA JESUS\"}]},{\"@type\":\"WebSite\",\"@id\":\"https:\/\/brasilnoticias.org\/site\/#website\",\"url\":\"https:\/\/brasilnoticias.org\/site\/\",\"name\":\"Brasil not\u00edcias\",\"description\":\"Brasil not\u00edcias\",\"publisher\":{\"@id\":\"https:\/\/brasilnoticias.org\/site\/#organization\"},\"potentialAction\":[{\"@type\":\"SearchAction\",\"target\":{\"@type\":\"EntryPoint\",\"urlTemplate\":\"https:\/\/brasilnoticias.org\/site\/?s={search_term_string}\"},\"query-input\":{\"@type\":\"PropertyValueSpecification\",\"valueRequired\":true,\"valueName\":\"search_term_string\"}}],\"inLanguage\":\"pt-PT\"},{\"@type\":\"Organization\",\"@id\":\"https:\/\/brasilnoticias.org\/site\/#organization\",\"name\":\"Brasil not\u00edcias\",\"url\":\"https:\/\/brasilnoticias.org\/site\/\",\"logo\":{\"@type\":\"ImageObject\",\"inLanguage\":\"pt-PT\",\"@id\":\"https:\/\/brasilnoticias.org\/site\/#\/schema\/logo\/image\/\",\"url\":\"https:\/\/brasilnoticias.org\/site\/wp-content\/uploads\/2022\/05\/cropped-brasilnoticias-mini.jpg\",\"contentUrl\":\"https:\/\/brasilnoticias.org\/site\/wp-content\/uploads\/2022\/05\/cropped-brasilnoticias-mini.jpg\",\"width\":314,\"height\":86,\"caption\":\"Brasil not\u00edcias\"},\"image\":{\"@id\":\"https:\/\/brasilnoticias.org\/site\/#\/schema\/logo\/image\/\"}},{\"@type\":\"Person\",\"@id\":\"https:\/\/brasilnoticias.org\/site\/#\/schema\/person\/f609fa847b5314f1c8b983342f34c798\",\"name\":\"Reda\u00e7\u00e3o\",\"image\":{\"@type\":\"ImageObject\",\"inLanguage\":\"pt-PT\",\"@id\":\"https:\/\/brasilnoticias.org\/site\/#\/schema\/person\/image\/\",\"url\":\"https:\/\/secure.gravatar.com\/avatar\/447284c06c1ad8b46465a36de9cd0d8326b73387a22799b8b1ffb1fbcff2ed0c?s=96&d=mm&r=g\",\"contentUrl\":\"https:\/\/secure.gravatar.com\/avatar\/447284c06c1ad8b46465a36de9cd0d8326b73387a22799b8b1ffb1fbcff2ed0c?s=96&d=mm&r=g\",\"caption\":\"Reda\u00e7\u00e3o\"},\"url\":\"https:\/\/brasilnoticias.org\/site\/author\/redacao\/\"}]}<\/script>\n<!-- \/ Yoast SEO plugin. -->","yoast_head_json":{"title":"L\u00cdTICA BOLSONARO EVOCA \u2018GUERRA DO BEM CONTRA O MAL\u2019 EM DISCURSO NA MARCHA PARA JESUS - Brasil not\u00edcias","robots":{"index":"index","follow":"follow","max-snippet":"max-snippet:-1","max-image-preview":"max-image-preview:large","max-video-preview":"max-video-preview:-1"},"canonical":"https:\/\/brasilnoticias.org\/site\/litica-bolsonaro-evoca-guerra-do-bem-contra-o-mal-em-discurso-na-marcha-para-jesus\/","og_locale":"pt_PT","og_type":"article","og_title":"L\u00cdTICA BOLSONARO EVOCA \u2018GUERRA DO BEM CONTRA O MAL\u2019 EM DISCURSO NA MARCHA PARA JESUS - Brasil not\u00edcias","og_description":"O presidente Jair Bolsonaro (PL) evocou mais uma vez a \u201cguerra do bem contra o mal\u201d e expurgou \u201cas dores","og_url":"https:\/\/brasilnoticias.org\/site\/litica-bolsonaro-evoca-guerra-do-bem-contra-o-mal-em-discurso-na-marcha-para-jesus\/","og_site_name":"Brasil not\u00edcias","article_published_time":"2022-07-09T23:21:16+00:00","og_image":[{"width":800,"height":450,"url":"https:\/\/brasilnoticias.org\/site\/wp-content\/uploads\/2022\/07\/marcha_para_jesus_widelg-1.jpg","type":"image\/jpeg"}],"author":"Reda\u00e7\u00e3o","twitter_card":"summary_large_image","twitter_misc":{"Escrito por":"Reda\u00e7\u00e3o","Tempo estimado de leitura":"5 minutos"},"schema":{"@context":"https:\/\/schema.org","@graph":[{"@type":"Article","@id":"https:\/\/brasilnoticias.org\/site\/litica-bolsonaro-evoca-guerra-do-bem-contra-o-mal-em-discurso-na-marcha-para-jesus\/#article","isPartOf":{"@id":"https:\/\/brasilnoticias.org\/site\/litica-bolsonaro-evoca-guerra-do-bem-contra-o-mal-em-discurso-na-marcha-para-jesus\/"},"author":{"name":"Reda\u00e7\u00e3o","@id":"https:\/\/brasilnoticias.org\/site\/#\/schema\/person\/f609fa847b5314f1c8b983342f34c798"},"headline":"L\u00cdTICA BOLSONARO EVOCA \u2018GUERRA DO BEM CONTRA O MAL\u2019 EM DISCURSO NA MARCHA PARA JESUS","datePublished":"2022-07-09T23:21:16+00:00","mainEntityOfPage":{"@id":"https:\/\/brasilnoticias.org\/site\/litica-bolsonaro-evoca-guerra-do-bem-contra-o-mal-em-discurso-na-marcha-para-jesus\/"},"wordCount":1055,"commentCount":0,"publisher":{"@id":"https:\/\/brasilnoticias.org\/site\/#organization"},"image":{"@id":"https:\/\/brasilnoticias.org\/site\/litica-bolsonaro-evoca-guerra-do-bem-contra-o-mal-em-discurso-na-marcha-para-jesus\/#primaryimage"},"thumbnailUrl":"https:\/\/brasilnoticias.org\/site\/wp-content\/uploads\/2022\/07\/marcha_para_jesus_widelg-1.jpg","articleSection":["Pol\u00edtica","\u00daltimas"],"inLanguage":"pt-PT","potentialAction":[{"@type":"CommentAction","name":"Comment","target":["https:\/\/brasilnoticias.org\/site\/litica-bolsonaro-evoca-guerra-do-bem-contra-o-mal-em-discurso-na-marcha-para-jesus\/#respond"]}]},{"@type":"WebPage","@id":"https:\/\/brasilnoticias.org\/site\/litica-bolsonaro-evoca-guerra-do-bem-contra-o-mal-em-discurso-na-marcha-para-jesus\/","url":"https:\/\/brasilnoticias.org\/site\/litica-bolsonaro-evoca-guerra-do-bem-contra-o-mal-em-discurso-na-marcha-para-jesus\/","name":"L\u00cdTICA BOLSONARO EVOCA \u2018GUERRA DO BEM CONTRA O MAL\u2019 EM DISCURSO NA MARCHA PARA JESUS - Brasil not\u00edcias","isPartOf":{"@id":"https:\/\/brasilnoticias.org\/site\/#website"},"primaryImageOfPage":{"@id":"https:\/\/brasilnoticias.org\/site\/litica-bolsonaro-evoca-guerra-do-bem-contra-o-mal-em-discurso-na-marcha-para-jesus\/#primaryimage"},"image":{"@id":"https:\/\/brasilnoticias.org\/site\/litica-bolsonaro-evoca-guerra-do-bem-contra-o-mal-em-discurso-na-marcha-para-jesus\/#primaryimage"},"thumbnailUrl":"https:\/\/brasilnoticias.org\/site\/wp-content\/uploads\/2022\/07\/marcha_para_jesus_widelg-1.jpg","datePublished":"2022-07-09T23:21:16+00:00","breadcrumb":{"@id":"https:\/\/brasilnoticias.org\/site\/litica-bolsonaro-evoca-guerra-do-bem-contra-o-mal-em-discurso-na-marcha-para-jesus\/#breadcrumb"},"inLanguage":"pt-PT","potentialAction":[{"@type":"ReadAction","target":["https:\/\/brasilnoticias.org\/site\/litica-bolsonaro-evoca-guerra-do-bem-contra-o-mal-em-discurso-na-marcha-para-jesus\/"]}]},{"@type":"ImageObject","inLanguage":"pt-PT","@id":"https:\/\/brasilnoticias.org\/site\/litica-bolsonaro-evoca-guerra-do-bem-contra-o-mal-em-discurso-na-marcha-para-jesus\/#primaryimage","url":"https:\/\/brasilnoticias.org\/site\/wp-content\/uploads\/2022\/07\/marcha_para_jesus_widelg-1.jpg","contentUrl":"https:\/\/brasilnoticias.org\/site\/wp-content\/uploads\/2022\/07\/marcha_para_jesus_widelg-1.jpg","width":800,"height":450},{"@type":"BreadcrumbList","@id":"https:\/\/brasilnoticias.org\/site\/litica-bolsonaro-evoca-guerra-do-bem-contra-o-mal-em-discurso-na-marcha-para-jesus\/#breadcrumb","itemListElement":[{"@type":"ListItem","position":1,"name":"In\u00edcio","item":"https:\/\/brasilnoticias.org\/site\/"},{"@type":"ListItem","position":2,"name":"L\u00cdTICA BOLSONARO EVOCA \u2018GUERRA DO BEM CONTRA O MAL\u2019 EM DISCURSO NA MARCHA PARA JESUS"}]},{"@type":"WebSite","@id":"https:\/\/brasilnoticias.org\/site\/#website","url":"https:\/\/brasilnoticias.org\/site\/","name":"Brasil not\u00edcias","description":"Brasil not\u00edcias","publisher":{"@id":"https:\/\/brasilnoticias.org\/site\/#organization"},"potentialAction":[{"@type":"SearchAction","target":{"@type":"EntryPoint","urlTemplate":"https:\/\/brasilnoticias.org\/site\/?s={search_term_string}"},"query-input":{"@type":"PropertyValueSpecification","valueRequired":true,"valueName":"search_term_string"}}],"inLanguage":"pt-PT"},{"@type":"Organization","@id":"https:\/\/brasilnoticias.org\/site\/#organization","name":"Brasil not\u00edcias","url":"https:\/\/brasilnoticias.org\/site\/","logo":{"@type":"ImageObject","inLanguage":"pt-PT","@id":"https:\/\/brasilnoticias.org\/site\/#\/schema\/logo\/image\/","url":"https:\/\/brasilnoticias.org\/site\/wp-content\/uploads\/2022\/05\/cropped-brasilnoticias-mini.jpg","contentUrl":"https:\/\/brasilnoticias.org\/site\/wp-content\/uploads\/2022\/05\/cropped-brasilnoticias-mini.jpg","width":314,"height":86,"caption":"Brasil not\u00edcias"},"image":{"@id":"https:\/\/brasilnoticias.org\/site\/#\/schema\/logo\/image\/"}},{"@type":"Person","@id":"https:\/\/brasilnoticias.org\/site\/#\/schema\/person\/f609fa847b5314f1c8b983342f34c798","name":"Reda\u00e7\u00e3o","image":{"@type":"ImageObject","inLanguage":"pt-PT","@id":"https:\/\/brasilnoticias.org\/site\/#\/schema\/person\/image\/","url":"https:\/\/secure.gravatar.com\/avatar\/447284c06c1ad8b46465a36de9cd0d8326b73387a22799b8b1ffb1fbcff2ed0c?s=96&d=mm&r=g","contentUrl":"https:\/\/secure.gravatar.com\/avatar\/447284c06c1ad8b46465a36de9cd0d8326b73387a22799b8b1ffb1fbcff2ed0c?s=96&d=mm&r=g","caption":"Reda\u00e7\u00e3o"},"url":"https:\/\/brasilnoticias.org\/site\/author\/redacao\/"}]}},"_links":{"self":[{"href":"https:\/\/brasilnoticias.org\/site\/wp-json\/wp\/v2\/posts\/981","targetHints":{"allow":["GET"]}}],"collection":[{"href":"https:\/\/brasilnoticias.org\/site\/wp-json\/wp\/v2\/posts"}],"about":[{"href":"https:\/\/brasilnoticias.org\/site\/wp-json\/wp\/v2\/types\/post"}],"author":[{"embeddable":true,"href":"https:\/\/brasilnoticias.org\/site\/wp-json\/wp\/v2\/users\/2"}],"replies":[{"embeddable":true,"href":"https:\/\/brasilnoticias.org\/site\/wp-json\/wp\/v2\/comments?post=981"}],"version-history":[{"count":1,"href":"https:\/\/brasilnoticias.org\/site\/wp-json\/wp\/v2\/posts\/981\/revisions"}],"predecessor-version":[{"id":983,"href":"https:\/\/brasilnoticias.org\/site\/wp-json\/wp\/v2\/posts\/981\/revisions\/983"}],"wp:featuredmedia":[{"embeddable":true,"href":"https:\/\/brasilnoticias.org\/site\/wp-json\/wp\/v2\/media\/982"}],"wp:attachment":[{"href":"https:\/\/brasilnoticias.org\/site\/wp-json\/wp\/v2\/media?parent=981"}],"wp:term":[{"taxonomy":"category","embeddable":true,"href":"https:\/\/brasilnoticias.org\/site\/wp-json\/wp\/v2\/categories?post=981"},{"taxonomy":"post_tag","embeddable":true,"href":"https:\/\/brasilnoticias.org\/site\/wp-json\/wp\/v2\/tags?post=981"}],"curies":[{"name":"wp","href":"https:\/\/api.w.org\/{rel}","templated":true}]}}