{"id":9818,"date":"2023-10-03T08:10:12","date_gmt":"2023-10-03T11:10:12","guid":{"rendered":"https:\/\/brasilnoticias.org\/site\/?p=9818"},"modified":"2023-10-02T18:10:58","modified_gmt":"2023-10-02T21:10:58","slug":"salvador-tem-aumento-de-117-de-eleitores-em-votacao-para-conselheiros-tutelares","status":"publish","type":"post","link":"https:\/\/brasilnoticias.org\/site\/salvador-tem-aumento-de-117-de-eleitores-em-votacao-para-conselheiros-tutelares\/","title":{"rendered":"Salvador tem aumento de 117% de eleitores em vota\u00e7\u00e3o para conselheiros tutelares"},"content":{"rendered":"<p>Os 120 conselheiros e conselheiras eleitos passar\u00e3o por capacita\u00e7\u00e3o e tomar\u00e3o posse no dia 10 de janeiro de 2024<\/p>\n<p>O n\u00famero de eleitores que participou da vota\u00e7\u00e3o para conselheiros tutelares neste domingo (1\u00ba), em Salvador, dobrou em rela\u00e7\u00e3o ao pleito anterior. Foram \u00e0s urnas 69.652 mil eleitores, n\u00famero que representa 117% a mais do que em 2019, quando 32 mil pessoas compareceram. <\/p>\n<p>Os n\u00fameros foram divulgados pela Prefeitura de Salvador. A vota\u00e7\u00e3o aconteceu em 430 se\u00e7\u00f5es espalhadas por 76 escolas na capital baiana. <\/p>\n<p>Pela primeira vez, a elei\u00e7\u00e3o para os representantes dos Conselhos Tutelares foi realizada em todo o Brasil de maneira unificada, inclusive com urnas eletr\u00f4nicas. De acordo com o \u00faltimo boletim do Minist\u00e9rio dos Direitos Humanos e da Cidadania, na Bahia foram utilizadas 4.146 urnas.<\/p>\n<p>Os 120 conselheiros e conselheiras eleitos, que v\u00e3o atuar nos 24 Conselhos Tutelares de Salvador no quadri\u00eanio 2024\/2028, passar\u00e3o por capacita\u00e7\u00e3o e tomar\u00e3o posse no dia 10 de janeiro de 2024. Confira no site do Conselho Municipal dos Direitos Da Crian\u00e7a e do Adolescente a lista completa dos nomes escolhidos.<\/p>\n<p>Foto: Secom\/PMS<br \/>\nPor: Metro1<\/p>\n","protected":false},"excerpt":{"rendered":"<p>Os 120 conselheiros e conselheiras eleitos passar\u00e3o por capacita\u00e7\u00e3o e tomar\u00e3o posse no dia 10 de janeiro de 2024 O<\/p>\n","protected":false},"author":4,"featured_media":9819,"comment_status":"open","ping_status":"open","sticky":false,"template":"","format":"standard","meta":{"colormag_page_container_layout":"default_layout","colormag_page_sidebar_layout":"default_layout","_FSMCFIC_featured_image_caption":"","_FSMCFIC_featured_image_nocaption":"","_FSMCFIC_featured_image_hide":"","footnotes":""},"categories":[2,1],"tags":[],"class_list":["post-9818","post","type-post","status-publish","format-standard","has-post-thumbnail","hentry","category-noticias","category-ultimas"],"yoast_head":"<!-- This site is optimized with the Yoast SEO plugin v27.1.1 - https:\/\/yoast.com\/product\/yoast-seo-wordpress\/ -->\n<title>Salvador tem aumento de 117% de eleitores em vota\u00e7\u00e3o para conselheiros tutelares - Brasil not\u00edcias<\/title>\n<meta name=\"robots\" content=\"index, follow, max-snippet:-1, max-image-preview:large, max-video-preview:-1\" \/>\n<link rel=\"canonical\" href=\"https:\/\/brasilnoticias.org\/site\/salvador-tem-aumento-de-117-de-eleitores-em-votacao-para-conselheiros-tutelares\/\" \/>\n<meta property=\"og:locale\" content=\"pt_PT\" \/>\n<meta property=\"og:type\" content=\"article\" \/>\n<meta property=\"og:title\" content=\"Salvador tem aumento de 117% de eleitores em vota\u00e7\u00e3o para conselheiros tutelares - Brasil not\u00edcias\" \/>\n<meta property=\"og:description\" content=\"Os 120 conselheiros e conselheiras eleitos passar\u00e3o por capacita\u00e7\u00e3o e tomar\u00e3o posse no dia 10 de janeiro de 2024 O\" \/>\n<meta property=\"og:url\" content=\"https:\/\/brasilnoticias.org\/site\/salvador-tem-aumento-de-117-de-eleitores-em-votacao-para-conselheiros-tutelares\/\" \/>\n<meta property=\"og:site_name\" content=\"Brasil not\u00edcias\" \/>\n<meta property=\"article:published_time\" content=\"2023-10-03T11:10:12+00:00\" \/>\n<meta property=\"og:image\" content=\"https:\/\/brasilnoticias.org\/site\/wp-content\/uploads\/2023\/10\/141560salvador-tem-aumento-de-117-de-eleitores-em-votacao-para-conselheiros-tutelares-3.jpg\" \/>\n\t<meta property=\"og:image:width\" content=\"1600\" \/>\n\t<meta property=\"og:image:height\" content=\"752\" \/>\n\t<meta property=\"og:image:type\" content=\"image\/jpeg\" \/>\n<meta name=\"author\" content=\"Reda\u00e7\u00e3o\" \/>\n<meta name=\"twitter:card\" content=\"summary_large_image\" \/>\n<meta name=\"twitter:label1\" content=\"Escrito por\" \/>\n\t<meta name=\"twitter:data1\" content=\"Reda\u00e7\u00e3o\" \/>\n<script type=\"application\/ld+json\" class=\"yoast-schema-graph\">{\"@context\":\"https:\/\/schema.org\",\"@graph\":[{\"@type\":\"Article\",\"@id\":\"https:\/\/brasilnoticias.org\/site\/salvador-tem-aumento-de-117-de-eleitores-em-votacao-para-conselheiros-tutelares\/#article\",\"isPartOf\":{\"@id\":\"https:\/\/brasilnoticias.org\/site\/salvador-tem-aumento-de-117-de-eleitores-em-votacao-para-conselheiros-tutelares\/\"},\"author\":{\"name\":\"Reda\u00e7\u00e3o\",\"@id\":\"https:\/\/brasilnoticias.org\/site\/#\/schema\/person\/03bbbfe6c7634ad18c26444ea39049fa\"},\"headline\":\"Salvador tem aumento de 117% de eleitores em vota\u00e7\u00e3o para conselheiros tutelares\",\"datePublished\":\"2023-10-03T11:10:12+00:00\",\"mainEntityOfPage\":{\"@id\":\"https:\/\/brasilnoticias.org\/site\/salvador-tem-aumento-de-117-de-eleitores-em-votacao-para-conselheiros-tutelares\/\"},\"wordCount\":197,\"commentCount\":0,\"publisher\":{\"@id\":\"https:\/\/brasilnoticias.org\/site\/#organization\"},\"image\":{\"@id\":\"https:\/\/brasilnoticias.org\/site\/salvador-tem-aumento-de-117-de-eleitores-em-votacao-para-conselheiros-tutelares\/#primaryimage\"},\"thumbnailUrl\":\"https:\/\/brasilnoticias.org\/site\/wp-content\/uploads\/2023\/10\/141560salvador-tem-aumento-de-117-de-eleitores-em-votacao-para-conselheiros-tutelares-3.jpg\",\"articleSection\":[\"Not\u00edcias\",\"\u00daltimas\"],\"inLanguage\":\"pt-PT\",\"potentialAction\":[{\"@type\":\"CommentAction\",\"name\":\"Comment\",\"target\":[\"https:\/\/brasilnoticias.org\/site\/salvador-tem-aumento-de-117-de-eleitores-em-votacao-para-conselheiros-tutelares\/#respond\"]}]},{\"@type\":\"WebPage\",\"@id\":\"https:\/\/brasilnoticias.org\/site\/salvador-tem-aumento-de-117-de-eleitores-em-votacao-para-conselheiros-tutelares\/\",\"url\":\"https:\/\/brasilnoticias.org\/site\/salvador-tem-aumento-de-117-de-eleitores-em-votacao-para-conselheiros-tutelares\/\",\"name\":\"Salvador tem aumento de 117% de eleitores em vota\u00e7\u00e3o para conselheiros tutelares - Brasil not\u00edcias\",\"isPartOf\":{\"@id\":\"https:\/\/brasilnoticias.org\/site\/#website\"},\"primaryImageOfPage\":{\"@id\":\"https:\/\/brasilnoticias.org\/site\/salvador-tem-aumento-de-117-de-eleitores-em-votacao-para-conselheiros-tutelares\/#primaryimage\"},\"image\":{\"@id\":\"https:\/\/brasilnoticias.org\/site\/salvador-tem-aumento-de-117-de-eleitores-em-votacao-para-conselheiros-tutelares\/#primaryimage\"},\"thumbnailUrl\":\"https:\/\/brasilnoticias.org\/site\/wp-content\/uploads\/2023\/10\/141560salvador-tem-aumento-de-117-de-eleitores-em-votacao-para-conselheiros-tutelares-3.jpg\",\"datePublished\":\"2023-10-03T11:10:12+00:00\",\"breadcrumb\":{\"@id\":\"https:\/\/brasilnoticias.org\/site\/salvador-tem-aumento-de-117-de-eleitores-em-votacao-para-conselheiros-tutelares\/#breadcrumb\"},\"inLanguage\":\"pt-PT\",\"potentialAction\":[{\"@type\":\"ReadAction\",\"target\":[\"https:\/\/brasilnoticias.org\/site\/salvador-tem-aumento-de-117-de-eleitores-em-votacao-para-conselheiros-tutelares\/\"]}]},{\"@type\":\"ImageObject\",\"inLanguage\":\"pt-PT\",\"@id\":\"https:\/\/brasilnoticias.org\/site\/salvador-tem-aumento-de-117-de-eleitores-em-votacao-para-conselheiros-tutelares\/#primaryimage\",\"url\":\"https:\/\/brasilnoticias.org\/site\/wp-content\/uploads\/2023\/10\/141560salvador-tem-aumento-de-117-de-eleitores-em-votacao-para-conselheiros-tutelares-3.jpg\",\"contentUrl\":\"https:\/\/brasilnoticias.org\/site\/wp-content\/uploads\/2023\/10\/141560salvador-tem-aumento-de-117-de-eleitores-em-votacao-para-conselheiros-tutelares-3.jpg\",\"width\":1600,\"height\":752},{\"@type\":\"BreadcrumbList\",\"@id\":\"https:\/\/brasilnoticias.org\/site\/salvador-tem-aumento-de-117-de-eleitores-em-votacao-para-conselheiros-tutelares\/#breadcrumb\",\"itemListElement\":[{\"@type\":\"ListItem\",\"position\":1,\"name\":\"In\u00edcio\",\"item\":\"https:\/\/brasilnoticias.org\/site\/\"},{\"@type\":\"ListItem\",\"position\":2,\"name\":\"Salvador tem aumento de 117% de eleitores em vota\u00e7\u00e3o para conselheiros tutelares\"}]},{\"@type\":\"WebSite\",\"@id\":\"https:\/\/brasilnoticias.org\/site\/#website\",\"url\":\"https:\/\/brasilnoticias.org\/site\/\",\"name\":\"Brasil not\u00edcias\",\"description\":\"Brasil not\u00edcias\",\"publisher\":{\"@id\":\"https:\/\/brasilnoticias.org\/site\/#organization\"},\"potentialAction\":[{\"@type\":\"SearchAction\",\"target\":{\"@type\":\"EntryPoint\",\"urlTemplate\":\"https:\/\/brasilnoticias.org\/site\/?s={search_term_string}\"},\"query-input\":{\"@type\":\"PropertyValueSpecification\",\"valueRequired\":true,\"valueName\":\"search_term_string\"}}],\"inLanguage\":\"pt-PT\"},{\"@type\":\"Organization\",\"@id\":\"https:\/\/brasilnoticias.org\/site\/#organization\",\"name\":\"Brasil not\u00edcias\",\"url\":\"https:\/\/brasilnoticias.org\/site\/\",\"logo\":{\"@type\":\"ImageObject\",\"inLanguage\":\"pt-PT\",\"@id\":\"https:\/\/brasilnoticias.org\/site\/#\/schema\/logo\/image\/\",\"url\":\"https:\/\/brasilnoticias.org\/site\/wp-content\/uploads\/2022\/05\/cropped-brasilnoticias-mini.jpg\",\"contentUrl\":\"https:\/\/brasilnoticias.org\/site\/wp-content\/uploads\/2022\/05\/cropped-brasilnoticias-mini.jpg\",\"width\":314,\"height\":86,\"caption\":\"Brasil not\u00edcias\"},\"image\":{\"@id\":\"https:\/\/brasilnoticias.org\/site\/#\/schema\/logo\/image\/\"}},{\"@type\":\"Person\",\"@id\":\"https:\/\/brasilnoticias.org\/site\/#\/schema\/person\/03bbbfe6c7634ad18c26444ea39049fa\",\"name\":\"Reda\u00e7\u00e3o\",\"image\":{\"@type\":\"ImageObject\",\"inLanguage\":\"pt-PT\",\"@id\":\"https:\/\/brasilnoticias.org\/site\/#\/schema\/person\/image\/\",\"url\":\"https:\/\/secure.gravatar.com\/avatar\/9ecaf7327a696cb23ad926fedded5f1f04d7049de9e445375d55b48c001a6e42?s=96&d=mm&r=g\",\"contentUrl\":\"https:\/\/secure.gravatar.com\/avatar\/9ecaf7327a696cb23ad926fedded5f1f04d7049de9e445375d55b48c001a6e42?s=96&d=mm&r=g\",\"caption\":\"Reda\u00e7\u00e3o\"},\"url\":\"https:\/\/brasilnoticias.org\/site\/author\/henrique\/\"}]}<\/script>\n<!-- \/ Yoast SEO plugin. -->","yoast_head_json":{"title":"Salvador tem aumento de 117% de eleitores em vota\u00e7\u00e3o para conselheiros tutelares - Brasil not\u00edcias","robots":{"index":"index","follow":"follow","max-snippet":"max-snippet:-1","max-image-preview":"max-image-preview:large","max-video-preview":"max-video-preview:-1"},"canonical":"https:\/\/brasilnoticias.org\/site\/salvador-tem-aumento-de-117-de-eleitores-em-votacao-para-conselheiros-tutelares\/","og_locale":"pt_PT","og_type":"article","og_title":"Salvador tem aumento de 117% de eleitores em vota\u00e7\u00e3o para conselheiros tutelares - Brasil not\u00edcias","og_description":"Os 120 conselheiros e conselheiras eleitos passar\u00e3o por capacita\u00e7\u00e3o e tomar\u00e3o posse no dia 10 de janeiro de 2024 O","og_url":"https:\/\/brasilnoticias.org\/site\/salvador-tem-aumento-de-117-de-eleitores-em-votacao-para-conselheiros-tutelares\/","og_site_name":"Brasil not\u00edcias","article_published_time":"2023-10-03T11:10:12+00:00","og_image":[{"width":1600,"height":752,"url":"https:\/\/brasilnoticias.org\/site\/wp-content\/uploads\/2023\/10\/141560salvador-tem-aumento-de-117-de-eleitores-em-votacao-para-conselheiros-tutelares-3.jpg","type":"image\/jpeg"}],"author":"Reda\u00e7\u00e3o","twitter_card":"summary_large_image","twitter_misc":{"Escrito por":"Reda\u00e7\u00e3o"},"schema":{"@context":"https:\/\/schema.org","@graph":[{"@type":"Article","@id":"https:\/\/brasilnoticias.org\/site\/salvador-tem-aumento-de-117-de-eleitores-em-votacao-para-conselheiros-tutelares\/#article","isPartOf":{"@id":"https:\/\/brasilnoticias.org\/site\/salvador-tem-aumento-de-117-de-eleitores-em-votacao-para-conselheiros-tutelares\/"},"author":{"name":"Reda\u00e7\u00e3o","@id":"https:\/\/brasilnoticias.org\/site\/#\/schema\/person\/03bbbfe6c7634ad18c26444ea39049fa"},"headline":"Salvador tem aumento de 117% de eleitores em vota\u00e7\u00e3o para conselheiros tutelares","datePublished":"2023-10-03T11:10:12+00:00","mainEntityOfPage":{"@id":"https:\/\/brasilnoticias.org\/site\/salvador-tem-aumento-de-117-de-eleitores-em-votacao-para-conselheiros-tutelares\/"},"wordCount":197,"commentCount":0,"publisher":{"@id":"https:\/\/brasilnoticias.org\/site\/#organization"},"image":{"@id":"https:\/\/brasilnoticias.org\/site\/salvador-tem-aumento-de-117-de-eleitores-em-votacao-para-conselheiros-tutelares\/#primaryimage"},"thumbnailUrl":"https:\/\/brasilnoticias.org\/site\/wp-content\/uploads\/2023\/10\/141560salvador-tem-aumento-de-117-de-eleitores-em-votacao-para-conselheiros-tutelares-3.jpg","articleSection":["Not\u00edcias","\u00daltimas"],"inLanguage":"pt-PT","potentialAction":[{"@type":"CommentAction","name":"Comment","target":["https:\/\/brasilnoticias.org\/site\/salvador-tem-aumento-de-117-de-eleitores-em-votacao-para-conselheiros-tutelares\/#respond"]}]},{"@type":"WebPage","@id":"https:\/\/brasilnoticias.org\/site\/salvador-tem-aumento-de-117-de-eleitores-em-votacao-para-conselheiros-tutelares\/","url":"https:\/\/brasilnoticias.org\/site\/salvador-tem-aumento-de-117-de-eleitores-em-votacao-para-conselheiros-tutelares\/","name":"Salvador tem aumento de 117% de eleitores em vota\u00e7\u00e3o para conselheiros tutelares - Brasil not\u00edcias","isPartOf":{"@id":"https:\/\/brasilnoticias.org\/site\/#website"},"primaryImageOfPage":{"@id":"https:\/\/brasilnoticias.org\/site\/salvador-tem-aumento-de-117-de-eleitores-em-votacao-para-conselheiros-tutelares\/#primaryimage"},"image":{"@id":"https:\/\/brasilnoticias.org\/site\/salvador-tem-aumento-de-117-de-eleitores-em-votacao-para-conselheiros-tutelares\/#primaryimage"},"thumbnailUrl":"https:\/\/brasilnoticias.org\/site\/wp-content\/uploads\/2023\/10\/141560salvador-tem-aumento-de-117-de-eleitores-em-votacao-para-conselheiros-tutelares-3.jpg","datePublished":"2023-10-03T11:10:12+00:00","breadcrumb":{"@id":"https:\/\/brasilnoticias.org\/site\/salvador-tem-aumento-de-117-de-eleitores-em-votacao-para-conselheiros-tutelares\/#breadcrumb"},"inLanguage":"pt-PT","potentialAction":[{"@type":"ReadAction","target":["https:\/\/brasilnoticias.org\/site\/salvador-tem-aumento-de-117-de-eleitores-em-votacao-para-conselheiros-tutelares\/"]}]},{"@type":"ImageObject","inLanguage":"pt-PT","@id":"https:\/\/brasilnoticias.org\/site\/salvador-tem-aumento-de-117-de-eleitores-em-votacao-para-conselheiros-tutelares\/#primaryimage","url":"https:\/\/brasilnoticias.org\/site\/wp-content\/uploads\/2023\/10\/141560salvador-tem-aumento-de-117-de-eleitores-em-votacao-para-conselheiros-tutelares-3.jpg","contentUrl":"https:\/\/brasilnoticias.org\/site\/wp-content\/uploads\/2023\/10\/141560salvador-tem-aumento-de-117-de-eleitores-em-votacao-para-conselheiros-tutelares-3.jpg","width":1600,"height":752},{"@type":"BreadcrumbList","@id":"https:\/\/brasilnoticias.org\/site\/salvador-tem-aumento-de-117-de-eleitores-em-votacao-para-conselheiros-tutelares\/#breadcrumb","itemListElement":[{"@type":"ListItem","position":1,"name":"In\u00edcio","item":"https:\/\/brasilnoticias.org\/site\/"},{"@type":"ListItem","position":2,"name":"Salvador tem aumento de 117% de eleitores em vota\u00e7\u00e3o para conselheiros tutelares"}]},{"@type":"WebSite","@id":"https:\/\/brasilnoticias.org\/site\/#website","url":"https:\/\/brasilnoticias.org\/site\/","name":"Brasil not\u00edcias","description":"Brasil not\u00edcias","publisher":{"@id":"https:\/\/brasilnoticias.org\/site\/#organization"},"potentialAction":[{"@type":"SearchAction","target":{"@type":"EntryPoint","urlTemplate":"https:\/\/brasilnoticias.org\/site\/?s={search_term_string}"},"query-input":{"@type":"PropertyValueSpecification","valueRequired":true,"valueName":"search_term_string"}}],"inLanguage":"pt-PT"},{"@type":"Organization","@id":"https:\/\/brasilnoticias.org\/site\/#organization","name":"Brasil not\u00edcias","url":"https:\/\/brasilnoticias.org\/site\/","logo":{"@type":"ImageObject","inLanguage":"pt-PT","@id":"https:\/\/brasilnoticias.org\/site\/#\/schema\/logo\/image\/","url":"https:\/\/brasilnoticias.org\/site\/wp-content\/uploads\/2022\/05\/cropped-brasilnoticias-mini.jpg","contentUrl":"https:\/\/brasilnoticias.org\/site\/wp-content\/uploads\/2022\/05\/cropped-brasilnoticias-mini.jpg","width":314,"height":86,"caption":"Brasil not\u00edcias"},"image":{"@id":"https:\/\/brasilnoticias.org\/site\/#\/schema\/logo\/image\/"}},{"@type":"Person","@id":"https:\/\/brasilnoticias.org\/site\/#\/schema\/person\/03bbbfe6c7634ad18c26444ea39049fa","name":"Reda\u00e7\u00e3o","image":{"@type":"ImageObject","inLanguage":"pt-PT","@id":"https:\/\/brasilnoticias.org\/site\/#\/schema\/person\/image\/","url":"https:\/\/secure.gravatar.com\/avatar\/9ecaf7327a696cb23ad926fedded5f1f04d7049de9e445375d55b48c001a6e42?s=96&d=mm&r=g","contentUrl":"https:\/\/secure.gravatar.com\/avatar\/9ecaf7327a696cb23ad926fedded5f1f04d7049de9e445375d55b48c001a6e42?s=96&d=mm&r=g","caption":"Reda\u00e7\u00e3o"},"url":"https:\/\/brasilnoticias.org\/site\/author\/henrique\/"}]}},"_links":{"self":[{"href":"https:\/\/brasilnoticias.org\/site\/wp-json\/wp\/v2\/posts\/9818","targetHints":{"allow":["GET"]}}],"collection":[{"href":"https:\/\/brasilnoticias.org\/site\/wp-json\/wp\/v2\/posts"}],"about":[{"href":"https:\/\/brasilnoticias.org\/site\/wp-json\/wp\/v2\/types\/post"}],"author":[{"embeddable":true,"href":"https:\/\/brasilnoticias.org\/site\/wp-json\/wp\/v2\/users\/4"}],"replies":[{"embeddable":true,"href":"https:\/\/brasilnoticias.org\/site\/wp-json\/wp\/v2\/comments?post=9818"}],"version-history":[{"count":1,"href":"https:\/\/brasilnoticias.org\/site\/wp-json\/wp\/v2\/posts\/9818\/revisions"}],"predecessor-version":[{"id":9820,"href":"https:\/\/brasilnoticias.org\/site\/wp-json\/wp\/v2\/posts\/9818\/revisions\/9820"}],"wp:featuredmedia":[{"embeddable":true,"href":"https:\/\/brasilnoticias.org\/site\/wp-json\/wp\/v2\/media\/9819"}],"wp:attachment":[{"href":"https:\/\/brasilnoticias.org\/site\/wp-json\/wp\/v2\/media?parent=9818"}],"wp:term":[{"taxonomy":"category","embeddable":true,"href":"https:\/\/brasilnoticias.org\/site\/wp-json\/wp\/v2\/categories?post=9818"},{"taxonomy":"post_tag","embeddable":true,"href":"https:\/\/brasilnoticias.org\/site\/wp-json\/wp\/v2\/tags?post=9818"}],"curies":[{"name":"wp","href":"https:\/\/api.w.org\/{rel}","templated":true}]}}