{"id":984,"date":"2022-07-09T20:25:02","date_gmt":"2022-07-09T23:25:02","guid":{"rendered":"https:\/\/brasilnoticias.org\/site\/?p=984"},"modified":"2022-07-09T20:25:02","modified_gmt":"2022-07-09T23:25:02","slug":"foragido-e-preso-no-es-por-envolvimento-em-esquema-de-propina-para-licencas-ambientais","status":"publish","type":"post","link":"https:\/\/brasilnoticias.org\/site\/foragido-e-preso-no-es-por-envolvimento-em-esquema-de-propina-para-licencas-ambientais\/","title":{"rendered":"Foragido \u00e9 preso no ES por envolvimento em esquema de propina para licen\u00e7as ambientais"},"content":{"rendered":"<p>Um fiscal ambiental, foragido desde fevereiro por suspeita de envolvimento em um esquema de propina para licen\u00e7as ambientais no sul da Bahia, foi preso nesta sexta-feira (8), no munic\u00edpio de S\u00e3o Gabriel da Palha-ES. A busca para localiza\u00e7\u00e3o do fugitivo contou com o apoio da Pol\u00edcia Federal e da Pol\u00edcia Civil do Esp\u00edrito Santo.<\/p>\n<div id=\"div-gpt-ad-bn_justica_conteudo\"><\/div>\n<p>&nbsp;<\/p>\n<p>A pris\u00e3o foi determinada pela Justi\u00e7a em fevereiro, atendendo a uma den\u00fancia do Minist\u00e9rio P\u00fablico da Bahia (MP-BA), por meio do Grupo Especial de Combate ao Crime Organizado (Gaeco). Ele foi condenado pelo crime de associa\u00e7\u00e3o criminosa e a pris\u00e3o foi decretada pela Justi\u00e7a com base nas den\u00fancias feitas pelo Gaeco no \u00e2mbito da \u201cOpera\u00e7\u00e3o Saneamento\u201d.<\/p>\n<p>&nbsp;<\/p>\n<p>A \u201cOpera\u00e7\u00e3o Saneamento\u201d j\u00e1 havia resultado na pris\u00e3o de outros dois fiscais municipais de meio ambiente envolvidos em esquema de propina para licen\u00e7as ambientais no sul da Bahia.<\/p>\n<p>&nbsp;<\/p>\n<p>As investiga\u00e7\u00f5es do MP-BA ainda apuraram ind\u00edcios da pr\u00e1tica de corrup\u00e7\u00e3o por dois ex-secret\u00e1rios municipais e tr\u00eas fiscais ambientais lotados na Secretaria do Meio Ambiente de Porto Seguro.<\/p>\n<p>&nbsp;<\/p>\n<p>Foram coletadas evid\u00eancias da exist\u00eancia de um esquema de corrup\u00e7\u00e3o na Secretaria de Obras e Meio Ambiente, desde as gest\u00f5es de 2016 e 2017 e identificada uma associa\u00e7\u00e3o criminosa que pode ser dividida em um n\u00facleo p\u00fablico, formado pelos fiscais ambientais e um antigo secret\u00e1rio municipal, e um n\u00facleo privado, formado por duas pessoas que se associaram no intuito de angariar, de forma il\u00edcita, vantagens pecuni\u00e1rias decorrentes da atividade de fiscaliza\u00e7\u00e3o ambiental na regi\u00e3o de Porto Seguro, Arraial d&#8217;Ajuda e Trancoso.<\/p>\n<p>De acordo com o MP-BA, as investiga\u00e7\u00f5es revelaram o recebimento de vantagens indevidas para a concess\u00e3o de licen\u00e7as ambientais e de implanta\u00e7\u00e3o para instala\u00e7\u00e3o de empreendimentos imobili\u00e1rios na regi\u00e3o<\/p>\n<p>&nbsp;<\/p>\n<p>&nbsp;<\/p>\n<p>Bnews<\/p>\n<p>&nbsp;<\/p>\n","protected":false},"excerpt":{"rendered":"<p>Um fiscal ambiental, foragido desde fevereiro por suspeita de envolvimento em um esquema de propina para licen\u00e7as ambientais no sul<\/p>\n","protected":false},"author":2,"featured_media":985,"comment_status":"open","ping_status":"open","sticky":false,"template":"","format":"standard","meta":{"colormag_page_container_layout":"default_layout","colormag_page_sidebar_layout":"default_layout","_FSMCFIC_featured_image_caption":"","_FSMCFIC_featured_image_nocaption":"","_FSMCFIC_featured_image_hide":"","footnotes":""},"categories":[7,1],"tags":[],"class_list":["post-984","post","type-post","status-publish","format-standard","has-post-thumbnail","hentry","category-justica","category-ultimas"],"yoast_head":"<!-- This site is optimized with the Yoast SEO plugin v27.1.1 - https:\/\/yoast.com\/product\/yoast-seo-wordpress\/ -->\n<title>Foragido \u00e9 preso no ES por envolvimento em esquema de propina para licen\u00e7as ambientais - Brasil not\u00edcias<\/title>\n<meta name=\"robots\" content=\"index, follow, max-snippet:-1, max-image-preview:large, max-video-preview:-1\" \/>\n<link rel=\"canonical\" href=\"https:\/\/brasilnoticias.org\/site\/foragido-e-preso-no-es-por-envolvimento-em-esquema-de-propina-para-licencas-ambientais\/\" \/>\n<meta property=\"og:locale\" content=\"pt_PT\" \/>\n<meta property=\"og:type\" content=\"article\" \/>\n<meta property=\"og:title\" content=\"Foragido \u00e9 preso no ES por envolvimento em esquema de propina para licen\u00e7as ambientais - Brasil not\u00edcias\" \/>\n<meta property=\"og:description\" content=\"Um fiscal ambiental, foragido desde fevereiro por suspeita de envolvimento em um esquema de propina para licen\u00e7as ambientais no sul\" \/>\n<meta property=\"og:url\" content=\"https:\/\/brasilnoticias.org\/site\/foragido-e-preso-no-es-por-envolvimento-em-esquema-de-propina-para-licencas-ambientais\/\" \/>\n<meta property=\"og:site_name\" content=\"Brasil not\u00edcias\" \/>\n<meta property=\"article:published_time\" content=\"2022-07-09T23:25:02+00:00\" \/>\n<meta property=\"og:image\" content=\"https:\/\/brasilnoticias.org\/site\/wp-content\/uploads\/2022\/07\/IMAGEM_NOTICIA_5.jpg\" \/>\n\t<meta property=\"og:image:width\" content=\"380\" \/>\n\t<meta property=\"og:image:height\" content=\"280\" \/>\n\t<meta property=\"og:image:type\" content=\"image\/jpeg\" \/>\n<meta name=\"author\" content=\"Reda\u00e7\u00e3o\" \/>\n<meta name=\"twitter:card\" content=\"summary_large_image\" \/>\n<meta name=\"twitter:label1\" content=\"Escrito por\" \/>\n\t<meta name=\"twitter:data1\" content=\"Reda\u00e7\u00e3o\" \/>\n\t<meta name=\"twitter:label2\" content=\"Tempo estimado de leitura\" \/>\n\t<meta name=\"twitter:data2\" content=\"2 minutos\" \/>\n<script type=\"application\/ld+json\" class=\"yoast-schema-graph\">{\"@context\":\"https:\/\/schema.org\",\"@graph\":[{\"@type\":\"Article\",\"@id\":\"https:\/\/brasilnoticias.org\/site\/foragido-e-preso-no-es-por-envolvimento-em-esquema-de-propina-para-licencas-ambientais\/#article\",\"isPartOf\":{\"@id\":\"https:\/\/brasilnoticias.org\/site\/foragido-e-preso-no-es-por-envolvimento-em-esquema-de-propina-para-licencas-ambientais\/\"},\"author\":{\"name\":\"Reda\u00e7\u00e3o\",\"@id\":\"https:\/\/brasilnoticias.org\/site\/#\/schema\/person\/f609fa847b5314f1c8b983342f34c798\"},\"headline\":\"Foragido \u00e9 preso no ES por envolvimento em esquema de propina para licen\u00e7as ambientais\",\"datePublished\":\"2022-07-09T23:25:02+00:00\",\"mainEntityOfPage\":{\"@id\":\"https:\/\/brasilnoticias.org\/site\/foragido-e-preso-no-es-por-envolvimento-em-esquema-de-propina-para-licencas-ambientais\/\"},\"wordCount\":341,\"commentCount\":0,\"publisher\":{\"@id\":\"https:\/\/brasilnoticias.org\/site\/#organization\"},\"image\":{\"@id\":\"https:\/\/brasilnoticias.org\/site\/foragido-e-preso-no-es-por-envolvimento-em-esquema-de-propina-para-licencas-ambientais\/#primaryimage\"},\"thumbnailUrl\":\"https:\/\/brasilnoticias.org\/site\/wp-content\/uploads\/2022\/07\/IMAGEM_NOTICIA_5.jpg\",\"articleSection\":[\"Justi\u00e7a\",\"\u00daltimas\"],\"inLanguage\":\"pt-PT\",\"potentialAction\":[{\"@type\":\"CommentAction\",\"name\":\"Comment\",\"target\":[\"https:\/\/brasilnoticias.org\/site\/foragido-e-preso-no-es-por-envolvimento-em-esquema-de-propina-para-licencas-ambientais\/#respond\"]}]},{\"@type\":\"WebPage\",\"@id\":\"https:\/\/brasilnoticias.org\/site\/foragido-e-preso-no-es-por-envolvimento-em-esquema-de-propina-para-licencas-ambientais\/\",\"url\":\"https:\/\/brasilnoticias.org\/site\/foragido-e-preso-no-es-por-envolvimento-em-esquema-de-propina-para-licencas-ambientais\/\",\"name\":\"Foragido \u00e9 preso no ES por envolvimento em esquema de propina para licen\u00e7as ambientais - Brasil not\u00edcias\",\"isPartOf\":{\"@id\":\"https:\/\/brasilnoticias.org\/site\/#website\"},\"primaryImageOfPage\":{\"@id\":\"https:\/\/brasilnoticias.org\/site\/foragido-e-preso-no-es-por-envolvimento-em-esquema-de-propina-para-licencas-ambientais\/#primaryimage\"},\"image\":{\"@id\":\"https:\/\/brasilnoticias.org\/site\/foragido-e-preso-no-es-por-envolvimento-em-esquema-de-propina-para-licencas-ambientais\/#primaryimage\"},\"thumbnailUrl\":\"https:\/\/brasilnoticias.org\/site\/wp-content\/uploads\/2022\/07\/IMAGEM_NOTICIA_5.jpg\",\"datePublished\":\"2022-07-09T23:25:02+00:00\",\"breadcrumb\":{\"@id\":\"https:\/\/brasilnoticias.org\/site\/foragido-e-preso-no-es-por-envolvimento-em-esquema-de-propina-para-licencas-ambientais\/#breadcrumb\"},\"inLanguage\":\"pt-PT\",\"potentialAction\":[{\"@type\":\"ReadAction\",\"target\":[\"https:\/\/brasilnoticias.org\/site\/foragido-e-preso-no-es-por-envolvimento-em-esquema-de-propina-para-licencas-ambientais\/\"]}]},{\"@type\":\"ImageObject\",\"inLanguage\":\"pt-PT\",\"@id\":\"https:\/\/brasilnoticias.org\/site\/foragido-e-preso-no-es-por-envolvimento-em-esquema-de-propina-para-licencas-ambientais\/#primaryimage\",\"url\":\"https:\/\/brasilnoticias.org\/site\/wp-content\/uploads\/2022\/07\/IMAGEM_NOTICIA_5.jpg\",\"contentUrl\":\"https:\/\/brasilnoticias.org\/site\/wp-content\/uploads\/2022\/07\/IMAGEM_NOTICIA_5.jpg\",\"width\":380,\"height\":280},{\"@type\":\"BreadcrumbList\",\"@id\":\"https:\/\/brasilnoticias.org\/site\/foragido-e-preso-no-es-por-envolvimento-em-esquema-de-propina-para-licencas-ambientais\/#breadcrumb\",\"itemListElement\":[{\"@type\":\"ListItem\",\"position\":1,\"name\":\"In\u00edcio\",\"item\":\"https:\/\/brasilnoticias.org\/site\/\"},{\"@type\":\"ListItem\",\"position\":2,\"name\":\"Foragido \u00e9 preso no ES por envolvimento em esquema de propina para licen\u00e7as ambientais\"}]},{\"@type\":\"WebSite\",\"@id\":\"https:\/\/brasilnoticias.org\/site\/#website\",\"url\":\"https:\/\/brasilnoticias.org\/site\/\",\"name\":\"Brasil not\u00edcias\",\"description\":\"Brasil not\u00edcias\",\"publisher\":{\"@id\":\"https:\/\/brasilnoticias.org\/site\/#organization\"},\"potentialAction\":[{\"@type\":\"SearchAction\",\"target\":{\"@type\":\"EntryPoint\",\"urlTemplate\":\"https:\/\/brasilnoticias.org\/site\/?s={search_term_string}\"},\"query-input\":{\"@type\":\"PropertyValueSpecification\",\"valueRequired\":true,\"valueName\":\"search_term_string\"}}],\"inLanguage\":\"pt-PT\"},{\"@type\":\"Organization\",\"@id\":\"https:\/\/brasilnoticias.org\/site\/#organization\",\"name\":\"Brasil not\u00edcias\",\"url\":\"https:\/\/brasilnoticias.org\/site\/\",\"logo\":{\"@type\":\"ImageObject\",\"inLanguage\":\"pt-PT\",\"@id\":\"https:\/\/brasilnoticias.org\/site\/#\/schema\/logo\/image\/\",\"url\":\"https:\/\/brasilnoticias.org\/site\/wp-content\/uploads\/2022\/05\/cropped-brasilnoticias-mini.jpg\",\"contentUrl\":\"https:\/\/brasilnoticias.org\/site\/wp-content\/uploads\/2022\/05\/cropped-brasilnoticias-mini.jpg\",\"width\":314,\"height\":86,\"caption\":\"Brasil not\u00edcias\"},\"image\":{\"@id\":\"https:\/\/brasilnoticias.org\/site\/#\/schema\/logo\/image\/\"}},{\"@type\":\"Person\",\"@id\":\"https:\/\/brasilnoticias.org\/site\/#\/schema\/person\/f609fa847b5314f1c8b983342f34c798\",\"name\":\"Reda\u00e7\u00e3o\",\"image\":{\"@type\":\"ImageObject\",\"inLanguage\":\"pt-PT\",\"@id\":\"https:\/\/brasilnoticias.org\/site\/#\/schema\/person\/image\/\",\"url\":\"https:\/\/secure.gravatar.com\/avatar\/447284c06c1ad8b46465a36de9cd0d8326b73387a22799b8b1ffb1fbcff2ed0c?s=96&d=mm&r=g\",\"contentUrl\":\"https:\/\/secure.gravatar.com\/avatar\/447284c06c1ad8b46465a36de9cd0d8326b73387a22799b8b1ffb1fbcff2ed0c?s=96&d=mm&r=g\",\"caption\":\"Reda\u00e7\u00e3o\"},\"url\":\"https:\/\/brasilnoticias.org\/site\/author\/redacao\/\"}]}<\/script>\n<!-- \/ Yoast SEO plugin. -->","yoast_head_json":{"title":"Foragido \u00e9 preso no ES por envolvimento em esquema de propina para licen\u00e7as ambientais - Brasil not\u00edcias","robots":{"index":"index","follow":"follow","max-snippet":"max-snippet:-1","max-image-preview":"max-image-preview:large","max-video-preview":"max-video-preview:-1"},"canonical":"https:\/\/brasilnoticias.org\/site\/foragido-e-preso-no-es-por-envolvimento-em-esquema-de-propina-para-licencas-ambientais\/","og_locale":"pt_PT","og_type":"article","og_title":"Foragido \u00e9 preso no ES por envolvimento em esquema de propina para licen\u00e7as ambientais - Brasil not\u00edcias","og_description":"Um fiscal ambiental, foragido desde fevereiro por suspeita de envolvimento em um esquema de propina para licen\u00e7as ambientais no sul","og_url":"https:\/\/brasilnoticias.org\/site\/foragido-e-preso-no-es-por-envolvimento-em-esquema-de-propina-para-licencas-ambientais\/","og_site_name":"Brasil not\u00edcias","article_published_time":"2022-07-09T23:25:02+00:00","og_image":[{"width":380,"height":280,"url":"https:\/\/brasilnoticias.org\/site\/wp-content\/uploads\/2022\/07\/IMAGEM_NOTICIA_5.jpg","type":"image\/jpeg"}],"author":"Reda\u00e7\u00e3o","twitter_card":"summary_large_image","twitter_misc":{"Escrito por":"Reda\u00e7\u00e3o","Tempo estimado de leitura":"2 minutos"},"schema":{"@context":"https:\/\/schema.org","@graph":[{"@type":"Article","@id":"https:\/\/brasilnoticias.org\/site\/foragido-e-preso-no-es-por-envolvimento-em-esquema-de-propina-para-licencas-ambientais\/#article","isPartOf":{"@id":"https:\/\/brasilnoticias.org\/site\/foragido-e-preso-no-es-por-envolvimento-em-esquema-de-propina-para-licencas-ambientais\/"},"author":{"name":"Reda\u00e7\u00e3o","@id":"https:\/\/brasilnoticias.org\/site\/#\/schema\/person\/f609fa847b5314f1c8b983342f34c798"},"headline":"Foragido \u00e9 preso no ES por envolvimento em esquema de propina para licen\u00e7as ambientais","datePublished":"2022-07-09T23:25:02+00:00","mainEntityOfPage":{"@id":"https:\/\/brasilnoticias.org\/site\/foragido-e-preso-no-es-por-envolvimento-em-esquema-de-propina-para-licencas-ambientais\/"},"wordCount":341,"commentCount":0,"publisher":{"@id":"https:\/\/brasilnoticias.org\/site\/#organization"},"image":{"@id":"https:\/\/brasilnoticias.org\/site\/foragido-e-preso-no-es-por-envolvimento-em-esquema-de-propina-para-licencas-ambientais\/#primaryimage"},"thumbnailUrl":"https:\/\/brasilnoticias.org\/site\/wp-content\/uploads\/2022\/07\/IMAGEM_NOTICIA_5.jpg","articleSection":["Justi\u00e7a","\u00daltimas"],"inLanguage":"pt-PT","potentialAction":[{"@type":"CommentAction","name":"Comment","target":["https:\/\/brasilnoticias.org\/site\/foragido-e-preso-no-es-por-envolvimento-em-esquema-de-propina-para-licencas-ambientais\/#respond"]}]},{"@type":"WebPage","@id":"https:\/\/brasilnoticias.org\/site\/foragido-e-preso-no-es-por-envolvimento-em-esquema-de-propina-para-licencas-ambientais\/","url":"https:\/\/brasilnoticias.org\/site\/foragido-e-preso-no-es-por-envolvimento-em-esquema-de-propina-para-licencas-ambientais\/","name":"Foragido \u00e9 preso no ES por envolvimento em esquema de propina para licen\u00e7as ambientais - Brasil not\u00edcias","isPartOf":{"@id":"https:\/\/brasilnoticias.org\/site\/#website"},"primaryImageOfPage":{"@id":"https:\/\/brasilnoticias.org\/site\/foragido-e-preso-no-es-por-envolvimento-em-esquema-de-propina-para-licencas-ambientais\/#primaryimage"},"image":{"@id":"https:\/\/brasilnoticias.org\/site\/foragido-e-preso-no-es-por-envolvimento-em-esquema-de-propina-para-licencas-ambientais\/#primaryimage"},"thumbnailUrl":"https:\/\/brasilnoticias.org\/site\/wp-content\/uploads\/2022\/07\/IMAGEM_NOTICIA_5.jpg","datePublished":"2022-07-09T23:25:02+00:00","breadcrumb":{"@id":"https:\/\/brasilnoticias.org\/site\/foragido-e-preso-no-es-por-envolvimento-em-esquema-de-propina-para-licencas-ambientais\/#breadcrumb"},"inLanguage":"pt-PT","potentialAction":[{"@type":"ReadAction","target":["https:\/\/brasilnoticias.org\/site\/foragido-e-preso-no-es-por-envolvimento-em-esquema-de-propina-para-licencas-ambientais\/"]}]},{"@type":"ImageObject","inLanguage":"pt-PT","@id":"https:\/\/brasilnoticias.org\/site\/foragido-e-preso-no-es-por-envolvimento-em-esquema-de-propina-para-licencas-ambientais\/#primaryimage","url":"https:\/\/brasilnoticias.org\/site\/wp-content\/uploads\/2022\/07\/IMAGEM_NOTICIA_5.jpg","contentUrl":"https:\/\/brasilnoticias.org\/site\/wp-content\/uploads\/2022\/07\/IMAGEM_NOTICIA_5.jpg","width":380,"height":280},{"@type":"BreadcrumbList","@id":"https:\/\/brasilnoticias.org\/site\/foragido-e-preso-no-es-por-envolvimento-em-esquema-de-propina-para-licencas-ambientais\/#breadcrumb","itemListElement":[{"@type":"ListItem","position":1,"name":"In\u00edcio","item":"https:\/\/brasilnoticias.org\/site\/"},{"@type":"ListItem","position":2,"name":"Foragido \u00e9 preso no ES por envolvimento em esquema de propina para licen\u00e7as ambientais"}]},{"@type":"WebSite","@id":"https:\/\/brasilnoticias.org\/site\/#website","url":"https:\/\/brasilnoticias.org\/site\/","name":"Brasil not\u00edcias","description":"Brasil not\u00edcias","publisher":{"@id":"https:\/\/brasilnoticias.org\/site\/#organization"},"potentialAction":[{"@type":"SearchAction","target":{"@type":"EntryPoint","urlTemplate":"https:\/\/brasilnoticias.org\/site\/?s={search_term_string}"},"query-input":{"@type":"PropertyValueSpecification","valueRequired":true,"valueName":"search_term_string"}}],"inLanguage":"pt-PT"},{"@type":"Organization","@id":"https:\/\/brasilnoticias.org\/site\/#organization","name":"Brasil not\u00edcias","url":"https:\/\/brasilnoticias.org\/site\/","logo":{"@type":"ImageObject","inLanguage":"pt-PT","@id":"https:\/\/brasilnoticias.org\/site\/#\/schema\/logo\/image\/","url":"https:\/\/brasilnoticias.org\/site\/wp-content\/uploads\/2022\/05\/cropped-brasilnoticias-mini.jpg","contentUrl":"https:\/\/brasilnoticias.org\/site\/wp-content\/uploads\/2022\/05\/cropped-brasilnoticias-mini.jpg","width":314,"height":86,"caption":"Brasil not\u00edcias"},"image":{"@id":"https:\/\/brasilnoticias.org\/site\/#\/schema\/logo\/image\/"}},{"@type":"Person","@id":"https:\/\/brasilnoticias.org\/site\/#\/schema\/person\/f609fa847b5314f1c8b983342f34c798","name":"Reda\u00e7\u00e3o","image":{"@type":"ImageObject","inLanguage":"pt-PT","@id":"https:\/\/brasilnoticias.org\/site\/#\/schema\/person\/image\/","url":"https:\/\/secure.gravatar.com\/avatar\/447284c06c1ad8b46465a36de9cd0d8326b73387a22799b8b1ffb1fbcff2ed0c?s=96&d=mm&r=g","contentUrl":"https:\/\/secure.gravatar.com\/avatar\/447284c06c1ad8b46465a36de9cd0d8326b73387a22799b8b1ffb1fbcff2ed0c?s=96&d=mm&r=g","caption":"Reda\u00e7\u00e3o"},"url":"https:\/\/brasilnoticias.org\/site\/author\/redacao\/"}]}},"_links":{"self":[{"href":"https:\/\/brasilnoticias.org\/site\/wp-json\/wp\/v2\/posts\/984","targetHints":{"allow":["GET"]}}],"collection":[{"href":"https:\/\/brasilnoticias.org\/site\/wp-json\/wp\/v2\/posts"}],"about":[{"href":"https:\/\/brasilnoticias.org\/site\/wp-json\/wp\/v2\/types\/post"}],"author":[{"embeddable":true,"href":"https:\/\/brasilnoticias.org\/site\/wp-json\/wp\/v2\/users\/2"}],"replies":[{"embeddable":true,"href":"https:\/\/brasilnoticias.org\/site\/wp-json\/wp\/v2\/comments?post=984"}],"version-history":[{"count":1,"href":"https:\/\/brasilnoticias.org\/site\/wp-json\/wp\/v2\/posts\/984\/revisions"}],"predecessor-version":[{"id":986,"href":"https:\/\/brasilnoticias.org\/site\/wp-json\/wp\/v2\/posts\/984\/revisions\/986"}],"wp:featuredmedia":[{"embeddable":true,"href":"https:\/\/brasilnoticias.org\/site\/wp-json\/wp\/v2\/media\/985"}],"wp:attachment":[{"href":"https:\/\/brasilnoticias.org\/site\/wp-json\/wp\/v2\/media?parent=984"}],"wp:term":[{"taxonomy":"category","embeddable":true,"href":"https:\/\/brasilnoticias.org\/site\/wp-json\/wp\/v2\/categories?post=984"},{"taxonomy":"post_tag","embeddable":true,"href":"https:\/\/brasilnoticias.org\/site\/wp-json\/wp\/v2\/tags?post=984"}],"curies":[{"name":"wp","href":"https:\/\/api.w.org\/{rel}","templated":true}]}}