{"id":9843,"date":"2023-10-04T07:00:56","date_gmt":"2023-10-04T10:00:56","guid":{"rendered":"https:\/\/brasilnoticias.org\/site\/?p=9843"},"modified":"2023-10-03T19:40:15","modified_gmt":"2023-10-03T22:40:15","slug":"autodeclarada-branca-deputada-baiana-fatima-nunes-diz-em-discurso-ter-orgulho-de-ser-preta","status":"publish","type":"post","link":"https:\/\/brasilnoticias.org\/site\/autodeclarada-branca-deputada-baiana-fatima-nunes-diz-em-discurso-ter-orgulho-de-ser-preta\/","title":{"rendered":"Autodeclarada branca, deputada baiana Fatima Nunes diz em discurso ter &#8220;orgulho de ser preta&#8221;"},"content":{"rendered":"<p>Ap\u00f3s a sess\u00e3o plen\u00e1ria, a contradi\u00e7\u00e3o da vice-l\u00edder do PT na AL-BA repercutiu nas redes sociais<\/p>\n<p>Durante sess\u00e3o plen\u00e1ria desta ter\u00e7a-feira (3), a vice-l\u00edder do PT na Assembleia Legislativa da Bahia (AL-BA), F\u00e1tima Nunes, disse ter \u201corgulho de ser preta\u201d. A fala, no entanto, repercutiu devido ao fato de que a deputada estadual se autodeclara branca, como consta na ficha eleitoral de 2022.<\/p>\n<p>\u201cPor isso, hoje encerro minhas palavras, dizendo a todos e a todas do meu orgulho de ser preta, de ser pobre, de ser mulher, mas estar aqui no 6\u00ba mandato, para lutar para que nossas comunidades tenham o direito de viver e viver com tranquilidade nos lugares onde est\u00e3o, principalmente na agricultura familiar\u201d, afirmou.<\/p>\n<p>A declara\u00e7\u00e3o foi feita em comemora\u00e7\u00e3o ao fato de que se completou um ano desde o segundo turno do pleito de 2022. Nunes defendeu as pol\u00edticas p\u00fablicas e de cotas raciais que o governo do presidente Luiz In\u00e1cio Lula da Silva (PT) retomou.<\/p>\n<p>Foto: Divulga\u00e7\u00e3o\/AL-BA<br \/>\nPor: Metro1<\/p>\n","protected":false},"excerpt":{"rendered":"<p>Ap\u00f3s a sess\u00e3o plen\u00e1ria, a contradi\u00e7\u00e3o da vice-l\u00edder do PT na AL-BA repercutiu nas redes sociais Durante sess\u00e3o plen\u00e1ria desta<\/p>\n","protected":false},"author":4,"featured_media":9844,"comment_status":"open","ping_status":"open","sticky":false,"template":"","format":"standard","meta":{"colormag_page_container_layout":"default_layout","colormag_page_sidebar_layout":"default_layout","_FSMCFIC_featured_image_caption":"","_FSMCFIC_featured_image_nocaption":"","_FSMCFIC_featured_image_hide":"","footnotes":""},"categories":[5,1],"tags":[],"class_list":["post-9843","post","type-post","status-publish","format-standard","has-post-thumbnail","hentry","category-politica","category-ultimas"],"yoast_head":"<!-- This site is optimized with the Yoast SEO plugin v27.1.1 - https:\/\/yoast.com\/product\/yoast-seo-wordpress\/ -->\n<title>Autodeclarada branca, deputada baiana Fatima Nunes diz em discurso ter &quot;orgulho de ser preta&quot; - Brasil not\u00edcias<\/title>\n<meta name=\"robots\" content=\"index, follow, max-snippet:-1, max-image-preview:large, max-video-preview:-1\" \/>\n<link rel=\"canonical\" href=\"https:\/\/brasilnoticias.org\/site\/autodeclarada-branca-deputada-baiana-fatima-nunes-diz-em-discurso-ter-orgulho-de-ser-preta\/\" \/>\n<meta property=\"og:locale\" content=\"pt_PT\" \/>\n<meta property=\"og:type\" content=\"article\" \/>\n<meta property=\"og:title\" content=\"Autodeclarada branca, deputada baiana Fatima Nunes diz em discurso ter &quot;orgulho de ser preta&quot; - Brasil not\u00edcias\" \/>\n<meta property=\"og:description\" content=\"Ap\u00f3s a sess\u00e3o plen\u00e1ria, a contradi\u00e7\u00e3o da vice-l\u00edder do PT na AL-BA repercutiu nas redes sociais Durante sess\u00e3o plen\u00e1ria desta\" \/>\n<meta property=\"og:url\" content=\"https:\/\/brasilnoticias.org\/site\/autodeclarada-branca-deputada-baiana-fatima-nunes-diz-em-discurso-ter-orgulho-de-ser-preta\/\" \/>\n<meta property=\"og:site_name\" content=\"Brasil not\u00edcias\" \/>\n<meta property=\"article:published_time\" content=\"2023-10-04T10:00:56+00:00\" \/>\n<meta property=\"og:image\" content=\"https:\/\/brasilnoticias.org\/site\/wp-content\/uploads\/2023\/10\/141622autodeclarada-branca-deputada-baiana-fatima-nunes-diz-em-discurso-ter-orgulho-de-ser-preta-3.jpg\" \/>\n\t<meta property=\"og:image:width\" content=\"1600\" \/>\n\t<meta property=\"og:image:height\" content=\"752\" \/>\n\t<meta property=\"og:image:type\" content=\"image\/jpeg\" \/>\n<meta name=\"author\" content=\"Reda\u00e7\u00e3o\" \/>\n<meta name=\"twitter:card\" content=\"summary_large_image\" \/>\n<meta name=\"twitter:label1\" content=\"Escrito por\" \/>\n\t<meta name=\"twitter:data1\" content=\"Reda\u00e7\u00e3o\" \/>\n<script type=\"application\/ld+json\" class=\"yoast-schema-graph\">{\"@context\":\"https:\/\/schema.org\",\"@graph\":[{\"@type\":\"Article\",\"@id\":\"https:\/\/brasilnoticias.org\/site\/autodeclarada-branca-deputada-baiana-fatima-nunes-diz-em-discurso-ter-orgulho-de-ser-preta\/#article\",\"isPartOf\":{\"@id\":\"https:\/\/brasilnoticias.org\/site\/autodeclarada-branca-deputada-baiana-fatima-nunes-diz-em-discurso-ter-orgulho-de-ser-preta\/\"},\"author\":{\"name\":\"Reda\u00e7\u00e3o\",\"@id\":\"https:\/\/brasilnoticias.org\/site\/#\/schema\/person\/03bbbfe6c7634ad18c26444ea39049fa\"},\"headline\":\"Autodeclarada branca, deputada baiana Fatima Nunes diz em discurso ter &#8220;orgulho de ser preta&#8221;\",\"datePublished\":\"2023-10-04T10:00:56+00:00\",\"mainEntityOfPage\":{\"@id\":\"https:\/\/brasilnoticias.org\/site\/autodeclarada-branca-deputada-baiana-fatima-nunes-diz-em-discurso-ter-orgulho-de-ser-preta\/\"},\"wordCount\":192,\"commentCount\":0,\"publisher\":{\"@id\":\"https:\/\/brasilnoticias.org\/site\/#organization\"},\"image\":{\"@id\":\"https:\/\/brasilnoticias.org\/site\/autodeclarada-branca-deputada-baiana-fatima-nunes-diz-em-discurso-ter-orgulho-de-ser-preta\/#primaryimage\"},\"thumbnailUrl\":\"https:\/\/brasilnoticias.org\/site\/wp-content\/uploads\/2023\/10\/141622autodeclarada-branca-deputada-baiana-fatima-nunes-diz-em-discurso-ter-orgulho-de-ser-preta-3.jpg\",\"articleSection\":[\"Pol\u00edtica\",\"\u00daltimas\"],\"inLanguage\":\"pt-PT\",\"potentialAction\":[{\"@type\":\"CommentAction\",\"name\":\"Comment\",\"target\":[\"https:\/\/brasilnoticias.org\/site\/autodeclarada-branca-deputada-baiana-fatima-nunes-diz-em-discurso-ter-orgulho-de-ser-preta\/#respond\"]}]},{\"@type\":\"WebPage\",\"@id\":\"https:\/\/brasilnoticias.org\/site\/autodeclarada-branca-deputada-baiana-fatima-nunes-diz-em-discurso-ter-orgulho-de-ser-preta\/\",\"url\":\"https:\/\/brasilnoticias.org\/site\/autodeclarada-branca-deputada-baiana-fatima-nunes-diz-em-discurso-ter-orgulho-de-ser-preta\/\",\"name\":\"Autodeclarada branca, deputada baiana Fatima Nunes diz em discurso ter \\\"orgulho de ser preta\\\" - Brasil not\u00edcias\",\"isPartOf\":{\"@id\":\"https:\/\/brasilnoticias.org\/site\/#website\"},\"primaryImageOfPage\":{\"@id\":\"https:\/\/brasilnoticias.org\/site\/autodeclarada-branca-deputada-baiana-fatima-nunes-diz-em-discurso-ter-orgulho-de-ser-preta\/#primaryimage\"},\"image\":{\"@id\":\"https:\/\/brasilnoticias.org\/site\/autodeclarada-branca-deputada-baiana-fatima-nunes-diz-em-discurso-ter-orgulho-de-ser-preta\/#primaryimage\"},\"thumbnailUrl\":\"https:\/\/brasilnoticias.org\/site\/wp-content\/uploads\/2023\/10\/141622autodeclarada-branca-deputada-baiana-fatima-nunes-diz-em-discurso-ter-orgulho-de-ser-preta-3.jpg\",\"datePublished\":\"2023-10-04T10:00:56+00:00\",\"breadcrumb\":{\"@id\":\"https:\/\/brasilnoticias.org\/site\/autodeclarada-branca-deputada-baiana-fatima-nunes-diz-em-discurso-ter-orgulho-de-ser-preta\/#breadcrumb\"},\"inLanguage\":\"pt-PT\",\"potentialAction\":[{\"@type\":\"ReadAction\",\"target\":[\"https:\/\/brasilnoticias.org\/site\/autodeclarada-branca-deputada-baiana-fatima-nunes-diz-em-discurso-ter-orgulho-de-ser-preta\/\"]}]},{\"@type\":\"ImageObject\",\"inLanguage\":\"pt-PT\",\"@id\":\"https:\/\/brasilnoticias.org\/site\/autodeclarada-branca-deputada-baiana-fatima-nunes-diz-em-discurso-ter-orgulho-de-ser-preta\/#primaryimage\",\"url\":\"https:\/\/brasilnoticias.org\/site\/wp-content\/uploads\/2023\/10\/141622autodeclarada-branca-deputada-baiana-fatima-nunes-diz-em-discurso-ter-orgulho-de-ser-preta-3.jpg\",\"contentUrl\":\"https:\/\/brasilnoticias.org\/site\/wp-content\/uploads\/2023\/10\/141622autodeclarada-branca-deputada-baiana-fatima-nunes-diz-em-discurso-ter-orgulho-de-ser-preta-3.jpg\",\"width\":1600,\"height\":752},{\"@type\":\"BreadcrumbList\",\"@id\":\"https:\/\/brasilnoticias.org\/site\/autodeclarada-branca-deputada-baiana-fatima-nunes-diz-em-discurso-ter-orgulho-de-ser-preta\/#breadcrumb\",\"itemListElement\":[{\"@type\":\"ListItem\",\"position\":1,\"name\":\"In\u00edcio\",\"item\":\"https:\/\/brasilnoticias.org\/site\/\"},{\"@type\":\"ListItem\",\"position\":2,\"name\":\"Autodeclarada branca, deputada baiana Fatima Nunes diz em discurso ter &#8220;orgulho de ser preta&#8221;\"}]},{\"@type\":\"WebSite\",\"@id\":\"https:\/\/brasilnoticias.org\/site\/#website\",\"url\":\"https:\/\/brasilnoticias.org\/site\/\",\"name\":\"Brasil not\u00edcias\",\"description\":\"Brasil not\u00edcias\",\"publisher\":{\"@id\":\"https:\/\/brasilnoticias.org\/site\/#organization\"},\"potentialAction\":[{\"@type\":\"SearchAction\",\"target\":{\"@type\":\"EntryPoint\",\"urlTemplate\":\"https:\/\/brasilnoticias.org\/site\/?s={search_term_string}\"},\"query-input\":{\"@type\":\"PropertyValueSpecification\",\"valueRequired\":true,\"valueName\":\"search_term_string\"}}],\"inLanguage\":\"pt-PT\"},{\"@type\":\"Organization\",\"@id\":\"https:\/\/brasilnoticias.org\/site\/#organization\",\"name\":\"Brasil not\u00edcias\",\"url\":\"https:\/\/brasilnoticias.org\/site\/\",\"logo\":{\"@type\":\"ImageObject\",\"inLanguage\":\"pt-PT\",\"@id\":\"https:\/\/brasilnoticias.org\/site\/#\/schema\/logo\/image\/\",\"url\":\"https:\/\/brasilnoticias.org\/site\/wp-content\/uploads\/2022\/05\/cropped-brasilnoticias-mini.jpg\",\"contentUrl\":\"https:\/\/brasilnoticias.org\/site\/wp-content\/uploads\/2022\/05\/cropped-brasilnoticias-mini.jpg\",\"width\":314,\"height\":86,\"caption\":\"Brasil not\u00edcias\"},\"image\":{\"@id\":\"https:\/\/brasilnoticias.org\/site\/#\/schema\/logo\/image\/\"}},{\"@type\":\"Person\",\"@id\":\"https:\/\/brasilnoticias.org\/site\/#\/schema\/person\/03bbbfe6c7634ad18c26444ea39049fa\",\"name\":\"Reda\u00e7\u00e3o\",\"image\":{\"@type\":\"ImageObject\",\"inLanguage\":\"pt-PT\",\"@id\":\"https:\/\/brasilnoticias.org\/site\/#\/schema\/person\/image\/\",\"url\":\"https:\/\/secure.gravatar.com\/avatar\/9ecaf7327a696cb23ad926fedded5f1f04d7049de9e445375d55b48c001a6e42?s=96&d=mm&r=g\",\"contentUrl\":\"https:\/\/secure.gravatar.com\/avatar\/9ecaf7327a696cb23ad926fedded5f1f04d7049de9e445375d55b48c001a6e42?s=96&d=mm&r=g\",\"caption\":\"Reda\u00e7\u00e3o\"},\"url\":\"https:\/\/brasilnoticias.org\/site\/author\/henrique\/\"}]}<\/script>\n<!-- \/ Yoast SEO plugin. -->","yoast_head_json":{"title":"Autodeclarada branca, deputada baiana Fatima Nunes diz em discurso ter \"orgulho de ser preta\" - Brasil not\u00edcias","robots":{"index":"index","follow":"follow","max-snippet":"max-snippet:-1","max-image-preview":"max-image-preview:large","max-video-preview":"max-video-preview:-1"},"canonical":"https:\/\/brasilnoticias.org\/site\/autodeclarada-branca-deputada-baiana-fatima-nunes-diz-em-discurso-ter-orgulho-de-ser-preta\/","og_locale":"pt_PT","og_type":"article","og_title":"Autodeclarada branca, deputada baiana Fatima Nunes diz em discurso ter \"orgulho de ser preta\" - Brasil not\u00edcias","og_description":"Ap\u00f3s a sess\u00e3o plen\u00e1ria, a contradi\u00e7\u00e3o da vice-l\u00edder do PT na AL-BA repercutiu nas redes sociais Durante sess\u00e3o plen\u00e1ria desta","og_url":"https:\/\/brasilnoticias.org\/site\/autodeclarada-branca-deputada-baiana-fatima-nunes-diz-em-discurso-ter-orgulho-de-ser-preta\/","og_site_name":"Brasil not\u00edcias","article_published_time":"2023-10-04T10:00:56+00:00","og_image":[{"width":1600,"height":752,"url":"https:\/\/brasilnoticias.org\/site\/wp-content\/uploads\/2023\/10\/141622autodeclarada-branca-deputada-baiana-fatima-nunes-diz-em-discurso-ter-orgulho-de-ser-preta-3.jpg","type":"image\/jpeg"}],"author":"Reda\u00e7\u00e3o","twitter_card":"summary_large_image","twitter_misc":{"Escrito por":"Reda\u00e7\u00e3o"},"schema":{"@context":"https:\/\/schema.org","@graph":[{"@type":"Article","@id":"https:\/\/brasilnoticias.org\/site\/autodeclarada-branca-deputada-baiana-fatima-nunes-diz-em-discurso-ter-orgulho-de-ser-preta\/#article","isPartOf":{"@id":"https:\/\/brasilnoticias.org\/site\/autodeclarada-branca-deputada-baiana-fatima-nunes-diz-em-discurso-ter-orgulho-de-ser-preta\/"},"author":{"name":"Reda\u00e7\u00e3o","@id":"https:\/\/brasilnoticias.org\/site\/#\/schema\/person\/03bbbfe6c7634ad18c26444ea39049fa"},"headline":"Autodeclarada branca, deputada baiana Fatima Nunes diz em discurso ter &#8220;orgulho de ser preta&#8221;","datePublished":"2023-10-04T10:00:56+00:00","mainEntityOfPage":{"@id":"https:\/\/brasilnoticias.org\/site\/autodeclarada-branca-deputada-baiana-fatima-nunes-diz-em-discurso-ter-orgulho-de-ser-preta\/"},"wordCount":192,"commentCount":0,"publisher":{"@id":"https:\/\/brasilnoticias.org\/site\/#organization"},"image":{"@id":"https:\/\/brasilnoticias.org\/site\/autodeclarada-branca-deputada-baiana-fatima-nunes-diz-em-discurso-ter-orgulho-de-ser-preta\/#primaryimage"},"thumbnailUrl":"https:\/\/brasilnoticias.org\/site\/wp-content\/uploads\/2023\/10\/141622autodeclarada-branca-deputada-baiana-fatima-nunes-diz-em-discurso-ter-orgulho-de-ser-preta-3.jpg","articleSection":["Pol\u00edtica","\u00daltimas"],"inLanguage":"pt-PT","potentialAction":[{"@type":"CommentAction","name":"Comment","target":["https:\/\/brasilnoticias.org\/site\/autodeclarada-branca-deputada-baiana-fatima-nunes-diz-em-discurso-ter-orgulho-de-ser-preta\/#respond"]}]},{"@type":"WebPage","@id":"https:\/\/brasilnoticias.org\/site\/autodeclarada-branca-deputada-baiana-fatima-nunes-diz-em-discurso-ter-orgulho-de-ser-preta\/","url":"https:\/\/brasilnoticias.org\/site\/autodeclarada-branca-deputada-baiana-fatima-nunes-diz-em-discurso-ter-orgulho-de-ser-preta\/","name":"Autodeclarada branca, deputada baiana Fatima Nunes diz em discurso ter \"orgulho de ser preta\" - Brasil not\u00edcias","isPartOf":{"@id":"https:\/\/brasilnoticias.org\/site\/#website"},"primaryImageOfPage":{"@id":"https:\/\/brasilnoticias.org\/site\/autodeclarada-branca-deputada-baiana-fatima-nunes-diz-em-discurso-ter-orgulho-de-ser-preta\/#primaryimage"},"image":{"@id":"https:\/\/brasilnoticias.org\/site\/autodeclarada-branca-deputada-baiana-fatima-nunes-diz-em-discurso-ter-orgulho-de-ser-preta\/#primaryimage"},"thumbnailUrl":"https:\/\/brasilnoticias.org\/site\/wp-content\/uploads\/2023\/10\/141622autodeclarada-branca-deputada-baiana-fatima-nunes-diz-em-discurso-ter-orgulho-de-ser-preta-3.jpg","datePublished":"2023-10-04T10:00:56+00:00","breadcrumb":{"@id":"https:\/\/brasilnoticias.org\/site\/autodeclarada-branca-deputada-baiana-fatima-nunes-diz-em-discurso-ter-orgulho-de-ser-preta\/#breadcrumb"},"inLanguage":"pt-PT","potentialAction":[{"@type":"ReadAction","target":["https:\/\/brasilnoticias.org\/site\/autodeclarada-branca-deputada-baiana-fatima-nunes-diz-em-discurso-ter-orgulho-de-ser-preta\/"]}]},{"@type":"ImageObject","inLanguage":"pt-PT","@id":"https:\/\/brasilnoticias.org\/site\/autodeclarada-branca-deputada-baiana-fatima-nunes-diz-em-discurso-ter-orgulho-de-ser-preta\/#primaryimage","url":"https:\/\/brasilnoticias.org\/site\/wp-content\/uploads\/2023\/10\/141622autodeclarada-branca-deputada-baiana-fatima-nunes-diz-em-discurso-ter-orgulho-de-ser-preta-3.jpg","contentUrl":"https:\/\/brasilnoticias.org\/site\/wp-content\/uploads\/2023\/10\/141622autodeclarada-branca-deputada-baiana-fatima-nunes-diz-em-discurso-ter-orgulho-de-ser-preta-3.jpg","width":1600,"height":752},{"@type":"BreadcrumbList","@id":"https:\/\/brasilnoticias.org\/site\/autodeclarada-branca-deputada-baiana-fatima-nunes-diz-em-discurso-ter-orgulho-de-ser-preta\/#breadcrumb","itemListElement":[{"@type":"ListItem","position":1,"name":"In\u00edcio","item":"https:\/\/brasilnoticias.org\/site\/"},{"@type":"ListItem","position":2,"name":"Autodeclarada branca, deputada baiana Fatima Nunes diz em discurso ter &#8220;orgulho de ser preta&#8221;"}]},{"@type":"WebSite","@id":"https:\/\/brasilnoticias.org\/site\/#website","url":"https:\/\/brasilnoticias.org\/site\/","name":"Brasil not\u00edcias","description":"Brasil not\u00edcias","publisher":{"@id":"https:\/\/brasilnoticias.org\/site\/#organization"},"potentialAction":[{"@type":"SearchAction","target":{"@type":"EntryPoint","urlTemplate":"https:\/\/brasilnoticias.org\/site\/?s={search_term_string}"},"query-input":{"@type":"PropertyValueSpecification","valueRequired":true,"valueName":"search_term_string"}}],"inLanguage":"pt-PT"},{"@type":"Organization","@id":"https:\/\/brasilnoticias.org\/site\/#organization","name":"Brasil not\u00edcias","url":"https:\/\/brasilnoticias.org\/site\/","logo":{"@type":"ImageObject","inLanguage":"pt-PT","@id":"https:\/\/brasilnoticias.org\/site\/#\/schema\/logo\/image\/","url":"https:\/\/brasilnoticias.org\/site\/wp-content\/uploads\/2022\/05\/cropped-brasilnoticias-mini.jpg","contentUrl":"https:\/\/brasilnoticias.org\/site\/wp-content\/uploads\/2022\/05\/cropped-brasilnoticias-mini.jpg","width":314,"height":86,"caption":"Brasil not\u00edcias"},"image":{"@id":"https:\/\/brasilnoticias.org\/site\/#\/schema\/logo\/image\/"}},{"@type":"Person","@id":"https:\/\/brasilnoticias.org\/site\/#\/schema\/person\/03bbbfe6c7634ad18c26444ea39049fa","name":"Reda\u00e7\u00e3o","image":{"@type":"ImageObject","inLanguage":"pt-PT","@id":"https:\/\/brasilnoticias.org\/site\/#\/schema\/person\/image\/","url":"https:\/\/secure.gravatar.com\/avatar\/9ecaf7327a696cb23ad926fedded5f1f04d7049de9e445375d55b48c001a6e42?s=96&d=mm&r=g","contentUrl":"https:\/\/secure.gravatar.com\/avatar\/9ecaf7327a696cb23ad926fedded5f1f04d7049de9e445375d55b48c001a6e42?s=96&d=mm&r=g","caption":"Reda\u00e7\u00e3o"},"url":"https:\/\/brasilnoticias.org\/site\/author\/henrique\/"}]}},"_links":{"self":[{"href":"https:\/\/brasilnoticias.org\/site\/wp-json\/wp\/v2\/posts\/9843","targetHints":{"allow":["GET"]}}],"collection":[{"href":"https:\/\/brasilnoticias.org\/site\/wp-json\/wp\/v2\/posts"}],"about":[{"href":"https:\/\/brasilnoticias.org\/site\/wp-json\/wp\/v2\/types\/post"}],"author":[{"embeddable":true,"href":"https:\/\/brasilnoticias.org\/site\/wp-json\/wp\/v2\/users\/4"}],"replies":[{"embeddable":true,"href":"https:\/\/brasilnoticias.org\/site\/wp-json\/wp\/v2\/comments?post=9843"}],"version-history":[{"count":1,"href":"https:\/\/brasilnoticias.org\/site\/wp-json\/wp\/v2\/posts\/9843\/revisions"}],"predecessor-version":[{"id":9845,"href":"https:\/\/brasilnoticias.org\/site\/wp-json\/wp\/v2\/posts\/9843\/revisions\/9845"}],"wp:featuredmedia":[{"embeddable":true,"href":"https:\/\/brasilnoticias.org\/site\/wp-json\/wp\/v2\/media\/9844"}],"wp:attachment":[{"href":"https:\/\/brasilnoticias.org\/site\/wp-json\/wp\/v2\/media?parent=9843"}],"wp:term":[{"taxonomy":"category","embeddable":true,"href":"https:\/\/brasilnoticias.org\/site\/wp-json\/wp\/v2\/categories?post=9843"},{"taxonomy":"post_tag","embeddable":true,"href":"https:\/\/brasilnoticias.org\/site\/wp-json\/wp\/v2\/tags?post=9843"}],"curies":[{"name":"wp","href":"https:\/\/api.w.org\/{rel}","templated":true}]}}