{"id":9849,"date":"2023-10-04T09:00:44","date_gmt":"2023-10-04T12:00:44","guid":{"rendered":"https:\/\/brasilnoticias.org\/site\/?p=9849"},"modified":"2023-10-03T19:42:43","modified_gmt":"2023-10-03T22:42:43","slug":"queixas-de-violencia-contra-a-mulher-podem-ser-registradas-em-unidade-do-sac","status":"publish","type":"post","link":"https:\/\/brasilnoticias.org\/site\/queixas-de-violencia-contra-a-mulher-podem-ser-registradas-em-unidade-do-sac\/","title":{"rendered":"Queixas de viol\u00eancia contra a mulher podem ser registradas em unidade do SAC"},"content":{"rendered":"<p>Prestar depoimentos e registrar ocorr\u00eancias, como viol\u00eancia dom\u00e9stica contra a mulher. Esses s\u00e3o alguns dos nove servi\u00e7os dispon\u00edveis \u00e0 popula\u00e7\u00e3o na nova unidade da Pol\u00edcia Civil. O posto, que funciona no SAC Salvador Shopping, tem capacidade para realizar 740 atendimentos por m\u00eas. A unidade conta com servi\u00e7os de registro de ocorr\u00eancias para o p\u00fablico em geral, mas tem como foco o p\u00fablico feminino, com os servi\u00e7os de depoimentos on-line pela Delegacia Especial de Atendimento \u00e0 Mulher (Deam). Tamb\u00e9m \u00e9 poss\u00edvel agendar depoimentos para as Delegacias Territoriais da Barra, Pituba e de Cama\u00e7ari, al\u00e9m da Delegacia de Prote\u00e7\u00e3o ao Turista (Deltur).<\/p>\n<p>O posto, que foi inaugurado em 7 de agosto, em celebra\u00e7\u00e3o aos 17 anos da Lei Maria da Penha, chega para trazer ainda mais comodidade e discri\u00e7\u00e3o aos cidad\u00e3os. A delegada-geral da Pol\u00edcia Civil, Helo\u00edsa Campos de Brito, destaca que a iniciativa \u00e9 um grande refor\u00e7o na prote\u00e7\u00e3o das v\u00edtimas de viol\u00eancia dom\u00e9stica e familiar. \u201cA partir desta uni\u00e3o de esfor\u00e7os e expertise do SAC com a Pol\u00edcia Civil, est\u00e1 sendo implementado um servi\u00e7o de acolhimento e efici\u00eancia, em um ambiente mais acess\u00edvel para as mulheres\u201d, destacou.<\/p>\n<p>O atendimento \u00e9 realizado mediante agendamento no SAC Digital. O servi\u00e7o de registro de ocorr\u00eancias para o p\u00fablico em geral pode ser realizado de segunda a sexta-feira, das 9h \u00e0s 18h. J\u00e1 os depoimentos on-line para o p\u00fablico feminino s\u00e3o realizados, inicialmente, \u00e0s quartas-feiras, no turno vespertino. Para acessar o SAC Digital \u00e9 s\u00f3 baixar o aplicativo ou atrav\u00e9s do portal www.sacdigital.ba.gov.br.<\/p>\n<p>Estrutura e privacidade<\/p>\n<p>Com o intuito de viabilizar atendimentos com seguran\u00e7a e excel\u00eancia, a unidade possui tr\u00eas pontos de atendimento, com uma sala para a realiza\u00e7\u00e3o dos depoimentos on-line e outra para registro de ocorr\u00eancias, para manter a seguran\u00e7a e o sigilo do cidad\u00e3o comunicante ou da v\u00edtima. No primeiro semestre de 2023, a Pol\u00edcia Civil instaurou 13.153 inqu\u00e9ritos policiais, encaminhou para o Poder Judici\u00e1rio outros 7.171 e j\u00e1 solicitou 3.064 medidas protetivas de urg\u00eancia para v\u00edtimas de viol\u00eancia dom\u00e9stica e familiar. Al\u00e9m do novo atendimento no SAC, as mulheres tamb\u00e9m contam com 15 Deams e nove N\u00facleos Especiais de Atendimento \u00e0 Mulher (Neam), no interior.<\/p>\n<p>A Pol\u00edcia Civil tamb\u00e9m implementou o Departamento de Prote\u00e7\u00e3o \u00e0 Mulher, Cidadania e Pessoas Vulner\u00e1veis (DPMCV), que vai refor\u00e7ar a rede de aten\u00e7\u00e3o \u00e0s v\u00edtimas de viol\u00eancia dom\u00e9stica e familiar. As den\u00fancias podem ser feitas por qualquer pessoa pelo Disque Den\u00fancia da Secretaria da Seguran\u00e7a P\u00fablica, ligando 181. N\u00e3o \u00e9 preciso se identificar.<\/p>\n<p>Foto: Haeckel Dias\/Ascom-PC<br \/>\nFonte: Ascom\/PC<\/p>\n","protected":false},"excerpt":{"rendered":"<p>Prestar depoimentos e registrar ocorr\u00eancias, como viol\u00eancia dom\u00e9stica contra a mulher. Esses s\u00e3o alguns dos nove servi\u00e7os dispon\u00edveis \u00e0 popula\u00e7\u00e3o<\/p>\n","protected":false},"author":4,"featured_media":9850,"comment_status":"open","ping_status":"open","sticky":false,"template":"","format":"standard","meta":{"colormag_page_container_layout":"default_layout","colormag_page_sidebar_layout":"default_layout","_FSMCFIC_featured_image_caption":"","_FSMCFIC_featured_image_nocaption":"","_FSMCFIC_featured_image_hide":"","footnotes":""},"categories":[2,1],"tags":[],"class_list":["post-9849","post","type-post","status-publish","format-standard","has-post-thumbnail","hentry","category-noticias","category-ultimas"],"yoast_head":"<!-- This site is optimized with the Yoast SEO plugin v27.1.1 - https:\/\/yoast.com\/product\/yoast-seo-wordpress\/ -->\n<title>Queixas de viol\u00eancia contra a mulher podem ser registradas em unidade do SAC - Brasil not\u00edcias<\/title>\n<meta name=\"robots\" content=\"index, follow, max-snippet:-1, max-image-preview:large, max-video-preview:-1\" \/>\n<link rel=\"canonical\" href=\"https:\/\/brasilnoticias.org\/site\/queixas-de-violencia-contra-a-mulher-podem-ser-registradas-em-unidade-do-sac\/\" \/>\n<meta property=\"og:locale\" content=\"pt_PT\" \/>\n<meta property=\"og:type\" content=\"article\" \/>\n<meta property=\"og:title\" content=\"Queixas de viol\u00eancia contra a mulher podem ser registradas em unidade do SAC - Brasil not\u00edcias\" \/>\n<meta property=\"og:description\" content=\"Prestar depoimentos e registrar ocorr\u00eancias, como viol\u00eancia dom\u00e9stica contra a mulher. Esses s\u00e3o alguns dos nove servi\u00e7os dispon\u00edveis \u00e0 popula\u00e7\u00e3o\" \/>\n<meta property=\"og:url\" content=\"https:\/\/brasilnoticias.org\/site\/queixas-de-violencia-contra-a-mulher-podem-ser-registradas-em-unidade-do-sac\/\" \/>\n<meta property=\"og:site_name\" content=\"Brasil not\u00edcias\" \/>\n<meta property=\"article:published_time\" content=\"2023-10-04T12:00:44+00:00\" \/>\n<meta property=\"og:image\" content=\"https:\/\/brasilnoticias.org\/site\/wp-content\/uploads\/2023\/10\/SAC_Foto-Haeckel-Dias-Ascom-PC.-696x464-1.jpg\" \/>\n\t<meta property=\"og:image:width\" content=\"696\" \/>\n\t<meta property=\"og:image:height\" content=\"464\" \/>\n\t<meta property=\"og:image:type\" content=\"image\/jpeg\" \/>\n<meta name=\"author\" content=\"Reda\u00e7\u00e3o\" \/>\n<meta name=\"twitter:card\" content=\"summary_large_image\" \/>\n<meta name=\"twitter:label1\" content=\"Escrito por\" \/>\n\t<meta name=\"twitter:data1\" content=\"Reda\u00e7\u00e3o\" \/>\n<script type=\"application\/ld+json\" class=\"yoast-schema-graph\">{\"@context\":\"https:\/\/schema.org\",\"@graph\":[{\"@type\":\"Article\",\"@id\":\"https:\/\/brasilnoticias.org\/site\/queixas-de-violencia-contra-a-mulher-podem-ser-registradas-em-unidade-do-sac\/#article\",\"isPartOf\":{\"@id\":\"https:\/\/brasilnoticias.org\/site\/queixas-de-violencia-contra-a-mulher-podem-ser-registradas-em-unidade-do-sac\/\"},\"author\":{\"name\":\"Reda\u00e7\u00e3o\",\"@id\":\"https:\/\/brasilnoticias.org\/site\/#\/schema\/person\/03bbbfe6c7634ad18c26444ea39049fa\"},\"headline\":\"Queixas de viol\u00eancia contra a mulher podem ser registradas em unidade do SAC\",\"datePublished\":\"2023-10-04T12:00:44+00:00\",\"mainEntityOfPage\":{\"@id\":\"https:\/\/brasilnoticias.org\/site\/queixas-de-violencia-contra-a-mulher-podem-ser-registradas-em-unidade-do-sac\/\"},\"wordCount\":488,\"commentCount\":0,\"publisher\":{\"@id\":\"https:\/\/brasilnoticias.org\/site\/#organization\"},\"image\":{\"@id\":\"https:\/\/brasilnoticias.org\/site\/queixas-de-violencia-contra-a-mulher-podem-ser-registradas-em-unidade-do-sac\/#primaryimage\"},\"thumbnailUrl\":\"https:\/\/brasilnoticias.org\/site\/wp-content\/uploads\/2023\/10\/SAC_Foto-Haeckel-Dias-Ascom-PC.-696x464-1.jpg\",\"articleSection\":[\"Not\u00edcias\",\"\u00daltimas\"],\"inLanguage\":\"pt-PT\",\"potentialAction\":[{\"@type\":\"CommentAction\",\"name\":\"Comment\",\"target\":[\"https:\/\/brasilnoticias.org\/site\/queixas-de-violencia-contra-a-mulher-podem-ser-registradas-em-unidade-do-sac\/#respond\"]}]},{\"@type\":\"WebPage\",\"@id\":\"https:\/\/brasilnoticias.org\/site\/queixas-de-violencia-contra-a-mulher-podem-ser-registradas-em-unidade-do-sac\/\",\"url\":\"https:\/\/brasilnoticias.org\/site\/queixas-de-violencia-contra-a-mulher-podem-ser-registradas-em-unidade-do-sac\/\",\"name\":\"Queixas de viol\u00eancia contra a mulher podem ser registradas em unidade do SAC - Brasil not\u00edcias\",\"isPartOf\":{\"@id\":\"https:\/\/brasilnoticias.org\/site\/#website\"},\"primaryImageOfPage\":{\"@id\":\"https:\/\/brasilnoticias.org\/site\/queixas-de-violencia-contra-a-mulher-podem-ser-registradas-em-unidade-do-sac\/#primaryimage\"},\"image\":{\"@id\":\"https:\/\/brasilnoticias.org\/site\/queixas-de-violencia-contra-a-mulher-podem-ser-registradas-em-unidade-do-sac\/#primaryimage\"},\"thumbnailUrl\":\"https:\/\/brasilnoticias.org\/site\/wp-content\/uploads\/2023\/10\/SAC_Foto-Haeckel-Dias-Ascom-PC.-696x464-1.jpg\",\"datePublished\":\"2023-10-04T12:00:44+00:00\",\"breadcrumb\":{\"@id\":\"https:\/\/brasilnoticias.org\/site\/queixas-de-violencia-contra-a-mulher-podem-ser-registradas-em-unidade-do-sac\/#breadcrumb\"},\"inLanguage\":\"pt-PT\",\"potentialAction\":[{\"@type\":\"ReadAction\",\"target\":[\"https:\/\/brasilnoticias.org\/site\/queixas-de-violencia-contra-a-mulher-podem-ser-registradas-em-unidade-do-sac\/\"]}]},{\"@type\":\"ImageObject\",\"inLanguage\":\"pt-PT\",\"@id\":\"https:\/\/brasilnoticias.org\/site\/queixas-de-violencia-contra-a-mulher-podem-ser-registradas-em-unidade-do-sac\/#primaryimage\",\"url\":\"https:\/\/brasilnoticias.org\/site\/wp-content\/uploads\/2023\/10\/SAC_Foto-Haeckel-Dias-Ascom-PC.-696x464-1.jpg\",\"contentUrl\":\"https:\/\/brasilnoticias.org\/site\/wp-content\/uploads\/2023\/10\/SAC_Foto-Haeckel-Dias-Ascom-PC.-696x464-1.jpg\",\"width\":696,\"height\":464},{\"@type\":\"BreadcrumbList\",\"@id\":\"https:\/\/brasilnoticias.org\/site\/queixas-de-violencia-contra-a-mulher-podem-ser-registradas-em-unidade-do-sac\/#breadcrumb\",\"itemListElement\":[{\"@type\":\"ListItem\",\"position\":1,\"name\":\"In\u00edcio\",\"item\":\"https:\/\/brasilnoticias.org\/site\/\"},{\"@type\":\"ListItem\",\"position\":2,\"name\":\"Queixas de viol\u00eancia contra a mulher podem ser registradas em unidade do SAC\"}]},{\"@type\":\"WebSite\",\"@id\":\"https:\/\/brasilnoticias.org\/site\/#website\",\"url\":\"https:\/\/brasilnoticias.org\/site\/\",\"name\":\"Brasil not\u00edcias\",\"description\":\"Brasil not\u00edcias\",\"publisher\":{\"@id\":\"https:\/\/brasilnoticias.org\/site\/#organization\"},\"potentialAction\":[{\"@type\":\"SearchAction\",\"target\":{\"@type\":\"EntryPoint\",\"urlTemplate\":\"https:\/\/brasilnoticias.org\/site\/?s={search_term_string}\"},\"query-input\":{\"@type\":\"PropertyValueSpecification\",\"valueRequired\":true,\"valueName\":\"search_term_string\"}}],\"inLanguage\":\"pt-PT\"},{\"@type\":\"Organization\",\"@id\":\"https:\/\/brasilnoticias.org\/site\/#organization\",\"name\":\"Brasil not\u00edcias\",\"url\":\"https:\/\/brasilnoticias.org\/site\/\",\"logo\":{\"@type\":\"ImageObject\",\"inLanguage\":\"pt-PT\",\"@id\":\"https:\/\/brasilnoticias.org\/site\/#\/schema\/logo\/image\/\",\"url\":\"https:\/\/brasilnoticias.org\/site\/wp-content\/uploads\/2022\/05\/cropped-brasilnoticias-mini.jpg\",\"contentUrl\":\"https:\/\/brasilnoticias.org\/site\/wp-content\/uploads\/2022\/05\/cropped-brasilnoticias-mini.jpg\",\"width\":314,\"height\":86,\"caption\":\"Brasil not\u00edcias\"},\"image\":{\"@id\":\"https:\/\/brasilnoticias.org\/site\/#\/schema\/logo\/image\/\"}},{\"@type\":\"Person\",\"@id\":\"https:\/\/brasilnoticias.org\/site\/#\/schema\/person\/03bbbfe6c7634ad18c26444ea39049fa\",\"name\":\"Reda\u00e7\u00e3o\",\"image\":{\"@type\":\"ImageObject\",\"inLanguage\":\"pt-PT\",\"@id\":\"https:\/\/brasilnoticias.org\/site\/#\/schema\/person\/image\/\",\"url\":\"https:\/\/secure.gravatar.com\/avatar\/9ecaf7327a696cb23ad926fedded5f1f04d7049de9e445375d55b48c001a6e42?s=96&d=mm&r=g\",\"contentUrl\":\"https:\/\/secure.gravatar.com\/avatar\/9ecaf7327a696cb23ad926fedded5f1f04d7049de9e445375d55b48c001a6e42?s=96&d=mm&r=g\",\"caption\":\"Reda\u00e7\u00e3o\"},\"url\":\"https:\/\/brasilnoticias.org\/site\/author\/henrique\/\"}]}<\/script>\n<!-- \/ Yoast SEO plugin. -->","yoast_head_json":{"title":"Queixas de viol\u00eancia contra a mulher podem ser registradas em unidade do SAC - Brasil not\u00edcias","robots":{"index":"index","follow":"follow","max-snippet":"max-snippet:-1","max-image-preview":"max-image-preview:large","max-video-preview":"max-video-preview:-1"},"canonical":"https:\/\/brasilnoticias.org\/site\/queixas-de-violencia-contra-a-mulher-podem-ser-registradas-em-unidade-do-sac\/","og_locale":"pt_PT","og_type":"article","og_title":"Queixas de viol\u00eancia contra a mulher podem ser registradas em unidade do SAC - Brasil not\u00edcias","og_description":"Prestar depoimentos e registrar ocorr\u00eancias, como viol\u00eancia dom\u00e9stica contra a mulher. Esses s\u00e3o alguns dos nove servi\u00e7os dispon\u00edveis \u00e0 popula\u00e7\u00e3o","og_url":"https:\/\/brasilnoticias.org\/site\/queixas-de-violencia-contra-a-mulher-podem-ser-registradas-em-unidade-do-sac\/","og_site_name":"Brasil not\u00edcias","article_published_time":"2023-10-04T12:00:44+00:00","og_image":[{"width":696,"height":464,"url":"https:\/\/brasilnoticias.org\/site\/wp-content\/uploads\/2023\/10\/SAC_Foto-Haeckel-Dias-Ascom-PC.-696x464-1.jpg","type":"image\/jpeg"}],"author":"Reda\u00e7\u00e3o","twitter_card":"summary_large_image","twitter_misc":{"Escrito por":"Reda\u00e7\u00e3o"},"schema":{"@context":"https:\/\/schema.org","@graph":[{"@type":"Article","@id":"https:\/\/brasilnoticias.org\/site\/queixas-de-violencia-contra-a-mulher-podem-ser-registradas-em-unidade-do-sac\/#article","isPartOf":{"@id":"https:\/\/brasilnoticias.org\/site\/queixas-de-violencia-contra-a-mulher-podem-ser-registradas-em-unidade-do-sac\/"},"author":{"name":"Reda\u00e7\u00e3o","@id":"https:\/\/brasilnoticias.org\/site\/#\/schema\/person\/03bbbfe6c7634ad18c26444ea39049fa"},"headline":"Queixas de viol\u00eancia contra a mulher podem ser registradas em unidade do SAC","datePublished":"2023-10-04T12:00:44+00:00","mainEntityOfPage":{"@id":"https:\/\/brasilnoticias.org\/site\/queixas-de-violencia-contra-a-mulher-podem-ser-registradas-em-unidade-do-sac\/"},"wordCount":488,"commentCount":0,"publisher":{"@id":"https:\/\/brasilnoticias.org\/site\/#organization"},"image":{"@id":"https:\/\/brasilnoticias.org\/site\/queixas-de-violencia-contra-a-mulher-podem-ser-registradas-em-unidade-do-sac\/#primaryimage"},"thumbnailUrl":"https:\/\/brasilnoticias.org\/site\/wp-content\/uploads\/2023\/10\/SAC_Foto-Haeckel-Dias-Ascom-PC.-696x464-1.jpg","articleSection":["Not\u00edcias","\u00daltimas"],"inLanguage":"pt-PT","potentialAction":[{"@type":"CommentAction","name":"Comment","target":["https:\/\/brasilnoticias.org\/site\/queixas-de-violencia-contra-a-mulher-podem-ser-registradas-em-unidade-do-sac\/#respond"]}]},{"@type":"WebPage","@id":"https:\/\/brasilnoticias.org\/site\/queixas-de-violencia-contra-a-mulher-podem-ser-registradas-em-unidade-do-sac\/","url":"https:\/\/brasilnoticias.org\/site\/queixas-de-violencia-contra-a-mulher-podem-ser-registradas-em-unidade-do-sac\/","name":"Queixas de viol\u00eancia contra a mulher podem ser registradas em unidade do SAC - Brasil not\u00edcias","isPartOf":{"@id":"https:\/\/brasilnoticias.org\/site\/#website"},"primaryImageOfPage":{"@id":"https:\/\/brasilnoticias.org\/site\/queixas-de-violencia-contra-a-mulher-podem-ser-registradas-em-unidade-do-sac\/#primaryimage"},"image":{"@id":"https:\/\/brasilnoticias.org\/site\/queixas-de-violencia-contra-a-mulher-podem-ser-registradas-em-unidade-do-sac\/#primaryimage"},"thumbnailUrl":"https:\/\/brasilnoticias.org\/site\/wp-content\/uploads\/2023\/10\/SAC_Foto-Haeckel-Dias-Ascom-PC.-696x464-1.jpg","datePublished":"2023-10-04T12:00:44+00:00","breadcrumb":{"@id":"https:\/\/brasilnoticias.org\/site\/queixas-de-violencia-contra-a-mulher-podem-ser-registradas-em-unidade-do-sac\/#breadcrumb"},"inLanguage":"pt-PT","potentialAction":[{"@type":"ReadAction","target":["https:\/\/brasilnoticias.org\/site\/queixas-de-violencia-contra-a-mulher-podem-ser-registradas-em-unidade-do-sac\/"]}]},{"@type":"ImageObject","inLanguage":"pt-PT","@id":"https:\/\/brasilnoticias.org\/site\/queixas-de-violencia-contra-a-mulher-podem-ser-registradas-em-unidade-do-sac\/#primaryimage","url":"https:\/\/brasilnoticias.org\/site\/wp-content\/uploads\/2023\/10\/SAC_Foto-Haeckel-Dias-Ascom-PC.-696x464-1.jpg","contentUrl":"https:\/\/brasilnoticias.org\/site\/wp-content\/uploads\/2023\/10\/SAC_Foto-Haeckel-Dias-Ascom-PC.-696x464-1.jpg","width":696,"height":464},{"@type":"BreadcrumbList","@id":"https:\/\/brasilnoticias.org\/site\/queixas-de-violencia-contra-a-mulher-podem-ser-registradas-em-unidade-do-sac\/#breadcrumb","itemListElement":[{"@type":"ListItem","position":1,"name":"In\u00edcio","item":"https:\/\/brasilnoticias.org\/site\/"},{"@type":"ListItem","position":2,"name":"Queixas de viol\u00eancia contra a mulher podem ser registradas em unidade do SAC"}]},{"@type":"WebSite","@id":"https:\/\/brasilnoticias.org\/site\/#website","url":"https:\/\/brasilnoticias.org\/site\/","name":"Brasil not\u00edcias","description":"Brasil not\u00edcias","publisher":{"@id":"https:\/\/brasilnoticias.org\/site\/#organization"},"potentialAction":[{"@type":"SearchAction","target":{"@type":"EntryPoint","urlTemplate":"https:\/\/brasilnoticias.org\/site\/?s={search_term_string}"},"query-input":{"@type":"PropertyValueSpecification","valueRequired":true,"valueName":"search_term_string"}}],"inLanguage":"pt-PT"},{"@type":"Organization","@id":"https:\/\/brasilnoticias.org\/site\/#organization","name":"Brasil not\u00edcias","url":"https:\/\/brasilnoticias.org\/site\/","logo":{"@type":"ImageObject","inLanguage":"pt-PT","@id":"https:\/\/brasilnoticias.org\/site\/#\/schema\/logo\/image\/","url":"https:\/\/brasilnoticias.org\/site\/wp-content\/uploads\/2022\/05\/cropped-brasilnoticias-mini.jpg","contentUrl":"https:\/\/brasilnoticias.org\/site\/wp-content\/uploads\/2022\/05\/cropped-brasilnoticias-mini.jpg","width":314,"height":86,"caption":"Brasil not\u00edcias"},"image":{"@id":"https:\/\/brasilnoticias.org\/site\/#\/schema\/logo\/image\/"}},{"@type":"Person","@id":"https:\/\/brasilnoticias.org\/site\/#\/schema\/person\/03bbbfe6c7634ad18c26444ea39049fa","name":"Reda\u00e7\u00e3o","image":{"@type":"ImageObject","inLanguage":"pt-PT","@id":"https:\/\/brasilnoticias.org\/site\/#\/schema\/person\/image\/","url":"https:\/\/secure.gravatar.com\/avatar\/9ecaf7327a696cb23ad926fedded5f1f04d7049de9e445375d55b48c001a6e42?s=96&d=mm&r=g","contentUrl":"https:\/\/secure.gravatar.com\/avatar\/9ecaf7327a696cb23ad926fedded5f1f04d7049de9e445375d55b48c001a6e42?s=96&d=mm&r=g","caption":"Reda\u00e7\u00e3o"},"url":"https:\/\/brasilnoticias.org\/site\/author\/henrique\/"}]}},"_links":{"self":[{"href":"https:\/\/brasilnoticias.org\/site\/wp-json\/wp\/v2\/posts\/9849","targetHints":{"allow":["GET"]}}],"collection":[{"href":"https:\/\/brasilnoticias.org\/site\/wp-json\/wp\/v2\/posts"}],"about":[{"href":"https:\/\/brasilnoticias.org\/site\/wp-json\/wp\/v2\/types\/post"}],"author":[{"embeddable":true,"href":"https:\/\/brasilnoticias.org\/site\/wp-json\/wp\/v2\/users\/4"}],"replies":[{"embeddable":true,"href":"https:\/\/brasilnoticias.org\/site\/wp-json\/wp\/v2\/comments?post=9849"}],"version-history":[{"count":1,"href":"https:\/\/brasilnoticias.org\/site\/wp-json\/wp\/v2\/posts\/9849\/revisions"}],"predecessor-version":[{"id":9851,"href":"https:\/\/brasilnoticias.org\/site\/wp-json\/wp\/v2\/posts\/9849\/revisions\/9851"}],"wp:featuredmedia":[{"embeddable":true,"href":"https:\/\/brasilnoticias.org\/site\/wp-json\/wp\/v2\/media\/9850"}],"wp:attachment":[{"href":"https:\/\/brasilnoticias.org\/site\/wp-json\/wp\/v2\/media?parent=9849"}],"wp:term":[{"taxonomy":"category","embeddable":true,"href":"https:\/\/brasilnoticias.org\/site\/wp-json\/wp\/v2\/categories?post=9849"},{"taxonomy":"post_tag","embeddable":true,"href":"https:\/\/brasilnoticias.org\/site\/wp-json\/wp\/v2\/tags?post=9849"}],"curies":[{"name":"wp","href":"https:\/\/api.w.org\/{rel}","templated":true}]}}