{"id":9870,"date":"2023-10-05T06:00:40","date_gmt":"2023-10-05T09:00:40","guid":{"rendered":"https:\/\/brasilnoticias.org\/site\/?p=9870"},"modified":"2023-10-04T15:39:56","modified_gmt":"2023-10-04T18:39:56","slug":"pablo-roberto-oficializa-pre-candidatura-em-feira-e-enfatiza-necessidade-de-renovacao","status":"publish","type":"post","link":"https:\/\/brasilnoticias.org\/site\/pablo-roberto-oficializa-pre-candidatura-em-feira-e-enfatiza-necessidade-de-renovacao\/","title":{"rendered":"Pablo Roberto oficializa pr\u00e9-candidatura em Feira e enfatiza necessidade de \u2018renova\u00e7\u00e3o\u2019"},"content":{"rendered":"<p>O deputado estadual Pablo Roberto (PSDB) lan\u00e7ou oficialmente, no in\u00edcio da tarde desta quarta-feira (4), a sua pr\u00e9-candidatura \u00e0 Prefeitura de Feira de Santana nas elei\u00e7\u00f5es municipais de 2024. O comunicado foi feito durante um almo\u00e7o com jornalistas. O parlamentar enfatizou a necessidade de \u201crenova\u00e7\u00e3o\u201d na administra\u00e7\u00e3o do munic\u00edpio.<\/p>\n<p>\u201cN\u00f3s estamos a um ano e dois dias das elei\u00e7\u00f5es municipais, e tenho dito que disputar a Prefeitura de Feira de Santana, dada sua import\u00e2ncia, requer mais do que apenas escolher um partido, um vice-prefeito e candidatos a vereadores. Isso envolve um amplo di\u00e1logo com a sociedade, visitando todos os cantos da cidade e ouvindo a popula\u00e7\u00e3o para entender a Feira de Santana de hoje e construir a Feira de Santana que queremos para os pr\u00f3ximos anos\u201d, afirmou Pablo, \u00e0 imprensa presente.<\/p>\n<p>Ele explicou a sua decis\u00e3o de lan\u00e7ar a pr\u00e9-candidatura antecipadamente, apesar de outros l\u00edderes e partidos adotarem uma postura de aguardar o pr\u00f3ximo ano. \u201cEu tenho muita clareza de qual grupo pol\u00edtico eu fa\u00e7o parte na cidade. Embora esse grupo tenha decidido n\u00e3o discutir elei\u00e7\u00f5es neste ano, eu discordo desse posicionamento e decidi come\u00e7ar a conversar com a cidade desde o in\u00edcio de 2023\u201d, disse o parlamentar baiano.<\/p>\n<p>Na ocasi\u00e3o, Pablo Roberto enfatizou a import\u00e2ncia de estar \u201cem sintonia com o povo em qualquer movimento pol\u00edtico\u201d. \u201cQualquer movimenta\u00e7\u00e3o que um pol\u00edtico precise fazer deve estar alinhada com a popula\u00e7\u00e3o. \u00c9 o que estou fazendo agora, conversando com as pessoas, mantendo minhas ra\u00edzes pol\u00edticas, mas tamb\u00e9m acreditando que \u00e9 poss\u00edvel fazer mais e de forma diferente\u201d, contou.<\/p>\n<p>\u201cSe n\u00e3o combinar com o povo, voc\u00ea j\u00e1 come\u00e7a com o projeto de forma equivocada. Ent\u00e3o, o que eu estou fazendo nesse momento \u00e9 conversando com as pessoas, de forma alguma negando as minhas origens, negando a participa\u00e7\u00e3o pol\u00edtica que eu sempre tive na cidade, mas dizer que \u00e9 poss\u00edvel fazer mais, que \u00e9 poss\u00edvel fazer diferente. Basta acreditar e participar do projeto de constru\u00e7\u00e3o que eu quero fazer\u201d, continuou Pablo.<\/p>\n<p>Na pr\u00f3xima segunda-feira, dia 9, Pablo ir\u00e1 lan\u00e7ar a sua pr\u00e9-candidatura em um evento voltado para lideran\u00e7as e a comunidade feirense no Centro de Conven\u00e7\u00f5es da Faculdade An\u00edsio Teixeira, em Feira. A partir de novembro, Pablo prometeu iniciar uma caravana para ouvir toda a popula\u00e7\u00e3o da cidade.<\/p>\n<p>Pablo foi eleito deputado estadual na Assembleia Legislativa da Bahia com 55.585 votos, repetindo sua marca de ser o mais votado na hist\u00f3ria de Feira de Santana, um feito que j\u00e1 havia alcan\u00e7ado quando iniciou sua carreira pol\u00edtica em 2012, como candidato a vereador na cidade.<\/p>\n<p>Foto: Divulga\u00e7\u00e3o<br \/>\nToda Bahia<\/p>\n","protected":false},"excerpt":{"rendered":"<p>O deputado estadual Pablo Roberto (PSDB) lan\u00e7ou oficialmente, no in\u00edcio da tarde desta quarta-feira (4), a sua pr\u00e9-candidatura \u00e0 Prefeitura<\/p>\n","protected":false},"author":4,"featured_media":9871,"comment_status":"open","ping_status":"open","sticky":false,"template":"","format":"standard","meta":{"colormag_page_container_layout":"default_layout","colormag_page_sidebar_layout":"default_layout","_FSMCFIC_featured_image_caption":"","_FSMCFIC_featured_image_nocaption":"","_FSMCFIC_featured_image_hide":"","footnotes":""},"categories":[5,1],"tags":[],"class_list":["post-9870","post","type-post","status-publish","format-standard","has-post-thumbnail","hentry","category-politica","category-ultimas"],"yoast_head":"<!-- This site is optimized with the Yoast SEO plugin v27.1.1 - https:\/\/yoast.com\/product\/yoast-seo-wordpress\/ -->\n<title>Pablo Roberto oficializa pr\u00e9-candidatura em Feira e enfatiza necessidade de \u2018renova\u00e7\u00e3o\u2019 - Brasil not\u00edcias<\/title>\n<meta name=\"robots\" content=\"index, follow, max-snippet:-1, max-image-preview:large, max-video-preview:-1\" \/>\n<link rel=\"canonical\" href=\"https:\/\/brasilnoticias.org\/site\/pablo-roberto-oficializa-pre-candidatura-em-feira-e-enfatiza-necessidade-de-renovacao\/\" \/>\n<meta property=\"og:locale\" content=\"pt_PT\" \/>\n<meta property=\"og:type\" content=\"article\" \/>\n<meta property=\"og:title\" content=\"Pablo Roberto oficializa pr\u00e9-candidatura em Feira e enfatiza necessidade de \u2018renova\u00e7\u00e3o\u2019 - Brasil not\u00edcias\" \/>\n<meta property=\"og:description\" content=\"O deputado estadual Pablo Roberto (PSDB) lan\u00e7ou oficialmente, no in\u00edcio da tarde desta quarta-feira (4), a sua pr\u00e9-candidatura \u00e0 Prefeitura\" \/>\n<meta property=\"og:url\" content=\"https:\/\/brasilnoticias.org\/site\/pablo-roberto-oficializa-pre-candidatura-em-feira-e-enfatiza-necessidade-de-renovacao\/\" \/>\n<meta property=\"og:site_name\" content=\"Brasil not\u00edcias\" \/>\n<meta property=\"article:published_time\" content=\"2023-10-05T09:00:40+00:00\" \/>\n<meta property=\"og:image\" content=\"https:\/\/brasilnoticias.org\/site\/wp-content\/uploads\/2023\/10\/IMG-20231004-WA0016-1000x530-1.jpg\" \/>\n\t<meta property=\"og:image:width\" content=\"1000\" \/>\n\t<meta property=\"og:image:height\" content=\"530\" \/>\n\t<meta property=\"og:image:type\" content=\"image\/jpeg\" \/>\n<meta name=\"author\" content=\"Reda\u00e7\u00e3o\" \/>\n<meta name=\"twitter:card\" content=\"summary_large_image\" \/>\n<meta name=\"twitter:label1\" content=\"Escrito por\" \/>\n\t<meta name=\"twitter:data1\" content=\"Reda\u00e7\u00e3o\" \/>\n<script type=\"application\/ld+json\" class=\"yoast-schema-graph\">{\"@context\":\"https:\/\/schema.org\",\"@graph\":[{\"@type\":\"Article\",\"@id\":\"https:\/\/brasilnoticias.org\/site\/pablo-roberto-oficializa-pre-candidatura-em-feira-e-enfatiza-necessidade-de-renovacao\/#article\",\"isPartOf\":{\"@id\":\"https:\/\/brasilnoticias.org\/site\/pablo-roberto-oficializa-pre-candidatura-em-feira-e-enfatiza-necessidade-de-renovacao\/\"},\"author\":{\"name\":\"Reda\u00e7\u00e3o\",\"@id\":\"https:\/\/brasilnoticias.org\/site\/#\/schema\/person\/03bbbfe6c7634ad18c26444ea39049fa\"},\"headline\":\"Pablo Roberto oficializa pr\u00e9-candidatura em Feira e enfatiza necessidade de \u2018renova\u00e7\u00e3o\u2019\",\"datePublished\":\"2023-10-05T09:00:40+00:00\",\"mainEntityOfPage\":{\"@id\":\"https:\/\/brasilnoticias.org\/site\/pablo-roberto-oficializa-pre-candidatura-em-feira-e-enfatiza-necessidade-de-renovacao\/\"},\"wordCount\":479,\"commentCount\":0,\"publisher\":{\"@id\":\"https:\/\/brasilnoticias.org\/site\/#organization\"},\"image\":{\"@id\":\"https:\/\/brasilnoticias.org\/site\/pablo-roberto-oficializa-pre-candidatura-em-feira-e-enfatiza-necessidade-de-renovacao\/#primaryimage\"},\"thumbnailUrl\":\"https:\/\/brasilnoticias.org\/site\/wp-content\/uploads\/2023\/10\/IMG-20231004-WA0016-1000x530-1.jpg\",\"articleSection\":[\"Pol\u00edtica\",\"\u00daltimas\"],\"inLanguage\":\"pt-PT\",\"potentialAction\":[{\"@type\":\"CommentAction\",\"name\":\"Comment\",\"target\":[\"https:\/\/brasilnoticias.org\/site\/pablo-roberto-oficializa-pre-candidatura-em-feira-e-enfatiza-necessidade-de-renovacao\/#respond\"]}]},{\"@type\":\"WebPage\",\"@id\":\"https:\/\/brasilnoticias.org\/site\/pablo-roberto-oficializa-pre-candidatura-em-feira-e-enfatiza-necessidade-de-renovacao\/\",\"url\":\"https:\/\/brasilnoticias.org\/site\/pablo-roberto-oficializa-pre-candidatura-em-feira-e-enfatiza-necessidade-de-renovacao\/\",\"name\":\"Pablo Roberto oficializa pr\u00e9-candidatura em Feira e enfatiza necessidade de \u2018renova\u00e7\u00e3o\u2019 - Brasil not\u00edcias\",\"isPartOf\":{\"@id\":\"https:\/\/brasilnoticias.org\/site\/#website\"},\"primaryImageOfPage\":{\"@id\":\"https:\/\/brasilnoticias.org\/site\/pablo-roberto-oficializa-pre-candidatura-em-feira-e-enfatiza-necessidade-de-renovacao\/#primaryimage\"},\"image\":{\"@id\":\"https:\/\/brasilnoticias.org\/site\/pablo-roberto-oficializa-pre-candidatura-em-feira-e-enfatiza-necessidade-de-renovacao\/#primaryimage\"},\"thumbnailUrl\":\"https:\/\/brasilnoticias.org\/site\/wp-content\/uploads\/2023\/10\/IMG-20231004-WA0016-1000x530-1.jpg\",\"datePublished\":\"2023-10-05T09:00:40+00:00\",\"breadcrumb\":{\"@id\":\"https:\/\/brasilnoticias.org\/site\/pablo-roberto-oficializa-pre-candidatura-em-feira-e-enfatiza-necessidade-de-renovacao\/#breadcrumb\"},\"inLanguage\":\"pt-PT\",\"potentialAction\":[{\"@type\":\"ReadAction\",\"target\":[\"https:\/\/brasilnoticias.org\/site\/pablo-roberto-oficializa-pre-candidatura-em-feira-e-enfatiza-necessidade-de-renovacao\/\"]}]},{\"@type\":\"ImageObject\",\"inLanguage\":\"pt-PT\",\"@id\":\"https:\/\/brasilnoticias.org\/site\/pablo-roberto-oficializa-pre-candidatura-em-feira-e-enfatiza-necessidade-de-renovacao\/#primaryimage\",\"url\":\"https:\/\/brasilnoticias.org\/site\/wp-content\/uploads\/2023\/10\/IMG-20231004-WA0016-1000x530-1.jpg\",\"contentUrl\":\"https:\/\/brasilnoticias.org\/site\/wp-content\/uploads\/2023\/10\/IMG-20231004-WA0016-1000x530-1.jpg\",\"width\":1000,\"height\":530},{\"@type\":\"BreadcrumbList\",\"@id\":\"https:\/\/brasilnoticias.org\/site\/pablo-roberto-oficializa-pre-candidatura-em-feira-e-enfatiza-necessidade-de-renovacao\/#breadcrumb\",\"itemListElement\":[{\"@type\":\"ListItem\",\"position\":1,\"name\":\"In\u00edcio\",\"item\":\"https:\/\/brasilnoticias.org\/site\/\"},{\"@type\":\"ListItem\",\"position\":2,\"name\":\"Pablo Roberto oficializa pr\u00e9-candidatura em Feira e enfatiza necessidade de \u2018renova\u00e7\u00e3o\u2019\"}]},{\"@type\":\"WebSite\",\"@id\":\"https:\/\/brasilnoticias.org\/site\/#website\",\"url\":\"https:\/\/brasilnoticias.org\/site\/\",\"name\":\"Brasil not\u00edcias\",\"description\":\"Brasil not\u00edcias\",\"publisher\":{\"@id\":\"https:\/\/brasilnoticias.org\/site\/#organization\"},\"potentialAction\":[{\"@type\":\"SearchAction\",\"target\":{\"@type\":\"EntryPoint\",\"urlTemplate\":\"https:\/\/brasilnoticias.org\/site\/?s={search_term_string}\"},\"query-input\":{\"@type\":\"PropertyValueSpecification\",\"valueRequired\":true,\"valueName\":\"search_term_string\"}}],\"inLanguage\":\"pt-PT\"},{\"@type\":\"Organization\",\"@id\":\"https:\/\/brasilnoticias.org\/site\/#organization\",\"name\":\"Brasil not\u00edcias\",\"url\":\"https:\/\/brasilnoticias.org\/site\/\",\"logo\":{\"@type\":\"ImageObject\",\"inLanguage\":\"pt-PT\",\"@id\":\"https:\/\/brasilnoticias.org\/site\/#\/schema\/logo\/image\/\",\"url\":\"https:\/\/brasilnoticias.org\/site\/wp-content\/uploads\/2022\/05\/cropped-brasilnoticias-mini.jpg\",\"contentUrl\":\"https:\/\/brasilnoticias.org\/site\/wp-content\/uploads\/2022\/05\/cropped-brasilnoticias-mini.jpg\",\"width\":314,\"height\":86,\"caption\":\"Brasil not\u00edcias\"},\"image\":{\"@id\":\"https:\/\/brasilnoticias.org\/site\/#\/schema\/logo\/image\/\"}},{\"@type\":\"Person\",\"@id\":\"https:\/\/brasilnoticias.org\/site\/#\/schema\/person\/03bbbfe6c7634ad18c26444ea39049fa\",\"name\":\"Reda\u00e7\u00e3o\",\"image\":{\"@type\":\"ImageObject\",\"inLanguage\":\"pt-PT\",\"@id\":\"https:\/\/brasilnoticias.org\/site\/#\/schema\/person\/image\/\",\"url\":\"https:\/\/secure.gravatar.com\/avatar\/9ecaf7327a696cb23ad926fedded5f1f04d7049de9e445375d55b48c001a6e42?s=96&d=mm&r=g\",\"contentUrl\":\"https:\/\/secure.gravatar.com\/avatar\/9ecaf7327a696cb23ad926fedded5f1f04d7049de9e445375d55b48c001a6e42?s=96&d=mm&r=g\",\"caption\":\"Reda\u00e7\u00e3o\"},\"url\":\"https:\/\/brasilnoticias.org\/site\/author\/henrique\/\"}]}<\/script>\n<!-- \/ Yoast SEO plugin. -->","yoast_head_json":{"title":"Pablo Roberto oficializa pr\u00e9-candidatura em Feira e enfatiza necessidade de \u2018renova\u00e7\u00e3o\u2019 - Brasil not\u00edcias","robots":{"index":"index","follow":"follow","max-snippet":"max-snippet:-1","max-image-preview":"max-image-preview:large","max-video-preview":"max-video-preview:-1"},"canonical":"https:\/\/brasilnoticias.org\/site\/pablo-roberto-oficializa-pre-candidatura-em-feira-e-enfatiza-necessidade-de-renovacao\/","og_locale":"pt_PT","og_type":"article","og_title":"Pablo Roberto oficializa pr\u00e9-candidatura em Feira e enfatiza necessidade de \u2018renova\u00e7\u00e3o\u2019 - Brasil not\u00edcias","og_description":"O deputado estadual Pablo Roberto (PSDB) lan\u00e7ou oficialmente, no in\u00edcio da tarde desta quarta-feira (4), a sua pr\u00e9-candidatura \u00e0 Prefeitura","og_url":"https:\/\/brasilnoticias.org\/site\/pablo-roberto-oficializa-pre-candidatura-em-feira-e-enfatiza-necessidade-de-renovacao\/","og_site_name":"Brasil not\u00edcias","article_published_time":"2023-10-05T09:00:40+00:00","og_image":[{"width":1000,"height":530,"url":"https:\/\/brasilnoticias.org\/site\/wp-content\/uploads\/2023\/10\/IMG-20231004-WA0016-1000x530-1.jpg","type":"image\/jpeg"}],"author":"Reda\u00e7\u00e3o","twitter_card":"summary_large_image","twitter_misc":{"Escrito por":"Reda\u00e7\u00e3o"},"schema":{"@context":"https:\/\/schema.org","@graph":[{"@type":"Article","@id":"https:\/\/brasilnoticias.org\/site\/pablo-roberto-oficializa-pre-candidatura-em-feira-e-enfatiza-necessidade-de-renovacao\/#article","isPartOf":{"@id":"https:\/\/brasilnoticias.org\/site\/pablo-roberto-oficializa-pre-candidatura-em-feira-e-enfatiza-necessidade-de-renovacao\/"},"author":{"name":"Reda\u00e7\u00e3o","@id":"https:\/\/brasilnoticias.org\/site\/#\/schema\/person\/03bbbfe6c7634ad18c26444ea39049fa"},"headline":"Pablo Roberto oficializa pr\u00e9-candidatura em Feira e enfatiza necessidade de \u2018renova\u00e7\u00e3o\u2019","datePublished":"2023-10-05T09:00:40+00:00","mainEntityOfPage":{"@id":"https:\/\/brasilnoticias.org\/site\/pablo-roberto-oficializa-pre-candidatura-em-feira-e-enfatiza-necessidade-de-renovacao\/"},"wordCount":479,"commentCount":0,"publisher":{"@id":"https:\/\/brasilnoticias.org\/site\/#organization"},"image":{"@id":"https:\/\/brasilnoticias.org\/site\/pablo-roberto-oficializa-pre-candidatura-em-feira-e-enfatiza-necessidade-de-renovacao\/#primaryimage"},"thumbnailUrl":"https:\/\/brasilnoticias.org\/site\/wp-content\/uploads\/2023\/10\/IMG-20231004-WA0016-1000x530-1.jpg","articleSection":["Pol\u00edtica","\u00daltimas"],"inLanguage":"pt-PT","potentialAction":[{"@type":"CommentAction","name":"Comment","target":["https:\/\/brasilnoticias.org\/site\/pablo-roberto-oficializa-pre-candidatura-em-feira-e-enfatiza-necessidade-de-renovacao\/#respond"]}]},{"@type":"WebPage","@id":"https:\/\/brasilnoticias.org\/site\/pablo-roberto-oficializa-pre-candidatura-em-feira-e-enfatiza-necessidade-de-renovacao\/","url":"https:\/\/brasilnoticias.org\/site\/pablo-roberto-oficializa-pre-candidatura-em-feira-e-enfatiza-necessidade-de-renovacao\/","name":"Pablo Roberto oficializa pr\u00e9-candidatura em Feira e enfatiza necessidade de \u2018renova\u00e7\u00e3o\u2019 - Brasil not\u00edcias","isPartOf":{"@id":"https:\/\/brasilnoticias.org\/site\/#website"},"primaryImageOfPage":{"@id":"https:\/\/brasilnoticias.org\/site\/pablo-roberto-oficializa-pre-candidatura-em-feira-e-enfatiza-necessidade-de-renovacao\/#primaryimage"},"image":{"@id":"https:\/\/brasilnoticias.org\/site\/pablo-roberto-oficializa-pre-candidatura-em-feira-e-enfatiza-necessidade-de-renovacao\/#primaryimage"},"thumbnailUrl":"https:\/\/brasilnoticias.org\/site\/wp-content\/uploads\/2023\/10\/IMG-20231004-WA0016-1000x530-1.jpg","datePublished":"2023-10-05T09:00:40+00:00","breadcrumb":{"@id":"https:\/\/brasilnoticias.org\/site\/pablo-roberto-oficializa-pre-candidatura-em-feira-e-enfatiza-necessidade-de-renovacao\/#breadcrumb"},"inLanguage":"pt-PT","potentialAction":[{"@type":"ReadAction","target":["https:\/\/brasilnoticias.org\/site\/pablo-roberto-oficializa-pre-candidatura-em-feira-e-enfatiza-necessidade-de-renovacao\/"]}]},{"@type":"ImageObject","inLanguage":"pt-PT","@id":"https:\/\/brasilnoticias.org\/site\/pablo-roberto-oficializa-pre-candidatura-em-feira-e-enfatiza-necessidade-de-renovacao\/#primaryimage","url":"https:\/\/brasilnoticias.org\/site\/wp-content\/uploads\/2023\/10\/IMG-20231004-WA0016-1000x530-1.jpg","contentUrl":"https:\/\/brasilnoticias.org\/site\/wp-content\/uploads\/2023\/10\/IMG-20231004-WA0016-1000x530-1.jpg","width":1000,"height":530},{"@type":"BreadcrumbList","@id":"https:\/\/brasilnoticias.org\/site\/pablo-roberto-oficializa-pre-candidatura-em-feira-e-enfatiza-necessidade-de-renovacao\/#breadcrumb","itemListElement":[{"@type":"ListItem","position":1,"name":"In\u00edcio","item":"https:\/\/brasilnoticias.org\/site\/"},{"@type":"ListItem","position":2,"name":"Pablo Roberto oficializa pr\u00e9-candidatura em Feira e enfatiza necessidade de \u2018renova\u00e7\u00e3o\u2019"}]},{"@type":"WebSite","@id":"https:\/\/brasilnoticias.org\/site\/#website","url":"https:\/\/brasilnoticias.org\/site\/","name":"Brasil not\u00edcias","description":"Brasil not\u00edcias","publisher":{"@id":"https:\/\/brasilnoticias.org\/site\/#organization"},"potentialAction":[{"@type":"SearchAction","target":{"@type":"EntryPoint","urlTemplate":"https:\/\/brasilnoticias.org\/site\/?s={search_term_string}"},"query-input":{"@type":"PropertyValueSpecification","valueRequired":true,"valueName":"search_term_string"}}],"inLanguage":"pt-PT"},{"@type":"Organization","@id":"https:\/\/brasilnoticias.org\/site\/#organization","name":"Brasil not\u00edcias","url":"https:\/\/brasilnoticias.org\/site\/","logo":{"@type":"ImageObject","inLanguage":"pt-PT","@id":"https:\/\/brasilnoticias.org\/site\/#\/schema\/logo\/image\/","url":"https:\/\/brasilnoticias.org\/site\/wp-content\/uploads\/2022\/05\/cropped-brasilnoticias-mini.jpg","contentUrl":"https:\/\/brasilnoticias.org\/site\/wp-content\/uploads\/2022\/05\/cropped-brasilnoticias-mini.jpg","width":314,"height":86,"caption":"Brasil not\u00edcias"},"image":{"@id":"https:\/\/brasilnoticias.org\/site\/#\/schema\/logo\/image\/"}},{"@type":"Person","@id":"https:\/\/brasilnoticias.org\/site\/#\/schema\/person\/03bbbfe6c7634ad18c26444ea39049fa","name":"Reda\u00e7\u00e3o","image":{"@type":"ImageObject","inLanguage":"pt-PT","@id":"https:\/\/brasilnoticias.org\/site\/#\/schema\/person\/image\/","url":"https:\/\/secure.gravatar.com\/avatar\/9ecaf7327a696cb23ad926fedded5f1f04d7049de9e445375d55b48c001a6e42?s=96&d=mm&r=g","contentUrl":"https:\/\/secure.gravatar.com\/avatar\/9ecaf7327a696cb23ad926fedded5f1f04d7049de9e445375d55b48c001a6e42?s=96&d=mm&r=g","caption":"Reda\u00e7\u00e3o"},"url":"https:\/\/brasilnoticias.org\/site\/author\/henrique\/"}]}},"_links":{"self":[{"href":"https:\/\/brasilnoticias.org\/site\/wp-json\/wp\/v2\/posts\/9870","targetHints":{"allow":["GET"]}}],"collection":[{"href":"https:\/\/brasilnoticias.org\/site\/wp-json\/wp\/v2\/posts"}],"about":[{"href":"https:\/\/brasilnoticias.org\/site\/wp-json\/wp\/v2\/types\/post"}],"author":[{"embeddable":true,"href":"https:\/\/brasilnoticias.org\/site\/wp-json\/wp\/v2\/users\/4"}],"replies":[{"embeddable":true,"href":"https:\/\/brasilnoticias.org\/site\/wp-json\/wp\/v2\/comments?post=9870"}],"version-history":[{"count":1,"href":"https:\/\/brasilnoticias.org\/site\/wp-json\/wp\/v2\/posts\/9870\/revisions"}],"predecessor-version":[{"id":9872,"href":"https:\/\/brasilnoticias.org\/site\/wp-json\/wp\/v2\/posts\/9870\/revisions\/9872"}],"wp:featuredmedia":[{"embeddable":true,"href":"https:\/\/brasilnoticias.org\/site\/wp-json\/wp\/v2\/media\/9871"}],"wp:attachment":[{"href":"https:\/\/brasilnoticias.org\/site\/wp-json\/wp\/v2\/media?parent=9870"}],"wp:term":[{"taxonomy":"category","embeddable":true,"href":"https:\/\/brasilnoticias.org\/site\/wp-json\/wp\/v2\/categories?post=9870"},{"taxonomy":"post_tag","embeddable":true,"href":"https:\/\/brasilnoticias.org\/site\/wp-json\/wp\/v2\/tags?post=9870"}],"curies":[{"name":"wp","href":"https:\/\/api.w.org\/{rel}","templated":true}]}}