{"id":9873,"date":"2023-10-05T07:00:15","date_gmt":"2023-10-05T10:00:15","guid":{"rendered":"https:\/\/brasilnoticias.org\/site\/?p=9873"},"modified":"2023-10-04T15:41:22","modified_gmt":"2023-10-04T18:41:22","slug":"rodrigo-faro-processa-globo-por-episodio-envolvendo-gugu-como-esta-a-audiencia","status":"publish","type":"post","link":"https:\/\/brasilnoticias.org\/site\/rodrigo-faro-processa-globo-por-episodio-envolvendo-gugu-como-esta-a-audiencia\/","title":{"rendered":"Rodrigo Faro processa Globo por epis\u00f3dio envolvendo Gugu: &#8220;Como est\u00e1 a audi\u00eancia?&#8221;"},"content":{"rendered":"<p>Na peti\u00e7\u00e3o, o defesa do apresentador diz que ele foi &#8220;julgado e atacado de maneira s\u00f3rdida&#8221;<\/p>\n<p>Rodrigo Faro abriu processo judicial contra a Rede Globo no intuito de remover da internet as publica\u00e7\u00f5es da emissora a respeito de sua &#8220;gafe&#8221; no especial em homenagem a Gugu Liberato (10 de abril de 1959 &#8211; 21 de novembro de 2019), ent\u00e3o rec\u00e9m falecido. Na ocasi\u00e3o, o apresentador da &#8220;Hora do Faro&#8221;, sem saber que estava no ar, perguntou \u00e0 produ\u00e7\u00e3o \u201ccomo \u00e9 que est\u00e1 a audi\u00eancia?\u201d, fato repercutido como demonstra\u00e7\u00e3o de insensibilidade.<\/p>\n<p>O objetivo da a\u00e7\u00e3o \u00e9 remover todo material da Globo, sobre o assunto, dispon\u00edvel no ambiente digital. Assim como aconteceu na disputa contra o Google, pelo mesmo motivo, em 2021. A emissora, entretanto, alega ser incapaz de derrubar todos os links e recomendou atos individuais.<\/p>\n<p>\u201cO autor [Rodrigo Faro], que at\u00e9 aquele momento era estimado por todos e nunca se envolvera em pol\u00eamicas, em um \u00fanico epis\u00f3dio viu-se julgado e atacado de maneira s\u00f3rdida simplesmente pelo fato de que estava exercendo seu trabalho, apesar das homenagens prestadas naquele momento\u201d, diz um trecho da peti\u00e7\u00e3o.<\/p>\n<p>A advogada do apresentador, J\u00e9ssica de Santana Santos, reiterou a boa rela\u00e7\u00e3o com a Globo pelo per\u00edodo em que trabalhou na empresa, mas afirmou \u201cn\u00e3o ter alternativa por conta da decis\u00e3o judicial sobre o Google\u201d. <\/p>\n<p>A defesa ainda disse tentar contornar a situa\u00e7\u00e3o, sem obter sucesso: \u201cTentamos resolver administrativamente, mas ficamos sem respostas. \u00c9 muito dif\u00edcil, \u00e9 uma empresa muito grande\u201d, disse \u00e0 Folha de S. Paulo.<\/p>\n<p>Foto: Divulga\u00e7\u00e3o<br \/>\nPor: Metro1<\/p>\n","protected":false},"excerpt":{"rendered":"<p>Na peti\u00e7\u00e3o, o defesa do apresentador diz que ele foi &#8220;julgado e atacado de maneira s\u00f3rdida&#8221; Rodrigo Faro abriu processo<\/p>\n","protected":false},"author":4,"featured_media":9874,"comment_status":"open","ping_status":"open","sticky":false,"template":"","format":"standard","meta":{"colormag_page_container_layout":"default_layout","colormag_page_sidebar_layout":"default_layout","_FSMCFIC_featured_image_caption":"","_FSMCFIC_featured_image_nocaption":"","_FSMCFIC_featured_image_hide":"","footnotes":""},"categories":[8,1],"tags":[],"class_list":["post-9873","post","type-post","status-publish","format-standard","has-post-thumbnail","hentry","category-entretenimento","category-ultimas"],"yoast_head":"<!-- This site is optimized with the Yoast SEO plugin v27.1.1 - https:\/\/yoast.com\/product\/yoast-seo-wordpress\/ -->\n<title>Rodrigo Faro processa Globo por epis\u00f3dio envolvendo Gugu: &quot;Como est\u00e1 a audi\u00eancia?&quot; - Brasil not\u00edcias<\/title>\n<meta name=\"robots\" content=\"index, follow, max-snippet:-1, max-image-preview:large, max-video-preview:-1\" \/>\n<link rel=\"canonical\" href=\"https:\/\/brasilnoticias.org\/site\/rodrigo-faro-processa-globo-por-episodio-envolvendo-gugu-como-esta-a-audiencia\/\" \/>\n<meta property=\"og:locale\" content=\"pt_PT\" \/>\n<meta property=\"og:type\" content=\"article\" \/>\n<meta property=\"og:title\" content=\"Rodrigo Faro processa Globo por epis\u00f3dio envolvendo Gugu: &quot;Como est\u00e1 a audi\u00eancia?&quot; - Brasil not\u00edcias\" \/>\n<meta property=\"og:description\" content=\"Na peti\u00e7\u00e3o, o defesa do apresentador diz que ele foi &#8220;julgado e atacado de maneira s\u00f3rdida&#8221; Rodrigo Faro abriu processo\" \/>\n<meta property=\"og:url\" content=\"https:\/\/brasilnoticias.org\/site\/rodrigo-faro-processa-globo-por-episodio-envolvendo-gugu-como-esta-a-audiencia\/\" \/>\n<meta property=\"og:site_name\" content=\"Brasil not\u00edcias\" \/>\n<meta property=\"article:published_time\" content=\"2023-10-05T10:00:15+00:00\" \/>\n<meta property=\"og:image\" content=\"https:\/\/brasilnoticias.org\/site\/wp-content\/uploads\/2023\/10\/141641rodrigo-faro-processa-globo-por-episodio-envolvendo-gugu-como-esta-a-audienciaa-3.jpg\" \/>\n\t<meta property=\"og:image:width\" content=\"1600\" \/>\n\t<meta property=\"og:image:height\" content=\"752\" \/>\n\t<meta property=\"og:image:type\" content=\"image\/jpeg\" \/>\n<meta name=\"author\" content=\"Reda\u00e7\u00e3o\" \/>\n<meta name=\"twitter:card\" content=\"summary_large_image\" \/>\n<meta name=\"twitter:label1\" content=\"Escrito por\" \/>\n\t<meta name=\"twitter:data1\" content=\"Reda\u00e7\u00e3o\" \/>\n<script type=\"application\/ld+json\" class=\"yoast-schema-graph\">{\"@context\":\"https:\/\/schema.org\",\"@graph\":[{\"@type\":\"Article\",\"@id\":\"https:\/\/brasilnoticias.org\/site\/rodrigo-faro-processa-globo-por-episodio-envolvendo-gugu-como-esta-a-audiencia\/#article\",\"isPartOf\":{\"@id\":\"https:\/\/brasilnoticias.org\/site\/rodrigo-faro-processa-globo-por-episodio-envolvendo-gugu-como-esta-a-audiencia\/\"},\"author\":{\"name\":\"Reda\u00e7\u00e3o\",\"@id\":\"https:\/\/brasilnoticias.org\/site\/#\/schema\/person\/03bbbfe6c7634ad18c26444ea39049fa\"},\"headline\":\"Rodrigo Faro processa Globo por epis\u00f3dio envolvendo Gugu: &#8220;Como est\u00e1 a audi\u00eancia?&#8221;\",\"datePublished\":\"2023-10-05T10:00:15+00:00\",\"mainEntityOfPage\":{\"@id\":\"https:\/\/brasilnoticias.org\/site\/rodrigo-faro-processa-globo-por-episodio-envolvendo-gugu-como-esta-a-audiencia\/\"},\"wordCount\":281,\"commentCount\":0,\"publisher\":{\"@id\":\"https:\/\/brasilnoticias.org\/site\/#organization\"},\"image\":{\"@id\":\"https:\/\/brasilnoticias.org\/site\/rodrigo-faro-processa-globo-por-episodio-envolvendo-gugu-como-esta-a-audiencia\/#primaryimage\"},\"thumbnailUrl\":\"https:\/\/brasilnoticias.org\/site\/wp-content\/uploads\/2023\/10\/141641rodrigo-faro-processa-globo-por-episodio-envolvendo-gugu-como-esta-a-audienciaa-3.jpg\",\"articleSection\":[\"Entretenimento\",\"\u00daltimas\"],\"inLanguage\":\"pt-PT\",\"potentialAction\":[{\"@type\":\"CommentAction\",\"name\":\"Comment\",\"target\":[\"https:\/\/brasilnoticias.org\/site\/rodrigo-faro-processa-globo-por-episodio-envolvendo-gugu-como-esta-a-audiencia\/#respond\"]}]},{\"@type\":\"WebPage\",\"@id\":\"https:\/\/brasilnoticias.org\/site\/rodrigo-faro-processa-globo-por-episodio-envolvendo-gugu-como-esta-a-audiencia\/\",\"url\":\"https:\/\/brasilnoticias.org\/site\/rodrigo-faro-processa-globo-por-episodio-envolvendo-gugu-como-esta-a-audiencia\/\",\"name\":\"Rodrigo Faro processa Globo por epis\u00f3dio envolvendo Gugu: \\\"Como est\u00e1 a audi\u00eancia?\\\" - Brasil not\u00edcias\",\"isPartOf\":{\"@id\":\"https:\/\/brasilnoticias.org\/site\/#website\"},\"primaryImageOfPage\":{\"@id\":\"https:\/\/brasilnoticias.org\/site\/rodrigo-faro-processa-globo-por-episodio-envolvendo-gugu-como-esta-a-audiencia\/#primaryimage\"},\"image\":{\"@id\":\"https:\/\/brasilnoticias.org\/site\/rodrigo-faro-processa-globo-por-episodio-envolvendo-gugu-como-esta-a-audiencia\/#primaryimage\"},\"thumbnailUrl\":\"https:\/\/brasilnoticias.org\/site\/wp-content\/uploads\/2023\/10\/141641rodrigo-faro-processa-globo-por-episodio-envolvendo-gugu-como-esta-a-audienciaa-3.jpg\",\"datePublished\":\"2023-10-05T10:00:15+00:00\",\"breadcrumb\":{\"@id\":\"https:\/\/brasilnoticias.org\/site\/rodrigo-faro-processa-globo-por-episodio-envolvendo-gugu-como-esta-a-audiencia\/#breadcrumb\"},\"inLanguage\":\"pt-PT\",\"potentialAction\":[{\"@type\":\"ReadAction\",\"target\":[\"https:\/\/brasilnoticias.org\/site\/rodrigo-faro-processa-globo-por-episodio-envolvendo-gugu-como-esta-a-audiencia\/\"]}]},{\"@type\":\"ImageObject\",\"inLanguage\":\"pt-PT\",\"@id\":\"https:\/\/brasilnoticias.org\/site\/rodrigo-faro-processa-globo-por-episodio-envolvendo-gugu-como-esta-a-audiencia\/#primaryimage\",\"url\":\"https:\/\/brasilnoticias.org\/site\/wp-content\/uploads\/2023\/10\/141641rodrigo-faro-processa-globo-por-episodio-envolvendo-gugu-como-esta-a-audienciaa-3.jpg\",\"contentUrl\":\"https:\/\/brasilnoticias.org\/site\/wp-content\/uploads\/2023\/10\/141641rodrigo-faro-processa-globo-por-episodio-envolvendo-gugu-como-esta-a-audienciaa-3.jpg\",\"width\":1600,\"height\":752},{\"@type\":\"BreadcrumbList\",\"@id\":\"https:\/\/brasilnoticias.org\/site\/rodrigo-faro-processa-globo-por-episodio-envolvendo-gugu-como-esta-a-audiencia\/#breadcrumb\",\"itemListElement\":[{\"@type\":\"ListItem\",\"position\":1,\"name\":\"In\u00edcio\",\"item\":\"https:\/\/brasilnoticias.org\/site\/\"},{\"@type\":\"ListItem\",\"position\":2,\"name\":\"Rodrigo Faro processa Globo por epis\u00f3dio envolvendo Gugu: &#8220;Como est\u00e1 a audi\u00eancia?&#8221;\"}]},{\"@type\":\"WebSite\",\"@id\":\"https:\/\/brasilnoticias.org\/site\/#website\",\"url\":\"https:\/\/brasilnoticias.org\/site\/\",\"name\":\"Brasil not\u00edcias\",\"description\":\"Brasil not\u00edcias\",\"publisher\":{\"@id\":\"https:\/\/brasilnoticias.org\/site\/#organization\"},\"potentialAction\":[{\"@type\":\"SearchAction\",\"target\":{\"@type\":\"EntryPoint\",\"urlTemplate\":\"https:\/\/brasilnoticias.org\/site\/?s={search_term_string}\"},\"query-input\":{\"@type\":\"PropertyValueSpecification\",\"valueRequired\":true,\"valueName\":\"search_term_string\"}}],\"inLanguage\":\"pt-PT\"},{\"@type\":\"Organization\",\"@id\":\"https:\/\/brasilnoticias.org\/site\/#organization\",\"name\":\"Brasil not\u00edcias\",\"url\":\"https:\/\/brasilnoticias.org\/site\/\",\"logo\":{\"@type\":\"ImageObject\",\"inLanguage\":\"pt-PT\",\"@id\":\"https:\/\/brasilnoticias.org\/site\/#\/schema\/logo\/image\/\",\"url\":\"https:\/\/brasilnoticias.org\/site\/wp-content\/uploads\/2022\/05\/cropped-brasilnoticias-mini.jpg\",\"contentUrl\":\"https:\/\/brasilnoticias.org\/site\/wp-content\/uploads\/2022\/05\/cropped-brasilnoticias-mini.jpg\",\"width\":314,\"height\":86,\"caption\":\"Brasil not\u00edcias\"},\"image\":{\"@id\":\"https:\/\/brasilnoticias.org\/site\/#\/schema\/logo\/image\/\"}},{\"@type\":\"Person\",\"@id\":\"https:\/\/brasilnoticias.org\/site\/#\/schema\/person\/03bbbfe6c7634ad18c26444ea39049fa\",\"name\":\"Reda\u00e7\u00e3o\",\"image\":{\"@type\":\"ImageObject\",\"inLanguage\":\"pt-PT\",\"@id\":\"https:\/\/brasilnoticias.org\/site\/#\/schema\/person\/image\/\",\"url\":\"https:\/\/secure.gravatar.com\/avatar\/9ecaf7327a696cb23ad926fedded5f1f04d7049de9e445375d55b48c001a6e42?s=96&d=mm&r=g\",\"contentUrl\":\"https:\/\/secure.gravatar.com\/avatar\/9ecaf7327a696cb23ad926fedded5f1f04d7049de9e445375d55b48c001a6e42?s=96&d=mm&r=g\",\"caption\":\"Reda\u00e7\u00e3o\"},\"url\":\"https:\/\/brasilnoticias.org\/site\/author\/henrique\/\"}]}<\/script>\n<!-- \/ Yoast SEO plugin. -->","yoast_head_json":{"title":"Rodrigo Faro processa Globo por epis\u00f3dio envolvendo Gugu: \"Como est\u00e1 a audi\u00eancia?\" - Brasil not\u00edcias","robots":{"index":"index","follow":"follow","max-snippet":"max-snippet:-1","max-image-preview":"max-image-preview:large","max-video-preview":"max-video-preview:-1"},"canonical":"https:\/\/brasilnoticias.org\/site\/rodrigo-faro-processa-globo-por-episodio-envolvendo-gugu-como-esta-a-audiencia\/","og_locale":"pt_PT","og_type":"article","og_title":"Rodrigo Faro processa Globo por epis\u00f3dio envolvendo Gugu: \"Como est\u00e1 a audi\u00eancia?\" - Brasil not\u00edcias","og_description":"Na peti\u00e7\u00e3o, o defesa do apresentador diz que ele foi &#8220;julgado e atacado de maneira s\u00f3rdida&#8221; Rodrigo Faro abriu processo","og_url":"https:\/\/brasilnoticias.org\/site\/rodrigo-faro-processa-globo-por-episodio-envolvendo-gugu-como-esta-a-audiencia\/","og_site_name":"Brasil not\u00edcias","article_published_time":"2023-10-05T10:00:15+00:00","og_image":[{"width":1600,"height":752,"url":"https:\/\/brasilnoticias.org\/site\/wp-content\/uploads\/2023\/10\/141641rodrigo-faro-processa-globo-por-episodio-envolvendo-gugu-como-esta-a-audienciaa-3.jpg","type":"image\/jpeg"}],"author":"Reda\u00e7\u00e3o","twitter_card":"summary_large_image","twitter_misc":{"Escrito por":"Reda\u00e7\u00e3o"},"schema":{"@context":"https:\/\/schema.org","@graph":[{"@type":"Article","@id":"https:\/\/brasilnoticias.org\/site\/rodrigo-faro-processa-globo-por-episodio-envolvendo-gugu-como-esta-a-audiencia\/#article","isPartOf":{"@id":"https:\/\/brasilnoticias.org\/site\/rodrigo-faro-processa-globo-por-episodio-envolvendo-gugu-como-esta-a-audiencia\/"},"author":{"name":"Reda\u00e7\u00e3o","@id":"https:\/\/brasilnoticias.org\/site\/#\/schema\/person\/03bbbfe6c7634ad18c26444ea39049fa"},"headline":"Rodrigo Faro processa Globo por epis\u00f3dio envolvendo Gugu: &#8220;Como est\u00e1 a audi\u00eancia?&#8221;","datePublished":"2023-10-05T10:00:15+00:00","mainEntityOfPage":{"@id":"https:\/\/brasilnoticias.org\/site\/rodrigo-faro-processa-globo-por-episodio-envolvendo-gugu-como-esta-a-audiencia\/"},"wordCount":281,"commentCount":0,"publisher":{"@id":"https:\/\/brasilnoticias.org\/site\/#organization"},"image":{"@id":"https:\/\/brasilnoticias.org\/site\/rodrigo-faro-processa-globo-por-episodio-envolvendo-gugu-como-esta-a-audiencia\/#primaryimage"},"thumbnailUrl":"https:\/\/brasilnoticias.org\/site\/wp-content\/uploads\/2023\/10\/141641rodrigo-faro-processa-globo-por-episodio-envolvendo-gugu-como-esta-a-audienciaa-3.jpg","articleSection":["Entretenimento","\u00daltimas"],"inLanguage":"pt-PT","potentialAction":[{"@type":"CommentAction","name":"Comment","target":["https:\/\/brasilnoticias.org\/site\/rodrigo-faro-processa-globo-por-episodio-envolvendo-gugu-como-esta-a-audiencia\/#respond"]}]},{"@type":"WebPage","@id":"https:\/\/brasilnoticias.org\/site\/rodrigo-faro-processa-globo-por-episodio-envolvendo-gugu-como-esta-a-audiencia\/","url":"https:\/\/brasilnoticias.org\/site\/rodrigo-faro-processa-globo-por-episodio-envolvendo-gugu-como-esta-a-audiencia\/","name":"Rodrigo Faro processa Globo por epis\u00f3dio envolvendo Gugu: \"Como est\u00e1 a audi\u00eancia?\" - Brasil not\u00edcias","isPartOf":{"@id":"https:\/\/brasilnoticias.org\/site\/#website"},"primaryImageOfPage":{"@id":"https:\/\/brasilnoticias.org\/site\/rodrigo-faro-processa-globo-por-episodio-envolvendo-gugu-como-esta-a-audiencia\/#primaryimage"},"image":{"@id":"https:\/\/brasilnoticias.org\/site\/rodrigo-faro-processa-globo-por-episodio-envolvendo-gugu-como-esta-a-audiencia\/#primaryimage"},"thumbnailUrl":"https:\/\/brasilnoticias.org\/site\/wp-content\/uploads\/2023\/10\/141641rodrigo-faro-processa-globo-por-episodio-envolvendo-gugu-como-esta-a-audienciaa-3.jpg","datePublished":"2023-10-05T10:00:15+00:00","breadcrumb":{"@id":"https:\/\/brasilnoticias.org\/site\/rodrigo-faro-processa-globo-por-episodio-envolvendo-gugu-como-esta-a-audiencia\/#breadcrumb"},"inLanguage":"pt-PT","potentialAction":[{"@type":"ReadAction","target":["https:\/\/brasilnoticias.org\/site\/rodrigo-faro-processa-globo-por-episodio-envolvendo-gugu-como-esta-a-audiencia\/"]}]},{"@type":"ImageObject","inLanguage":"pt-PT","@id":"https:\/\/brasilnoticias.org\/site\/rodrigo-faro-processa-globo-por-episodio-envolvendo-gugu-como-esta-a-audiencia\/#primaryimage","url":"https:\/\/brasilnoticias.org\/site\/wp-content\/uploads\/2023\/10\/141641rodrigo-faro-processa-globo-por-episodio-envolvendo-gugu-como-esta-a-audienciaa-3.jpg","contentUrl":"https:\/\/brasilnoticias.org\/site\/wp-content\/uploads\/2023\/10\/141641rodrigo-faro-processa-globo-por-episodio-envolvendo-gugu-como-esta-a-audienciaa-3.jpg","width":1600,"height":752},{"@type":"BreadcrumbList","@id":"https:\/\/brasilnoticias.org\/site\/rodrigo-faro-processa-globo-por-episodio-envolvendo-gugu-como-esta-a-audiencia\/#breadcrumb","itemListElement":[{"@type":"ListItem","position":1,"name":"In\u00edcio","item":"https:\/\/brasilnoticias.org\/site\/"},{"@type":"ListItem","position":2,"name":"Rodrigo Faro processa Globo por epis\u00f3dio envolvendo Gugu: &#8220;Como est\u00e1 a audi\u00eancia?&#8221;"}]},{"@type":"WebSite","@id":"https:\/\/brasilnoticias.org\/site\/#website","url":"https:\/\/brasilnoticias.org\/site\/","name":"Brasil not\u00edcias","description":"Brasil not\u00edcias","publisher":{"@id":"https:\/\/brasilnoticias.org\/site\/#organization"},"potentialAction":[{"@type":"SearchAction","target":{"@type":"EntryPoint","urlTemplate":"https:\/\/brasilnoticias.org\/site\/?s={search_term_string}"},"query-input":{"@type":"PropertyValueSpecification","valueRequired":true,"valueName":"search_term_string"}}],"inLanguage":"pt-PT"},{"@type":"Organization","@id":"https:\/\/brasilnoticias.org\/site\/#organization","name":"Brasil not\u00edcias","url":"https:\/\/brasilnoticias.org\/site\/","logo":{"@type":"ImageObject","inLanguage":"pt-PT","@id":"https:\/\/brasilnoticias.org\/site\/#\/schema\/logo\/image\/","url":"https:\/\/brasilnoticias.org\/site\/wp-content\/uploads\/2022\/05\/cropped-brasilnoticias-mini.jpg","contentUrl":"https:\/\/brasilnoticias.org\/site\/wp-content\/uploads\/2022\/05\/cropped-brasilnoticias-mini.jpg","width":314,"height":86,"caption":"Brasil not\u00edcias"},"image":{"@id":"https:\/\/brasilnoticias.org\/site\/#\/schema\/logo\/image\/"}},{"@type":"Person","@id":"https:\/\/brasilnoticias.org\/site\/#\/schema\/person\/03bbbfe6c7634ad18c26444ea39049fa","name":"Reda\u00e7\u00e3o","image":{"@type":"ImageObject","inLanguage":"pt-PT","@id":"https:\/\/brasilnoticias.org\/site\/#\/schema\/person\/image\/","url":"https:\/\/secure.gravatar.com\/avatar\/9ecaf7327a696cb23ad926fedded5f1f04d7049de9e445375d55b48c001a6e42?s=96&d=mm&r=g","contentUrl":"https:\/\/secure.gravatar.com\/avatar\/9ecaf7327a696cb23ad926fedded5f1f04d7049de9e445375d55b48c001a6e42?s=96&d=mm&r=g","caption":"Reda\u00e7\u00e3o"},"url":"https:\/\/brasilnoticias.org\/site\/author\/henrique\/"}]}},"_links":{"self":[{"href":"https:\/\/brasilnoticias.org\/site\/wp-json\/wp\/v2\/posts\/9873","targetHints":{"allow":["GET"]}}],"collection":[{"href":"https:\/\/brasilnoticias.org\/site\/wp-json\/wp\/v2\/posts"}],"about":[{"href":"https:\/\/brasilnoticias.org\/site\/wp-json\/wp\/v2\/types\/post"}],"author":[{"embeddable":true,"href":"https:\/\/brasilnoticias.org\/site\/wp-json\/wp\/v2\/users\/4"}],"replies":[{"embeddable":true,"href":"https:\/\/brasilnoticias.org\/site\/wp-json\/wp\/v2\/comments?post=9873"}],"version-history":[{"count":1,"href":"https:\/\/brasilnoticias.org\/site\/wp-json\/wp\/v2\/posts\/9873\/revisions"}],"predecessor-version":[{"id":9875,"href":"https:\/\/brasilnoticias.org\/site\/wp-json\/wp\/v2\/posts\/9873\/revisions\/9875"}],"wp:featuredmedia":[{"embeddable":true,"href":"https:\/\/brasilnoticias.org\/site\/wp-json\/wp\/v2\/media\/9874"}],"wp:attachment":[{"href":"https:\/\/brasilnoticias.org\/site\/wp-json\/wp\/v2\/media?parent=9873"}],"wp:term":[{"taxonomy":"category","embeddable":true,"href":"https:\/\/brasilnoticias.org\/site\/wp-json\/wp\/v2\/categories?post=9873"},{"taxonomy":"post_tag","embeddable":true,"href":"https:\/\/brasilnoticias.org\/site\/wp-json\/wp\/v2\/tags?post=9873"}],"curies":[{"name":"wp","href":"https:\/\/api.w.org\/{rel}","templated":true}]}}