{"id":9885,"date":"2023-10-05T18:21:07","date_gmt":"2023-10-05T21:21:07","guid":{"rendered":"https:\/\/brasilnoticias.org\/site\/?p=9885"},"modified":"2023-10-05T18:21:07","modified_gmt":"2023-10-05T21:21:07","slug":"medico-baiano-assassinado-no-rio-pode-ter-sido-confundido-com-miliciano","status":"publish","type":"post","link":"https:\/\/brasilnoticias.org\/site\/medico-baiano-assassinado-no-rio-pode-ter-sido-confundido-com-miliciano\/","title":{"rendered":"M\u00e9dico baiano assassinado no Rio pode ter sido confundido com miliciano"},"content":{"rendered":"<p>Pol\u00edcia apura se semelhan\u00e7a f\u00edsica entre os dois teria motivado o crime, que vitimou outros dois m\u00e9dicos<\/p>\n<p>O m\u00e9dico baiano Perseu Ribeiro de Almeida, de 33 anos, pode ter sido assassinado por um engano, no Rio de Janeiro. Essa \u00e9 uma das linhas de investiga\u00e7\u00e3o das pol\u00edcias Civil e Federal, que apura se a semelhan\u00e7a f\u00edsica entre o profissional de sa\u00fade e o miliciano Taillon de Alc\u00e2ntara Pereira Barbosa, de 26, teria motivado o crime, na madrugada desta quinta-feira (5\/10).<\/p>\n<p>Al\u00e9m de Perseu, outros dois m\u00e9dicos foram assassinados, Marcos de Andrade Corsato e Diego Ralf Bomfim, irm\u00e3o da deputada S\u00e2mia Bomfim (PSOL-SP). O \u00fanico sobrevivente foi Daniel Sonnewend Proen\u00e7a, de 32 anos, que recebeu tr\u00eas tiros e foi levado com vida para o Hospital Municipal Louren\u00e7o Jorge.<\/p>\n<p>MIL\u00cdCIA<\/p>\n<p>Taillon \u00e9 filho de Dalmir Pereira Barbosa e os dois s\u00e3o apontados pelo Minist\u00e9rio P\u00fablico do Rio de Janeiro (MP-RJ) como integrantes de uma mil\u00edcia que atua na zona oeste da cidade. Conforme publica\u00e7\u00e3o do jornal O Globo, Taillon foi preso em 2020 e estava em condicinnal desde o \u00faltimo dia 25 de setembro. No processo consta que ele mora em um apartamento a cerca de 750 metros de onde ocorreu o triplo homic\u00eddio, na Avenida L\u00facio Costa.<\/p>\n<p>AUTORIDADES SE MANIFESTAM<\/p>\n<p>Na manh\u00e3 desta quinta, o ministro da Justi\u00e7a, Fl\u00e1vio Dino, soliticou que a Pol\u00edcia Federal (PF) acompanhe o caso justamente pela possibilidade de motiva\u00e7\u00e3o pol\u00edtica, levando em conta a rela\u00e7\u00e3o de parentesco de uma das v\u00edtimas com parlamentares. O governador da Bahia, Jer\u00f4nimo Rodrigues, e o presidente Lula pediram a elucida\u00e7\u00e3o do caso, via redes sociais.<\/p>\n<p>Em entrevista para o jornal Folha de S\u00e3o Paulo, Tarc\u00edsio Morra afirmou que, antes de afirmar alguma coisa, \u00e9 preciso esperar investiga\u00e7\u00e3o policial e que a motiva\u00e7\u00e3o do assassinato n\u00e3o esta evidente.<\/p>\n<p>\u201cNada indica isso [uma execu\u00e7\u00e3o por raz\u00f5es pol\u00edticas] at\u00e9 aqui. Estamos trabalhando com muita cautela. \u00c9 preciso esperar o avan\u00e7o da investiga\u00e7\u00e3o policial\u2026. A partir deste ponto, n\u00e3o entanto, n\u00e3o h\u00e1 elementos que apontem para a possibilidade de essa hip\u00f3tese ser mais prov\u00e1vel do que outras. A motiva\u00e7\u00e3o para esses assassinatos n\u00e3o est\u00e1 evidente\u201d, opinou.<\/p>\n<p>AMEA\u00c7AS<\/p>\n<p>Em julho, S\u00e2mia havia relatado ao portal online Uol que vinha sofrendo amea\u00e7as de morte. \u201cRecebo e-mail uma vez por m\u00eas, a cada 15 dias, com ofensas horrorosas falando que vai me matar, matar minha fam\u00edlia. Das coisas mais terr\u00edveis e sempre com requintes de crueldade\u201d, disse, na \u00e9poca.<\/p>\n<p>Segundo ela, as amea\u00e7as eram dirigidas a ela, ao marido, o deputado federal Glauber Rocha (PSOL-RJ), e ao filho dos dois. Em agosto do ano passado, a deputada j\u00e1 havia relatado a mesma situa\u00e7\u00e3o. \u201cQuinta-feira passada recebi um email de uma pessoa amea\u00e7ando me estuprar e matar na frente do meu filho de 1 ano\u201d, escreveu S\u00e2mia em um post nas redes sociais, no dia 2 de agosto do ano passado.<\/p>\n<p>Foto: reprodu\u00e7\u00e3o<br \/>\nAratu On<\/p>\n","protected":false},"excerpt":{"rendered":"<p>Pol\u00edcia apura se semelhan\u00e7a f\u00edsica entre os dois teria motivado o crime, que vitimou outros dois m\u00e9dicos O m\u00e9dico baiano<\/p>\n","protected":false},"author":4,"featured_media":9886,"comment_status":"open","ping_status":"open","sticky":false,"template":"","format":"standard","meta":{"colormag_page_container_layout":"default_layout","colormag_page_sidebar_layout":"default_layout","_FSMCFIC_featured_image_caption":"","_FSMCFIC_featured_image_nocaption":"","_FSMCFIC_featured_image_hide":"","footnotes":""},"categories":[2,1],"tags":[],"class_list":["post-9885","post","type-post","status-publish","format-standard","has-post-thumbnail","hentry","category-noticias","category-ultimas"],"yoast_head":"<!-- This site is optimized with the Yoast SEO plugin v27.1.1 - https:\/\/yoast.com\/product\/yoast-seo-wordpress\/ -->\n<title>M\u00e9dico baiano assassinado no Rio pode ter sido confundido com miliciano - Brasil not\u00edcias<\/title>\n<meta name=\"robots\" content=\"index, follow, max-snippet:-1, max-image-preview:large, max-video-preview:-1\" \/>\n<link rel=\"canonical\" href=\"https:\/\/brasilnoticias.org\/site\/medico-baiano-assassinado-no-rio-pode-ter-sido-confundido-com-miliciano\/\" \/>\n<meta property=\"og:locale\" content=\"pt_PT\" \/>\n<meta property=\"og:type\" content=\"article\" \/>\n<meta property=\"og:title\" content=\"M\u00e9dico baiano assassinado no Rio pode ter sido confundido com miliciano - Brasil not\u00edcias\" \/>\n<meta property=\"og:description\" content=\"Pol\u00edcia apura se semelhan\u00e7a f\u00edsica entre os dois teria motivado o crime, que vitimou outros dois m\u00e9dicos O m\u00e9dico baiano\" \/>\n<meta property=\"og:url\" content=\"https:\/\/brasilnoticias.org\/site\/medico-baiano-assassinado-no-rio-pode-ter-sido-confundido-com-miliciano\/\" \/>\n<meta property=\"og:site_name\" content=\"Brasil not\u00edcias\" \/>\n<meta property=\"article:published_time\" content=\"2023-10-05T21:21:07+00:00\" \/>\n<meta property=\"og:image\" content=\"https:\/\/brasilnoticias.org\/site\/wp-content\/uploads\/2023\/10\/PERSEU-E-TAILLON-.jpg\" \/>\n\t<meta property=\"og:image:width\" content=\"740\" \/>\n\t<meta property=\"og:image:height\" content=\"470\" \/>\n\t<meta property=\"og:image:type\" content=\"image\/jpeg\" \/>\n<meta name=\"author\" content=\"Reda\u00e7\u00e3o\" \/>\n<meta name=\"twitter:card\" content=\"summary_large_image\" \/>\n<meta name=\"twitter:label1\" content=\"Escrito por\" \/>\n\t<meta name=\"twitter:data1\" content=\"Reda\u00e7\u00e3o\" \/>\n<script type=\"application\/ld+json\" class=\"yoast-schema-graph\">{\"@context\":\"https:\/\/schema.org\",\"@graph\":[{\"@type\":\"Article\",\"@id\":\"https:\/\/brasilnoticias.org\/site\/medico-baiano-assassinado-no-rio-pode-ter-sido-confundido-com-miliciano\/#article\",\"isPartOf\":{\"@id\":\"https:\/\/brasilnoticias.org\/site\/medico-baiano-assassinado-no-rio-pode-ter-sido-confundido-com-miliciano\/\"},\"author\":{\"name\":\"Reda\u00e7\u00e3o\",\"@id\":\"https:\/\/brasilnoticias.org\/site\/#\/schema\/person\/03bbbfe6c7634ad18c26444ea39049fa\"},\"headline\":\"M\u00e9dico baiano assassinado no Rio pode ter sido confundido com miliciano\",\"datePublished\":\"2023-10-05T21:21:07+00:00\",\"mainEntityOfPage\":{\"@id\":\"https:\/\/brasilnoticias.org\/site\/medico-baiano-assassinado-no-rio-pode-ter-sido-confundido-com-miliciano\/\"},\"wordCount\":537,\"commentCount\":0,\"publisher\":{\"@id\":\"https:\/\/brasilnoticias.org\/site\/#organization\"},\"image\":{\"@id\":\"https:\/\/brasilnoticias.org\/site\/medico-baiano-assassinado-no-rio-pode-ter-sido-confundido-com-miliciano\/#primaryimage\"},\"thumbnailUrl\":\"https:\/\/brasilnoticias.org\/site\/wp-content\/uploads\/2023\/10\/PERSEU-E-TAILLON-.jpg\",\"articleSection\":[\"Not\u00edcias\",\"\u00daltimas\"],\"inLanguage\":\"pt-PT\",\"potentialAction\":[{\"@type\":\"CommentAction\",\"name\":\"Comment\",\"target\":[\"https:\/\/brasilnoticias.org\/site\/medico-baiano-assassinado-no-rio-pode-ter-sido-confundido-com-miliciano\/#respond\"]}]},{\"@type\":\"WebPage\",\"@id\":\"https:\/\/brasilnoticias.org\/site\/medico-baiano-assassinado-no-rio-pode-ter-sido-confundido-com-miliciano\/\",\"url\":\"https:\/\/brasilnoticias.org\/site\/medico-baiano-assassinado-no-rio-pode-ter-sido-confundido-com-miliciano\/\",\"name\":\"M\u00e9dico baiano assassinado no Rio pode ter sido confundido com miliciano - Brasil not\u00edcias\",\"isPartOf\":{\"@id\":\"https:\/\/brasilnoticias.org\/site\/#website\"},\"primaryImageOfPage\":{\"@id\":\"https:\/\/brasilnoticias.org\/site\/medico-baiano-assassinado-no-rio-pode-ter-sido-confundido-com-miliciano\/#primaryimage\"},\"image\":{\"@id\":\"https:\/\/brasilnoticias.org\/site\/medico-baiano-assassinado-no-rio-pode-ter-sido-confundido-com-miliciano\/#primaryimage\"},\"thumbnailUrl\":\"https:\/\/brasilnoticias.org\/site\/wp-content\/uploads\/2023\/10\/PERSEU-E-TAILLON-.jpg\",\"datePublished\":\"2023-10-05T21:21:07+00:00\",\"breadcrumb\":{\"@id\":\"https:\/\/brasilnoticias.org\/site\/medico-baiano-assassinado-no-rio-pode-ter-sido-confundido-com-miliciano\/#breadcrumb\"},\"inLanguage\":\"pt-PT\",\"potentialAction\":[{\"@type\":\"ReadAction\",\"target\":[\"https:\/\/brasilnoticias.org\/site\/medico-baiano-assassinado-no-rio-pode-ter-sido-confundido-com-miliciano\/\"]}]},{\"@type\":\"ImageObject\",\"inLanguage\":\"pt-PT\",\"@id\":\"https:\/\/brasilnoticias.org\/site\/medico-baiano-assassinado-no-rio-pode-ter-sido-confundido-com-miliciano\/#primaryimage\",\"url\":\"https:\/\/brasilnoticias.org\/site\/wp-content\/uploads\/2023\/10\/PERSEU-E-TAILLON-.jpg\",\"contentUrl\":\"https:\/\/brasilnoticias.org\/site\/wp-content\/uploads\/2023\/10\/PERSEU-E-TAILLON-.jpg\",\"width\":740,\"height\":470},{\"@type\":\"BreadcrumbList\",\"@id\":\"https:\/\/brasilnoticias.org\/site\/medico-baiano-assassinado-no-rio-pode-ter-sido-confundido-com-miliciano\/#breadcrumb\",\"itemListElement\":[{\"@type\":\"ListItem\",\"position\":1,\"name\":\"In\u00edcio\",\"item\":\"https:\/\/brasilnoticias.org\/site\/\"},{\"@type\":\"ListItem\",\"position\":2,\"name\":\"M\u00e9dico baiano assassinado no Rio pode ter sido confundido com miliciano\"}]},{\"@type\":\"WebSite\",\"@id\":\"https:\/\/brasilnoticias.org\/site\/#website\",\"url\":\"https:\/\/brasilnoticias.org\/site\/\",\"name\":\"Brasil not\u00edcias\",\"description\":\"Brasil not\u00edcias\",\"publisher\":{\"@id\":\"https:\/\/brasilnoticias.org\/site\/#organization\"},\"potentialAction\":[{\"@type\":\"SearchAction\",\"target\":{\"@type\":\"EntryPoint\",\"urlTemplate\":\"https:\/\/brasilnoticias.org\/site\/?s={search_term_string}\"},\"query-input\":{\"@type\":\"PropertyValueSpecification\",\"valueRequired\":true,\"valueName\":\"search_term_string\"}}],\"inLanguage\":\"pt-PT\"},{\"@type\":\"Organization\",\"@id\":\"https:\/\/brasilnoticias.org\/site\/#organization\",\"name\":\"Brasil not\u00edcias\",\"url\":\"https:\/\/brasilnoticias.org\/site\/\",\"logo\":{\"@type\":\"ImageObject\",\"inLanguage\":\"pt-PT\",\"@id\":\"https:\/\/brasilnoticias.org\/site\/#\/schema\/logo\/image\/\",\"url\":\"https:\/\/brasilnoticias.org\/site\/wp-content\/uploads\/2022\/05\/cropped-brasilnoticias-mini.jpg\",\"contentUrl\":\"https:\/\/brasilnoticias.org\/site\/wp-content\/uploads\/2022\/05\/cropped-brasilnoticias-mini.jpg\",\"width\":314,\"height\":86,\"caption\":\"Brasil not\u00edcias\"},\"image\":{\"@id\":\"https:\/\/brasilnoticias.org\/site\/#\/schema\/logo\/image\/\"}},{\"@type\":\"Person\",\"@id\":\"https:\/\/brasilnoticias.org\/site\/#\/schema\/person\/03bbbfe6c7634ad18c26444ea39049fa\",\"name\":\"Reda\u00e7\u00e3o\",\"image\":{\"@type\":\"ImageObject\",\"inLanguage\":\"pt-PT\",\"@id\":\"https:\/\/brasilnoticias.org\/site\/#\/schema\/person\/image\/\",\"url\":\"https:\/\/secure.gravatar.com\/avatar\/9ecaf7327a696cb23ad926fedded5f1f04d7049de9e445375d55b48c001a6e42?s=96&d=mm&r=g\",\"contentUrl\":\"https:\/\/secure.gravatar.com\/avatar\/9ecaf7327a696cb23ad926fedded5f1f04d7049de9e445375d55b48c001a6e42?s=96&d=mm&r=g\",\"caption\":\"Reda\u00e7\u00e3o\"},\"url\":\"https:\/\/brasilnoticias.org\/site\/author\/henrique\/\"}]}<\/script>\n<!-- \/ Yoast SEO plugin. -->","yoast_head_json":{"title":"M\u00e9dico baiano assassinado no Rio pode ter sido confundido com miliciano - Brasil not\u00edcias","robots":{"index":"index","follow":"follow","max-snippet":"max-snippet:-1","max-image-preview":"max-image-preview:large","max-video-preview":"max-video-preview:-1"},"canonical":"https:\/\/brasilnoticias.org\/site\/medico-baiano-assassinado-no-rio-pode-ter-sido-confundido-com-miliciano\/","og_locale":"pt_PT","og_type":"article","og_title":"M\u00e9dico baiano assassinado no Rio pode ter sido confundido com miliciano - Brasil not\u00edcias","og_description":"Pol\u00edcia apura se semelhan\u00e7a f\u00edsica entre os dois teria motivado o crime, que vitimou outros dois m\u00e9dicos O m\u00e9dico baiano","og_url":"https:\/\/brasilnoticias.org\/site\/medico-baiano-assassinado-no-rio-pode-ter-sido-confundido-com-miliciano\/","og_site_name":"Brasil not\u00edcias","article_published_time":"2023-10-05T21:21:07+00:00","og_image":[{"width":740,"height":470,"url":"https:\/\/brasilnoticias.org\/site\/wp-content\/uploads\/2023\/10\/PERSEU-E-TAILLON-.jpg","type":"image\/jpeg"}],"author":"Reda\u00e7\u00e3o","twitter_card":"summary_large_image","twitter_misc":{"Escrito por":"Reda\u00e7\u00e3o"},"schema":{"@context":"https:\/\/schema.org","@graph":[{"@type":"Article","@id":"https:\/\/brasilnoticias.org\/site\/medico-baiano-assassinado-no-rio-pode-ter-sido-confundido-com-miliciano\/#article","isPartOf":{"@id":"https:\/\/brasilnoticias.org\/site\/medico-baiano-assassinado-no-rio-pode-ter-sido-confundido-com-miliciano\/"},"author":{"name":"Reda\u00e7\u00e3o","@id":"https:\/\/brasilnoticias.org\/site\/#\/schema\/person\/03bbbfe6c7634ad18c26444ea39049fa"},"headline":"M\u00e9dico baiano assassinado no Rio pode ter sido confundido com miliciano","datePublished":"2023-10-05T21:21:07+00:00","mainEntityOfPage":{"@id":"https:\/\/brasilnoticias.org\/site\/medico-baiano-assassinado-no-rio-pode-ter-sido-confundido-com-miliciano\/"},"wordCount":537,"commentCount":0,"publisher":{"@id":"https:\/\/brasilnoticias.org\/site\/#organization"},"image":{"@id":"https:\/\/brasilnoticias.org\/site\/medico-baiano-assassinado-no-rio-pode-ter-sido-confundido-com-miliciano\/#primaryimage"},"thumbnailUrl":"https:\/\/brasilnoticias.org\/site\/wp-content\/uploads\/2023\/10\/PERSEU-E-TAILLON-.jpg","articleSection":["Not\u00edcias","\u00daltimas"],"inLanguage":"pt-PT","potentialAction":[{"@type":"CommentAction","name":"Comment","target":["https:\/\/brasilnoticias.org\/site\/medico-baiano-assassinado-no-rio-pode-ter-sido-confundido-com-miliciano\/#respond"]}]},{"@type":"WebPage","@id":"https:\/\/brasilnoticias.org\/site\/medico-baiano-assassinado-no-rio-pode-ter-sido-confundido-com-miliciano\/","url":"https:\/\/brasilnoticias.org\/site\/medico-baiano-assassinado-no-rio-pode-ter-sido-confundido-com-miliciano\/","name":"M\u00e9dico baiano assassinado no Rio pode ter sido confundido com miliciano - Brasil not\u00edcias","isPartOf":{"@id":"https:\/\/brasilnoticias.org\/site\/#website"},"primaryImageOfPage":{"@id":"https:\/\/brasilnoticias.org\/site\/medico-baiano-assassinado-no-rio-pode-ter-sido-confundido-com-miliciano\/#primaryimage"},"image":{"@id":"https:\/\/brasilnoticias.org\/site\/medico-baiano-assassinado-no-rio-pode-ter-sido-confundido-com-miliciano\/#primaryimage"},"thumbnailUrl":"https:\/\/brasilnoticias.org\/site\/wp-content\/uploads\/2023\/10\/PERSEU-E-TAILLON-.jpg","datePublished":"2023-10-05T21:21:07+00:00","breadcrumb":{"@id":"https:\/\/brasilnoticias.org\/site\/medico-baiano-assassinado-no-rio-pode-ter-sido-confundido-com-miliciano\/#breadcrumb"},"inLanguage":"pt-PT","potentialAction":[{"@type":"ReadAction","target":["https:\/\/brasilnoticias.org\/site\/medico-baiano-assassinado-no-rio-pode-ter-sido-confundido-com-miliciano\/"]}]},{"@type":"ImageObject","inLanguage":"pt-PT","@id":"https:\/\/brasilnoticias.org\/site\/medico-baiano-assassinado-no-rio-pode-ter-sido-confundido-com-miliciano\/#primaryimage","url":"https:\/\/brasilnoticias.org\/site\/wp-content\/uploads\/2023\/10\/PERSEU-E-TAILLON-.jpg","contentUrl":"https:\/\/brasilnoticias.org\/site\/wp-content\/uploads\/2023\/10\/PERSEU-E-TAILLON-.jpg","width":740,"height":470},{"@type":"BreadcrumbList","@id":"https:\/\/brasilnoticias.org\/site\/medico-baiano-assassinado-no-rio-pode-ter-sido-confundido-com-miliciano\/#breadcrumb","itemListElement":[{"@type":"ListItem","position":1,"name":"In\u00edcio","item":"https:\/\/brasilnoticias.org\/site\/"},{"@type":"ListItem","position":2,"name":"M\u00e9dico baiano assassinado no Rio pode ter sido confundido com miliciano"}]},{"@type":"WebSite","@id":"https:\/\/brasilnoticias.org\/site\/#website","url":"https:\/\/brasilnoticias.org\/site\/","name":"Brasil not\u00edcias","description":"Brasil not\u00edcias","publisher":{"@id":"https:\/\/brasilnoticias.org\/site\/#organization"},"potentialAction":[{"@type":"SearchAction","target":{"@type":"EntryPoint","urlTemplate":"https:\/\/brasilnoticias.org\/site\/?s={search_term_string}"},"query-input":{"@type":"PropertyValueSpecification","valueRequired":true,"valueName":"search_term_string"}}],"inLanguage":"pt-PT"},{"@type":"Organization","@id":"https:\/\/brasilnoticias.org\/site\/#organization","name":"Brasil not\u00edcias","url":"https:\/\/brasilnoticias.org\/site\/","logo":{"@type":"ImageObject","inLanguage":"pt-PT","@id":"https:\/\/brasilnoticias.org\/site\/#\/schema\/logo\/image\/","url":"https:\/\/brasilnoticias.org\/site\/wp-content\/uploads\/2022\/05\/cropped-brasilnoticias-mini.jpg","contentUrl":"https:\/\/brasilnoticias.org\/site\/wp-content\/uploads\/2022\/05\/cropped-brasilnoticias-mini.jpg","width":314,"height":86,"caption":"Brasil not\u00edcias"},"image":{"@id":"https:\/\/brasilnoticias.org\/site\/#\/schema\/logo\/image\/"}},{"@type":"Person","@id":"https:\/\/brasilnoticias.org\/site\/#\/schema\/person\/03bbbfe6c7634ad18c26444ea39049fa","name":"Reda\u00e7\u00e3o","image":{"@type":"ImageObject","inLanguage":"pt-PT","@id":"https:\/\/brasilnoticias.org\/site\/#\/schema\/person\/image\/","url":"https:\/\/secure.gravatar.com\/avatar\/9ecaf7327a696cb23ad926fedded5f1f04d7049de9e445375d55b48c001a6e42?s=96&d=mm&r=g","contentUrl":"https:\/\/secure.gravatar.com\/avatar\/9ecaf7327a696cb23ad926fedded5f1f04d7049de9e445375d55b48c001a6e42?s=96&d=mm&r=g","caption":"Reda\u00e7\u00e3o"},"url":"https:\/\/brasilnoticias.org\/site\/author\/henrique\/"}]}},"_links":{"self":[{"href":"https:\/\/brasilnoticias.org\/site\/wp-json\/wp\/v2\/posts\/9885","targetHints":{"allow":["GET"]}}],"collection":[{"href":"https:\/\/brasilnoticias.org\/site\/wp-json\/wp\/v2\/posts"}],"about":[{"href":"https:\/\/brasilnoticias.org\/site\/wp-json\/wp\/v2\/types\/post"}],"author":[{"embeddable":true,"href":"https:\/\/brasilnoticias.org\/site\/wp-json\/wp\/v2\/users\/4"}],"replies":[{"embeddable":true,"href":"https:\/\/brasilnoticias.org\/site\/wp-json\/wp\/v2\/comments?post=9885"}],"version-history":[{"count":1,"href":"https:\/\/brasilnoticias.org\/site\/wp-json\/wp\/v2\/posts\/9885\/revisions"}],"predecessor-version":[{"id":9887,"href":"https:\/\/brasilnoticias.org\/site\/wp-json\/wp\/v2\/posts\/9885\/revisions\/9887"}],"wp:featuredmedia":[{"embeddable":true,"href":"https:\/\/brasilnoticias.org\/site\/wp-json\/wp\/v2\/media\/9886"}],"wp:attachment":[{"href":"https:\/\/brasilnoticias.org\/site\/wp-json\/wp\/v2\/media?parent=9885"}],"wp:term":[{"taxonomy":"category","embeddable":true,"href":"https:\/\/brasilnoticias.org\/site\/wp-json\/wp\/v2\/categories?post=9885"},{"taxonomy":"post_tag","embeddable":true,"href":"https:\/\/brasilnoticias.org\/site\/wp-json\/wp\/v2\/tags?post=9885"}],"curies":[{"name":"wp","href":"https:\/\/api.w.org\/{rel}","templated":true}]}}