{"id":9888,"date":"2023-10-05T18:22:11","date_gmt":"2023-10-05T21:22:11","guid":{"rendered":"https:\/\/brasilnoticias.org\/site\/?p=9888"},"modified":"2023-10-05T18:22:11","modified_gmt":"2023-10-05T21:22:11","slug":"policia-confirma-6-mortos-em-chacina-de-jequie-identidades-sao-reveladas","status":"publish","type":"post","link":"https:\/\/brasilnoticias.org\/site\/policia-confirma-6-mortos-em-chacina-de-jequie-identidades-sao-reveladas\/","title":{"rendered":"Pol\u00edcia confirma 6 mortos em chacina de Jequi\u00e9; identidades s\u00e3o reveladas"},"content":{"rendered":"<p>Ao todo, tr\u00eas homens e tr\u00eas mulheres foram mortos, entre eles uma gr\u00e1vida e uma crian\u00e7a de 5 anos.<\/p>\n<p>A Pol\u00edcia Civil da Bahia confirmou seis pessoas mortas na chacina que vitimou uma fam\u00edlia cigana, no munic\u00edpio de Jequi\u00e9, a 367 km de Salvador. A informa\u00e7\u00e3o foi divulgada na tarde desta quinta-feira (5\/10), cerca de seis horas ap\u00f3s a confirma\u00e7\u00e3o da trag\u00e9dia. Os mortos s\u00e3o tr\u00eas mulheres e tr\u00eas homens, entre elas uma gr\u00e1vida de 9 meses e uma crian\u00e7a de cinco anos.<\/p>\n<p>As v\u00edtimas foram identificadas como: Natiele Andrade de Cabral, de 22 anos, e gr\u00e1vida de nove meses; Laiane Andrade Barreto, cinco anos; Elismar Cabral Barreto, 23; Sulivan Cabral Barreto, 35; Maiane Cabral Gomes, 45 e Lindivoval de Almeida Cabral, 66.<\/p>\n<p>Segundo as informa\u00e7\u00f5es mais atualizadas, eles foram surpreendidos no bairro \u201cLoteamento Amaralina\u201d por um grupo de homens armados, que chegou ao local no in\u00edcio da manh\u00e3 de hoje. Em um v\u00eddeo, feito por populares, os corpos dos moradores est\u00e3o espalhados pela parte interna e externa da resid\u00eancia.<\/p>\n<p>Segundo a Pol\u00edcia Civil, j\u00e1 foram coletadas imagens no entorno do local do crime e testemunhas est\u00e3o sendo ouvidas, al\u00e9m de outras dilig\u00eancias investigativas. At\u00e9 o momento, n\u00e3o h\u00e1 informa\u00e7\u00f5es sobre autoria e motiva\u00e7\u00e3o do crime.<\/p>\n<p>Foto: Reprodu\u00e7\u00e3o<br \/>\nAratu On<\/p>\n","protected":false},"excerpt":{"rendered":"<p>Ao todo, tr\u00eas homens e tr\u00eas mulheres foram mortos, entre eles uma gr\u00e1vida e uma crian\u00e7a de 5 anos. A<\/p>\n","protected":false},"author":4,"featured_media":9889,"comment_status":"open","ping_status":"open","sticky":false,"template":"","format":"standard","meta":{"colormag_page_container_layout":"default_layout","colormag_page_sidebar_layout":"default_layout","_FSMCFIC_featured_image_caption":"","_FSMCFIC_featured_image_nocaption":"","_FSMCFIC_featured_image_hide":"","footnotes":""},"categories":[3,1],"tags":[],"class_list":["post-9888","post","type-post","status-publish","format-standard","has-post-thumbnail","hentry","category-policia","category-ultimas"],"yoast_head":"<!-- This site is optimized with the Yoast SEO plugin v27.1.1 - https:\/\/yoast.com\/product\/yoast-seo-wordpress\/ -->\n<title>Pol\u00edcia confirma 6 mortos em chacina de Jequi\u00e9; identidades s\u00e3o reveladas - Brasil not\u00edcias<\/title>\n<meta name=\"robots\" content=\"index, follow, max-snippet:-1, max-image-preview:large, max-video-preview:-1\" \/>\n<link rel=\"canonical\" href=\"https:\/\/brasilnoticias.org\/site\/policia-confirma-6-mortos-em-chacina-de-jequie-identidades-sao-reveladas\/\" \/>\n<meta property=\"og:locale\" content=\"pt_PT\" \/>\n<meta property=\"og:type\" content=\"article\" \/>\n<meta property=\"og:title\" content=\"Pol\u00edcia confirma 6 mortos em chacina de Jequi\u00e9; identidades s\u00e3o reveladas - Brasil not\u00edcias\" \/>\n<meta property=\"og:description\" content=\"Ao todo, tr\u00eas homens e tr\u00eas mulheres foram mortos, entre eles uma gr\u00e1vida e uma crian\u00e7a de 5 anos. A\" \/>\n<meta property=\"og:url\" content=\"https:\/\/brasilnoticias.org\/site\/policia-confirma-6-mortos-em-chacina-de-jequie-identidades-sao-reveladas\/\" \/>\n<meta property=\"og:site_name\" content=\"Brasil not\u00edcias\" \/>\n<meta property=\"article:published_time\" content=\"2023-10-05T21:22:11+00:00\" \/>\n<meta property=\"og:image\" content=\"https:\/\/brasilnoticias.org\/site\/wp-content\/uploads\/2023\/10\/Aratu-On-25.jpg\" \/>\n\t<meta property=\"og:image:width\" content=\"740\" \/>\n\t<meta property=\"og:image:height\" content=\"470\" \/>\n\t<meta property=\"og:image:type\" content=\"image\/jpeg\" \/>\n<meta name=\"author\" content=\"Reda\u00e7\u00e3o\" \/>\n<meta name=\"twitter:card\" content=\"summary_large_image\" \/>\n<meta name=\"twitter:label1\" content=\"Escrito por\" \/>\n\t<meta name=\"twitter:data1\" content=\"Reda\u00e7\u00e3o\" \/>\n<script type=\"application\/ld+json\" class=\"yoast-schema-graph\">{\"@context\":\"https:\/\/schema.org\",\"@graph\":[{\"@type\":\"Article\",\"@id\":\"https:\/\/brasilnoticias.org\/site\/policia-confirma-6-mortos-em-chacina-de-jequie-identidades-sao-reveladas\/#article\",\"isPartOf\":{\"@id\":\"https:\/\/brasilnoticias.org\/site\/policia-confirma-6-mortos-em-chacina-de-jequie-identidades-sao-reveladas\/\"},\"author\":{\"name\":\"Reda\u00e7\u00e3o\",\"@id\":\"https:\/\/brasilnoticias.org\/site\/#\/schema\/person\/03bbbfe6c7634ad18c26444ea39049fa\"},\"headline\":\"Pol\u00edcia confirma 6 mortos em chacina de Jequi\u00e9; identidades s\u00e3o reveladas\",\"datePublished\":\"2023-10-05T21:22:11+00:00\",\"mainEntityOfPage\":{\"@id\":\"https:\/\/brasilnoticias.org\/site\/policia-confirma-6-mortos-em-chacina-de-jequie-identidades-sao-reveladas\/\"},\"wordCount\":244,\"commentCount\":0,\"publisher\":{\"@id\":\"https:\/\/brasilnoticias.org\/site\/#organization\"},\"image\":{\"@id\":\"https:\/\/brasilnoticias.org\/site\/policia-confirma-6-mortos-em-chacina-de-jequie-identidades-sao-reveladas\/#primaryimage\"},\"thumbnailUrl\":\"https:\/\/brasilnoticias.org\/site\/wp-content\/uploads\/2023\/10\/Aratu-On-25.jpg\",\"articleSection\":[\"Pol\u00edcia\",\"\u00daltimas\"],\"inLanguage\":\"pt-PT\",\"potentialAction\":[{\"@type\":\"CommentAction\",\"name\":\"Comment\",\"target\":[\"https:\/\/brasilnoticias.org\/site\/policia-confirma-6-mortos-em-chacina-de-jequie-identidades-sao-reveladas\/#respond\"]}]},{\"@type\":\"WebPage\",\"@id\":\"https:\/\/brasilnoticias.org\/site\/policia-confirma-6-mortos-em-chacina-de-jequie-identidades-sao-reveladas\/\",\"url\":\"https:\/\/brasilnoticias.org\/site\/policia-confirma-6-mortos-em-chacina-de-jequie-identidades-sao-reveladas\/\",\"name\":\"Pol\u00edcia confirma 6 mortos em chacina de Jequi\u00e9; identidades s\u00e3o reveladas - Brasil not\u00edcias\",\"isPartOf\":{\"@id\":\"https:\/\/brasilnoticias.org\/site\/#website\"},\"primaryImageOfPage\":{\"@id\":\"https:\/\/brasilnoticias.org\/site\/policia-confirma-6-mortos-em-chacina-de-jequie-identidades-sao-reveladas\/#primaryimage\"},\"image\":{\"@id\":\"https:\/\/brasilnoticias.org\/site\/policia-confirma-6-mortos-em-chacina-de-jequie-identidades-sao-reveladas\/#primaryimage\"},\"thumbnailUrl\":\"https:\/\/brasilnoticias.org\/site\/wp-content\/uploads\/2023\/10\/Aratu-On-25.jpg\",\"datePublished\":\"2023-10-05T21:22:11+00:00\",\"breadcrumb\":{\"@id\":\"https:\/\/brasilnoticias.org\/site\/policia-confirma-6-mortos-em-chacina-de-jequie-identidades-sao-reveladas\/#breadcrumb\"},\"inLanguage\":\"pt-PT\",\"potentialAction\":[{\"@type\":\"ReadAction\",\"target\":[\"https:\/\/brasilnoticias.org\/site\/policia-confirma-6-mortos-em-chacina-de-jequie-identidades-sao-reveladas\/\"]}]},{\"@type\":\"ImageObject\",\"inLanguage\":\"pt-PT\",\"@id\":\"https:\/\/brasilnoticias.org\/site\/policia-confirma-6-mortos-em-chacina-de-jequie-identidades-sao-reveladas\/#primaryimage\",\"url\":\"https:\/\/brasilnoticias.org\/site\/wp-content\/uploads\/2023\/10\/Aratu-On-25.jpg\",\"contentUrl\":\"https:\/\/brasilnoticias.org\/site\/wp-content\/uploads\/2023\/10\/Aratu-On-25.jpg\",\"width\":740,\"height\":470},{\"@type\":\"BreadcrumbList\",\"@id\":\"https:\/\/brasilnoticias.org\/site\/policia-confirma-6-mortos-em-chacina-de-jequie-identidades-sao-reveladas\/#breadcrumb\",\"itemListElement\":[{\"@type\":\"ListItem\",\"position\":1,\"name\":\"In\u00edcio\",\"item\":\"https:\/\/brasilnoticias.org\/site\/\"},{\"@type\":\"ListItem\",\"position\":2,\"name\":\"Pol\u00edcia confirma 6 mortos em chacina de Jequi\u00e9; identidades s\u00e3o reveladas\"}]},{\"@type\":\"WebSite\",\"@id\":\"https:\/\/brasilnoticias.org\/site\/#website\",\"url\":\"https:\/\/brasilnoticias.org\/site\/\",\"name\":\"Brasil not\u00edcias\",\"description\":\"Brasil not\u00edcias\",\"publisher\":{\"@id\":\"https:\/\/brasilnoticias.org\/site\/#organization\"},\"potentialAction\":[{\"@type\":\"SearchAction\",\"target\":{\"@type\":\"EntryPoint\",\"urlTemplate\":\"https:\/\/brasilnoticias.org\/site\/?s={search_term_string}\"},\"query-input\":{\"@type\":\"PropertyValueSpecification\",\"valueRequired\":true,\"valueName\":\"search_term_string\"}}],\"inLanguage\":\"pt-PT\"},{\"@type\":\"Organization\",\"@id\":\"https:\/\/brasilnoticias.org\/site\/#organization\",\"name\":\"Brasil not\u00edcias\",\"url\":\"https:\/\/brasilnoticias.org\/site\/\",\"logo\":{\"@type\":\"ImageObject\",\"inLanguage\":\"pt-PT\",\"@id\":\"https:\/\/brasilnoticias.org\/site\/#\/schema\/logo\/image\/\",\"url\":\"https:\/\/brasilnoticias.org\/site\/wp-content\/uploads\/2022\/05\/cropped-brasilnoticias-mini.jpg\",\"contentUrl\":\"https:\/\/brasilnoticias.org\/site\/wp-content\/uploads\/2022\/05\/cropped-brasilnoticias-mini.jpg\",\"width\":314,\"height\":86,\"caption\":\"Brasil not\u00edcias\"},\"image\":{\"@id\":\"https:\/\/brasilnoticias.org\/site\/#\/schema\/logo\/image\/\"}},{\"@type\":\"Person\",\"@id\":\"https:\/\/brasilnoticias.org\/site\/#\/schema\/person\/03bbbfe6c7634ad18c26444ea39049fa\",\"name\":\"Reda\u00e7\u00e3o\",\"image\":{\"@type\":\"ImageObject\",\"inLanguage\":\"pt-PT\",\"@id\":\"https:\/\/brasilnoticias.org\/site\/#\/schema\/person\/image\/\",\"url\":\"https:\/\/secure.gravatar.com\/avatar\/9ecaf7327a696cb23ad926fedded5f1f04d7049de9e445375d55b48c001a6e42?s=96&d=mm&r=g\",\"contentUrl\":\"https:\/\/secure.gravatar.com\/avatar\/9ecaf7327a696cb23ad926fedded5f1f04d7049de9e445375d55b48c001a6e42?s=96&d=mm&r=g\",\"caption\":\"Reda\u00e7\u00e3o\"},\"url\":\"https:\/\/brasilnoticias.org\/site\/author\/henrique\/\"}]}<\/script>\n<!-- \/ Yoast SEO plugin. -->","yoast_head_json":{"title":"Pol\u00edcia confirma 6 mortos em chacina de Jequi\u00e9; identidades s\u00e3o reveladas - Brasil not\u00edcias","robots":{"index":"index","follow":"follow","max-snippet":"max-snippet:-1","max-image-preview":"max-image-preview:large","max-video-preview":"max-video-preview:-1"},"canonical":"https:\/\/brasilnoticias.org\/site\/policia-confirma-6-mortos-em-chacina-de-jequie-identidades-sao-reveladas\/","og_locale":"pt_PT","og_type":"article","og_title":"Pol\u00edcia confirma 6 mortos em chacina de Jequi\u00e9; identidades s\u00e3o reveladas - Brasil not\u00edcias","og_description":"Ao todo, tr\u00eas homens e tr\u00eas mulheres foram mortos, entre eles uma gr\u00e1vida e uma crian\u00e7a de 5 anos. A","og_url":"https:\/\/brasilnoticias.org\/site\/policia-confirma-6-mortos-em-chacina-de-jequie-identidades-sao-reveladas\/","og_site_name":"Brasil not\u00edcias","article_published_time":"2023-10-05T21:22:11+00:00","og_image":[{"width":740,"height":470,"url":"https:\/\/brasilnoticias.org\/site\/wp-content\/uploads\/2023\/10\/Aratu-On-25.jpg","type":"image\/jpeg"}],"author":"Reda\u00e7\u00e3o","twitter_card":"summary_large_image","twitter_misc":{"Escrito por":"Reda\u00e7\u00e3o"},"schema":{"@context":"https:\/\/schema.org","@graph":[{"@type":"Article","@id":"https:\/\/brasilnoticias.org\/site\/policia-confirma-6-mortos-em-chacina-de-jequie-identidades-sao-reveladas\/#article","isPartOf":{"@id":"https:\/\/brasilnoticias.org\/site\/policia-confirma-6-mortos-em-chacina-de-jequie-identidades-sao-reveladas\/"},"author":{"name":"Reda\u00e7\u00e3o","@id":"https:\/\/brasilnoticias.org\/site\/#\/schema\/person\/03bbbfe6c7634ad18c26444ea39049fa"},"headline":"Pol\u00edcia confirma 6 mortos em chacina de Jequi\u00e9; identidades s\u00e3o reveladas","datePublished":"2023-10-05T21:22:11+00:00","mainEntityOfPage":{"@id":"https:\/\/brasilnoticias.org\/site\/policia-confirma-6-mortos-em-chacina-de-jequie-identidades-sao-reveladas\/"},"wordCount":244,"commentCount":0,"publisher":{"@id":"https:\/\/brasilnoticias.org\/site\/#organization"},"image":{"@id":"https:\/\/brasilnoticias.org\/site\/policia-confirma-6-mortos-em-chacina-de-jequie-identidades-sao-reveladas\/#primaryimage"},"thumbnailUrl":"https:\/\/brasilnoticias.org\/site\/wp-content\/uploads\/2023\/10\/Aratu-On-25.jpg","articleSection":["Pol\u00edcia","\u00daltimas"],"inLanguage":"pt-PT","potentialAction":[{"@type":"CommentAction","name":"Comment","target":["https:\/\/brasilnoticias.org\/site\/policia-confirma-6-mortos-em-chacina-de-jequie-identidades-sao-reveladas\/#respond"]}]},{"@type":"WebPage","@id":"https:\/\/brasilnoticias.org\/site\/policia-confirma-6-mortos-em-chacina-de-jequie-identidades-sao-reveladas\/","url":"https:\/\/brasilnoticias.org\/site\/policia-confirma-6-mortos-em-chacina-de-jequie-identidades-sao-reveladas\/","name":"Pol\u00edcia confirma 6 mortos em chacina de Jequi\u00e9; identidades s\u00e3o reveladas - Brasil not\u00edcias","isPartOf":{"@id":"https:\/\/brasilnoticias.org\/site\/#website"},"primaryImageOfPage":{"@id":"https:\/\/brasilnoticias.org\/site\/policia-confirma-6-mortos-em-chacina-de-jequie-identidades-sao-reveladas\/#primaryimage"},"image":{"@id":"https:\/\/brasilnoticias.org\/site\/policia-confirma-6-mortos-em-chacina-de-jequie-identidades-sao-reveladas\/#primaryimage"},"thumbnailUrl":"https:\/\/brasilnoticias.org\/site\/wp-content\/uploads\/2023\/10\/Aratu-On-25.jpg","datePublished":"2023-10-05T21:22:11+00:00","breadcrumb":{"@id":"https:\/\/brasilnoticias.org\/site\/policia-confirma-6-mortos-em-chacina-de-jequie-identidades-sao-reveladas\/#breadcrumb"},"inLanguage":"pt-PT","potentialAction":[{"@type":"ReadAction","target":["https:\/\/brasilnoticias.org\/site\/policia-confirma-6-mortos-em-chacina-de-jequie-identidades-sao-reveladas\/"]}]},{"@type":"ImageObject","inLanguage":"pt-PT","@id":"https:\/\/brasilnoticias.org\/site\/policia-confirma-6-mortos-em-chacina-de-jequie-identidades-sao-reveladas\/#primaryimage","url":"https:\/\/brasilnoticias.org\/site\/wp-content\/uploads\/2023\/10\/Aratu-On-25.jpg","contentUrl":"https:\/\/brasilnoticias.org\/site\/wp-content\/uploads\/2023\/10\/Aratu-On-25.jpg","width":740,"height":470},{"@type":"BreadcrumbList","@id":"https:\/\/brasilnoticias.org\/site\/policia-confirma-6-mortos-em-chacina-de-jequie-identidades-sao-reveladas\/#breadcrumb","itemListElement":[{"@type":"ListItem","position":1,"name":"In\u00edcio","item":"https:\/\/brasilnoticias.org\/site\/"},{"@type":"ListItem","position":2,"name":"Pol\u00edcia confirma 6 mortos em chacina de Jequi\u00e9; identidades s\u00e3o reveladas"}]},{"@type":"WebSite","@id":"https:\/\/brasilnoticias.org\/site\/#website","url":"https:\/\/brasilnoticias.org\/site\/","name":"Brasil not\u00edcias","description":"Brasil not\u00edcias","publisher":{"@id":"https:\/\/brasilnoticias.org\/site\/#organization"},"potentialAction":[{"@type":"SearchAction","target":{"@type":"EntryPoint","urlTemplate":"https:\/\/brasilnoticias.org\/site\/?s={search_term_string}"},"query-input":{"@type":"PropertyValueSpecification","valueRequired":true,"valueName":"search_term_string"}}],"inLanguage":"pt-PT"},{"@type":"Organization","@id":"https:\/\/brasilnoticias.org\/site\/#organization","name":"Brasil not\u00edcias","url":"https:\/\/brasilnoticias.org\/site\/","logo":{"@type":"ImageObject","inLanguage":"pt-PT","@id":"https:\/\/brasilnoticias.org\/site\/#\/schema\/logo\/image\/","url":"https:\/\/brasilnoticias.org\/site\/wp-content\/uploads\/2022\/05\/cropped-brasilnoticias-mini.jpg","contentUrl":"https:\/\/brasilnoticias.org\/site\/wp-content\/uploads\/2022\/05\/cropped-brasilnoticias-mini.jpg","width":314,"height":86,"caption":"Brasil not\u00edcias"},"image":{"@id":"https:\/\/brasilnoticias.org\/site\/#\/schema\/logo\/image\/"}},{"@type":"Person","@id":"https:\/\/brasilnoticias.org\/site\/#\/schema\/person\/03bbbfe6c7634ad18c26444ea39049fa","name":"Reda\u00e7\u00e3o","image":{"@type":"ImageObject","inLanguage":"pt-PT","@id":"https:\/\/brasilnoticias.org\/site\/#\/schema\/person\/image\/","url":"https:\/\/secure.gravatar.com\/avatar\/9ecaf7327a696cb23ad926fedded5f1f04d7049de9e445375d55b48c001a6e42?s=96&d=mm&r=g","contentUrl":"https:\/\/secure.gravatar.com\/avatar\/9ecaf7327a696cb23ad926fedded5f1f04d7049de9e445375d55b48c001a6e42?s=96&d=mm&r=g","caption":"Reda\u00e7\u00e3o"},"url":"https:\/\/brasilnoticias.org\/site\/author\/henrique\/"}]}},"_links":{"self":[{"href":"https:\/\/brasilnoticias.org\/site\/wp-json\/wp\/v2\/posts\/9888","targetHints":{"allow":["GET"]}}],"collection":[{"href":"https:\/\/brasilnoticias.org\/site\/wp-json\/wp\/v2\/posts"}],"about":[{"href":"https:\/\/brasilnoticias.org\/site\/wp-json\/wp\/v2\/types\/post"}],"author":[{"embeddable":true,"href":"https:\/\/brasilnoticias.org\/site\/wp-json\/wp\/v2\/users\/4"}],"replies":[{"embeddable":true,"href":"https:\/\/brasilnoticias.org\/site\/wp-json\/wp\/v2\/comments?post=9888"}],"version-history":[{"count":1,"href":"https:\/\/brasilnoticias.org\/site\/wp-json\/wp\/v2\/posts\/9888\/revisions"}],"predecessor-version":[{"id":9890,"href":"https:\/\/brasilnoticias.org\/site\/wp-json\/wp\/v2\/posts\/9888\/revisions\/9890"}],"wp:featuredmedia":[{"embeddable":true,"href":"https:\/\/brasilnoticias.org\/site\/wp-json\/wp\/v2\/media\/9889"}],"wp:attachment":[{"href":"https:\/\/brasilnoticias.org\/site\/wp-json\/wp\/v2\/media?parent=9888"}],"wp:term":[{"taxonomy":"category","embeddable":true,"href":"https:\/\/brasilnoticias.org\/site\/wp-json\/wp\/v2\/categories?post=9888"},{"taxonomy":"post_tag","embeddable":true,"href":"https:\/\/brasilnoticias.org\/site\/wp-json\/wp\/v2\/tags?post=9888"}],"curies":[{"name":"wp","href":"https:\/\/api.w.org\/{rel}","templated":true}]}}