{"id":9891,"date":"2023-10-05T18:24:22","date_gmt":"2023-10-05T21:24:22","guid":{"rendered":"https:\/\/brasilnoticias.org\/site\/?p=9891"},"modified":"2023-10-05T18:24:22","modified_gmt":"2023-10-05T21:24:22","slug":"julgamento-de-acoes-contra-bolsonaro-esta-prevista-para-proxima-terca-feira-10","status":"publish","type":"post","link":"https:\/\/brasilnoticias.org\/site\/julgamento-de-acoes-contra-bolsonaro-esta-prevista-para-proxima-terca-feira-10\/","title":{"rendered":"Julgamento de a\u00e7\u00f5es contra Bolsonaro est\u00e1 prevista para pr\u00f3xima ter\u00e7a-feira (10)"},"content":{"rendered":"<p>Ex-presidente \u00e9 investigado por suposto abuso de poder pol\u00edtico<\/p>\n<p>O Tribunal Eleitoral Superior (TSE)  marcou para a pr\u00f3xima ter\u00e7a-feira (10\/10) o julgamento das a\u00e7\u00f5es contra o ex-presidente Jair Messias Bolsonaro, eleito no dia de 1\u00ba de janeiro de 2019 a 31 de dezembro de 2022. As acusa\u00e7\u00f5es s\u00e3o por suposto abuso de poder pol\u00edtico nas elei\u00e7\u00f5es do ano em que foi eleito.<\/p>\n<p>As tr\u00eas a\u00e7\u00f5es de investiga\u00e7\u00e3o judicial eleitoral (Aije\u2019s) que foram juntadas por existir conex\u00e3o entre elas e liberadas recentemente pelo ministro Benedito Gon\u00e7alves, tratam da suposta utiliza\u00e7\u00e3o por Bolsonaro de pr\u00e9dios p\u00fablicos federais para realiza\u00e7\u00e3o de atos de campanha eleitoral, o que \u00e9 vetado por lei.<\/p>\n<p>Ao longo desta semana, o vice-procurador-geral Eleitoral, Paulo Gonet, informou que essas a\u00e7\u00f5es devem ser rejeitadas pelo TSE j\u00e1 que, para ele, n\u00e3o existem provas substanciais dos atos que est\u00e3o sendo investigados.<\/p>\n<p>\u201cfalta de evid\u00eancia da repercuss\u00e3o danosa do fato sobre a legitimidade do processo eleitoral.\u201d, informou Gonet<\/p>\n<p>*Com informa\u00e7\u00f5es da ag\u00eancia Brasil<\/p>\n<p>Foto: Ag\u00eancia Brasil<br \/>\nFonte: Aratu On<\/p>\n","protected":false},"excerpt":{"rendered":"<p>Ex-presidente \u00e9 investigado por suposto abuso de poder pol\u00edtico O Tribunal Eleitoral Superior (TSE) marcou para a pr\u00f3xima ter\u00e7a-feira (10\/10)<\/p>\n","protected":false},"author":4,"featured_media":9892,"comment_status":"open","ping_status":"open","sticky":false,"template":"","format":"standard","meta":{"colormag_page_container_layout":"default_layout","colormag_page_sidebar_layout":"default_layout","_FSMCFIC_featured_image_caption":"","_FSMCFIC_featured_image_nocaption":"","_FSMCFIC_featured_image_hide":"","footnotes":""},"categories":[3,1],"tags":[],"class_list":["post-9891","post","type-post","status-publish","format-standard","has-post-thumbnail","hentry","category-policia","category-ultimas"],"yoast_head":"<!-- This site is optimized with the Yoast SEO plugin v27.1.1 - https:\/\/yoast.com\/product\/yoast-seo-wordpress\/ -->\n<title>Julgamento de a\u00e7\u00f5es contra Bolsonaro est\u00e1 prevista para pr\u00f3xima ter\u00e7a-feira (10) - Brasil not\u00edcias<\/title>\n<meta name=\"robots\" content=\"index, follow, max-snippet:-1, max-image-preview:large, max-video-preview:-1\" \/>\n<link rel=\"canonical\" href=\"https:\/\/brasilnoticias.org\/site\/julgamento-de-acoes-contra-bolsonaro-esta-prevista-para-proxima-terca-feira-10\/\" \/>\n<meta property=\"og:locale\" content=\"pt_PT\" \/>\n<meta property=\"og:type\" content=\"article\" \/>\n<meta property=\"og:title\" content=\"Julgamento de a\u00e7\u00f5es contra Bolsonaro est\u00e1 prevista para pr\u00f3xima ter\u00e7a-feira (10) - Brasil not\u00edcias\" \/>\n<meta property=\"og:description\" content=\"Ex-presidente \u00e9 investigado por suposto abuso de poder pol\u00edtico O Tribunal Eleitoral Superior (TSE) marcou para a pr\u00f3xima ter\u00e7a-feira (10\/10)\" \/>\n<meta property=\"og:url\" content=\"https:\/\/brasilnoticias.org\/site\/julgamento-de-acoes-contra-bolsonaro-esta-prevista-para-proxima-terca-feira-10\/\" \/>\n<meta property=\"og:site_name\" content=\"Brasil not\u00edcias\" \/>\n<meta property=\"article:published_time\" content=\"2023-10-05T21:24:22+00:00\" \/>\n<meta property=\"og:image\" content=\"https:\/\/brasilnoticias.org\/site\/wp-content\/uploads\/2023\/10\/imagem-destacada-corregedor-da-justica-eleitoral-torna-bolsonaro-investigado-em-740x470-1.jpg\" \/>\n\t<meta property=\"og:image:width\" content=\"740\" \/>\n\t<meta property=\"og:image:height\" content=\"470\" \/>\n\t<meta property=\"og:image:type\" content=\"image\/jpeg\" \/>\n<meta name=\"author\" content=\"Reda\u00e7\u00e3o\" \/>\n<meta name=\"twitter:card\" content=\"summary_large_image\" \/>\n<meta name=\"twitter:label1\" content=\"Escrito por\" \/>\n\t<meta name=\"twitter:data1\" content=\"Reda\u00e7\u00e3o\" \/>\n<script type=\"application\/ld+json\" class=\"yoast-schema-graph\">{\"@context\":\"https:\/\/schema.org\",\"@graph\":[{\"@type\":\"Article\",\"@id\":\"https:\/\/brasilnoticias.org\/site\/julgamento-de-acoes-contra-bolsonaro-esta-prevista-para-proxima-terca-feira-10\/#article\",\"isPartOf\":{\"@id\":\"https:\/\/brasilnoticias.org\/site\/julgamento-de-acoes-contra-bolsonaro-esta-prevista-para-proxima-terca-feira-10\/\"},\"author\":{\"name\":\"Reda\u00e7\u00e3o\",\"@id\":\"https:\/\/brasilnoticias.org\/site\/#\/schema\/person\/03bbbfe6c7634ad18c26444ea39049fa\"},\"headline\":\"Julgamento de a\u00e7\u00f5es contra Bolsonaro est\u00e1 prevista para pr\u00f3xima ter\u00e7a-feira (10)\",\"datePublished\":\"2023-10-05T21:24:22+00:00\",\"mainEntityOfPage\":{\"@id\":\"https:\/\/brasilnoticias.org\/site\/julgamento-de-acoes-contra-bolsonaro-esta-prevista-para-proxima-terca-feira-10\/\"},\"wordCount\":199,\"commentCount\":0,\"publisher\":{\"@id\":\"https:\/\/brasilnoticias.org\/site\/#organization\"},\"image\":{\"@id\":\"https:\/\/brasilnoticias.org\/site\/julgamento-de-acoes-contra-bolsonaro-esta-prevista-para-proxima-terca-feira-10\/#primaryimage\"},\"thumbnailUrl\":\"https:\/\/brasilnoticias.org\/site\/wp-content\/uploads\/2023\/10\/imagem-destacada-corregedor-da-justica-eleitoral-torna-bolsonaro-investigado-em-740x470-1.jpg\",\"articleSection\":[\"Pol\u00edcia\",\"\u00daltimas\"],\"inLanguage\":\"pt-PT\",\"potentialAction\":[{\"@type\":\"CommentAction\",\"name\":\"Comment\",\"target\":[\"https:\/\/brasilnoticias.org\/site\/julgamento-de-acoes-contra-bolsonaro-esta-prevista-para-proxima-terca-feira-10\/#respond\"]}]},{\"@type\":\"WebPage\",\"@id\":\"https:\/\/brasilnoticias.org\/site\/julgamento-de-acoes-contra-bolsonaro-esta-prevista-para-proxima-terca-feira-10\/\",\"url\":\"https:\/\/brasilnoticias.org\/site\/julgamento-de-acoes-contra-bolsonaro-esta-prevista-para-proxima-terca-feira-10\/\",\"name\":\"Julgamento de a\u00e7\u00f5es contra Bolsonaro est\u00e1 prevista para pr\u00f3xima ter\u00e7a-feira (10) - Brasil not\u00edcias\",\"isPartOf\":{\"@id\":\"https:\/\/brasilnoticias.org\/site\/#website\"},\"primaryImageOfPage\":{\"@id\":\"https:\/\/brasilnoticias.org\/site\/julgamento-de-acoes-contra-bolsonaro-esta-prevista-para-proxima-terca-feira-10\/#primaryimage\"},\"image\":{\"@id\":\"https:\/\/brasilnoticias.org\/site\/julgamento-de-acoes-contra-bolsonaro-esta-prevista-para-proxima-terca-feira-10\/#primaryimage\"},\"thumbnailUrl\":\"https:\/\/brasilnoticias.org\/site\/wp-content\/uploads\/2023\/10\/imagem-destacada-corregedor-da-justica-eleitoral-torna-bolsonaro-investigado-em-740x470-1.jpg\",\"datePublished\":\"2023-10-05T21:24:22+00:00\",\"breadcrumb\":{\"@id\":\"https:\/\/brasilnoticias.org\/site\/julgamento-de-acoes-contra-bolsonaro-esta-prevista-para-proxima-terca-feira-10\/#breadcrumb\"},\"inLanguage\":\"pt-PT\",\"potentialAction\":[{\"@type\":\"ReadAction\",\"target\":[\"https:\/\/brasilnoticias.org\/site\/julgamento-de-acoes-contra-bolsonaro-esta-prevista-para-proxima-terca-feira-10\/\"]}]},{\"@type\":\"ImageObject\",\"inLanguage\":\"pt-PT\",\"@id\":\"https:\/\/brasilnoticias.org\/site\/julgamento-de-acoes-contra-bolsonaro-esta-prevista-para-proxima-terca-feira-10\/#primaryimage\",\"url\":\"https:\/\/brasilnoticias.org\/site\/wp-content\/uploads\/2023\/10\/imagem-destacada-corregedor-da-justica-eleitoral-torna-bolsonaro-investigado-em-740x470-1.jpg\",\"contentUrl\":\"https:\/\/brasilnoticias.org\/site\/wp-content\/uploads\/2023\/10\/imagem-destacada-corregedor-da-justica-eleitoral-torna-bolsonaro-investigado-em-740x470-1.jpg\",\"width\":740,\"height\":470},{\"@type\":\"BreadcrumbList\",\"@id\":\"https:\/\/brasilnoticias.org\/site\/julgamento-de-acoes-contra-bolsonaro-esta-prevista-para-proxima-terca-feira-10\/#breadcrumb\",\"itemListElement\":[{\"@type\":\"ListItem\",\"position\":1,\"name\":\"In\u00edcio\",\"item\":\"https:\/\/brasilnoticias.org\/site\/\"},{\"@type\":\"ListItem\",\"position\":2,\"name\":\"Julgamento de a\u00e7\u00f5es contra Bolsonaro est\u00e1 prevista para pr\u00f3xima ter\u00e7a-feira (10)\"}]},{\"@type\":\"WebSite\",\"@id\":\"https:\/\/brasilnoticias.org\/site\/#website\",\"url\":\"https:\/\/brasilnoticias.org\/site\/\",\"name\":\"Brasil not\u00edcias\",\"description\":\"Brasil not\u00edcias\",\"publisher\":{\"@id\":\"https:\/\/brasilnoticias.org\/site\/#organization\"},\"potentialAction\":[{\"@type\":\"SearchAction\",\"target\":{\"@type\":\"EntryPoint\",\"urlTemplate\":\"https:\/\/brasilnoticias.org\/site\/?s={search_term_string}\"},\"query-input\":{\"@type\":\"PropertyValueSpecification\",\"valueRequired\":true,\"valueName\":\"search_term_string\"}}],\"inLanguage\":\"pt-PT\"},{\"@type\":\"Organization\",\"@id\":\"https:\/\/brasilnoticias.org\/site\/#organization\",\"name\":\"Brasil not\u00edcias\",\"url\":\"https:\/\/brasilnoticias.org\/site\/\",\"logo\":{\"@type\":\"ImageObject\",\"inLanguage\":\"pt-PT\",\"@id\":\"https:\/\/brasilnoticias.org\/site\/#\/schema\/logo\/image\/\",\"url\":\"https:\/\/brasilnoticias.org\/site\/wp-content\/uploads\/2022\/05\/cropped-brasilnoticias-mini.jpg\",\"contentUrl\":\"https:\/\/brasilnoticias.org\/site\/wp-content\/uploads\/2022\/05\/cropped-brasilnoticias-mini.jpg\",\"width\":314,\"height\":86,\"caption\":\"Brasil not\u00edcias\"},\"image\":{\"@id\":\"https:\/\/brasilnoticias.org\/site\/#\/schema\/logo\/image\/\"}},{\"@type\":\"Person\",\"@id\":\"https:\/\/brasilnoticias.org\/site\/#\/schema\/person\/03bbbfe6c7634ad18c26444ea39049fa\",\"name\":\"Reda\u00e7\u00e3o\",\"image\":{\"@type\":\"ImageObject\",\"inLanguage\":\"pt-PT\",\"@id\":\"https:\/\/brasilnoticias.org\/site\/#\/schema\/person\/image\/\",\"url\":\"https:\/\/secure.gravatar.com\/avatar\/9ecaf7327a696cb23ad926fedded5f1f04d7049de9e445375d55b48c001a6e42?s=96&d=mm&r=g\",\"contentUrl\":\"https:\/\/secure.gravatar.com\/avatar\/9ecaf7327a696cb23ad926fedded5f1f04d7049de9e445375d55b48c001a6e42?s=96&d=mm&r=g\",\"caption\":\"Reda\u00e7\u00e3o\"},\"url\":\"https:\/\/brasilnoticias.org\/site\/author\/henrique\/\"}]}<\/script>\n<!-- \/ Yoast SEO plugin. -->","yoast_head_json":{"title":"Julgamento de a\u00e7\u00f5es contra Bolsonaro est\u00e1 prevista para pr\u00f3xima ter\u00e7a-feira (10) - Brasil not\u00edcias","robots":{"index":"index","follow":"follow","max-snippet":"max-snippet:-1","max-image-preview":"max-image-preview:large","max-video-preview":"max-video-preview:-1"},"canonical":"https:\/\/brasilnoticias.org\/site\/julgamento-de-acoes-contra-bolsonaro-esta-prevista-para-proxima-terca-feira-10\/","og_locale":"pt_PT","og_type":"article","og_title":"Julgamento de a\u00e7\u00f5es contra Bolsonaro est\u00e1 prevista para pr\u00f3xima ter\u00e7a-feira (10) - Brasil not\u00edcias","og_description":"Ex-presidente \u00e9 investigado por suposto abuso de poder pol\u00edtico O Tribunal Eleitoral Superior (TSE) marcou para a pr\u00f3xima ter\u00e7a-feira (10\/10)","og_url":"https:\/\/brasilnoticias.org\/site\/julgamento-de-acoes-contra-bolsonaro-esta-prevista-para-proxima-terca-feira-10\/","og_site_name":"Brasil not\u00edcias","article_published_time":"2023-10-05T21:24:22+00:00","og_image":[{"width":740,"height":470,"url":"https:\/\/brasilnoticias.org\/site\/wp-content\/uploads\/2023\/10\/imagem-destacada-corregedor-da-justica-eleitoral-torna-bolsonaro-investigado-em-740x470-1.jpg","type":"image\/jpeg"}],"author":"Reda\u00e7\u00e3o","twitter_card":"summary_large_image","twitter_misc":{"Escrito por":"Reda\u00e7\u00e3o"},"schema":{"@context":"https:\/\/schema.org","@graph":[{"@type":"Article","@id":"https:\/\/brasilnoticias.org\/site\/julgamento-de-acoes-contra-bolsonaro-esta-prevista-para-proxima-terca-feira-10\/#article","isPartOf":{"@id":"https:\/\/brasilnoticias.org\/site\/julgamento-de-acoes-contra-bolsonaro-esta-prevista-para-proxima-terca-feira-10\/"},"author":{"name":"Reda\u00e7\u00e3o","@id":"https:\/\/brasilnoticias.org\/site\/#\/schema\/person\/03bbbfe6c7634ad18c26444ea39049fa"},"headline":"Julgamento de a\u00e7\u00f5es contra Bolsonaro est\u00e1 prevista para pr\u00f3xima ter\u00e7a-feira (10)","datePublished":"2023-10-05T21:24:22+00:00","mainEntityOfPage":{"@id":"https:\/\/brasilnoticias.org\/site\/julgamento-de-acoes-contra-bolsonaro-esta-prevista-para-proxima-terca-feira-10\/"},"wordCount":199,"commentCount":0,"publisher":{"@id":"https:\/\/brasilnoticias.org\/site\/#organization"},"image":{"@id":"https:\/\/brasilnoticias.org\/site\/julgamento-de-acoes-contra-bolsonaro-esta-prevista-para-proxima-terca-feira-10\/#primaryimage"},"thumbnailUrl":"https:\/\/brasilnoticias.org\/site\/wp-content\/uploads\/2023\/10\/imagem-destacada-corregedor-da-justica-eleitoral-torna-bolsonaro-investigado-em-740x470-1.jpg","articleSection":["Pol\u00edcia","\u00daltimas"],"inLanguage":"pt-PT","potentialAction":[{"@type":"CommentAction","name":"Comment","target":["https:\/\/brasilnoticias.org\/site\/julgamento-de-acoes-contra-bolsonaro-esta-prevista-para-proxima-terca-feira-10\/#respond"]}]},{"@type":"WebPage","@id":"https:\/\/brasilnoticias.org\/site\/julgamento-de-acoes-contra-bolsonaro-esta-prevista-para-proxima-terca-feira-10\/","url":"https:\/\/brasilnoticias.org\/site\/julgamento-de-acoes-contra-bolsonaro-esta-prevista-para-proxima-terca-feira-10\/","name":"Julgamento de a\u00e7\u00f5es contra Bolsonaro est\u00e1 prevista para pr\u00f3xima ter\u00e7a-feira (10) - Brasil not\u00edcias","isPartOf":{"@id":"https:\/\/brasilnoticias.org\/site\/#website"},"primaryImageOfPage":{"@id":"https:\/\/brasilnoticias.org\/site\/julgamento-de-acoes-contra-bolsonaro-esta-prevista-para-proxima-terca-feira-10\/#primaryimage"},"image":{"@id":"https:\/\/brasilnoticias.org\/site\/julgamento-de-acoes-contra-bolsonaro-esta-prevista-para-proxima-terca-feira-10\/#primaryimage"},"thumbnailUrl":"https:\/\/brasilnoticias.org\/site\/wp-content\/uploads\/2023\/10\/imagem-destacada-corregedor-da-justica-eleitoral-torna-bolsonaro-investigado-em-740x470-1.jpg","datePublished":"2023-10-05T21:24:22+00:00","breadcrumb":{"@id":"https:\/\/brasilnoticias.org\/site\/julgamento-de-acoes-contra-bolsonaro-esta-prevista-para-proxima-terca-feira-10\/#breadcrumb"},"inLanguage":"pt-PT","potentialAction":[{"@type":"ReadAction","target":["https:\/\/brasilnoticias.org\/site\/julgamento-de-acoes-contra-bolsonaro-esta-prevista-para-proxima-terca-feira-10\/"]}]},{"@type":"ImageObject","inLanguage":"pt-PT","@id":"https:\/\/brasilnoticias.org\/site\/julgamento-de-acoes-contra-bolsonaro-esta-prevista-para-proxima-terca-feira-10\/#primaryimage","url":"https:\/\/brasilnoticias.org\/site\/wp-content\/uploads\/2023\/10\/imagem-destacada-corregedor-da-justica-eleitoral-torna-bolsonaro-investigado-em-740x470-1.jpg","contentUrl":"https:\/\/brasilnoticias.org\/site\/wp-content\/uploads\/2023\/10\/imagem-destacada-corregedor-da-justica-eleitoral-torna-bolsonaro-investigado-em-740x470-1.jpg","width":740,"height":470},{"@type":"BreadcrumbList","@id":"https:\/\/brasilnoticias.org\/site\/julgamento-de-acoes-contra-bolsonaro-esta-prevista-para-proxima-terca-feira-10\/#breadcrumb","itemListElement":[{"@type":"ListItem","position":1,"name":"In\u00edcio","item":"https:\/\/brasilnoticias.org\/site\/"},{"@type":"ListItem","position":2,"name":"Julgamento de a\u00e7\u00f5es contra Bolsonaro est\u00e1 prevista para pr\u00f3xima ter\u00e7a-feira (10)"}]},{"@type":"WebSite","@id":"https:\/\/brasilnoticias.org\/site\/#website","url":"https:\/\/brasilnoticias.org\/site\/","name":"Brasil not\u00edcias","description":"Brasil not\u00edcias","publisher":{"@id":"https:\/\/brasilnoticias.org\/site\/#organization"},"potentialAction":[{"@type":"SearchAction","target":{"@type":"EntryPoint","urlTemplate":"https:\/\/brasilnoticias.org\/site\/?s={search_term_string}"},"query-input":{"@type":"PropertyValueSpecification","valueRequired":true,"valueName":"search_term_string"}}],"inLanguage":"pt-PT"},{"@type":"Organization","@id":"https:\/\/brasilnoticias.org\/site\/#organization","name":"Brasil not\u00edcias","url":"https:\/\/brasilnoticias.org\/site\/","logo":{"@type":"ImageObject","inLanguage":"pt-PT","@id":"https:\/\/brasilnoticias.org\/site\/#\/schema\/logo\/image\/","url":"https:\/\/brasilnoticias.org\/site\/wp-content\/uploads\/2022\/05\/cropped-brasilnoticias-mini.jpg","contentUrl":"https:\/\/brasilnoticias.org\/site\/wp-content\/uploads\/2022\/05\/cropped-brasilnoticias-mini.jpg","width":314,"height":86,"caption":"Brasil not\u00edcias"},"image":{"@id":"https:\/\/brasilnoticias.org\/site\/#\/schema\/logo\/image\/"}},{"@type":"Person","@id":"https:\/\/brasilnoticias.org\/site\/#\/schema\/person\/03bbbfe6c7634ad18c26444ea39049fa","name":"Reda\u00e7\u00e3o","image":{"@type":"ImageObject","inLanguage":"pt-PT","@id":"https:\/\/brasilnoticias.org\/site\/#\/schema\/person\/image\/","url":"https:\/\/secure.gravatar.com\/avatar\/9ecaf7327a696cb23ad926fedded5f1f04d7049de9e445375d55b48c001a6e42?s=96&d=mm&r=g","contentUrl":"https:\/\/secure.gravatar.com\/avatar\/9ecaf7327a696cb23ad926fedded5f1f04d7049de9e445375d55b48c001a6e42?s=96&d=mm&r=g","caption":"Reda\u00e7\u00e3o"},"url":"https:\/\/brasilnoticias.org\/site\/author\/henrique\/"}]}},"_links":{"self":[{"href":"https:\/\/brasilnoticias.org\/site\/wp-json\/wp\/v2\/posts\/9891","targetHints":{"allow":["GET"]}}],"collection":[{"href":"https:\/\/brasilnoticias.org\/site\/wp-json\/wp\/v2\/posts"}],"about":[{"href":"https:\/\/brasilnoticias.org\/site\/wp-json\/wp\/v2\/types\/post"}],"author":[{"embeddable":true,"href":"https:\/\/brasilnoticias.org\/site\/wp-json\/wp\/v2\/users\/4"}],"replies":[{"embeddable":true,"href":"https:\/\/brasilnoticias.org\/site\/wp-json\/wp\/v2\/comments?post=9891"}],"version-history":[{"count":1,"href":"https:\/\/brasilnoticias.org\/site\/wp-json\/wp\/v2\/posts\/9891\/revisions"}],"predecessor-version":[{"id":9893,"href":"https:\/\/brasilnoticias.org\/site\/wp-json\/wp\/v2\/posts\/9891\/revisions\/9893"}],"wp:featuredmedia":[{"embeddable":true,"href":"https:\/\/brasilnoticias.org\/site\/wp-json\/wp\/v2\/media\/9892"}],"wp:attachment":[{"href":"https:\/\/brasilnoticias.org\/site\/wp-json\/wp\/v2\/media?parent=9891"}],"wp:term":[{"taxonomy":"category","embeddable":true,"href":"https:\/\/brasilnoticias.org\/site\/wp-json\/wp\/v2\/categories?post=9891"},{"taxonomy":"post_tag","embeddable":true,"href":"https:\/\/brasilnoticias.org\/site\/wp-json\/wp\/v2\/tags?post=9891"}],"curies":[{"name":"wp","href":"https:\/\/api.w.org\/{rel}","templated":true}]}}