{"id":9897,"date":"2023-10-05T18:29:03","date_gmt":"2023-10-05T21:29:03","guid":{"rendered":"https:\/\/brasilnoticias.org\/site\/?p=9897"},"modified":"2023-10-05T18:29:03","modified_gmt":"2023-10-05T21:29:03","slug":"secretario-afirma-que-a-policia-nao-sai-as-ruas-para-poder-matar","status":"publish","type":"post","link":"https:\/\/brasilnoticias.org\/site\/secretario-afirma-que-a-policia-nao-sai-as-ruas-para-poder-matar\/","title":{"rendered":"Secret\u00e1rio afirma que a pol\u00edcia n\u00e3o sai \u00e0s ruas para \u201cpoder matar\u201d"},"content":{"rendered":"<p>60 suspeitos foram mortos em setembro<\/p>\n<p>O secret\u00e1rio da Seguran\u00e7a P\u00fablica da Bahia (SSP-BA), Marcelo Werner, afirmou em entrevista ao site Uol, que a corpora\u00e7\u00e3o n\u00e3o sai \u00e0s ruas para matar.<\/p>\n<p>\u201cN\u00e3o \u00e9 a orienta\u00e7\u00e3o [para matar]\u2026 A pol\u00edcia n\u00e3o sai para poder matar, ao contr\u00e1rio. Ela sai para poder preservar a ordem, garantir a paz social, garantir os direitos de todos os cidad\u00e3os\u201d, afirmou.<\/p>\n<p>Somente no m\u00eas de setembro deste ano, mais de 60 suspeitos de fac\u00e7\u00f5es criminosas foram mortos, durante a\u00e7\u00f5es policiais. Ainda no mesmo m\u00eas, um policial federal foi morto durante uma opera\u00e7\u00e3o no bairro de Val\u00e9ria, na capital baiana.<\/p>\n<p>\u201cInfelizmente, vivemos uma realidade que nos \u00faltimos dois anos e meio foram mais de 200 viaturas atingidas durante o policiamento ordin\u00e1rio, mais de 150 policiais feridos durante o patrulhamento ordin\u00e1rio. O poder b\u00e9lico que a gente conseguiu apreender ficou neste ano em 4.000 armas\u201d, ressaltou.<\/p>\n<p>Foto: Alberto Maraux | Divulga\u00e7\u00e3o | SSP &#8211; BA<br \/>\nBahia 190<\/p>\n","protected":false},"excerpt":{"rendered":"<p>60 suspeitos foram mortos em setembro O secret\u00e1rio da Seguran\u00e7a P\u00fablica da Bahia (SSP-BA), Marcelo Werner, afirmou em entrevista ao<\/p>\n","protected":false},"author":4,"featured_media":9898,"comment_status":"open","ping_status":"open","sticky":false,"template":"","format":"standard","meta":{"colormag_page_container_layout":"default_layout","colormag_page_sidebar_layout":"default_layout","_FSMCFIC_featured_image_caption":"","_FSMCFIC_featured_image_nocaption":"","_FSMCFIC_featured_image_hide":"","footnotes":""},"categories":[3,1],"tags":[],"class_list":["post-9897","post","type-post","status-publish","format-standard","has-post-thumbnail","hentry","category-policia","category-ultimas"],"yoast_head":"<!-- This site is optimized with the Yoast SEO plugin v27.1.1 - https:\/\/yoast.com\/product\/yoast-seo-wordpress\/ -->\n<title>Secret\u00e1rio afirma que a pol\u00edcia n\u00e3o sai \u00e0s ruas para \u201cpoder matar\u201d - Brasil not\u00edcias<\/title>\n<meta name=\"robots\" content=\"index, follow, max-snippet:-1, max-image-preview:large, max-video-preview:-1\" \/>\n<link rel=\"canonical\" href=\"https:\/\/brasilnoticias.org\/site\/secretario-afirma-que-a-policia-nao-sai-as-ruas-para-poder-matar\/\" \/>\n<meta property=\"og:locale\" content=\"pt_PT\" \/>\n<meta property=\"og:type\" content=\"article\" \/>\n<meta property=\"og:title\" content=\"Secret\u00e1rio afirma que a pol\u00edcia n\u00e3o sai \u00e0s ruas para \u201cpoder matar\u201d - Brasil not\u00edcias\" \/>\n<meta property=\"og:description\" content=\"60 suspeitos foram mortos em setembro O secret\u00e1rio da Seguran\u00e7a P\u00fablica da Bahia (SSP-BA), Marcelo Werner, afirmou em entrevista ao\" \/>\n<meta property=\"og:url\" content=\"https:\/\/brasilnoticias.org\/site\/secretario-afirma-que-a-policia-nao-sai-as-ruas-para-poder-matar\/\" \/>\n<meta property=\"og:site_name\" content=\"Brasil not\u00edcias\" \/>\n<meta property=\"article:published_time\" content=\"2023-10-05T21:29:03+00:00\" \/>\n<meta property=\"og:image\" content=\"https:\/\/brasilnoticias.org\/site\/wp-content\/uploads\/2023\/10\/WhatsApp-Image-2023-09-21-at-11.17.48.jpeg.webp\" \/>\n\t<meta property=\"og:image:width\" content=\"1599\" \/>\n\t<meta property=\"og:image:height\" content=\"1066\" \/>\n\t<meta property=\"og:image:type\" content=\"image\/webp\" \/>\n<meta name=\"author\" content=\"Reda\u00e7\u00e3o\" \/>\n<meta name=\"twitter:card\" content=\"summary_large_image\" \/>\n<meta name=\"twitter:label1\" content=\"Escrito por\" \/>\n\t<meta name=\"twitter:data1\" content=\"Reda\u00e7\u00e3o\" \/>\n<script type=\"application\/ld+json\" class=\"yoast-schema-graph\">{\"@context\":\"https:\/\/schema.org\",\"@graph\":[{\"@type\":\"Article\",\"@id\":\"https:\/\/brasilnoticias.org\/site\/secretario-afirma-que-a-policia-nao-sai-as-ruas-para-poder-matar\/#article\",\"isPartOf\":{\"@id\":\"https:\/\/brasilnoticias.org\/site\/secretario-afirma-que-a-policia-nao-sai-as-ruas-para-poder-matar\/\"},\"author\":{\"name\":\"Reda\u00e7\u00e3o\",\"@id\":\"https:\/\/brasilnoticias.org\/site\/#\/schema\/person\/03bbbfe6c7634ad18c26444ea39049fa\"},\"headline\":\"Secret\u00e1rio afirma que a pol\u00edcia n\u00e3o sai \u00e0s ruas para \u201cpoder matar\u201d\",\"datePublished\":\"2023-10-05T21:29:03+00:00\",\"mainEntityOfPage\":{\"@id\":\"https:\/\/brasilnoticias.org\/site\/secretario-afirma-que-a-policia-nao-sai-as-ruas-para-poder-matar\/\"},\"wordCount\":186,\"commentCount\":0,\"publisher\":{\"@id\":\"https:\/\/brasilnoticias.org\/site\/#organization\"},\"image\":{\"@id\":\"https:\/\/brasilnoticias.org\/site\/secretario-afirma-que-a-policia-nao-sai-as-ruas-para-poder-matar\/#primaryimage\"},\"thumbnailUrl\":\"https:\/\/brasilnoticias.org\/site\/wp-content\/uploads\/2023\/10\/WhatsApp-Image-2023-09-21-at-11.17.48.jpeg.webp\",\"articleSection\":[\"Pol\u00edcia\",\"\u00daltimas\"],\"inLanguage\":\"pt-PT\",\"potentialAction\":[{\"@type\":\"CommentAction\",\"name\":\"Comment\",\"target\":[\"https:\/\/brasilnoticias.org\/site\/secretario-afirma-que-a-policia-nao-sai-as-ruas-para-poder-matar\/#respond\"]}]},{\"@type\":\"WebPage\",\"@id\":\"https:\/\/brasilnoticias.org\/site\/secretario-afirma-que-a-policia-nao-sai-as-ruas-para-poder-matar\/\",\"url\":\"https:\/\/brasilnoticias.org\/site\/secretario-afirma-que-a-policia-nao-sai-as-ruas-para-poder-matar\/\",\"name\":\"Secret\u00e1rio afirma que a pol\u00edcia n\u00e3o sai \u00e0s ruas para \u201cpoder matar\u201d - Brasil not\u00edcias\",\"isPartOf\":{\"@id\":\"https:\/\/brasilnoticias.org\/site\/#website\"},\"primaryImageOfPage\":{\"@id\":\"https:\/\/brasilnoticias.org\/site\/secretario-afirma-que-a-policia-nao-sai-as-ruas-para-poder-matar\/#primaryimage\"},\"image\":{\"@id\":\"https:\/\/brasilnoticias.org\/site\/secretario-afirma-que-a-policia-nao-sai-as-ruas-para-poder-matar\/#primaryimage\"},\"thumbnailUrl\":\"https:\/\/brasilnoticias.org\/site\/wp-content\/uploads\/2023\/10\/WhatsApp-Image-2023-09-21-at-11.17.48.jpeg.webp\",\"datePublished\":\"2023-10-05T21:29:03+00:00\",\"breadcrumb\":{\"@id\":\"https:\/\/brasilnoticias.org\/site\/secretario-afirma-que-a-policia-nao-sai-as-ruas-para-poder-matar\/#breadcrumb\"},\"inLanguage\":\"pt-PT\",\"potentialAction\":[{\"@type\":\"ReadAction\",\"target\":[\"https:\/\/brasilnoticias.org\/site\/secretario-afirma-que-a-policia-nao-sai-as-ruas-para-poder-matar\/\"]}]},{\"@type\":\"ImageObject\",\"inLanguage\":\"pt-PT\",\"@id\":\"https:\/\/brasilnoticias.org\/site\/secretario-afirma-que-a-policia-nao-sai-as-ruas-para-poder-matar\/#primaryimage\",\"url\":\"https:\/\/brasilnoticias.org\/site\/wp-content\/uploads\/2023\/10\/WhatsApp-Image-2023-09-21-at-11.17.48.jpeg.webp\",\"contentUrl\":\"https:\/\/brasilnoticias.org\/site\/wp-content\/uploads\/2023\/10\/WhatsApp-Image-2023-09-21-at-11.17.48.jpeg.webp\",\"width\":1599,\"height\":1066},{\"@type\":\"BreadcrumbList\",\"@id\":\"https:\/\/brasilnoticias.org\/site\/secretario-afirma-que-a-policia-nao-sai-as-ruas-para-poder-matar\/#breadcrumb\",\"itemListElement\":[{\"@type\":\"ListItem\",\"position\":1,\"name\":\"In\u00edcio\",\"item\":\"https:\/\/brasilnoticias.org\/site\/\"},{\"@type\":\"ListItem\",\"position\":2,\"name\":\"Secret\u00e1rio afirma que a pol\u00edcia n\u00e3o sai \u00e0s ruas para \u201cpoder matar\u201d\"}]},{\"@type\":\"WebSite\",\"@id\":\"https:\/\/brasilnoticias.org\/site\/#website\",\"url\":\"https:\/\/brasilnoticias.org\/site\/\",\"name\":\"Brasil not\u00edcias\",\"description\":\"Brasil not\u00edcias\",\"publisher\":{\"@id\":\"https:\/\/brasilnoticias.org\/site\/#organization\"},\"potentialAction\":[{\"@type\":\"SearchAction\",\"target\":{\"@type\":\"EntryPoint\",\"urlTemplate\":\"https:\/\/brasilnoticias.org\/site\/?s={search_term_string}\"},\"query-input\":{\"@type\":\"PropertyValueSpecification\",\"valueRequired\":true,\"valueName\":\"search_term_string\"}}],\"inLanguage\":\"pt-PT\"},{\"@type\":\"Organization\",\"@id\":\"https:\/\/brasilnoticias.org\/site\/#organization\",\"name\":\"Brasil not\u00edcias\",\"url\":\"https:\/\/brasilnoticias.org\/site\/\",\"logo\":{\"@type\":\"ImageObject\",\"inLanguage\":\"pt-PT\",\"@id\":\"https:\/\/brasilnoticias.org\/site\/#\/schema\/logo\/image\/\",\"url\":\"https:\/\/brasilnoticias.org\/site\/wp-content\/uploads\/2022\/05\/cropped-brasilnoticias-mini.jpg\",\"contentUrl\":\"https:\/\/brasilnoticias.org\/site\/wp-content\/uploads\/2022\/05\/cropped-brasilnoticias-mini.jpg\",\"width\":314,\"height\":86,\"caption\":\"Brasil not\u00edcias\"},\"image\":{\"@id\":\"https:\/\/brasilnoticias.org\/site\/#\/schema\/logo\/image\/\"}},{\"@type\":\"Person\",\"@id\":\"https:\/\/brasilnoticias.org\/site\/#\/schema\/person\/03bbbfe6c7634ad18c26444ea39049fa\",\"name\":\"Reda\u00e7\u00e3o\",\"image\":{\"@type\":\"ImageObject\",\"inLanguage\":\"pt-PT\",\"@id\":\"https:\/\/brasilnoticias.org\/site\/#\/schema\/person\/image\/\",\"url\":\"https:\/\/secure.gravatar.com\/avatar\/9ecaf7327a696cb23ad926fedded5f1f04d7049de9e445375d55b48c001a6e42?s=96&d=mm&r=g\",\"contentUrl\":\"https:\/\/secure.gravatar.com\/avatar\/9ecaf7327a696cb23ad926fedded5f1f04d7049de9e445375d55b48c001a6e42?s=96&d=mm&r=g\",\"caption\":\"Reda\u00e7\u00e3o\"},\"url\":\"https:\/\/brasilnoticias.org\/site\/author\/henrique\/\"}]}<\/script>\n<!-- \/ Yoast SEO plugin. -->","yoast_head_json":{"title":"Secret\u00e1rio afirma que a pol\u00edcia n\u00e3o sai \u00e0s ruas para \u201cpoder matar\u201d - Brasil not\u00edcias","robots":{"index":"index","follow":"follow","max-snippet":"max-snippet:-1","max-image-preview":"max-image-preview:large","max-video-preview":"max-video-preview:-1"},"canonical":"https:\/\/brasilnoticias.org\/site\/secretario-afirma-que-a-policia-nao-sai-as-ruas-para-poder-matar\/","og_locale":"pt_PT","og_type":"article","og_title":"Secret\u00e1rio afirma que a pol\u00edcia n\u00e3o sai \u00e0s ruas para \u201cpoder matar\u201d - Brasil not\u00edcias","og_description":"60 suspeitos foram mortos em setembro O secret\u00e1rio da Seguran\u00e7a P\u00fablica da Bahia (SSP-BA), Marcelo Werner, afirmou em entrevista ao","og_url":"https:\/\/brasilnoticias.org\/site\/secretario-afirma-que-a-policia-nao-sai-as-ruas-para-poder-matar\/","og_site_name":"Brasil not\u00edcias","article_published_time":"2023-10-05T21:29:03+00:00","og_image":[{"width":1599,"height":1066,"url":"https:\/\/brasilnoticias.org\/site\/wp-content\/uploads\/2023\/10\/WhatsApp-Image-2023-09-21-at-11.17.48.jpeg.webp","type":"image\/webp"}],"author":"Reda\u00e7\u00e3o","twitter_card":"summary_large_image","twitter_misc":{"Escrito por":"Reda\u00e7\u00e3o"},"schema":{"@context":"https:\/\/schema.org","@graph":[{"@type":"Article","@id":"https:\/\/brasilnoticias.org\/site\/secretario-afirma-que-a-policia-nao-sai-as-ruas-para-poder-matar\/#article","isPartOf":{"@id":"https:\/\/brasilnoticias.org\/site\/secretario-afirma-que-a-policia-nao-sai-as-ruas-para-poder-matar\/"},"author":{"name":"Reda\u00e7\u00e3o","@id":"https:\/\/brasilnoticias.org\/site\/#\/schema\/person\/03bbbfe6c7634ad18c26444ea39049fa"},"headline":"Secret\u00e1rio afirma que a pol\u00edcia n\u00e3o sai \u00e0s ruas para \u201cpoder matar\u201d","datePublished":"2023-10-05T21:29:03+00:00","mainEntityOfPage":{"@id":"https:\/\/brasilnoticias.org\/site\/secretario-afirma-que-a-policia-nao-sai-as-ruas-para-poder-matar\/"},"wordCount":186,"commentCount":0,"publisher":{"@id":"https:\/\/brasilnoticias.org\/site\/#organization"},"image":{"@id":"https:\/\/brasilnoticias.org\/site\/secretario-afirma-que-a-policia-nao-sai-as-ruas-para-poder-matar\/#primaryimage"},"thumbnailUrl":"https:\/\/brasilnoticias.org\/site\/wp-content\/uploads\/2023\/10\/WhatsApp-Image-2023-09-21-at-11.17.48.jpeg.webp","articleSection":["Pol\u00edcia","\u00daltimas"],"inLanguage":"pt-PT","potentialAction":[{"@type":"CommentAction","name":"Comment","target":["https:\/\/brasilnoticias.org\/site\/secretario-afirma-que-a-policia-nao-sai-as-ruas-para-poder-matar\/#respond"]}]},{"@type":"WebPage","@id":"https:\/\/brasilnoticias.org\/site\/secretario-afirma-que-a-policia-nao-sai-as-ruas-para-poder-matar\/","url":"https:\/\/brasilnoticias.org\/site\/secretario-afirma-que-a-policia-nao-sai-as-ruas-para-poder-matar\/","name":"Secret\u00e1rio afirma que a pol\u00edcia n\u00e3o sai \u00e0s ruas para \u201cpoder matar\u201d - Brasil not\u00edcias","isPartOf":{"@id":"https:\/\/brasilnoticias.org\/site\/#website"},"primaryImageOfPage":{"@id":"https:\/\/brasilnoticias.org\/site\/secretario-afirma-que-a-policia-nao-sai-as-ruas-para-poder-matar\/#primaryimage"},"image":{"@id":"https:\/\/brasilnoticias.org\/site\/secretario-afirma-que-a-policia-nao-sai-as-ruas-para-poder-matar\/#primaryimage"},"thumbnailUrl":"https:\/\/brasilnoticias.org\/site\/wp-content\/uploads\/2023\/10\/WhatsApp-Image-2023-09-21-at-11.17.48.jpeg.webp","datePublished":"2023-10-05T21:29:03+00:00","breadcrumb":{"@id":"https:\/\/brasilnoticias.org\/site\/secretario-afirma-que-a-policia-nao-sai-as-ruas-para-poder-matar\/#breadcrumb"},"inLanguage":"pt-PT","potentialAction":[{"@type":"ReadAction","target":["https:\/\/brasilnoticias.org\/site\/secretario-afirma-que-a-policia-nao-sai-as-ruas-para-poder-matar\/"]}]},{"@type":"ImageObject","inLanguage":"pt-PT","@id":"https:\/\/brasilnoticias.org\/site\/secretario-afirma-que-a-policia-nao-sai-as-ruas-para-poder-matar\/#primaryimage","url":"https:\/\/brasilnoticias.org\/site\/wp-content\/uploads\/2023\/10\/WhatsApp-Image-2023-09-21-at-11.17.48.jpeg.webp","contentUrl":"https:\/\/brasilnoticias.org\/site\/wp-content\/uploads\/2023\/10\/WhatsApp-Image-2023-09-21-at-11.17.48.jpeg.webp","width":1599,"height":1066},{"@type":"BreadcrumbList","@id":"https:\/\/brasilnoticias.org\/site\/secretario-afirma-que-a-policia-nao-sai-as-ruas-para-poder-matar\/#breadcrumb","itemListElement":[{"@type":"ListItem","position":1,"name":"In\u00edcio","item":"https:\/\/brasilnoticias.org\/site\/"},{"@type":"ListItem","position":2,"name":"Secret\u00e1rio afirma que a pol\u00edcia n\u00e3o sai \u00e0s ruas para \u201cpoder matar\u201d"}]},{"@type":"WebSite","@id":"https:\/\/brasilnoticias.org\/site\/#website","url":"https:\/\/brasilnoticias.org\/site\/","name":"Brasil not\u00edcias","description":"Brasil not\u00edcias","publisher":{"@id":"https:\/\/brasilnoticias.org\/site\/#organization"},"potentialAction":[{"@type":"SearchAction","target":{"@type":"EntryPoint","urlTemplate":"https:\/\/brasilnoticias.org\/site\/?s={search_term_string}"},"query-input":{"@type":"PropertyValueSpecification","valueRequired":true,"valueName":"search_term_string"}}],"inLanguage":"pt-PT"},{"@type":"Organization","@id":"https:\/\/brasilnoticias.org\/site\/#organization","name":"Brasil not\u00edcias","url":"https:\/\/brasilnoticias.org\/site\/","logo":{"@type":"ImageObject","inLanguage":"pt-PT","@id":"https:\/\/brasilnoticias.org\/site\/#\/schema\/logo\/image\/","url":"https:\/\/brasilnoticias.org\/site\/wp-content\/uploads\/2022\/05\/cropped-brasilnoticias-mini.jpg","contentUrl":"https:\/\/brasilnoticias.org\/site\/wp-content\/uploads\/2022\/05\/cropped-brasilnoticias-mini.jpg","width":314,"height":86,"caption":"Brasil not\u00edcias"},"image":{"@id":"https:\/\/brasilnoticias.org\/site\/#\/schema\/logo\/image\/"}},{"@type":"Person","@id":"https:\/\/brasilnoticias.org\/site\/#\/schema\/person\/03bbbfe6c7634ad18c26444ea39049fa","name":"Reda\u00e7\u00e3o","image":{"@type":"ImageObject","inLanguage":"pt-PT","@id":"https:\/\/brasilnoticias.org\/site\/#\/schema\/person\/image\/","url":"https:\/\/secure.gravatar.com\/avatar\/9ecaf7327a696cb23ad926fedded5f1f04d7049de9e445375d55b48c001a6e42?s=96&d=mm&r=g","contentUrl":"https:\/\/secure.gravatar.com\/avatar\/9ecaf7327a696cb23ad926fedded5f1f04d7049de9e445375d55b48c001a6e42?s=96&d=mm&r=g","caption":"Reda\u00e7\u00e3o"},"url":"https:\/\/brasilnoticias.org\/site\/author\/henrique\/"}]}},"_links":{"self":[{"href":"https:\/\/brasilnoticias.org\/site\/wp-json\/wp\/v2\/posts\/9897","targetHints":{"allow":["GET"]}}],"collection":[{"href":"https:\/\/brasilnoticias.org\/site\/wp-json\/wp\/v2\/posts"}],"about":[{"href":"https:\/\/brasilnoticias.org\/site\/wp-json\/wp\/v2\/types\/post"}],"author":[{"embeddable":true,"href":"https:\/\/brasilnoticias.org\/site\/wp-json\/wp\/v2\/users\/4"}],"replies":[{"embeddable":true,"href":"https:\/\/brasilnoticias.org\/site\/wp-json\/wp\/v2\/comments?post=9897"}],"version-history":[{"count":1,"href":"https:\/\/brasilnoticias.org\/site\/wp-json\/wp\/v2\/posts\/9897\/revisions"}],"predecessor-version":[{"id":9899,"href":"https:\/\/brasilnoticias.org\/site\/wp-json\/wp\/v2\/posts\/9897\/revisions\/9899"}],"wp:featuredmedia":[{"embeddable":true,"href":"https:\/\/brasilnoticias.org\/site\/wp-json\/wp\/v2\/media\/9898"}],"wp:attachment":[{"href":"https:\/\/brasilnoticias.org\/site\/wp-json\/wp\/v2\/media?parent=9897"}],"wp:term":[{"taxonomy":"category","embeddable":true,"href":"https:\/\/brasilnoticias.org\/site\/wp-json\/wp\/v2\/categories?post=9897"},{"taxonomy":"post_tag","embeddable":true,"href":"https:\/\/brasilnoticias.org\/site\/wp-json\/wp\/v2\/tags?post=9897"}],"curies":[{"name":"wp","href":"https:\/\/api.w.org\/{rel}","templated":true}]}}