{"id":9900,"date":"2023-10-06T06:29:49","date_gmt":"2023-10-06T09:29:49","guid":{"rendered":"https:\/\/brasilnoticias.org\/site\/?p=9900"},"modified":"2023-10-05T18:30:46","modified_gmt":"2023-10-05T21:30:46","slug":"lula-nunca-prometeu-nao-subir-precos-dos-combustiveis-diz-presidente-da-petrobras","status":"publish","type":"post","link":"https:\/\/brasilnoticias.org\/site\/lula-nunca-prometeu-nao-subir-precos-dos-combustiveis-diz-presidente-da-petrobras\/","title":{"rendered":"Lula nunca prometeu n\u00e3o subir pre\u00e7os dos combust\u00edveis, diz presidente da Petrobras"},"content":{"rendered":"<p>Jean Paul Prates afirmou ainda que a estatal \u00e9 independente das inten\u00e7\u00f5es do governo e que n\u00e3o teria que abandonar os valores de refer\u00eancia internacional<\/p>\n<p>O presidente da Petrobras, Jean Paul Prates, negou que o presidente Luiz In\u00e1cio Lula da Silva (PT) tenha prometido n\u00e3o subir mais os pre\u00e7os dos combust\u00edveis. Segundo  esclareceu Prates, o petista n\u00e3o teria se comprometido a abandonar as refer\u00eancias internacionais.<\/p>\n<p>\u201c[O presidente Lula] jamais prometeu que o pre\u00e7o nunca mais subiria, [como se dissesse:] \u2018Vou me eleger e nunca mais vou subir o pre\u00e7o do combust\u00edvel&#8217;\u201d, afirmou em sua participa\u00e7\u00e3o no Roda-Viva, na \u00faltima segunda-feira (2).<\/p>\n<p>Prates ainda afirmou que o governo n\u00e3o tem poder para interferir na pol\u00edtica da estatal. \u201cN\u00e3o houve desgarramento [dos pre\u00e7os internacionais]. [O presidente] Nunca disse [que] n\u00f3s vamos descolar completamente da refer\u00eancia internacional. Isso seria uma temeridade, porque n\u00f3s n\u00e3o s\u00f3 importamos ainda parte dos produtos, como estamos inseridos na comunidade internacional\u201d, acrescentou.<\/p>\n<p>Foto: Ricardo Stuckert\/PR<br \/>\nPor: Metro1 <\/p>\n","protected":false},"excerpt":{"rendered":"<p>Jean Paul Prates afirmou ainda que a estatal \u00e9 independente das inten\u00e7\u00f5es do governo e que n\u00e3o teria que abandonar<\/p>\n","protected":false},"author":4,"featured_media":9901,"comment_status":"open","ping_status":"open","sticky":false,"template":"","format":"standard","meta":{"colormag_page_container_layout":"default_layout","colormag_page_sidebar_layout":"default_layout","_FSMCFIC_featured_image_caption":"","_FSMCFIC_featured_image_nocaption":"","_FSMCFIC_featured_image_hide":"","footnotes":""},"categories":[5,1],"tags":[],"class_list":["post-9900","post","type-post","status-publish","format-standard","has-post-thumbnail","hentry","category-politica","category-ultimas"],"yoast_head":"<!-- This site is optimized with the Yoast SEO plugin v27.1.1 - https:\/\/yoast.com\/product\/yoast-seo-wordpress\/ -->\n<title>Lula nunca prometeu n\u00e3o subir pre\u00e7os dos combust\u00edveis, diz presidente da Petrobras - Brasil not\u00edcias<\/title>\n<meta name=\"robots\" content=\"index, follow, max-snippet:-1, max-image-preview:large, max-video-preview:-1\" \/>\n<link rel=\"canonical\" href=\"https:\/\/brasilnoticias.org\/site\/lula-nunca-prometeu-nao-subir-precos-dos-combustiveis-diz-presidente-da-petrobras\/\" \/>\n<meta property=\"og:locale\" content=\"pt_PT\" \/>\n<meta property=\"og:type\" content=\"article\" \/>\n<meta property=\"og:title\" content=\"Lula nunca prometeu n\u00e3o subir pre\u00e7os dos combust\u00edveis, diz presidente da Petrobras - Brasil not\u00edcias\" \/>\n<meta property=\"og:description\" content=\"Jean Paul Prates afirmou ainda que a estatal \u00e9 independente das inten\u00e7\u00f5es do governo e que n\u00e3o teria que abandonar\" \/>\n<meta property=\"og:url\" content=\"https:\/\/brasilnoticias.org\/site\/lula-nunca-prometeu-nao-subir-precos-dos-combustiveis-diz-presidente-da-petrobras\/\" \/>\n<meta property=\"og:site_name\" content=\"Brasil not\u00edcias\" \/>\n<meta property=\"article:published_time\" content=\"2023-10-06T09:29:49+00:00\" \/>\n<meta property=\"og:image\" content=\"https:\/\/brasilnoticias.org\/site\/wp-content\/uploads\/2023\/10\/141703lula-nunca-prometeu-nao-subir-precos-dos-combustiveis-diz-presidente-da-petrobras-3.jpg\" \/>\n\t<meta property=\"og:image:width\" content=\"1600\" \/>\n\t<meta property=\"og:image:height\" content=\"752\" \/>\n\t<meta property=\"og:image:type\" content=\"image\/jpeg\" \/>\n<meta name=\"author\" content=\"Reda\u00e7\u00e3o\" \/>\n<meta name=\"twitter:card\" content=\"summary_large_image\" \/>\n<meta name=\"twitter:label1\" content=\"Escrito por\" \/>\n\t<meta name=\"twitter:data1\" content=\"Reda\u00e7\u00e3o\" \/>\n<script type=\"application\/ld+json\" class=\"yoast-schema-graph\">{\"@context\":\"https:\/\/schema.org\",\"@graph\":[{\"@type\":\"Article\",\"@id\":\"https:\/\/brasilnoticias.org\/site\/lula-nunca-prometeu-nao-subir-precos-dos-combustiveis-diz-presidente-da-petrobras\/#article\",\"isPartOf\":{\"@id\":\"https:\/\/brasilnoticias.org\/site\/lula-nunca-prometeu-nao-subir-precos-dos-combustiveis-diz-presidente-da-petrobras\/\"},\"author\":{\"name\":\"Reda\u00e7\u00e3o\",\"@id\":\"https:\/\/brasilnoticias.org\/site\/#\/schema\/person\/03bbbfe6c7634ad18c26444ea39049fa\"},\"headline\":\"Lula nunca prometeu n\u00e3o subir pre\u00e7os dos combust\u00edveis, diz presidente da Petrobras\",\"datePublished\":\"2023-10-06T09:29:49+00:00\",\"mainEntityOfPage\":{\"@id\":\"https:\/\/brasilnoticias.org\/site\/lula-nunca-prometeu-nao-subir-precos-dos-combustiveis-diz-presidente-da-petrobras\/\"},\"wordCount\":194,\"commentCount\":0,\"publisher\":{\"@id\":\"https:\/\/brasilnoticias.org\/site\/#organization\"},\"image\":{\"@id\":\"https:\/\/brasilnoticias.org\/site\/lula-nunca-prometeu-nao-subir-precos-dos-combustiveis-diz-presidente-da-petrobras\/#primaryimage\"},\"thumbnailUrl\":\"https:\/\/brasilnoticias.org\/site\/wp-content\/uploads\/2023\/10\/141703lula-nunca-prometeu-nao-subir-precos-dos-combustiveis-diz-presidente-da-petrobras-3.jpg\",\"articleSection\":[\"Pol\u00edtica\",\"\u00daltimas\"],\"inLanguage\":\"pt-PT\",\"potentialAction\":[{\"@type\":\"CommentAction\",\"name\":\"Comment\",\"target\":[\"https:\/\/brasilnoticias.org\/site\/lula-nunca-prometeu-nao-subir-precos-dos-combustiveis-diz-presidente-da-petrobras\/#respond\"]}]},{\"@type\":\"WebPage\",\"@id\":\"https:\/\/brasilnoticias.org\/site\/lula-nunca-prometeu-nao-subir-precos-dos-combustiveis-diz-presidente-da-petrobras\/\",\"url\":\"https:\/\/brasilnoticias.org\/site\/lula-nunca-prometeu-nao-subir-precos-dos-combustiveis-diz-presidente-da-petrobras\/\",\"name\":\"Lula nunca prometeu n\u00e3o subir pre\u00e7os dos combust\u00edveis, diz presidente da Petrobras - Brasil not\u00edcias\",\"isPartOf\":{\"@id\":\"https:\/\/brasilnoticias.org\/site\/#website\"},\"primaryImageOfPage\":{\"@id\":\"https:\/\/brasilnoticias.org\/site\/lula-nunca-prometeu-nao-subir-precos-dos-combustiveis-diz-presidente-da-petrobras\/#primaryimage\"},\"image\":{\"@id\":\"https:\/\/brasilnoticias.org\/site\/lula-nunca-prometeu-nao-subir-precos-dos-combustiveis-diz-presidente-da-petrobras\/#primaryimage\"},\"thumbnailUrl\":\"https:\/\/brasilnoticias.org\/site\/wp-content\/uploads\/2023\/10\/141703lula-nunca-prometeu-nao-subir-precos-dos-combustiveis-diz-presidente-da-petrobras-3.jpg\",\"datePublished\":\"2023-10-06T09:29:49+00:00\",\"breadcrumb\":{\"@id\":\"https:\/\/brasilnoticias.org\/site\/lula-nunca-prometeu-nao-subir-precos-dos-combustiveis-diz-presidente-da-petrobras\/#breadcrumb\"},\"inLanguage\":\"pt-PT\",\"potentialAction\":[{\"@type\":\"ReadAction\",\"target\":[\"https:\/\/brasilnoticias.org\/site\/lula-nunca-prometeu-nao-subir-precos-dos-combustiveis-diz-presidente-da-petrobras\/\"]}]},{\"@type\":\"ImageObject\",\"inLanguage\":\"pt-PT\",\"@id\":\"https:\/\/brasilnoticias.org\/site\/lula-nunca-prometeu-nao-subir-precos-dos-combustiveis-diz-presidente-da-petrobras\/#primaryimage\",\"url\":\"https:\/\/brasilnoticias.org\/site\/wp-content\/uploads\/2023\/10\/141703lula-nunca-prometeu-nao-subir-precos-dos-combustiveis-diz-presidente-da-petrobras-3.jpg\",\"contentUrl\":\"https:\/\/brasilnoticias.org\/site\/wp-content\/uploads\/2023\/10\/141703lula-nunca-prometeu-nao-subir-precos-dos-combustiveis-diz-presidente-da-petrobras-3.jpg\",\"width\":1600,\"height\":752},{\"@type\":\"BreadcrumbList\",\"@id\":\"https:\/\/brasilnoticias.org\/site\/lula-nunca-prometeu-nao-subir-precos-dos-combustiveis-diz-presidente-da-petrobras\/#breadcrumb\",\"itemListElement\":[{\"@type\":\"ListItem\",\"position\":1,\"name\":\"In\u00edcio\",\"item\":\"https:\/\/brasilnoticias.org\/site\/\"},{\"@type\":\"ListItem\",\"position\":2,\"name\":\"Lula nunca prometeu n\u00e3o subir pre\u00e7os dos combust\u00edveis, diz presidente da Petrobras\"}]},{\"@type\":\"WebSite\",\"@id\":\"https:\/\/brasilnoticias.org\/site\/#website\",\"url\":\"https:\/\/brasilnoticias.org\/site\/\",\"name\":\"Brasil not\u00edcias\",\"description\":\"Brasil not\u00edcias\",\"publisher\":{\"@id\":\"https:\/\/brasilnoticias.org\/site\/#organization\"},\"potentialAction\":[{\"@type\":\"SearchAction\",\"target\":{\"@type\":\"EntryPoint\",\"urlTemplate\":\"https:\/\/brasilnoticias.org\/site\/?s={search_term_string}\"},\"query-input\":{\"@type\":\"PropertyValueSpecification\",\"valueRequired\":true,\"valueName\":\"search_term_string\"}}],\"inLanguage\":\"pt-PT\"},{\"@type\":\"Organization\",\"@id\":\"https:\/\/brasilnoticias.org\/site\/#organization\",\"name\":\"Brasil not\u00edcias\",\"url\":\"https:\/\/brasilnoticias.org\/site\/\",\"logo\":{\"@type\":\"ImageObject\",\"inLanguage\":\"pt-PT\",\"@id\":\"https:\/\/brasilnoticias.org\/site\/#\/schema\/logo\/image\/\",\"url\":\"https:\/\/brasilnoticias.org\/site\/wp-content\/uploads\/2022\/05\/cropped-brasilnoticias-mini.jpg\",\"contentUrl\":\"https:\/\/brasilnoticias.org\/site\/wp-content\/uploads\/2022\/05\/cropped-brasilnoticias-mini.jpg\",\"width\":314,\"height\":86,\"caption\":\"Brasil not\u00edcias\"},\"image\":{\"@id\":\"https:\/\/brasilnoticias.org\/site\/#\/schema\/logo\/image\/\"}},{\"@type\":\"Person\",\"@id\":\"https:\/\/brasilnoticias.org\/site\/#\/schema\/person\/03bbbfe6c7634ad18c26444ea39049fa\",\"name\":\"Reda\u00e7\u00e3o\",\"image\":{\"@type\":\"ImageObject\",\"inLanguage\":\"pt-PT\",\"@id\":\"https:\/\/brasilnoticias.org\/site\/#\/schema\/person\/image\/\",\"url\":\"https:\/\/secure.gravatar.com\/avatar\/9ecaf7327a696cb23ad926fedded5f1f04d7049de9e445375d55b48c001a6e42?s=96&d=mm&r=g\",\"contentUrl\":\"https:\/\/secure.gravatar.com\/avatar\/9ecaf7327a696cb23ad926fedded5f1f04d7049de9e445375d55b48c001a6e42?s=96&d=mm&r=g\",\"caption\":\"Reda\u00e7\u00e3o\"},\"url\":\"https:\/\/brasilnoticias.org\/site\/author\/henrique\/\"}]}<\/script>\n<!-- \/ Yoast SEO plugin. -->","yoast_head_json":{"title":"Lula nunca prometeu n\u00e3o subir pre\u00e7os dos combust\u00edveis, diz presidente da Petrobras - Brasil not\u00edcias","robots":{"index":"index","follow":"follow","max-snippet":"max-snippet:-1","max-image-preview":"max-image-preview:large","max-video-preview":"max-video-preview:-1"},"canonical":"https:\/\/brasilnoticias.org\/site\/lula-nunca-prometeu-nao-subir-precos-dos-combustiveis-diz-presidente-da-petrobras\/","og_locale":"pt_PT","og_type":"article","og_title":"Lula nunca prometeu n\u00e3o subir pre\u00e7os dos combust\u00edveis, diz presidente da Petrobras - Brasil not\u00edcias","og_description":"Jean Paul Prates afirmou ainda que a estatal \u00e9 independente das inten\u00e7\u00f5es do governo e que n\u00e3o teria que abandonar","og_url":"https:\/\/brasilnoticias.org\/site\/lula-nunca-prometeu-nao-subir-precos-dos-combustiveis-diz-presidente-da-petrobras\/","og_site_name":"Brasil not\u00edcias","article_published_time":"2023-10-06T09:29:49+00:00","og_image":[{"width":1600,"height":752,"url":"https:\/\/brasilnoticias.org\/site\/wp-content\/uploads\/2023\/10\/141703lula-nunca-prometeu-nao-subir-precos-dos-combustiveis-diz-presidente-da-petrobras-3.jpg","type":"image\/jpeg"}],"author":"Reda\u00e7\u00e3o","twitter_card":"summary_large_image","twitter_misc":{"Escrito por":"Reda\u00e7\u00e3o"},"schema":{"@context":"https:\/\/schema.org","@graph":[{"@type":"Article","@id":"https:\/\/brasilnoticias.org\/site\/lula-nunca-prometeu-nao-subir-precos-dos-combustiveis-diz-presidente-da-petrobras\/#article","isPartOf":{"@id":"https:\/\/brasilnoticias.org\/site\/lula-nunca-prometeu-nao-subir-precos-dos-combustiveis-diz-presidente-da-petrobras\/"},"author":{"name":"Reda\u00e7\u00e3o","@id":"https:\/\/brasilnoticias.org\/site\/#\/schema\/person\/03bbbfe6c7634ad18c26444ea39049fa"},"headline":"Lula nunca prometeu n\u00e3o subir pre\u00e7os dos combust\u00edveis, diz presidente da Petrobras","datePublished":"2023-10-06T09:29:49+00:00","mainEntityOfPage":{"@id":"https:\/\/brasilnoticias.org\/site\/lula-nunca-prometeu-nao-subir-precos-dos-combustiveis-diz-presidente-da-petrobras\/"},"wordCount":194,"commentCount":0,"publisher":{"@id":"https:\/\/brasilnoticias.org\/site\/#organization"},"image":{"@id":"https:\/\/brasilnoticias.org\/site\/lula-nunca-prometeu-nao-subir-precos-dos-combustiveis-diz-presidente-da-petrobras\/#primaryimage"},"thumbnailUrl":"https:\/\/brasilnoticias.org\/site\/wp-content\/uploads\/2023\/10\/141703lula-nunca-prometeu-nao-subir-precos-dos-combustiveis-diz-presidente-da-petrobras-3.jpg","articleSection":["Pol\u00edtica","\u00daltimas"],"inLanguage":"pt-PT","potentialAction":[{"@type":"CommentAction","name":"Comment","target":["https:\/\/brasilnoticias.org\/site\/lula-nunca-prometeu-nao-subir-precos-dos-combustiveis-diz-presidente-da-petrobras\/#respond"]}]},{"@type":"WebPage","@id":"https:\/\/brasilnoticias.org\/site\/lula-nunca-prometeu-nao-subir-precos-dos-combustiveis-diz-presidente-da-petrobras\/","url":"https:\/\/brasilnoticias.org\/site\/lula-nunca-prometeu-nao-subir-precos-dos-combustiveis-diz-presidente-da-petrobras\/","name":"Lula nunca prometeu n\u00e3o subir pre\u00e7os dos combust\u00edveis, diz presidente da Petrobras - Brasil not\u00edcias","isPartOf":{"@id":"https:\/\/brasilnoticias.org\/site\/#website"},"primaryImageOfPage":{"@id":"https:\/\/brasilnoticias.org\/site\/lula-nunca-prometeu-nao-subir-precos-dos-combustiveis-diz-presidente-da-petrobras\/#primaryimage"},"image":{"@id":"https:\/\/brasilnoticias.org\/site\/lula-nunca-prometeu-nao-subir-precos-dos-combustiveis-diz-presidente-da-petrobras\/#primaryimage"},"thumbnailUrl":"https:\/\/brasilnoticias.org\/site\/wp-content\/uploads\/2023\/10\/141703lula-nunca-prometeu-nao-subir-precos-dos-combustiveis-diz-presidente-da-petrobras-3.jpg","datePublished":"2023-10-06T09:29:49+00:00","breadcrumb":{"@id":"https:\/\/brasilnoticias.org\/site\/lula-nunca-prometeu-nao-subir-precos-dos-combustiveis-diz-presidente-da-petrobras\/#breadcrumb"},"inLanguage":"pt-PT","potentialAction":[{"@type":"ReadAction","target":["https:\/\/brasilnoticias.org\/site\/lula-nunca-prometeu-nao-subir-precos-dos-combustiveis-diz-presidente-da-petrobras\/"]}]},{"@type":"ImageObject","inLanguage":"pt-PT","@id":"https:\/\/brasilnoticias.org\/site\/lula-nunca-prometeu-nao-subir-precos-dos-combustiveis-diz-presidente-da-petrobras\/#primaryimage","url":"https:\/\/brasilnoticias.org\/site\/wp-content\/uploads\/2023\/10\/141703lula-nunca-prometeu-nao-subir-precos-dos-combustiveis-diz-presidente-da-petrobras-3.jpg","contentUrl":"https:\/\/brasilnoticias.org\/site\/wp-content\/uploads\/2023\/10\/141703lula-nunca-prometeu-nao-subir-precos-dos-combustiveis-diz-presidente-da-petrobras-3.jpg","width":1600,"height":752},{"@type":"BreadcrumbList","@id":"https:\/\/brasilnoticias.org\/site\/lula-nunca-prometeu-nao-subir-precos-dos-combustiveis-diz-presidente-da-petrobras\/#breadcrumb","itemListElement":[{"@type":"ListItem","position":1,"name":"In\u00edcio","item":"https:\/\/brasilnoticias.org\/site\/"},{"@type":"ListItem","position":2,"name":"Lula nunca prometeu n\u00e3o subir pre\u00e7os dos combust\u00edveis, diz presidente da Petrobras"}]},{"@type":"WebSite","@id":"https:\/\/brasilnoticias.org\/site\/#website","url":"https:\/\/brasilnoticias.org\/site\/","name":"Brasil not\u00edcias","description":"Brasil not\u00edcias","publisher":{"@id":"https:\/\/brasilnoticias.org\/site\/#organization"},"potentialAction":[{"@type":"SearchAction","target":{"@type":"EntryPoint","urlTemplate":"https:\/\/brasilnoticias.org\/site\/?s={search_term_string}"},"query-input":{"@type":"PropertyValueSpecification","valueRequired":true,"valueName":"search_term_string"}}],"inLanguage":"pt-PT"},{"@type":"Organization","@id":"https:\/\/brasilnoticias.org\/site\/#organization","name":"Brasil not\u00edcias","url":"https:\/\/brasilnoticias.org\/site\/","logo":{"@type":"ImageObject","inLanguage":"pt-PT","@id":"https:\/\/brasilnoticias.org\/site\/#\/schema\/logo\/image\/","url":"https:\/\/brasilnoticias.org\/site\/wp-content\/uploads\/2022\/05\/cropped-brasilnoticias-mini.jpg","contentUrl":"https:\/\/brasilnoticias.org\/site\/wp-content\/uploads\/2022\/05\/cropped-brasilnoticias-mini.jpg","width":314,"height":86,"caption":"Brasil not\u00edcias"},"image":{"@id":"https:\/\/brasilnoticias.org\/site\/#\/schema\/logo\/image\/"}},{"@type":"Person","@id":"https:\/\/brasilnoticias.org\/site\/#\/schema\/person\/03bbbfe6c7634ad18c26444ea39049fa","name":"Reda\u00e7\u00e3o","image":{"@type":"ImageObject","inLanguage":"pt-PT","@id":"https:\/\/brasilnoticias.org\/site\/#\/schema\/person\/image\/","url":"https:\/\/secure.gravatar.com\/avatar\/9ecaf7327a696cb23ad926fedded5f1f04d7049de9e445375d55b48c001a6e42?s=96&d=mm&r=g","contentUrl":"https:\/\/secure.gravatar.com\/avatar\/9ecaf7327a696cb23ad926fedded5f1f04d7049de9e445375d55b48c001a6e42?s=96&d=mm&r=g","caption":"Reda\u00e7\u00e3o"},"url":"https:\/\/brasilnoticias.org\/site\/author\/henrique\/"}]}},"_links":{"self":[{"href":"https:\/\/brasilnoticias.org\/site\/wp-json\/wp\/v2\/posts\/9900","targetHints":{"allow":["GET"]}}],"collection":[{"href":"https:\/\/brasilnoticias.org\/site\/wp-json\/wp\/v2\/posts"}],"about":[{"href":"https:\/\/brasilnoticias.org\/site\/wp-json\/wp\/v2\/types\/post"}],"author":[{"embeddable":true,"href":"https:\/\/brasilnoticias.org\/site\/wp-json\/wp\/v2\/users\/4"}],"replies":[{"embeddable":true,"href":"https:\/\/brasilnoticias.org\/site\/wp-json\/wp\/v2\/comments?post=9900"}],"version-history":[{"count":1,"href":"https:\/\/brasilnoticias.org\/site\/wp-json\/wp\/v2\/posts\/9900\/revisions"}],"predecessor-version":[{"id":9902,"href":"https:\/\/brasilnoticias.org\/site\/wp-json\/wp\/v2\/posts\/9900\/revisions\/9902"}],"wp:featuredmedia":[{"embeddable":true,"href":"https:\/\/brasilnoticias.org\/site\/wp-json\/wp\/v2\/media\/9901"}],"wp:attachment":[{"href":"https:\/\/brasilnoticias.org\/site\/wp-json\/wp\/v2\/media?parent=9900"}],"wp:term":[{"taxonomy":"category","embeddable":true,"href":"https:\/\/brasilnoticias.org\/site\/wp-json\/wp\/v2\/categories?post=9900"},{"taxonomy":"post_tag","embeddable":true,"href":"https:\/\/brasilnoticias.org\/site\/wp-json\/wp\/v2\/tags?post=9900"}],"curies":[{"name":"wp","href":"https:\/\/api.w.org\/{rel}","templated":true}]}}