{"id":991,"date":"2022-07-12T18:29:56","date_gmt":"2022-07-12T21:29:56","guid":{"rendered":"https:\/\/brasilnoticias.org\/site\/?p=991"},"modified":"2022-07-12T18:29:56","modified_gmt":"2022-07-12T21:29:56","slug":"policia-prende-tres-foragidos-identificados-pelas-cameras-da-ssp-em-cerca-de-duas-horas","status":"publish","type":"post","link":"https:\/\/brasilnoticias.org\/site\/policia-prende-tres-foragidos-identificados-pelas-cameras-da-ssp-em-cerca-de-duas-horas\/","title":{"rendered":"Pol\u00edcia prende tr\u00eas foragidos identificados pelas c\u00e2meras da SSP em cerca de duas horas"},"content":{"rendered":"<p>Na manh\u00e3 desta ter\u00e7a-feira (12) tr\u00eas homens procurados pela Justi\u00e7a foram presos com ajuda das c\u00e2meras inteligentes do Sistema de Reconhecimento Facial da Secretaria da Seguran\u00e7a P\u00fablica. Os foragidos, que foram flagrados pelas c\u00e2meras em cerca de duas horas, eram procurados por roubo e estupro de vulner\u00e1vel.<\/p>\n<p>De acordo com a\u00a0<a href=\"https:\/\/www.bnews.com.br\/tags\/ssp-ba\" target=\"_blank\" rel=\"noopener\">Secretaria de Seguran\u00e7a P\u00fablica (SSP),<\/a>\u00a0o primeiro alerta foi emitido \u00e0s 9h50, quando um homem com mandado de pris\u00e3o emitido por pr\u00e1tica de roubo passou por um dos pontos monitorados, em Salvador. O acusado foi alcan\u00e7ado por policiais da 16\u00aa Companhia Independente da Pol\u00edcia Militar.<\/p>\n<p>Pouco mais de uma hora depois, um que tinha ordem de pris\u00e3o por roubo foi alcan\u00e7ado por profissionais da 64\u00aa CIPM, em Feira de Santana. Cidade que,segundo a SSP, o Sistema de Reconhecimento est\u00e1 em fase de teste.<\/p>\n<p>Por fim, alguns minutos depois, o terceiro alerta foi dado quando um foragido por estupro de vulner\u00e1vel foi identificado e alcan\u00e7ado pela tropa da 11\u00aaCIPM. Os presos foram encaminhados para a base da Coordena\u00e7\u00e3o de Pol\u00edcia Interestadual (Polinter) e para a 1\u00aa Coordenadoria Regional de Pol\u00edcia do Interior (1\u00aa Coorpin\/ Feira de Santana).<\/p>\n<p>&nbsp;<\/p>\n<p>&nbsp;<\/p>\n<p>&nbsp;<\/p>\n<p>&nbsp;<\/p>\n<p>Bnews<\/p>\n","protected":false},"excerpt":{"rendered":"<p>Na manh\u00e3 desta ter\u00e7a-feira (12) tr\u00eas homens procurados pela Justi\u00e7a foram presos com ajuda das c\u00e2meras inteligentes do Sistema de<\/p>\n","protected":false},"author":2,"featured_media":992,"comment_status":"open","ping_status":"open","sticky":false,"template":"","format":"standard","meta":{"colormag_page_container_layout":"default_layout","colormag_page_sidebar_layout":"default_layout","_FSMCFIC_featured_image_caption":"","_FSMCFIC_featured_image_nocaption":"","_FSMCFIC_featured_image_hide":"","footnotes":""},"categories":[3,1],"tags":[],"class_list":["post-991","post","type-post","status-publish","format-standard","has-post-thumbnail","hentry","category-policia","category-ultimas"],"yoast_head":"<!-- This site is optimized with the Yoast SEO plugin v27.1.1 - https:\/\/yoast.com\/product\/yoast-seo-wordpress\/ -->\n<title>Pol\u00edcia prende tr\u00eas foragidos identificados pelas c\u00e2meras da SSP em cerca de duas horas - Brasil not\u00edcias<\/title>\n<meta name=\"robots\" content=\"index, follow, max-snippet:-1, max-image-preview:large, max-video-preview:-1\" \/>\n<link rel=\"canonical\" href=\"https:\/\/brasilnoticias.org\/site\/policia-prende-tres-foragidos-identificados-pelas-cameras-da-ssp-em-cerca-de-duas-horas\/\" \/>\n<meta property=\"og:locale\" content=\"pt_PT\" \/>\n<meta property=\"og:type\" content=\"article\" \/>\n<meta property=\"og:title\" content=\"Pol\u00edcia prende tr\u00eas foragidos identificados pelas c\u00e2meras da SSP em cerca de duas horas - Brasil not\u00edcias\" \/>\n<meta property=\"og:description\" content=\"Na manh\u00e3 desta ter\u00e7a-feira (12) tr\u00eas homens procurados pela Justi\u00e7a foram presos com ajuda das c\u00e2meras inteligentes do Sistema de\" \/>\n<meta property=\"og:url\" content=\"https:\/\/brasilnoticias.org\/site\/policia-prende-tres-foragidos-identificados-pelas-cameras-da-ssp-em-cerca-de-duas-horas\/\" \/>\n<meta property=\"og:site_name\" content=\"Brasil not\u00edcias\" \/>\n<meta property=\"article:published_time\" content=\"2022-07-12T21:29:56+00:00\" \/>\n<meta property=\"og:image\" content=\"https:\/\/brasilnoticias.org\/site\/wp-content\/uploads\/2022\/07\/camaras_widelg.jpeg\" \/>\n\t<meta property=\"og:image:width\" content=\"800\" \/>\n\t<meta property=\"og:image:height\" content=\"450\" \/>\n\t<meta property=\"og:image:type\" content=\"image\/jpeg\" \/>\n<meta name=\"author\" content=\"Reda\u00e7\u00e3o\" \/>\n<meta name=\"twitter:card\" content=\"summary_large_image\" \/>\n<meta name=\"twitter:label1\" content=\"Escrito por\" \/>\n\t<meta name=\"twitter:data1\" content=\"Reda\u00e7\u00e3o\" \/>\n\t<meta name=\"twitter:label2\" content=\"Tempo estimado de leitura\" \/>\n\t<meta name=\"twitter:data2\" content=\"1 minuto\" \/>\n<script type=\"application\/ld+json\" class=\"yoast-schema-graph\">{\"@context\":\"https:\/\/schema.org\",\"@graph\":[{\"@type\":\"Article\",\"@id\":\"https:\/\/brasilnoticias.org\/site\/policia-prende-tres-foragidos-identificados-pelas-cameras-da-ssp-em-cerca-de-duas-horas\/#article\",\"isPartOf\":{\"@id\":\"https:\/\/brasilnoticias.org\/site\/policia-prende-tres-foragidos-identificados-pelas-cameras-da-ssp-em-cerca-de-duas-horas\/\"},\"author\":{\"name\":\"Reda\u00e7\u00e3o\",\"@id\":\"https:\/\/brasilnoticias.org\/site\/#\/schema\/person\/f609fa847b5314f1c8b983342f34c798\"},\"headline\":\"Pol\u00edcia prende tr\u00eas foragidos identificados pelas c\u00e2meras da SSP em cerca de duas horas\",\"datePublished\":\"2022-07-12T21:29:56+00:00\",\"mainEntityOfPage\":{\"@id\":\"https:\/\/brasilnoticias.org\/site\/policia-prende-tres-foragidos-identificados-pelas-cameras-da-ssp-em-cerca-de-duas-horas\/\"},\"wordCount\":226,\"commentCount\":0,\"publisher\":{\"@id\":\"https:\/\/brasilnoticias.org\/site\/#organization\"},\"image\":{\"@id\":\"https:\/\/brasilnoticias.org\/site\/policia-prende-tres-foragidos-identificados-pelas-cameras-da-ssp-em-cerca-de-duas-horas\/#primaryimage\"},\"thumbnailUrl\":\"https:\/\/brasilnoticias.org\/site\/wp-content\/uploads\/2022\/07\/camaras_widelg.jpeg\",\"articleSection\":[\"Pol\u00edcia\",\"\u00daltimas\"],\"inLanguage\":\"pt-PT\",\"potentialAction\":[{\"@type\":\"CommentAction\",\"name\":\"Comment\",\"target\":[\"https:\/\/brasilnoticias.org\/site\/policia-prende-tres-foragidos-identificados-pelas-cameras-da-ssp-em-cerca-de-duas-horas\/#respond\"]}]},{\"@type\":\"WebPage\",\"@id\":\"https:\/\/brasilnoticias.org\/site\/policia-prende-tres-foragidos-identificados-pelas-cameras-da-ssp-em-cerca-de-duas-horas\/\",\"url\":\"https:\/\/brasilnoticias.org\/site\/policia-prende-tres-foragidos-identificados-pelas-cameras-da-ssp-em-cerca-de-duas-horas\/\",\"name\":\"Pol\u00edcia prende tr\u00eas foragidos identificados pelas c\u00e2meras da SSP em cerca de duas horas - Brasil not\u00edcias\",\"isPartOf\":{\"@id\":\"https:\/\/brasilnoticias.org\/site\/#website\"},\"primaryImageOfPage\":{\"@id\":\"https:\/\/brasilnoticias.org\/site\/policia-prende-tres-foragidos-identificados-pelas-cameras-da-ssp-em-cerca-de-duas-horas\/#primaryimage\"},\"image\":{\"@id\":\"https:\/\/brasilnoticias.org\/site\/policia-prende-tres-foragidos-identificados-pelas-cameras-da-ssp-em-cerca-de-duas-horas\/#primaryimage\"},\"thumbnailUrl\":\"https:\/\/brasilnoticias.org\/site\/wp-content\/uploads\/2022\/07\/camaras_widelg.jpeg\",\"datePublished\":\"2022-07-12T21:29:56+00:00\",\"breadcrumb\":{\"@id\":\"https:\/\/brasilnoticias.org\/site\/policia-prende-tres-foragidos-identificados-pelas-cameras-da-ssp-em-cerca-de-duas-horas\/#breadcrumb\"},\"inLanguage\":\"pt-PT\",\"potentialAction\":[{\"@type\":\"ReadAction\",\"target\":[\"https:\/\/brasilnoticias.org\/site\/policia-prende-tres-foragidos-identificados-pelas-cameras-da-ssp-em-cerca-de-duas-horas\/\"]}]},{\"@type\":\"ImageObject\",\"inLanguage\":\"pt-PT\",\"@id\":\"https:\/\/brasilnoticias.org\/site\/policia-prende-tres-foragidos-identificados-pelas-cameras-da-ssp-em-cerca-de-duas-horas\/#primaryimage\",\"url\":\"https:\/\/brasilnoticias.org\/site\/wp-content\/uploads\/2022\/07\/camaras_widelg.jpeg\",\"contentUrl\":\"https:\/\/brasilnoticias.org\/site\/wp-content\/uploads\/2022\/07\/camaras_widelg.jpeg\",\"width\":800,\"height\":450},{\"@type\":\"BreadcrumbList\",\"@id\":\"https:\/\/brasilnoticias.org\/site\/policia-prende-tres-foragidos-identificados-pelas-cameras-da-ssp-em-cerca-de-duas-horas\/#breadcrumb\",\"itemListElement\":[{\"@type\":\"ListItem\",\"position\":1,\"name\":\"In\u00edcio\",\"item\":\"https:\/\/brasilnoticias.org\/site\/\"},{\"@type\":\"ListItem\",\"position\":2,\"name\":\"Pol\u00edcia prende tr\u00eas foragidos identificados pelas c\u00e2meras da SSP em cerca de duas horas\"}]},{\"@type\":\"WebSite\",\"@id\":\"https:\/\/brasilnoticias.org\/site\/#website\",\"url\":\"https:\/\/brasilnoticias.org\/site\/\",\"name\":\"Brasil not\u00edcias\",\"description\":\"Brasil not\u00edcias\",\"publisher\":{\"@id\":\"https:\/\/brasilnoticias.org\/site\/#organization\"},\"potentialAction\":[{\"@type\":\"SearchAction\",\"target\":{\"@type\":\"EntryPoint\",\"urlTemplate\":\"https:\/\/brasilnoticias.org\/site\/?s={search_term_string}\"},\"query-input\":{\"@type\":\"PropertyValueSpecification\",\"valueRequired\":true,\"valueName\":\"search_term_string\"}}],\"inLanguage\":\"pt-PT\"},{\"@type\":\"Organization\",\"@id\":\"https:\/\/brasilnoticias.org\/site\/#organization\",\"name\":\"Brasil not\u00edcias\",\"url\":\"https:\/\/brasilnoticias.org\/site\/\",\"logo\":{\"@type\":\"ImageObject\",\"inLanguage\":\"pt-PT\",\"@id\":\"https:\/\/brasilnoticias.org\/site\/#\/schema\/logo\/image\/\",\"url\":\"https:\/\/brasilnoticias.org\/site\/wp-content\/uploads\/2022\/05\/cropped-brasilnoticias-mini.jpg\",\"contentUrl\":\"https:\/\/brasilnoticias.org\/site\/wp-content\/uploads\/2022\/05\/cropped-brasilnoticias-mini.jpg\",\"width\":314,\"height\":86,\"caption\":\"Brasil not\u00edcias\"},\"image\":{\"@id\":\"https:\/\/brasilnoticias.org\/site\/#\/schema\/logo\/image\/\"}},{\"@type\":\"Person\",\"@id\":\"https:\/\/brasilnoticias.org\/site\/#\/schema\/person\/f609fa847b5314f1c8b983342f34c798\",\"name\":\"Reda\u00e7\u00e3o\",\"image\":{\"@type\":\"ImageObject\",\"inLanguage\":\"pt-PT\",\"@id\":\"https:\/\/brasilnoticias.org\/site\/#\/schema\/person\/image\/\",\"url\":\"https:\/\/secure.gravatar.com\/avatar\/447284c06c1ad8b46465a36de9cd0d8326b73387a22799b8b1ffb1fbcff2ed0c?s=96&d=mm&r=g\",\"contentUrl\":\"https:\/\/secure.gravatar.com\/avatar\/447284c06c1ad8b46465a36de9cd0d8326b73387a22799b8b1ffb1fbcff2ed0c?s=96&d=mm&r=g\",\"caption\":\"Reda\u00e7\u00e3o\"},\"url\":\"https:\/\/brasilnoticias.org\/site\/author\/redacao\/\"}]}<\/script>\n<!-- \/ Yoast SEO plugin. -->","yoast_head_json":{"title":"Pol\u00edcia prende tr\u00eas foragidos identificados pelas c\u00e2meras da SSP em cerca de duas horas - Brasil not\u00edcias","robots":{"index":"index","follow":"follow","max-snippet":"max-snippet:-1","max-image-preview":"max-image-preview:large","max-video-preview":"max-video-preview:-1"},"canonical":"https:\/\/brasilnoticias.org\/site\/policia-prende-tres-foragidos-identificados-pelas-cameras-da-ssp-em-cerca-de-duas-horas\/","og_locale":"pt_PT","og_type":"article","og_title":"Pol\u00edcia prende tr\u00eas foragidos identificados pelas c\u00e2meras da SSP em cerca de duas horas - Brasil not\u00edcias","og_description":"Na manh\u00e3 desta ter\u00e7a-feira (12) tr\u00eas homens procurados pela Justi\u00e7a foram presos com ajuda das c\u00e2meras inteligentes do Sistema de","og_url":"https:\/\/brasilnoticias.org\/site\/policia-prende-tres-foragidos-identificados-pelas-cameras-da-ssp-em-cerca-de-duas-horas\/","og_site_name":"Brasil not\u00edcias","article_published_time":"2022-07-12T21:29:56+00:00","og_image":[{"width":800,"height":450,"url":"https:\/\/brasilnoticias.org\/site\/wp-content\/uploads\/2022\/07\/camaras_widelg.jpeg","type":"image\/jpeg"}],"author":"Reda\u00e7\u00e3o","twitter_card":"summary_large_image","twitter_misc":{"Escrito por":"Reda\u00e7\u00e3o","Tempo estimado de leitura":"1 minuto"},"schema":{"@context":"https:\/\/schema.org","@graph":[{"@type":"Article","@id":"https:\/\/brasilnoticias.org\/site\/policia-prende-tres-foragidos-identificados-pelas-cameras-da-ssp-em-cerca-de-duas-horas\/#article","isPartOf":{"@id":"https:\/\/brasilnoticias.org\/site\/policia-prende-tres-foragidos-identificados-pelas-cameras-da-ssp-em-cerca-de-duas-horas\/"},"author":{"name":"Reda\u00e7\u00e3o","@id":"https:\/\/brasilnoticias.org\/site\/#\/schema\/person\/f609fa847b5314f1c8b983342f34c798"},"headline":"Pol\u00edcia prende tr\u00eas foragidos identificados pelas c\u00e2meras da SSP em cerca de duas horas","datePublished":"2022-07-12T21:29:56+00:00","mainEntityOfPage":{"@id":"https:\/\/brasilnoticias.org\/site\/policia-prende-tres-foragidos-identificados-pelas-cameras-da-ssp-em-cerca-de-duas-horas\/"},"wordCount":226,"commentCount":0,"publisher":{"@id":"https:\/\/brasilnoticias.org\/site\/#organization"},"image":{"@id":"https:\/\/brasilnoticias.org\/site\/policia-prende-tres-foragidos-identificados-pelas-cameras-da-ssp-em-cerca-de-duas-horas\/#primaryimage"},"thumbnailUrl":"https:\/\/brasilnoticias.org\/site\/wp-content\/uploads\/2022\/07\/camaras_widelg.jpeg","articleSection":["Pol\u00edcia","\u00daltimas"],"inLanguage":"pt-PT","potentialAction":[{"@type":"CommentAction","name":"Comment","target":["https:\/\/brasilnoticias.org\/site\/policia-prende-tres-foragidos-identificados-pelas-cameras-da-ssp-em-cerca-de-duas-horas\/#respond"]}]},{"@type":"WebPage","@id":"https:\/\/brasilnoticias.org\/site\/policia-prende-tres-foragidos-identificados-pelas-cameras-da-ssp-em-cerca-de-duas-horas\/","url":"https:\/\/brasilnoticias.org\/site\/policia-prende-tres-foragidos-identificados-pelas-cameras-da-ssp-em-cerca-de-duas-horas\/","name":"Pol\u00edcia prende tr\u00eas foragidos identificados pelas c\u00e2meras da SSP em cerca de duas horas - Brasil not\u00edcias","isPartOf":{"@id":"https:\/\/brasilnoticias.org\/site\/#website"},"primaryImageOfPage":{"@id":"https:\/\/brasilnoticias.org\/site\/policia-prende-tres-foragidos-identificados-pelas-cameras-da-ssp-em-cerca-de-duas-horas\/#primaryimage"},"image":{"@id":"https:\/\/brasilnoticias.org\/site\/policia-prende-tres-foragidos-identificados-pelas-cameras-da-ssp-em-cerca-de-duas-horas\/#primaryimage"},"thumbnailUrl":"https:\/\/brasilnoticias.org\/site\/wp-content\/uploads\/2022\/07\/camaras_widelg.jpeg","datePublished":"2022-07-12T21:29:56+00:00","breadcrumb":{"@id":"https:\/\/brasilnoticias.org\/site\/policia-prende-tres-foragidos-identificados-pelas-cameras-da-ssp-em-cerca-de-duas-horas\/#breadcrumb"},"inLanguage":"pt-PT","potentialAction":[{"@type":"ReadAction","target":["https:\/\/brasilnoticias.org\/site\/policia-prende-tres-foragidos-identificados-pelas-cameras-da-ssp-em-cerca-de-duas-horas\/"]}]},{"@type":"ImageObject","inLanguage":"pt-PT","@id":"https:\/\/brasilnoticias.org\/site\/policia-prende-tres-foragidos-identificados-pelas-cameras-da-ssp-em-cerca-de-duas-horas\/#primaryimage","url":"https:\/\/brasilnoticias.org\/site\/wp-content\/uploads\/2022\/07\/camaras_widelg.jpeg","contentUrl":"https:\/\/brasilnoticias.org\/site\/wp-content\/uploads\/2022\/07\/camaras_widelg.jpeg","width":800,"height":450},{"@type":"BreadcrumbList","@id":"https:\/\/brasilnoticias.org\/site\/policia-prende-tres-foragidos-identificados-pelas-cameras-da-ssp-em-cerca-de-duas-horas\/#breadcrumb","itemListElement":[{"@type":"ListItem","position":1,"name":"In\u00edcio","item":"https:\/\/brasilnoticias.org\/site\/"},{"@type":"ListItem","position":2,"name":"Pol\u00edcia prende tr\u00eas foragidos identificados pelas c\u00e2meras da SSP em cerca de duas horas"}]},{"@type":"WebSite","@id":"https:\/\/brasilnoticias.org\/site\/#website","url":"https:\/\/brasilnoticias.org\/site\/","name":"Brasil not\u00edcias","description":"Brasil not\u00edcias","publisher":{"@id":"https:\/\/brasilnoticias.org\/site\/#organization"},"potentialAction":[{"@type":"SearchAction","target":{"@type":"EntryPoint","urlTemplate":"https:\/\/brasilnoticias.org\/site\/?s={search_term_string}"},"query-input":{"@type":"PropertyValueSpecification","valueRequired":true,"valueName":"search_term_string"}}],"inLanguage":"pt-PT"},{"@type":"Organization","@id":"https:\/\/brasilnoticias.org\/site\/#organization","name":"Brasil not\u00edcias","url":"https:\/\/brasilnoticias.org\/site\/","logo":{"@type":"ImageObject","inLanguage":"pt-PT","@id":"https:\/\/brasilnoticias.org\/site\/#\/schema\/logo\/image\/","url":"https:\/\/brasilnoticias.org\/site\/wp-content\/uploads\/2022\/05\/cropped-brasilnoticias-mini.jpg","contentUrl":"https:\/\/brasilnoticias.org\/site\/wp-content\/uploads\/2022\/05\/cropped-brasilnoticias-mini.jpg","width":314,"height":86,"caption":"Brasil not\u00edcias"},"image":{"@id":"https:\/\/brasilnoticias.org\/site\/#\/schema\/logo\/image\/"}},{"@type":"Person","@id":"https:\/\/brasilnoticias.org\/site\/#\/schema\/person\/f609fa847b5314f1c8b983342f34c798","name":"Reda\u00e7\u00e3o","image":{"@type":"ImageObject","inLanguage":"pt-PT","@id":"https:\/\/brasilnoticias.org\/site\/#\/schema\/person\/image\/","url":"https:\/\/secure.gravatar.com\/avatar\/447284c06c1ad8b46465a36de9cd0d8326b73387a22799b8b1ffb1fbcff2ed0c?s=96&d=mm&r=g","contentUrl":"https:\/\/secure.gravatar.com\/avatar\/447284c06c1ad8b46465a36de9cd0d8326b73387a22799b8b1ffb1fbcff2ed0c?s=96&d=mm&r=g","caption":"Reda\u00e7\u00e3o"},"url":"https:\/\/brasilnoticias.org\/site\/author\/redacao\/"}]}},"_links":{"self":[{"href":"https:\/\/brasilnoticias.org\/site\/wp-json\/wp\/v2\/posts\/991","targetHints":{"allow":["GET"]}}],"collection":[{"href":"https:\/\/brasilnoticias.org\/site\/wp-json\/wp\/v2\/posts"}],"about":[{"href":"https:\/\/brasilnoticias.org\/site\/wp-json\/wp\/v2\/types\/post"}],"author":[{"embeddable":true,"href":"https:\/\/brasilnoticias.org\/site\/wp-json\/wp\/v2\/users\/2"}],"replies":[{"embeddable":true,"href":"https:\/\/brasilnoticias.org\/site\/wp-json\/wp\/v2\/comments?post=991"}],"version-history":[{"count":1,"href":"https:\/\/brasilnoticias.org\/site\/wp-json\/wp\/v2\/posts\/991\/revisions"}],"predecessor-version":[{"id":993,"href":"https:\/\/brasilnoticias.org\/site\/wp-json\/wp\/v2\/posts\/991\/revisions\/993"}],"wp:featuredmedia":[{"embeddable":true,"href":"https:\/\/brasilnoticias.org\/site\/wp-json\/wp\/v2\/media\/992"}],"wp:attachment":[{"href":"https:\/\/brasilnoticias.org\/site\/wp-json\/wp\/v2\/media?parent=991"}],"wp:term":[{"taxonomy":"category","embeddable":true,"href":"https:\/\/brasilnoticias.org\/site\/wp-json\/wp\/v2\/categories?post=991"},{"taxonomy":"post_tag","embeddable":true,"href":"https:\/\/brasilnoticias.org\/site\/wp-json\/wp\/v2\/tags?post=991"}],"curies":[{"name":"wp","href":"https:\/\/api.w.org\/{rel}","templated":true}]}}