{"id":9916,"date":"2023-10-06T11:00:51","date_gmt":"2023-10-06T14:00:51","guid":{"rendered":"https:\/\/brasilnoticias.org\/site\/?p=9916"},"modified":"2023-10-05T18:40:44","modified_gmt":"2023-10-05T21:40:44","slug":"exclusivo-lider-da-katiara-em-valeria-escobar-fugiu-da-bahia-saiba-onde-ele-esta","status":"publish","type":"post","link":"https:\/\/brasilnoticias.org\/site\/exclusivo-lider-da-katiara-em-valeria-escobar-fugiu-da-bahia-saiba-onde-ele-esta\/","title":{"rendered":"EXCLUSIVO: L\u00edder da Katiara em Val\u00e9ria, Escobar fugiu da Bahia; saiba onde ele est\u00e1"},"content":{"rendered":"<p>Traficante \u00e9 alvo principal da pol\u00edcia<\/p>\n<p>Um dos l\u00edderes da Katiara mais procurados na capital baiana, mais precisamente no bairro de Val\u00e9ria, Pablo Ricardo de Assis Gomes Oliveira, mais conhecido como \u2018Escobar\u2019, quebrou o cerco da pol\u00edcia em Salvador e est\u00e1 foragido no estado de Sergipe. As informa\u00e7\u00f5es foram passadas com exclusividade para o Bahia 190.<\/p>\n<p>Escobar estaria em alguma cidade do interior de Sergipe que seria pr\u00f3ximo a Aracaju, capital do estado. Ap\u00f3s a Saiba quem o policial federal morto e outros agentes baleados em Val\u00e9ria, Escobar passou a ser o alvo principal da pol\u00edcia em Val\u00e9ria, j\u00e1 que a opera\u00e7\u00e3o tinha como foco a Katiara.<\/p>\n<p>Escobar foi adicionado ao Baralho do Crime da Secret\u00e1ria de Seguran\u00e7a P\u00fablica da Bahia (SSP-BA) no final do ano passado, ocupando a carta \u2018Quatro de Copas\u2019. Pablo tem mandado de pris\u00e3o pelos crimes de organiza\u00e7\u00e3o criminosa e tr\u00e1fico de drogas. Sua \u00e1rea de atua\u00e7\u00e3o no bairro de Val\u00e9ria \u00e9 nas localidades conhecidas como Penacho Verde, Rua das Palmeiras, Lagoa da Paix\u00e3o e B13.<\/p>\n<p>Ap\u00f3s a a\u00e7\u00e3o em Val\u00e9ria, a pol\u00edcia tamb\u00e9m procura por F\u00e1bio dos Santos Nascimento, o \u2018Fab\u00e3o\u2019, lideran\u00e7a do BDM (Bonde do Maluco), que em junho deste ano foi adicionado no Baralho do Crime na carta \u2018Oito de Espadas\u2019. Fab\u00e3o tamb\u00e9m n\u00e3o est\u00e1 no estado da Bahia.<\/p>\n<p>Foto: Divulga\u00e7\u00e3o\/SSP-BA<br \/>\nBahia 190<\/p>\n","protected":false},"excerpt":{"rendered":"<p>Traficante \u00e9 alvo principal da pol\u00edcia Um dos l\u00edderes da Katiara mais procurados na capital baiana, mais precisamente no bairro<\/p>\n","protected":false},"author":4,"featured_media":9917,"comment_status":"open","ping_status":"open","sticky":false,"template":"","format":"standard","meta":{"colormag_page_container_layout":"default_layout","colormag_page_sidebar_layout":"default_layout","_FSMCFIC_featured_image_caption":"","_FSMCFIC_featured_image_nocaption":"","_FSMCFIC_featured_image_hide":"","footnotes":""},"categories":[3,1],"tags":[],"class_list":["post-9916","post","type-post","status-publish","format-standard","has-post-thumbnail","hentry","category-policia","category-ultimas"],"yoast_head":"<!-- This site is optimized with the Yoast SEO plugin v27.1.1 - https:\/\/yoast.com\/product\/yoast-seo-wordpress\/ -->\n<title>EXCLUSIVO: L\u00edder da Katiara em Val\u00e9ria, Escobar fugiu da Bahia; saiba onde ele est\u00e1 - Brasil not\u00edcias<\/title>\n<meta name=\"robots\" content=\"index, follow, max-snippet:-1, max-image-preview:large, max-video-preview:-1\" \/>\n<link rel=\"canonical\" href=\"https:\/\/brasilnoticias.org\/site\/exclusivo-lider-da-katiara-em-valeria-escobar-fugiu-da-bahia-saiba-onde-ele-esta\/\" \/>\n<meta property=\"og:locale\" content=\"pt_PT\" \/>\n<meta property=\"og:type\" content=\"article\" \/>\n<meta property=\"og:title\" content=\"EXCLUSIVO: L\u00edder da Katiara em Val\u00e9ria, Escobar fugiu da Bahia; saiba onde ele est\u00e1 - Brasil not\u00edcias\" \/>\n<meta property=\"og:description\" content=\"Traficante \u00e9 alvo principal da pol\u00edcia Um dos l\u00edderes da Katiara mais procurados na capital baiana, mais precisamente no bairro\" \/>\n<meta property=\"og:url\" content=\"https:\/\/brasilnoticias.org\/site\/exclusivo-lider-da-katiara-em-valeria-escobar-fugiu-da-bahia-saiba-onde-ele-esta\/\" \/>\n<meta property=\"og:site_name\" content=\"Brasil not\u00edcias\" \/>\n<meta property=\"article:published_time\" content=\"2023-10-06T14:00:51+00:00\" \/>\n<meta property=\"og:image\" content=\"https:\/\/brasilnoticias.org\/site\/wp-content\/uploads\/2023\/10\/53EEABFB-3385-4300-B001-9BF7837FDDF9-scaled.jpeg.webp\" \/>\n\t<meta property=\"og:image:width\" content=\"2560\" \/>\n\t<meta property=\"og:image:height\" content=\"1706\" \/>\n\t<meta property=\"og:image:type\" content=\"image\/webp\" \/>\n<meta name=\"author\" content=\"Reda\u00e7\u00e3o\" \/>\n<meta name=\"twitter:card\" content=\"summary_large_image\" \/>\n<meta name=\"twitter:label1\" content=\"Escrito por\" \/>\n\t<meta name=\"twitter:data1\" content=\"Reda\u00e7\u00e3o\" \/>\n<script type=\"application\/ld+json\" class=\"yoast-schema-graph\">{\"@context\":\"https:\/\/schema.org\",\"@graph\":[{\"@type\":\"Article\",\"@id\":\"https:\/\/brasilnoticias.org\/site\/exclusivo-lider-da-katiara-em-valeria-escobar-fugiu-da-bahia-saiba-onde-ele-esta\/#article\",\"isPartOf\":{\"@id\":\"https:\/\/brasilnoticias.org\/site\/exclusivo-lider-da-katiara-em-valeria-escobar-fugiu-da-bahia-saiba-onde-ele-esta\/\"},\"author\":{\"name\":\"Reda\u00e7\u00e3o\",\"@id\":\"https:\/\/brasilnoticias.org\/site\/#\/schema\/person\/03bbbfe6c7634ad18c26444ea39049fa\"},\"headline\":\"EXCLUSIVO: L\u00edder da Katiara em Val\u00e9ria, Escobar fugiu da Bahia; saiba onde ele est\u00e1\",\"datePublished\":\"2023-10-06T14:00:51+00:00\",\"mainEntityOfPage\":{\"@id\":\"https:\/\/brasilnoticias.org\/site\/exclusivo-lider-da-katiara-em-valeria-escobar-fugiu-da-bahia-saiba-onde-ele-esta\/\"},\"wordCount\":265,\"commentCount\":0,\"publisher\":{\"@id\":\"https:\/\/brasilnoticias.org\/site\/#organization\"},\"image\":{\"@id\":\"https:\/\/brasilnoticias.org\/site\/exclusivo-lider-da-katiara-em-valeria-escobar-fugiu-da-bahia-saiba-onde-ele-esta\/#primaryimage\"},\"thumbnailUrl\":\"https:\/\/brasilnoticias.org\/site\/wp-content\/uploads\/2023\/10\/53EEABFB-3385-4300-B001-9BF7837FDDF9-scaled.jpeg.webp\",\"articleSection\":[\"Pol\u00edcia\",\"\u00daltimas\"],\"inLanguage\":\"pt-PT\",\"potentialAction\":[{\"@type\":\"CommentAction\",\"name\":\"Comment\",\"target\":[\"https:\/\/brasilnoticias.org\/site\/exclusivo-lider-da-katiara-em-valeria-escobar-fugiu-da-bahia-saiba-onde-ele-esta\/#respond\"]}]},{\"@type\":\"WebPage\",\"@id\":\"https:\/\/brasilnoticias.org\/site\/exclusivo-lider-da-katiara-em-valeria-escobar-fugiu-da-bahia-saiba-onde-ele-esta\/\",\"url\":\"https:\/\/brasilnoticias.org\/site\/exclusivo-lider-da-katiara-em-valeria-escobar-fugiu-da-bahia-saiba-onde-ele-esta\/\",\"name\":\"EXCLUSIVO: L\u00edder da Katiara em Val\u00e9ria, Escobar fugiu da Bahia; saiba onde ele est\u00e1 - Brasil not\u00edcias\",\"isPartOf\":{\"@id\":\"https:\/\/brasilnoticias.org\/site\/#website\"},\"primaryImageOfPage\":{\"@id\":\"https:\/\/brasilnoticias.org\/site\/exclusivo-lider-da-katiara-em-valeria-escobar-fugiu-da-bahia-saiba-onde-ele-esta\/#primaryimage\"},\"image\":{\"@id\":\"https:\/\/brasilnoticias.org\/site\/exclusivo-lider-da-katiara-em-valeria-escobar-fugiu-da-bahia-saiba-onde-ele-esta\/#primaryimage\"},\"thumbnailUrl\":\"https:\/\/brasilnoticias.org\/site\/wp-content\/uploads\/2023\/10\/53EEABFB-3385-4300-B001-9BF7837FDDF9-scaled.jpeg.webp\",\"datePublished\":\"2023-10-06T14:00:51+00:00\",\"breadcrumb\":{\"@id\":\"https:\/\/brasilnoticias.org\/site\/exclusivo-lider-da-katiara-em-valeria-escobar-fugiu-da-bahia-saiba-onde-ele-esta\/#breadcrumb\"},\"inLanguage\":\"pt-PT\",\"potentialAction\":[{\"@type\":\"ReadAction\",\"target\":[\"https:\/\/brasilnoticias.org\/site\/exclusivo-lider-da-katiara-em-valeria-escobar-fugiu-da-bahia-saiba-onde-ele-esta\/\"]}]},{\"@type\":\"ImageObject\",\"inLanguage\":\"pt-PT\",\"@id\":\"https:\/\/brasilnoticias.org\/site\/exclusivo-lider-da-katiara-em-valeria-escobar-fugiu-da-bahia-saiba-onde-ele-esta\/#primaryimage\",\"url\":\"https:\/\/brasilnoticias.org\/site\/wp-content\/uploads\/2023\/10\/53EEABFB-3385-4300-B001-9BF7837FDDF9-scaled.jpeg.webp\",\"contentUrl\":\"https:\/\/brasilnoticias.org\/site\/wp-content\/uploads\/2023\/10\/53EEABFB-3385-4300-B001-9BF7837FDDF9-scaled.jpeg.webp\",\"width\":2560,\"height\":1706},{\"@type\":\"BreadcrumbList\",\"@id\":\"https:\/\/brasilnoticias.org\/site\/exclusivo-lider-da-katiara-em-valeria-escobar-fugiu-da-bahia-saiba-onde-ele-esta\/#breadcrumb\",\"itemListElement\":[{\"@type\":\"ListItem\",\"position\":1,\"name\":\"In\u00edcio\",\"item\":\"https:\/\/brasilnoticias.org\/site\/\"},{\"@type\":\"ListItem\",\"position\":2,\"name\":\"EXCLUSIVO: L\u00edder da Katiara em Val\u00e9ria, Escobar fugiu da Bahia; saiba onde ele est\u00e1\"}]},{\"@type\":\"WebSite\",\"@id\":\"https:\/\/brasilnoticias.org\/site\/#website\",\"url\":\"https:\/\/brasilnoticias.org\/site\/\",\"name\":\"Brasil not\u00edcias\",\"description\":\"Brasil not\u00edcias\",\"publisher\":{\"@id\":\"https:\/\/brasilnoticias.org\/site\/#organization\"},\"potentialAction\":[{\"@type\":\"SearchAction\",\"target\":{\"@type\":\"EntryPoint\",\"urlTemplate\":\"https:\/\/brasilnoticias.org\/site\/?s={search_term_string}\"},\"query-input\":{\"@type\":\"PropertyValueSpecification\",\"valueRequired\":true,\"valueName\":\"search_term_string\"}}],\"inLanguage\":\"pt-PT\"},{\"@type\":\"Organization\",\"@id\":\"https:\/\/brasilnoticias.org\/site\/#organization\",\"name\":\"Brasil not\u00edcias\",\"url\":\"https:\/\/brasilnoticias.org\/site\/\",\"logo\":{\"@type\":\"ImageObject\",\"inLanguage\":\"pt-PT\",\"@id\":\"https:\/\/brasilnoticias.org\/site\/#\/schema\/logo\/image\/\",\"url\":\"https:\/\/brasilnoticias.org\/site\/wp-content\/uploads\/2022\/05\/cropped-brasilnoticias-mini.jpg\",\"contentUrl\":\"https:\/\/brasilnoticias.org\/site\/wp-content\/uploads\/2022\/05\/cropped-brasilnoticias-mini.jpg\",\"width\":314,\"height\":86,\"caption\":\"Brasil not\u00edcias\"},\"image\":{\"@id\":\"https:\/\/brasilnoticias.org\/site\/#\/schema\/logo\/image\/\"}},{\"@type\":\"Person\",\"@id\":\"https:\/\/brasilnoticias.org\/site\/#\/schema\/person\/03bbbfe6c7634ad18c26444ea39049fa\",\"name\":\"Reda\u00e7\u00e3o\",\"image\":{\"@type\":\"ImageObject\",\"inLanguage\":\"pt-PT\",\"@id\":\"https:\/\/brasilnoticias.org\/site\/#\/schema\/person\/image\/\",\"url\":\"https:\/\/secure.gravatar.com\/avatar\/9ecaf7327a696cb23ad926fedded5f1f04d7049de9e445375d55b48c001a6e42?s=96&d=mm&r=g\",\"contentUrl\":\"https:\/\/secure.gravatar.com\/avatar\/9ecaf7327a696cb23ad926fedded5f1f04d7049de9e445375d55b48c001a6e42?s=96&d=mm&r=g\",\"caption\":\"Reda\u00e7\u00e3o\"},\"url\":\"https:\/\/brasilnoticias.org\/site\/author\/henrique\/\"}]}<\/script>\n<!-- \/ Yoast SEO plugin. -->","yoast_head_json":{"title":"EXCLUSIVO: L\u00edder da Katiara em Val\u00e9ria, Escobar fugiu da Bahia; saiba onde ele est\u00e1 - Brasil not\u00edcias","robots":{"index":"index","follow":"follow","max-snippet":"max-snippet:-1","max-image-preview":"max-image-preview:large","max-video-preview":"max-video-preview:-1"},"canonical":"https:\/\/brasilnoticias.org\/site\/exclusivo-lider-da-katiara-em-valeria-escobar-fugiu-da-bahia-saiba-onde-ele-esta\/","og_locale":"pt_PT","og_type":"article","og_title":"EXCLUSIVO: L\u00edder da Katiara em Val\u00e9ria, Escobar fugiu da Bahia; saiba onde ele est\u00e1 - Brasil not\u00edcias","og_description":"Traficante \u00e9 alvo principal da pol\u00edcia Um dos l\u00edderes da Katiara mais procurados na capital baiana, mais precisamente no bairro","og_url":"https:\/\/brasilnoticias.org\/site\/exclusivo-lider-da-katiara-em-valeria-escobar-fugiu-da-bahia-saiba-onde-ele-esta\/","og_site_name":"Brasil not\u00edcias","article_published_time":"2023-10-06T14:00:51+00:00","og_image":[{"width":2560,"height":1706,"url":"https:\/\/brasilnoticias.org\/site\/wp-content\/uploads\/2023\/10\/53EEABFB-3385-4300-B001-9BF7837FDDF9-scaled.jpeg.webp","type":"image\/webp"}],"author":"Reda\u00e7\u00e3o","twitter_card":"summary_large_image","twitter_misc":{"Escrito por":"Reda\u00e7\u00e3o"},"schema":{"@context":"https:\/\/schema.org","@graph":[{"@type":"Article","@id":"https:\/\/brasilnoticias.org\/site\/exclusivo-lider-da-katiara-em-valeria-escobar-fugiu-da-bahia-saiba-onde-ele-esta\/#article","isPartOf":{"@id":"https:\/\/brasilnoticias.org\/site\/exclusivo-lider-da-katiara-em-valeria-escobar-fugiu-da-bahia-saiba-onde-ele-esta\/"},"author":{"name":"Reda\u00e7\u00e3o","@id":"https:\/\/brasilnoticias.org\/site\/#\/schema\/person\/03bbbfe6c7634ad18c26444ea39049fa"},"headline":"EXCLUSIVO: L\u00edder da Katiara em Val\u00e9ria, Escobar fugiu da Bahia; saiba onde ele est\u00e1","datePublished":"2023-10-06T14:00:51+00:00","mainEntityOfPage":{"@id":"https:\/\/brasilnoticias.org\/site\/exclusivo-lider-da-katiara-em-valeria-escobar-fugiu-da-bahia-saiba-onde-ele-esta\/"},"wordCount":265,"commentCount":0,"publisher":{"@id":"https:\/\/brasilnoticias.org\/site\/#organization"},"image":{"@id":"https:\/\/brasilnoticias.org\/site\/exclusivo-lider-da-katiara-em-valeria-escobar-fugiu-da-bahia-saiba-onde-ele-esta\/#primaryimage"},"thumbnailUrl":"https:\/\/brasilnoticias.org\/site\/wp-content\/uploads\/2023\/10\/53EEABFB-3385-4300-B001-9BF7837FDDF9-scaled.jpeg.webp","articleSection":["Pol\u00edcia","\u00daltimas"],"inLanguage":"pt-PT","potentialAction":[{"@type":"CommentAction","name":"Comment","target":["https:\/\/brasilnoticias.org\/site\/exclusivo-lider-da-katiara-em-valeria-escobar-fugiu-da-bahia-saiba-onde-ele-esta\/#respond"]}]},{"@type":"WebPage","@id":"https:\/\/brasilnoticias.org\/site\/exclusivo-lider-da-katiara-em-valeria-escobar-fugiu-da-bahia-saiba-onde-ele-esta\/","url":"https:\/\/brasilnoticias.org\/site\/exclusivo-lider-da-katiara-em-valeria-escobar-fugiu-da-bahia-saiba-onde-ele-esta\/","name":"EXCLUSIVO: L\u00edder da Katiara em Val\u00e9ria, Escobar fugiu da Bahia; saiba onde ele est\u00e1 - Brasil not\u00edcias","isPartOf":{"@id":"https:\/\/brasilnoticias.org\/site\/#website"},"primaryImageOfPage":{"@id":"https:\/\/brasilnoticias.org\/site\/exclusivo-lider-da-katiara-em-valeria-escobar-fugiu-da-bahia-saiba-onde-ele-esta\/#primaryimage"},"image":{"@id":"https:\/\/brasilnoticias.org\/site\/exclusivo-lider-da-katiara-em-valeria-escobar-fugiu-da-bahia-saiba-onde-ele-esta\/#primaryimage"},"thumbnailUrl":"https:\/\/brasilnoticias.org\/site\/wp-content\/uploads\/2023\/10\/53EEABFB-3385-4300-B001-9BF7837FDDF9-scaled.jpeg.webp","datePublished":"2023-10-06T14:00:51+00:00","breadcrumb":{"@id":"https:\/\/brasilnoticias.org\/site\/exclusivo-lider-da-katiara-em-valeria-escobar-fugiu-da-bahia-saiba-onde-ele-esta\/#breadcrumb"},"inLanguage":"pt-PT","potentialAction":[{"@type":"ReadAction","target":["https:\/\/brasilnoticias.org\/site\/exclusivo-lider-da-katiara-em-valeria-escobar-fugiu-da-bahia-saiba-onde-ele-esta\/"]}]},{"@type":"ImageObject","inLanguage":"pt-PT","@id":"https:\/\/brasilnoticias.org\/site\/exclusivo-lider-da-katiara-em-valeria-escobar-fugiu-da-bahia-saiba-onde-ele-esta\/#primaryimage","url":"https:\/\/brasilnoticias.org\/site\/wp-content\/uploads\/2023\/10\/53EEABFB-3385-4300-B001-9BF7837FDDF9-scaled.jpeg.webp","contentUrl":"https:\/\/brasilnoticias.org\/site\/wp-content\/uploads\/2023\/10\/53EEABFB-3385-4300-B001-9BF7837FDDF9-scaled.jpeg.webp","width":2560,"height":1706},{"@type":"BreadcrumbList","@id":"https:\/\/brasilnoticias.org\/site\/exclusivo-lider-da-katiara-em-valeria-escobar-fugiu-da-bahia-saiba-onde-ele-esta\/#breadcrumb","itemListElement":[{"@type":"ListItem","position":1,"name":"In\u00edcio","item":"https:\/\/brasilnoticias.org\/site\/"},{"@type":"ListItem","position":2,"name":"EXCLUSIVO: L\u00edder da Katiara em Val\u00e9ria, Escobar fugiu da Bahia; saiba onde ele est\u00e1"}]},{"@type":"WebSite","@id":"https:\/\/brasilnoticias.org\/site\/#website","url":"https:\/\/brasilnoticias.org\/site\/","name":"Brasil not\u00edcias","description":"Brasil not\u00edcias","publisher":{"@id":"https:\/\/brasilnoticias.org\/site\/#organization"},"potentialAction":[{"@type":"SearchAction","target":{"@type":"EntryPoint","urlTemplate":"https:\/\/brasilnoticias.org\/site\/?s={search_term_string}"},"query-input":{"@type":"PropertyValueSpecification","valueRequired":true,"valueName":"search_term_string"}}],"inLanguage":"pt-PT"},{"@type":"Organization","@id":"https:\/\/brasilnoticias.org\/site\/#organization","name":"Brasil not\u00edcias","url":"https:\/\/brasilnoticias.org\/site\/","logo":{"@type":"ImageObject","inLanguage":"pt-PT","@id":"https:\/\/brasilnoticias.org\/site\/#\/schema\/logo\/image\/","url":"https:\/\/brasilnoticias.org\/site\/wp-content\/uploads\/2022\/05\/cropped-brasilnoticias-mini.jpg","contentUrl":"https:\/\/brasilnoticias.org\/site\/wp-content\/uploads\/2022\/05\/cropped-brasilnoticias-mini.jpg","width":314,"height":86,"caption":"Brasil not\u00edcias"},"image":{"@id":"https:\/\/brasilnoticias.org\/site\/#\/schema\/logo\/image\/"}},{"@type":"Person","@id":"https:\/\/brasilnoticias.org\/site\/#\/schema\/person\/03bbbfe6c7634ad18c26444ea39049fa","name":"Reda\u00e7\u00e3o","image":{"@type":"ImageObject","inLanguage":"pt-PT","@id":"https:\/\/brasilnoticias.org\/site\/#\/schema\/person\/image\/","url":"https:\/\/secure.gravatar.com\/avatar\/9ecaf7327a696cb23ad926fedded5f1f04d7049de9e445375d55b48c001a6e42?s=96&d=mm&r=g","contentUrl":"https:\/\/secure.gravatar.com\/avatar\/9ecaf7327a696cb23ad926fedded5f1f04d7049de9e445375d55b48c001a6e42?s=96&d=mm&r=g","caption":"Reda\u00e7\u00e3o"},"url":"https:\/\/brasilnoticias.org\/site\/author\/henrique\/"}]}},"_links":{"self":[{"href":"https:\/\/brasilnoticias.org\/site\/wp-json\/wp\/v2\/posts\/9916","targetHints":{"allow":["GET"]}}],"collection":[{"href":"https:\/\/brasilnoticias.org\/site\/wp-json\/wp\/v2\/posts"}],"about":[{"href":"https:\/\/brasilnoticias.org\/site\/wp-json\/wp\/v2\/types\/post"}],"author":[{"embeddable":true,"href":"https:\/\/brasilnoticias.org\/site\/wp-json\/wp\/v2\/users\/4"}],"replies":[{"embeddable":true,"href":"https:\/\/brasilnoticias.org\/site\/wp-json\/wp\/v2\/comments?post=9916"}],"version-history":[{"count":1,"href":"https:\/\/brasilnoticias.org\/site\/wp-json\/wp\/v2\/posts\/9916\/revisions"}],"predecessor-version":[{"id":9924,"href":"https:\/\/brasilnoticias.org\/site\/wp-json\/wp\/v2\/posts\/9916\/revisions\/9924"}],"wp:featuredmedia":[{"embeddable":true,"href":"https:\/\/brasilnoticias.org\/site\/wp-json\/wp\/v2\/media\/9917"}],"wp:attachment":[{"href":"https:\/\/brasilnoticias.org\/site\/wp-json\/wp\/v2\/media?parent=9916"}],"wp:term":[{"taxonomy":"category","embeddable":true,"href":"https:\/\/brasilnoticias.org\/site\/wp-json\/wp\/v2\/categories?post=9916"},{"taxonomy":"post_tag","embeddable":true,"href":"https:\/\/brasilnoticias.org\/site\/wp-json\/wp\/v2\/tags?post=9916"}],"curies":[{"name":"wp","href":"https:\/\/api.w.org\/{rel}","templated":true}]}}