{"id":9926,"date":"2023-10-06T19:31:44","date_gmt":"2023-10-06T22:31:44","guid":{"rendered":"https:\/\/brasilnoticias.org\/site\/?p=9926"},"modified":"2023-10-06T19:31:44","modified_gmt":"2023-10-06T22:31:44","slug":"salvador-vai-sediar-forum-sobre-politicas-urbanas-sustentaveis-em-novembro","status":"publish","type":"post","link":"https:\/\/brasilnoticias.org\/site\/salvador-vai-sediar-forum-sobre-politicas-urbanas-sustentaveis-em-novembro\/","title":{"rendered":"Salvador vai sediar f\u00f3rum sobre pol\u00edticas urbanas sustent\u00e1veis em novembro"},"content":{"rendered":"<p>1\u00ba F\u00f3rum Baiano de Direito das Cidades ser\u00e1 no dia 30 de novembro<\/p>\n<p>Salvador vai sediar o 1\u00ba F\u00f3rum Baiano de Direito das Cidades, no dia 30 de novembro (quinta-feira), na Pupileira, no bairro de Nazar\u00e9. O evento \u00e9 uma realiza\u00e7\u00e3o da Associa\u00e7\u00e3o Comercial da Bahia, em parceria com o Instituto Baiano de Direito Imobili\u00e1rio (IBID). O objetivo do f\u00f3rum \u00e9 formatar uma perspectiva sobre pol\u00edticas urbanas sustent\u00e1veis com empres\u00e1rios, advogados, gestores, estudantes, agentes pol\u00edticos, membros do Judici\u00e1rio, jornalistas e outros interessados.<\/p>\n<p>De acordo com a organiza\u00e7\u00e3o, o evento visa promover discuss\u00f5es relacionadas aos espa\u00e7os urbanos, reunindo profissionais do setor p\u00fablico e privado. Ainda segundo a produ\u00e7\u00e3o do f\u00f3rum, Salvador foi escolhida como primeira sede pela relev\u00e2ncia no cen\u00e1rio jur\u00eddico e urbano da Bahia, al\u00e9m da import\u00e2ncia de debater as desigualdades da cidade com rela\u00e7\u00e3o \u00e0 \u00e1rea de Direito.<\/p>\n<p>SERVI\u00c7O \u2013 1\u00ba F\u00f3rum Baiano de Direito das Cidades<\/p>\n<p>O qu\u00ea: f\u00f3rum de discuss\u00e3o de espa\u00e7os urbanos<br \/>\nQuando: 30 de novembro de 2023<br \/>\nOnde: Pupileira (Nazar\u00e9) \u2013 Salvador<br \/>\nComo se inscrever: site do f\u00f3rum<\/p>\n<p>Aratu On<\/p>\n","protected":false},"excerpt":{"rendered":"<p>1\u00ba F\u00f3rum Baiano de Direito das Cidades ser\u00e1 no dia 30 de novembro Salvador vai sediar o 1\u00ba F\u00f3rum Baiano<\/p>\n","protected":false},"author":4,"featured_media":9927,"comment_status":"open","ping_status":"open","sticky":false,"template":"","format":"standard","meta":{"colormag_page_container_layout":"default_layout","colormag_page_sidebar_layout":"default_layout","_FSMCFIC_featured_image_caption":"","_FSMCFIC_featured_image_nocaption":"","_FSMCFIC_featured_image_hide":"","footnotes":""},"categories":[2,1],"tags":[],"class_list":["post-9926","post","type-post","status-publish","format-standard","has-post-thumbnail","hentry","category-noticias","category-ultimas"],"yoast_head":"<!-- This site is optimized with the Yoast SEO plugin v27.1.1 - https:\/\/yoast.com\/product\/yoast-seo-wordpress\/ -->\n<title>Salvador vai sediar f\u00f3rum sobre pol\u00edticas urbanas sustent\u00e1veis em novembro - Brasil not\u00edcias<\/title>\n<meta name=\"robots\" content=\"index, follow, max-snippet:-1, max-image-preview:large, max-video-preview:-1\" \/>\n<link rel=\"canonical\" href=\"https:\/\/brasilnoticias.org\/site\/salvador-vai-sediar-forum-sobre-politicas-urbanas-sustentaveis-em-novembro\/\" \/>\n<meta property=\"og:locale\" content=\"pt_PT\" \/>\n<meta property=\"og:type\" content=\"article\" \/>\n<meta property=\"og:title\" content=\"Salvador vai sediar f\u00f3rum sobre pol\u00edticas urbanas sustent\u00e1veis em novembro - Brasil not\u00edcias\" \/>\n<meta property=\"og:description\" content=\"1\u00ba F\u00f3rum Baiano de Direito das Cidades ser\u00e1 no dia 30 de novembro Salvador vai sediar o 1\u00ba F\u00f3rum Baiano\" \/>\n<meta property=\"og:url\" content=\"https:\/\/brasilnoticias.org\/site\/salvador-vai-sediar-forum-sobre-politicas-urbanas-sustentaveis-em-novembro\/\" \/>\n<meta property=\"og:site_name\" content=\"Brasil not\u00edcias\" \/>\n<meta property=\"article:published_time\" content=\"2023-10-06T22:31:44+00:00\" \/>\n<meta property=\"og:image\" content=\"https:\/\/brasilnoticias.org\/site\/wp-content\/uploads\/2023\/10\/transalvador-740x470-1.jpg\" \/>\n\t<meta property=\"og:image:width\" content=\"740\" \/>\n\t<meta property=\"og:image:height\" content=\"470\" \/>\n\t<meta property=\"og:image:type\" content=\"image\/jpeg\" \/>\n<meta name=\"author\" content=\"Reda\u00e7\u00e3o\" \/>\n<meta name=\"twitter:card\" content=\"summary_large_image\" \/>\n<meta name=\"twitter:label1\" content=\"Escrito por\" \/>\n\t<meta name=\"twitter:data1\" content=\"Reda\u00e7\u00e3o\" \/>\n<script type=\"application\/ld+json\" class=\"yoast-schema-graph\">{\"@context\":\"https:\/\/schema.org\",\"@graph\":[{\"@type\":\"Article\",\"@id\":\"https:\/\/brasilnoticias.org\/site\/salvador-vai-sediar-forum-sobre-politicas-urbanas-sustentaveis-em-novembro\/#article\",\"isPartOf\":{\"@id\":\"https:\/\/brasilnoticias.org\/site\/salvador-vai-sediar-forum-sobre-politicas-urbanas-sustentaveis-em-novembro\/\"},\"author\":{\"name\":\"Reda\u00e7\u00e3o\",\"@id\":\"https:\/\/brasilnoticias.org\/site\/#\/schema\/person\/03bbbfe6c7634ad18c26444ea39049fa\"},\"headline\":\"Salvador vai sediar f\u00f3rum sobre pol\u00edticas urbanas sustent\u00e1veis em novembro\",\"datePublished\":\"2023-10-06T22:31:44+00:00\",\"mainEntityOfPage\":{\"@id\":\"https:\/\/brasilnoticias.org\/site\/salvador-vai-sediar-forum-sobre-politicas-urbanas-sustentaveis-em-novembro\/\"},\"wordCount\":205,\"commentCount\":0,\"publisher\":{\"@id\":\"https:\/\/brasilnoticias.org\/site\/#organization\"},\"image\":{\"@id\":\"https:\/\/brasilnoticias.org\/site\/salvador-vai-sediar-forum-sobre-politicas-urbanas-sustentaveis-em-novembro\/#primaryimage\"},\"thumbnailUrl\":\"https:\/\/brasilnoticias.org\/site\/wp-content\/uploads\/2023\/10\/transalvador-740x470-1.jpg\",\"articleSection\":[\"Not\u00edcias\",\"\u00daltimas\"],\"inLanguage\":\"pt-PT\",\"potentialAction\":[{\"@type\":\"CommentAction\",\"name\":\"Comment\",\"target\":[\"https:\/\/brasilnoticias.org\/site\/salvador-vai-sediar-forum-sobre-politicas-urbanas-sustentaveis-em-novembro\/#respond\"]}]},{\"@type\":\"WebPage\",\"@id\":\"https:\/\/brasilnoticias.org\/site\/salvador-vai-sediar-forum-sobre-politicas-urbanas-sustentaveis-em-novembro\/\",\"url\":\"https:\/\/brasilnoticias.org\/site\/salvador-vai-sediar-forum-sobre-politicas-urbanas-sustentaveis-em-novembro\/\",\"name\":\"Salvador vai sediar f\u00f3rum sobre pol\u00edticas urbanas sustent\u00e1veis em novembro - Brasil not\u00edcias\",\"isPartOf\":{\"@id\":\"https:\/\/brasilnoticias.org\/site\/#website\"},\"primaryImageOfPage\":{\"@id\":\"https:\/\/brasilnoticias.org\/site\/salvador-vai-sediar-forum-sobre-politicas-urbanas-sustentaveis-em-novembro\/#primaryimage\"},\"image\":{\"@id\":\"https:\/\/brasilnoticias.org\/site\/salvador-vai-sediar-forum-sobre-politicas-urbanas-sustentaveis-em-novembro\/#primaryimage\"},\"thumbnailUrl\":\"https:\/\/brasilnoticias.org\/site\/wp-content\/uploads\/2023\/10\/transalvador-740x470-1.jpg\",\"datePublished\":\"2023-10-06T22:31:44+00:00\",\"breadcrumb\":{\"@id\":\"https:\/\/brasilnoticias.org\/site\/salvador-vai-sediar-forum-sobre-politicas-urbanas-sustentaveis-em-novembro\/#breadcrumb\"},\"inLanguage\":\"pt-PT\",\"potentialAction\":[{\"@type\":\"ReadAction\",\"target\":[\"https:\/\/brasilnoticias.org\/site\/salvador-vai-sediar-forum-sobre-politicas-urbanas-sustentaveis-em-novembro\/\"]}]},{\"@type\":\"ImageObject\",\"inLanguage\":\"pt-PT\",\"@id\":\"https:\/\/brasilnoticias.org\/site\/salvador-vai-sediar-forum-sobre-politicas-urbanas-sustentaveis-em-novembro\/#primaryimage\",\"url\":\"https:\/\/brasilnoticias.org\/site\/wp-content\/uploads\/2023\/10\/transalvador-740x470-1.jpg\",\"contentUrl\":\"https:\/\/brasilnoticias.org\/site\/wp-content\/uploads\/2023\/10\/transalvador-740x470-1.jpg\",\"width\":740,\"height\":470},{\"@type\":\"BreadcrumbList\",\"@id\":\"https:\/\/brasilnoticias.org\/site\/salvador-vai-sediar-forum-sobre-politicas-urbanas-sustentaveis-em-novembro\/#breadcrumb\",\"itemListElement\":[{\"@type\":\"ListItem\",\"position\":1,\"name\":\"In\u00edcio\",\"item\":\"https:\/\/brasilnoticias.org\/site\/\"},{\"@type\":\"ListItem\",\"position\":2,\"name\":\"Salvador vai sediar f\u00f3rum sobre pol\u00edticas urbanas sustent\u00e1veis em novembro\"}]},{\"@type\":\"WebSite\",\"@id\":\"https:\/\/brasilnoticias.org\/site\/#website\",\"url\":\"https:\/\/brasilnoticias.org\/site\/\",\"name\":\"Brasil not\u00edcias\",\"description\":\"Brasil not\u00edcias\",\"publisher\":{\"@id\":\"https:\/\/brasilnoticias.org\/site\/#organization\"},\"potentialAction\":[{\"@type\":\"SearchAction\",\"target\":{\"@type\":\"EntryPoint\",\"urlTemplate\":\"https:\/\/brasilnoticias.org\/site\/?s={search_term_string}\"},\"query-input\":{\"@type\":\"PropertyValueSpecification\",\"valueRequired\":true,\"valueName\":\"search_term_string\"}}],\"inLanguage\":\"pt-PT\"},{\"@type\":\"Organization\",\"@id\":\"https:\/\/brasilnoticias.org\/site\/#organization\",\"name\":\"Brasil not\u00edcias\",\"url\":\"https:\/\/brasilnoticias.org\/site\/\",\"logo\":{\"@type\":\"ImageObject\",\"inLanguage\":\"pt-PT\",\"@id\":\"https:\/\/brasilnoticias.org\/site\/#\/schema\/logo\/image\/\",\"url\":\"https:\/\/brasilnoticias.org\/site\/wp-content\/uploads\/2022\/05\/cropped-brasilnoticias-mini.jpg\",\"contentUrl\":\"https:\/\/brasilnoticias.org\/site\/wp-content\/uploads\/2022\/05\/cropped-brasilnoticias-mini.jpg\",\"width\":314,\"height\":86,\"caption\":\"Brasil not\u00edcias\"},\"image\":{\"@id\":\"https:\/\/brasilnoticias.org\/site\/#\/schema\/logo\/image\/\"}},{\"@type\":\"Person\",\"@id\":\"https:\/\/brasilnoticias.org\/site\/#\/schema\/person\/03bbbfe6c7634ad18c26444ea39049fa\",\"name\":\"Reda\u00e7\u00e3o\",\"image\":{\"@type\":\"ImageObject\",\"inLanguage\":\"pt-PT\",\"@id\":\"https:\/\/brasilnoticias.org\/site\/#\/schema\/person\/image\/\",\"url\":\"https:\/\/secure.gravatar.com\/avatar\/9ecaf7327a696cb23ad926fedded5f1f04d7049de9e445375d55b48c001a6e42?s=96&d=mm&r=g\",\"contentUrl\":\"https:\/\/secure.gravatar.com\/avatar\/9ecaf7327a696cb23ad926fedded5f1f04d7049de9e445375d55b48c001a6e42?s=96&d=mm&r=g\",\"caption\":\"Reda\u00e7\u00e3o\"},\"url\":\"https:\/\/brasilnoticias.org\/site\/author\/henrique\/\"}]}<\/script>\n<!-- \/ Yoast SEO plugin. -->","yoast_head_json":{"title":"Salvador vai sediar f\u00f3rum sobre pol\u00edticas urbanas sustent\u00e1veis em novembro - Brasil not\u00edcias","robots":{"index":"index","follow":"follow","max-snippet":"max-snippet:-1","max-image-preview":"max-image-preview:large","max-video-preview":"max-video-preview:-1"},"canonical":"https:\/\/brasilnoticias.org\/site\/salvador-vai-sediar-forum-sobre-politicas-urbanas-sustentaveis-em-novembro\/","og_locale":"pt_PT","og_type":"article","og_title":"Salvador vai sediar f\u00f3rum sobre pol\u00edticas urbanas sustent\u00e1veis em novembro - Brasil not\u00edcias","og_description":"1\u00ba F\u00f3rum Baiano de Direito das Cidades ser\u00e1 no dia 30 de novembro Salvador vai sediar o 1\u00ba F\u00f3rum Baiano","og_url":"https:\/\/brasilnoticias.org\/site\/salvador-vai-sediar-forum-sobre-politicas-urbanas-sustentaveis-em-novembro\/","og_site_name":"Brasil not\u00edcias","article_published_time":"2023-10-06T22:31:44+00:00","og_image":[{"width":740,"height":470,"url":"https:\/\/brasilnoticias.org\/site\/wp-content\/uploads\/2023\/10\/transalvador-740x470-1.jpg","type":"image\/jpeg"}],"author":"Reda\u00e7\u00e3o","twitter_card":"summary_large_image","twitter_misc":{"Escrito por":"Reda\u00e7\u00e3o"},"schema":{"@context":"https:\/\/schema.org","@graph":[{"@type":"Article","@id":"https:\/\/brasilnoticias.org\/site\/salvador-vai-sediar-forum-sobre-politicas-urbanas-sustentaveis-em-novembro\/#article","isPartOf":{"@id":"https:\/\/brasilnoticias.org\/site\/salvador-vai-sediar-forum-sobre-politicas-urbanas-sustentaveis-em-novembro\/"},"author":{"name":"Reda\u00e7\u00e3o","@id":"https:\/\/brasilnoticias.org\/site\/#\/schema\/person\/03bbbfe6c7634ad18c26444ea39049fa"},"headline":"Salvador vai sediar f\u00f3rum sobre pol\u00edticas urbanas sustent\u00e1veis em novembro","datePublished":"2023-10-06T22:31:44+00:00","mainEntityOfPage":{"@id":"https:\/\/brasilnoticias.org\/site\/salvador-vai-sediar-forum-sobre-politicas-urbanas-sustentaveis-em-novembro\/"},"wordCount":205,"commentCount":0,"publisher":{"@id":"https:\/\/brasilnoticias.org\/site\/#organization"},"image":{"@id":"https:\/\/brasilnoticias.org\/site\/salvador-vai-sediar-forum-sobre-politicas-urbanas-sustentaveis-em-novembro\/#primaryimage"},"thumbnailUrl":"https:\/\/brasilnoticias.org\/site\/wp-content\/uploads\/2023\/10\/transalvador-740x470-1.jpg","articleSection":["Not\u00edcias","\u00daltimas"],"inLanguage":"pt-PT","potentialAction":[{"@type":"CommentAction","name":"Comment","target":["https:\/\/brasilnoticias.org\/site\/salvador-vai-sediar-forum-sobre-politicas-urbanas-sustentaveis-em-novembro\/#respond"]}]},{"@type":"WebPage","@id":"https:\/\/brasilnoticias.org\/site\/salvador-vai-sediar-forum-sobre-politicas-urbanas-sustentaveis-em-novembro\/","url":"https:\/\/brasilnoticias.org\/site\/salvador-vai-sediar-forum-sobre-politicas-urbanas-sustentaveis-em-novembro\/","name":"Salvador vai sediar f\u00f3rum sobre pol\u00edticas urbanas sustent\u00e1veis em novembro - Brasil not\u00edcias","isPartOf":{"@id":"https:\/\/brasilnoticias.org\/site\/#website"},"primaryImageOfPage":{"@id":"https:\/\/brasilnoticias.org\/site\/salvador-vai-sediar-forum-sobre-politicas-urbanas-sustentaveis-em-novembro\/#primaryimage"},"image":{"@id":"https:\/\/brasilnoticias.org\/site\/salvador-vai-sediar-forum-sobre-politicas-urbanas-sustentaveis-em-novembro\/#primaryimage"},"thumbnailUrl":"https:\/\/brasilnoticias.org\/site\/wp-content\/uploads\/2023\/10\/transalvador-740x470-1.jpg","datePublished":"2023-10-06T22:31:44+00:00","breadcrumb":{"@id":"https:\/\/brasilnoticias.org\/site\/salvador-vai-sediar-forum-sobre-politicas-urbanas-sustentaveis-em-novembro\/#breadcrumb"},"inLanguage":"pt-PT","potentialAction":[{"@type":"ReadAction","target":["https:\/\/brasilnoticias.org\/site\/salvador-vai-sediar-forum-sobre-politicas-urbanas-sustentaveis-em-novembro\/"]}]},{"@type":"ImageObject","inLanguage":"pt-PT","@id":"https:\/\/brasilnoticias.org\/site\/salvador-vai-sediar-forum-sobre-politicas-urbanas-sustentaveis-em-novembro\/#primaryimage","url":"https:\/\/brasilnoticias.org\/site\/wp-content\/uploads\/2023\/10\/transalvador-740x470-1.jpg","contentUrl":"https:\/\/brasilnoticias.org\/site\/wp-content\/uploads\/2023\/10\/transalvador-740x470-1.jpg","width":740,"height":470},{"@type":"BreadcrumbList","@id":"https:\/\/brasilnoticias.org\/site\/salvador-vai-sediar-forum-sobre-politicas-urbanas-sustentaveis-em-novembro\/#breadcrumb","itemListElement":[{"@type":"ListItem","position":1,"name":"In\u00edcio","item":"https:\/\/brasilnoticias.org\/site\/"},{"@type":"ListItem","position":2,"name":"Salvador vai sediar f\u00f3rum sobre pol\u00edticas urbanas sustent\u00e1veis em novembro"}]},{"@type":"WebSite","@id":"https:\/\/brasilnoticias.org\/site\/#website","url":"https:\/\/brasilnoticias.org\/site\/","name":"Brasil not\u00edcias","description":"Brasil not\u00edcias","publisher":{"@id":"https:\/\/brasilnoticias.org\/site\/#organization"},"potentialAction":[{"@type":"SearchAction","target":{"@type":"EntryPoint","urlTemplate":"https:\/\/brasilnoticias.org\/site\/?s={search_term_string}"},"query-input":{"@type":"PropertyValueSpecification","valueRequired":true,"valueName":"search_term_string"}}],"inLanguage":"pt-PT"},{"@type":"Organization","@id":"https:\/\/brasilnoticias.org\/site\/#organization","name":"Brasil not\u00edcias","url":"https:\/\/brasilnoticias.org\/site\/","logo":{"@type":"ImageObject","inLanguage":"pt-PT","@id":"https:\/\/brasilnoticias.org\/site\/#\/schema\/logo\/image\/","url":"https:\/\/brasilnoticias.org\/site\/wp-content\/uploads\/2022\/05\/cropped-brasilnoticias-mini.jpg","contentUrl":"https:\/\/brasilnoticias.org\/site\/wp-content\/uploads\/2022\/05\/cropped-brasilnoticias-mini.jpg","width":314,"height":86,"caption":"Brasil not\u00edcias"},"image":{"@id":"https:\/\/brasilnoticias.org\/site\/#\/schema\/logo\/image\/"}},{"@type":"Person","@id":"https:\/\/brasilnoticias.org\/site\/#\/schema\/person\/03bbbfe6c7634ad18c26444ea39049fa","name":"Reda\u00e7\u00e3o","image":{"@type":"ImageObject","inLanguage":"pt-PT","@id":"https:\/\/brasilnoticias.org\/site\/#\/schema\/person\/image\/","url":"https:\/\/secure.gravatar.com\/avatar\/9ecaf7327a696cb23ad926fedded5f1f04d7049de9e445375d55b48c001a6e42?s=96&d=mm&r=g","contentUrl":"https:\/\/secure.gravatar.com\/avatar\/9ecaf7327a696cb23ad926fedded5f1f04d7049de9e445375d55b48c001a6e42?s=96&d=mm&r=g","caption":"Reda\u00e7\u00e3o"},"url":"https:\/\/brasilnoticias.org\/site\/author\/henrique\/"}]}},"_links":{"self":[{"href":"https:\/\/brasilnoticias.org\/site\/wp-json\/wp\/v2\/posts\/9926","targetHints":{"allow":["GET"]}}],"collection":[{"href":"https:\/\/brasilnoticias.org\/site\/wp-json\/wp\/v2\/posts"}],"about":[{"href":"https:\/\/brasilnoticias.org\/site\/wp-json\/wp\/v2\/types\/post"}],"author":[{"embeddable":true,"href":"https:\/\/brasilnoticias.org\/site\/wp-json\/wp\/v2\/users\/4"}],"replies":[{"embeddable":true,"href":"https:\/\/brasilnoticias.org\/site\/wp-json\/wp\/v2\/comments?post=9926"}],"version-history":[{"count":1,"href":"https:\/\/brasilnoticias.org\/site\/wp-json\/wp\/v2\/posts\/9926\/revisions"}],"predecessor-version":[{"id":9928,"href":"https:\/\/brasilnoticias.org\/site\/wp-json\/wp\/v2\/posts\/9926\/revisions\/9928"}],"wp:featuredmedia":[{"embeddable":true,"href":"https:\/\/brasilnoticias.org\/site\/wp-json\/wp\/v2\/media\/9927"}],"wp:attachment":[{"href":"https:\/\/brasilnoticias.org\/site\/wp-json\/wp\/v2\/media?parent=9926"}],"wp:term":[{"taxonomy":"category","embeddable":true,"href":"https:\/\/brasilnoticias.org\/site\/wp-json\/wp\/v2\/categories?post=9926"},{"taxonomy":"post_tag","embeddable":true,"href":"https:\/\/brasilnoticias.org\/site\/wp-json\/wp\/v2\/tags?post=9926"}],"curies":[{"name":"wp","href":"https:\/\/api.w.org\/{rel}","templated":true}]}}