{"id":9932,"date":"2023-10-06T19:33:49","date_gmt":"2023-10-06T22:33:49","guid":{"rendered":"https:\/\/brasilnoticias.org\/site\/?p=9932"},"modified":"2023-10-06T19:33:49","modified_gmt":"2023-10-06T22:33:49","slug":"frentes-parlamentares-estudam-incluir-judiciario-em-reforma-administrativa","status":"publish","type":"post","link":"https:\/\/brasilnoticias.org\/site\/frentes-parlamentares-estudam-incluir-judiciario-em-reforma-administrativa\/","title":{"rendered":"Frentes parlamentares estudam incluir Judici\u00e1rio em reforma administrativa"},"content":{"rendered":"<p>Em meio \u00e0 crescente crise entre o Congresso e o Supremo Tribunal Federal, grupos estudam ampliar a abrang\u00eancia da mat\u00e9ria<\/p>\n<p>A reforma administrativa, inicialmente tra\u00e7ada para atingir apenas o Executivo, pode passar a incluir o Judici\u00e1rio tamb\u00e9m. Essa \u00e9 a inten\u00e7\u00e3o de seis frentes parlamentares que estudam a proposta no Congresso Nacional. <\/p>\n<p>A mat\u00e9ria j\u00e1 tramita na C\u00e2mara dos Deputados e pode sofrer altera\u00e7\u00f5es em meio a disputa entre o Legislativo e o Supremo Tribunal Federal (STF). O pr\u00f3prio presidente da Casa, Arthur Lira (PP), defende uma reavalia\u00e7\u00e3o do Poder Judici\u00e1rio, um dos assuntos em debate \u00e9 a exist\u00eancia de mandatos para os ministros da mais alta Corte do pa\u00eds. <\/p>\n<p>Os grupos que se mobilizam nesse sentido s\u00e3o: Agropecu\u00e1ria (FPA), do Empreendedorismo (FPE), do Com\u00e9rcio e Servi\u00e7os (FCS), da Tecnologia e Atividades Nucleares (FTN), do Biodisel (FPBio) e do Livre Mercado (FPLM).<\/p>\n<p>Foto: Bruno Spada\/C\u00e2mara dos Deputados<br \/>\nPor: Metro1<\/p>\n","protected":false},"excerpt":{"rendered":"<p>Em meio \u00e0 crescente crise entre o Congresso e o Supremo Tribunal Federal, grupos estudam ampliar a abrang\u00eancia da mat\u00e9ria<\/p>\n","protected":false},"author":4,"featured_media":0,"comment_status":"open","ping_status":"open","sticky":false,"template":"","format":"standard","meta":{"colormag_page_container_layout":"default_layout","colormag_page_sidebar_layout":"default_layout","_FSMCFIC_featured_image_caption":"","_FSMCFIC_featured_image_nocaption":"","_FSMCFIC_featured_image_hide":"","footnotes":""},"categories":[5,1],"tags":[],"class_list":["post-9932","post","type-post","status-publish","format-standard","hentry","category-politica","category-ultimas"],"yoast_head":"<!-- This site is optimized with the Yoast SEO plugin v27.1.1 - https:\/\/yoast.com\/product\/yoast-seo-wordpress\/ -->\n<title>Frentes parlamentares estudam incluir Judici\u00e1rio em reforma administrativa - Brasil not\u00edcias<\/title>\n<meta name=\"robots\" content=\"index, follow, max-snippet:-1, max-image-preview:large, max-video-preview:-1\" \/>\n<link rel=\"canonical\" href=\"https:\/\/brasilnoticias.org\/site\/frentes-parlamentares-estudam-incluir-judiciario-em-reforma-administrativa\/\" \/>\n<meta property=\"og:locale\" content=\"pt_PT\" \/>\n<meta property=\"og:type\" content=\"article\" \/>\n<meta property=\"og:title\" content=\"Frentes parlamentares estudam incluir Judici\u00e1rio em reforma administrativa - Brasil not\u00edcias\" \/>\n<meta property=\"og:description\" content=\"Em meio \u00e0 crescente crise entre o Congresso e o Supremo Tribunal Federal, grupos estudam ampliar a abrang\u00eancia da mat\u00e9ria\" \/>\n<meta property=\"og:url\" content=\"https:\/\/brasilnoticias.org\/site\/frentes-parlamentares-estudam-incluir-judiciario-em-reforma-administrativa\/\" \/>\n<meta property=\"og:site_name\" content=\"Brasil not\u00edcias\" \/>\n<meta property=\"article:published_time\" content=\"2023-10-06T22:33:49+00:00\" \/>\n<meta name=\"author\" content=\"Reda\u00e7\u00e3o\" \/>\n<meta name=\"twitter:card\" content=\"summary_large_image\" \/>\n<meta name=\"twitter:label1\" content=\"Escrito por\" \/>\n\t<meta name=\"twitter:data1\" content=\"Reda\u00e7\u00e3o\" \/>\n<script type=\"application\/ld+json\" class=\"yoast-schema-graph\">{\"@context\":\"https:\/\/schema.org\",\"@graph\":[{\"@type\":\"Article\",\"@id\":\"https:\/\/brasilnoticias.org\/site\/frentes-parlamentares-estudam-incluir-judiciario-em-reforma-administrativa\/#article\",\"isPartOf\":{\"@id\":\"https:\/\/brasilnoticias.org\/site\/frentes-parlamentares-estudam-incluir-judiciario-em-reforma-administrativa\/\"},\"author\":{\"name\":\"Reda\u00e7\u00e3o\",\"@id\":\"https:\/\/brasilnoticias.org\/site\/#\/schema\/person\/03bbbfe6c7634ad18c26444ea39049fa\"},\"headline\":\"Frentes parlamentares estudam incluir Judici\u00e1rio em reforma administrativa\",\"datePublished\":\"2023-10-06T22:33:49+00:00\",\"mainEntityOfPage\":{\"@id\":\"https:\/\/brasilnoticias.org\/site\/frentes-parlamentares-estudam-incluir-judiciario-em-reforma-administrativa\/\"},\"wordCount\":175,\"commentCount\":0,\"publisher\":{\"@id\":\"https:\/\/brasilnoticias.org\/site\/#organization\"},\"articleSection\":[\"Pol\u00edtica\",\"\u00daltimas\"],\"inLanguage\":\"pt-PT\",\"potentialAction\":[{\"@type\":\"CommentAction\",\"name\":\"Comment\",\"target\":[\"https:\/\/brasilnoticias.org\/site\/frentes-parlamentares-estudam-incluir-judiciario-em-reforma-administrativa\/#respond\"]}]},{\"@type\":\"WebPage\",\"@id\":\"https:\/\/brasilnoticias.org\/site\/frentes-parlamentares-estudam-incluir-judiciario-em-reforma-administrativa\/\",\"url\":\"https:\/\/brasilnoticias.org\/site\/frentes-parlamentares-estudam-incluir-judiciario-em-reforma-administrativa\/\",\"name\":\"Frentes parlamentares estudam incluir Judici\u00e1rio em reforma administrativa - Brasil not\u00edcias\",\"isPartOf\":{\"@id\":\"https:\/\/brasilnoticias.org\/site\/#website\"},\"datePublished\":\"2023-10-06T22:33:49+00:00\",\"breadcrumb\":{\"@id\":\"https:\/\/brasilnoticias.org\/site\/frentes-parlamentares-estudam-incluir-judiciario-em-reforma-administrativa\/#breadcrumb\"},\"inLanguage\":\"pt-PT\",\"potentialAction\":[{\"@type\":\"ReadAction\",\"target\":[\"https:\/\/brasilnoticias.org\/site\/frentes-parlamentares-estudam-incluir-judiciario-em-reforma-administrativa\/\"]}]},{\"@type\":\"BreadcrumbList\",\"@id\":\"https:\/\/brasilnoticias.org\/site\/frentes-parlamentares-estudam-incluir-judiciario-em-reforma-administrativa\/#breadcrumb\",\"itemListElement\":[{\"@type\":\"ListItem\",\"position\":1,\"name\":\"In\u00edcio\",\"item\":\"https:\/\/brasilnoticias.org\/site\/\"},{\"@type\":\"ListItem\",\"position\":2,\"name\":\"Frentes parlamentares estudam incluir Judici\u00e1rio em reforma administrativa\"}]},{\"@type\":\"WebSite\",\"@id\":\"https:\/\/brasilnoticias.org\/site\/#website\",\"url\":\"https:\/\/brasilnoticias.org\/site\/\",\"name\":\"Brasil not\u00edcias\",\"description\":\"Brasil not\u00edcias\",\"publisher\":{\"@id\":\"https:\/\/brasilnoticias.org\/site\/#organization\"},\"potentialAction\":[{\"@type\":\"SearchAction\",\"target\":{\"@type\":\"EntryPoint\",\"urlTemplate\":\"https:\/\/brasilnoticias.org\/site\/?s={search_term_string}\"},\"query-input\":{\"@type\":\"PropertyValueSpecification\",\"valueRequired\":true,\"valueName\":\"search_term_string\"}}],\"inLanguage\":\"pt-PT\"},{\"@type\":\"Organization\",\"@id\":\"https:\/\/brasilnoticias.org\/site\/#organization\",\"name\":\"Brasil not\u00edcias\",\"url\":\"https:\/\/brasilnoticias.org\/site\/\",\"logo\":{\"@type\":\"ImageObject\",\"inLanguage\":\"pt-PT\",\"@id\":\"https:\/\/brasilnoticias.org\/site\/#\/schema\/logo\/image\/\",\"url\":\"https:\/\/brasilnoticias.org\/site\/wp-content\/uploads\/2022\/05\/cropped-brasilnoticias-mini.jpg\",\"contentUrl\":\"https:\/\/brasilnoticias.org\/site\/wp-content\/uploads\/2022\/05\/cropped-brasilnoticias-mini.jpg\",\"width\":314,\"height\":86,\"caption\":\"Brasil not\u00edcias\"},\"image\":{\"@id\":\"https:\/\/brasilnoticias.org\/site\/#\/schema\/logo\/image\/\"}},{\"@type\":\"Person\",\"@id\":\"https:\/\/brasilnoticias.org\/site\/#\/schema\/person\/03bbbfe6c7634ad18c26444ea39049fa\",\"name\":\"Reda\u00e7\u00e3o\",\"image\":{\"@type\":\"ImageObject\",\"inLanguage\":\"pt-PT\",\"@id\":\"https:\/\/brasilnoticias.org\/site\/#\/schema\/person\/image\/\",\"url\":\"https:\/\/secure.gravatar.com\/avatar\/9ecaf7327a696cb23ad926fedded5f1f04d7049de9e445375d55b48c001a6e42?s=96&d=mm&r=g\",\"contentUrl\":\"https:\/\/secure.gravatar.com\/avatar\/9ecaf7327a696cb23ad926fedded5f1f04d7049de9e445375d55b48c001a6e42?s=96&d=mm&r=g\",\"caption\":\"Reda\u00e7\u00e3o\"},\"url\":\"https:\/\/brasilnoticias.org\/site\/author\/henrique\/\"}]}<\/script>\n<!-- \/ Yoast SEO plugin. -->","yoast_head_json":{"title":"Frentes parlamentares estudam incluir Judici\u00e1rio em reforma administrativa - Brasil not\u00edcias","robots":{"index":"index","follow":"follow","max-snippet":"max-snippet:-1","max-image-preview":"max-image-preview:large","max-video-preview":"max-video-preview:-1"},"canonical":"https:\/\/brasilnoticias.org\/site\/frentes-parlamentares-estudam-incluir-judiciario-em-reforma-administrativa\/","og_locale":"pt_PT","og_type":"article","og_title":"Frentes parlamentares estudam incluir Judici\u00e1rio em reforma administrativa - Brasil not\u00edcias","og_description":"Em meio \u00e0 crescente crise entre o Congresso e o Supremo Tribunal Federal, grupos estudam ampliar a abrang\u00eancia da mat\u00e9ria","og_url":"https:\/\/brasilnoticias.org\/site\/frentes-parlamentares-estudam-incluir-judiciario-em-reforma-administrativa\/","og_site_name":"Brasil not\u00edcias","article_published_time":"2023-10-06T22:33:49+00:00","author":"Reda\u00e7\u00e3o","twitter_card":"summary_large_image","twitter_misc":{"Escrito por":"Reda\u00e7\u00e3o"},"schema":{"@context":"https:\/\/schema.org","@graph":[{"@type":"Article","@id":"https:\/\/brasilnoticias.org\/site\/frentes-parlamentares-estudam-incluir-judiciario-em-reforma-administrativa\/#article","isPartOf":{"@id":"https:\/\/brasilnoticias.org\/site\/frentes-parlamentares-estudam-incluir-judiciario-em-reforma-administrativa\/"},"author":{"name":"Reda\u00e7\u00e3o","@id":"https:\/\/brasilnoticias.org\/site\/#\/schema\/person\/03bbbfe6c7634ad18c26444ea39049fa"},"headline":"Frentes parlamentares estudam incluir Judici\u00e1rio em reforma administrativa","datePublished":"2023-10-06T22:33:49+00:00","mainEntityOfPage":{"@id":"https:\/\/brasilnoticias.org\/site\/frentes-parlamentares-estudam-incluir-judiciario-em-reforma-administrativa\/"},"wordCount":175,"commentCount":0,"publisher":{"@id":"https:\/\/brasilnoticias.org\/site\/#organization"},"articleSection":["Pol\u00edtica","\u00daltimas"],"inLanguage":"pt-PT","potentialAction":[{"@type":"CommentAction","name":"Comment","target":["https:\/\/brasilnoticias.org\/site\/frentes-parlamentares-estudam-incluir-judiciario-em-reforma-administrativa\/#respond"]}]},{"@type":"WebPage","@id":"https:\/\/brasilnoticias.org\/site\/frentes-parlamentares-estudam-incluir-judiciario-em-reforma-administrativa\/","url":"https:\/\/brasilnoticias.org\/site\/frentes-parlamentares-estudam-incluir-judiciario-em-reforma-administrativa\/","name":"Frentes parlamentares estudam incluir Judici\u00e1rio em reforma administrativa - Brasil not\u00edcias","isPartOf":{"@id":"https:\/\/brasilnoticias.org\/site\/#website"},"datePublished":"2023-10-06T22:33:49+00:00","breadcrumb":{"@id":"https:\/\/brasilnoticias.org\/site\/frentes-parlamentares-estudam-incluir-judiciario-em-reforma-administrativa\/#breadcrumb"},"inLanguage":"pt-PT","potentialAction":[{"@type":"ReadAction","target":["https:\/\/brasilnoticias.org\/site\/frentes-parlamentares-estudam-incluir-judiciario-em-reforma-administrativa\/"]}]},{"@type":"BreadcrumbList","@id":"https:\/\/brasilnoticias.org\/site\/frentes-parlamentares-estudam-incluir-judiciario-em-reforma-administrativa\/#breadcrumb","itemListElement":[{"@type":"ListItem","position":1,"name":"In\u00edcio","item":"https:\/\/brasilnoticias.org\/site\/"},{"@type":"ListItem","position":2,"name":"Frentes parlamentares estudam incluir Judici\u00e1rio em reforma administrativa"}]},{"@type":"WebSite","@id":"https:\/\/brasilnoticias.org\/site\/#website","url":"https:\/\/brasilnoticias.org\/site\/","name":"Brasil not\u00edcias","description":"Brasil not\u00edcias","publisher":{"@id":"https:\/\/brasilnoticias.org\/site\/#organization"},"potentialAction":[{"@type":"SearchAction","target":{"@type":"EntryPoint","urlTemplate":"https:\/\/brasilnoticias.org\/site\/?s={search_term_string}"},"query-input":{"@type":"PropertyValueSpecification","valueRequired":true,"valueName":"search_term_string"}}],"inLanguage":"pt-PT"},{"@type":"Organization","@id":"https:\/\/brasilnoticias.org\/site\/#organization","name":"Brasil not\u00edcias","url":"https:\/\/brasilnoticias.org\/site\/","logo":{"@type":"ImageObject","inLanguage":"pt-PT","@id":"https:\/\/brasilnoticias.org\/site\/#\/schema\/logo\/image\/","url":"https:\/\/brasilnoticias.org\/site\/wp-content\/uploads\/2022\/05\/cropped-brasilnoticias-mini.jpg","contentUrl":"https:\/\/brasilnoticias.org\/site\/wp-content\/uploads\/2022\/05\/cropped-brasilnoticias-mini.jpg","width":314,"height":86,"caption":"Brasil not\u00edcias"},"image":{"@id":"https:\/\/brasilnoticias.org\/site\/#\/schema\/logo\/image\/"}},{"@type":"Person","@id":"https:\/\/brasilnoticias.org\/site\/#\/schema\/person\/03bbbfe6c7634ad18c26444ea39049fa","name":"Reda\u00e7\u00e3o","image":{"@type":"ImageObject","inLanguage":"pt-PT","@id":"https:\/\/brasilnoticias.org\/site\/#\/schema\/person\/image\/","url":"https:\/\/secure.gravatar.com\/avatar\/9ecaf7327a696cb23ad926fedded5f1f04d7049de9e445375d55b48c001a6e42?s=96&d=mm&r=g","contentUrl":"https:\/\/secure.gravatar.com\/avatar\/9ecaf7327a696cb23ad926fedded5f1f04d7049de9e445375d55b48c001a6e42?s=96&d=mm&r=g","caption":"Reda\u00e7\u00e3o"},"url":"https:\/\/brasilnoticias.org\/site\/author\/henrique\/"}]}},"_links":{"self":[{"href":"https:\/\/brasilnoticias.org\/site\/wp-json\/wp\/v2\/posts\/9932","targetHints":{"allow":["GET"]}}],"collection":[{"href":"https:\/\/brasilnoticias.org\/site\/wp-json\/wp\/v2\/posts"}],"about":[{"href":"https:\/\/brasilnoticias.org\/site\/wp-json\/wp\/v2\/types\/post"}],"author":[{"embeddable":true,"href":"https:\/\/brasilnoticias.org\/site\/wp-json\/wp\/v2\/users\/4"}],"replies":[{"embeddable":true,"href":"https:\/\/brasilnoticias.org\/site\/wp-json\/wp\/v2\/comments?post=9932"}],"version-history":[{"count":1,"href":"https:\/\/brasilnoticias.org\/site\/wp-json\/wp\/v2\/posts\/9932\/revisions"}],"predecessor-version":[{"id":9934,"href":"https:\/\/brasilnoticias.org\/site\/wp-json\/wp\/v2\/posts\/9932\/revisions\/9934"}],"wp:attachment":[{"href":"https:\/\/brasilnoticias.org\/site\/wp-json\/wp\/v2\/media?parent=9932"}],"wp:term":[{"taxonomy":"category","embeddable":true,"href":"https:\/\/brasilnoticias.org\/site\/wp-json\/wp\/v2\/categories?post=9932"},{"taxonomy":"post_tag","embeddable":true,"href":"https:\/\/brasilnoticias.org\/site\/wp-json\/wp\/v2\/tags?post=9932"}],"curies":[{"name":"wp","href":"https:\/\/api.w.org\/{rel}","templated":true}]}}