{"id":994,"date":"2022-07-12T18:33:09","date_gmt":"2022-07-12T21:33:09","guid":{"rendered":"https:\/\/brasilnoticias.org\/site\/?p=994"},"modified":"2022-07-12T18:33:09","modified_gmt":"2022-07-12T21:33:09","slug":"turista-cai-em-cratera-de-vulcao-ao-tentar-resgatar-celular-apos-selfie","status":"publish","type":"post","link":"https:\/\/brasilnoticias.org\/site\/turista-cai-em-cratera-de-vulcao-ao-tentar-resgatar-celular-apos-selfie\/","title":{"rendered":"Turista cai em cratera de vulc\u00e3o ao tentar resgatar celular ap\u00f3s selfie"},"content":{"rendered":"<p>Um turista norte-americano acabou caindo na cratera do vulc\u00e3o Monte Ves\u00favio, na cidade de N\u00e1poles, na\u00a0<a href=\"https:\/\/www.bnews.com.br\/noticias\/politica\/328857-bolsonaro-encontra-salvini-da-ultradireita-italiana-em-memorial-de-pracinhas-da-segunda-guerra.html\" target=\"_blank\" rel=\"noopener\">It\u00e1lia,<\/a>\u00a0enquanto tentava\u00a0 salvar seu celular, que caiu no buraco ap\u00f3s uma tentativa frustrada de selfie com um grupo de amigos.<\/p>\n<p>Segundo o jornal The Guardian, o homem desceu parte da cratera quando o telefone caiu por ter perdido o equilibrio. Guias de turismo do local foram os primeiros na cena do acidente.<\/p>\n<p>No resgate, eles usaram uma corda para chegar at\u00e9 o jovem e pux\u00e1-lo para fora da cratera. Um helic\u00f3ptero foi acionado para ajudar. Ele teve cortes e hematomas nas costas e nos bra\u00e7os,\u00a0<a href=\"https:\/\/www.bnews.com.br\/tags\/risco-de-morte\" target=\"_blank\" rel=\"noopener\">mas n\u00e3o corre risco de morte.<\/a><\/p>\n<p>Ap\u00f3s o socorro, todos foram autuados por &#8220;invas\u00e3o de territ\u00f3rio p\u00fablico&#8221;, com alega\u00e7\u00e3o de que eles entraram na regi\u00e3o do vulc\u00e3o sem pagar ingressos e avan\u00e7aram por um caminho proibido.<\/p>\n<p>&nbsp;<\/p>\n<p>&nbsp;<\/p>\n<p>&nbsp;<\/p>\n<p>Bnews<\/p>\n","protected":false},"excerpt":{"rendered":"<p>Um turista norte-americano acabou caindo na cratera do vulc\u00e3o Monte Ves\u00favio, na cidade de N\u00e1poles, na\u00a0It\u00e1lia,\u00a0enquanto tentava\u00a0 salvar seu celular,<\/p>\n","protected":false},"author":2,"featured_media":995,"comment_status":"open","ping_status":"open","sticky":false,"template":"","format":"standard","meta":{"colormag_page_container_layout":"default_layout","colormag_page_sidebar_layout":"default_layout","_FSMCFIC_featured_image_caption":"","_FSMCFIC_featured_image_nocaption":"","_FSMCFIC_featured_image_hide":"","footnotes":""},"categories":[6,1],"tags":[],"class_list":["post-994","post","type-post","status-publish","format-standard","has-post-thumbnail","hentry","category-mundo","category-ultimas"],"yoast_head":"<!-- This site is optimized with the Yoast SEO plugin v27.1.1 - https:\/\/yoast.com\/product\/yoast-seo-wordpress\/ -->\n<title>Turista cai em cratera de vulc\u00e3o ao tentar resgatar celular ap\u00f3s selfie - Brasil not\u00edcias<\/title>\n<meta name=\"robots\" content=\"index, follow, max-snippet:-1, max-image-preview:large, max-video-preview:-1\" \/>\n<link rel=\"canonical\" href=\"https:\/\/brasilnoticias.org\/site\/turista-cai-em-cratera-de-vulcao-ao-tentar-resgatar-celular-apos-selfie\/\" \/>\n<meta property=\"og:locale\" content=\"pt_PT\" \/>\n<meta property=\"og:type\" content=\"article\" \/>\n<meta property=\"og:title\" content=\"Turista cai em cratera de vulc\u00e3o ao tentar resgatar celular ap\u00f3s selfie - Brasil not\u00edcias\" \/>\n<meta property=\"og:description\" content=\"Um turista norte-americano acabou caindo na cratera do vulc\u00e3o Monte Ves\u00favio, na cidade de N\u00e1poles, na\u00a0It\u00e1lia,\u00a0enquanto tentava\u00a0 salvar seu celular,\" \/>\n<meta property=\"og:url\" content=\"https:\/\/brasilnoticias.org\/site\/turista-cai-em-cratera-de-vulcao-ao-tentar-resgatar-celular-apos-selfie\/\" \/>\n<meta property=\"og:site_name\" content=\"Brasil not\u00edcias\" \/>\n<meta property=\"article:published_time\" content=\"2022-07-12T21:33:09+00:00\" \/>\n<meta property=\"og:image\" content=\"https:\/\/brasilnoticias.org\/site\/wp-content\/uploads\/2022\/07\/whatsapp_image_2022-07-12_at_17.50.41_widelg.jpeg\" \/>\n\t<meta property=\"og:image:width\" content=\"734\" \/>\n\t<meta property=\"og:image:height\" content=\"273\" \/>\n\t<meta property=\"og:image:type\" content=\"image\/jpeg\" \/>\n<meta name=\"author\" content=\"Reda\u00e7\u00e3o\" \/>\n<meta name=\"twitter:card\" content=\"summary_large_image\" \/>\n<meta name=\"twitter:label1\" content=\"Escrito por\" \/>\n\t<meta name=\"twitter:data1\" content=\"Reda\u00e7\u00e3o\" \/>\n\t<meta name=\"twitter:label2\" content=\"Tempo estimado de leitura\" \/>\n\t<meta name=\"twitter:data2\" content=\"1 minuto\" \/>\n<script type=\"application\/ld+json\" class=\"yoast-schema-graph\">{\"@context\":\"https:\/\/schema.org\",\"@graph\":[{\"@type\":\"Article\",\"@id\":\"https:\/\/brasilnoticias.org\/site\/turista-cai-em-cratera-de-vulcao-ao-tentar-resgatar-celular-apos-selfie\/#article\",\"isPartOf\":{\"@id\":\"https:\/\/brasilnoticias.org\/site\/turista-cai-em-cratera-de-vulcao-ao-tentar-resgatar-celular-apos-selfie\/\"},\"author\":{\"name\":\"Reda\u00e7\u00e3o\",\"@id\":\"https:\/\/brasilnoticias.org\/site\/#\/schema\/person\/f609fa847b5314f1c8b983342f34c798\"},\"headline\":\"Turista cai em cratera de vulc\u00e3o ao tentar resgatar celular ap\u00f3s selfie\",\"datePublished\":\"2022-07-12T21:33:09+00:00\",\"mainEntityOfPage\":{\"@id\":\"https:\/\/brasilnoticias.org\/site\/turista-cai-em-cratera-de-vulcao-ao-tentar-resgatar-celular-apos-selfie\/\"},\"wordCount\":173,\"commentCount\":0,\"publisher\":{\"@id\":\"https:\/\/brasilnoticias.org\/site\/#organization\"},\"image\":{\"@id\":\"https:\/\/brasilnoticias.org\/site\/turista-cai-em-cratera-de-vulcao-ao-tentar-resgatar-celular-apos-selfie\/#primaryimage\"},\"thumbnailUrl\":\"https:\/\/brasilnoticias.org\/site\/wp-content\/uploads\/2022\/07\/whatsapp_image_2022-07-12_at_17.50.41_widelg.jpeg\",\"articleSection\":[\"Mundo\",\"\u00daltimas\"],\"inLanguage\":\"pt-PT\",\"potentialAction\":[{\"@type\":\"CommentAction\",\"name\":\"Comment\",\"target\":[\"https:\/\/brasilnoticias.org\/site\/turista-cai-em-cratera-de-vulcao-ao-tentar-resgatar-celular-apos-selfie\/#respond\"]}]},{\"@type\":\"WebPage\",\"@id\":\"https:\/\/brasilnoticias.org\/site\/turista-cai-em-cratera-de-vulcao-ao-tentar-resgatar-celular-apos-selfie\/\",\"url\":\"https:\/\/brasilnoticias.org\/site\/turista-cai-em-cratera-de-vulcao-ao-tentar-resgatar-celular-apos-selfie\/\",\"name\":\"Turista cai em cratera de vulc\u00e3o ao tentar resgatar celular ap\u00f3s selfie - Brasil not\u00edcias\",\"isPartOf\":{\"@id\":\"https:\/\/brasilnoticias.org\/site\/#website\"},\"primaryImageOfPage\":{\"@id\":\"https:\/\/brasilnoticias.org\/site\/turista-cai-em-cratera-de-vulcao-ao-tentar-resgatar-celular-apos-selfie\/#primaryimage\"},\"image\":{\"@id\":\"https:\/\/brasilnoticias.org\/site\/turista-cai-em-cratera-de-vulcao-ao-tentar-resgatar-celular-apos-selfie\/#primaryimage\"},\"thumbnailUrl\":\"https:\/\/brasilnoticias.org\/site\/wp-content\/uploads\/2022\/07\/whatsapp_image_2022-07-12_at_17.50.41_widelg.jpeg\",\"datePublished\":\"2022-07-12T21:33:09+00:00\",\"breadcrumb\":{\"@id\":\"https:\/\/brasilnoticias.org\/site\/turista-cai-em-cratera-de-vulcao-ao-tentar-resgatar-celular-apos-selfie\/#breadcrumb\"},\"inLanguage\":\"pt-PT\",\"potentialAction\":[{\"@type\":\"ReadAction\",\"target\":[\"https:\/\/brasilnoticias.org\/site\/turista-cai-em-cratera-de-vulcao-ao-tentar-resgatar-celular-apos-selfie\/\"]}]},{\"@type\":\"ImageObject\",\"inLanguage\":\"pt-PT\",\"@id\":\"https:\/\/brasilnoticias.org\/site\/turista-cai-em-cratera-de-vulcao-ao-tentar-resgatar-celular-apos-selfie\/#primaryimage\",\"url\":\"https:\/\/brasilnoticias.org\/site\/wp-content\/uploads\/2022\/07\/whatsapp_image_2022-07-12_at_17.50.41_widelg.jpeg\",\"contentUrl\":\"https:\/\/brasilnoticias.org\/site\/wp-content\/uploads\/2022\/07\/whatsapp_image_2022-07-12_at_17.50.41_widelg.jpeg\",\"width\":734,\"height\":273},{\"@type\":\"BreadcrumbList\",\"@id\":\"https:\/\/brasilnoticias.org\/site\/turista-cai-em-cratera-de-vulcao-ao-tentar-resgatar-celular-apos-selfie\/#breadcrumb\",\"itemListElement\":[{\"@type\":\"ListItem\",\"position\":1,\"name\":\"In\u00edcio\",\"item\":\"https:\/\/brasilnoticias.org\/site\/\"},{\"@type\":\"ListItem\",\"position\":2,\"name\":\"Turista cai em cratera de vulc\u00e3o ao tentar resgatar celular ap\u00f3s selfie\"}]},{\"@type\":\"WebSite\",\"@id\":\"https:\/\/brasilnoticias.org\/site\/#website\",\"url\":\"https:\/\/brasilnoticias.org\/site\/\",\"name\":\"Brasil not\u00edcias\",\"description\":\"Brasil not\u00edcias\",\"publisher\":{\"@id\":\"https:\/\/brasilnoticias.org\/site\/#organization\"},\"potentialAction\":[{\"@type\":\"SearchAction\",\"target\":{\"@type\":\"EntryPoint\",\"urlTemplate\":\"https:\/\/brasilnoticias.org\/site\/?s={search_term_string}\"},\"query-input\":{\"@type\":\"PropertyValueSpecification\",\"valueRequired\":true,\"valueName\":\"search_term_string\"}}],\"inLanguage\":\"pt-PT\"},{\"@type\":\"Organization\",\"@id\":\"https:\/\/brasilnoticias.org\/site\/#organization\",\"name\":\"Brasil not\u00edcias\",\"url\":\"https:\/\/brasilnoticias.org\/site\/\",\"logo\":{\"@type\":\"ImageObject\",\"inLanguage\":\"pt-PT\",\"@id\":\"https:\/\/brasilnoticias.org\/site\/#\/schema\/logo\/image\/\",\"url\":\"https:\/\/brasilnoticias.org\/site\/wp-content\/uploads\/2022\/05\/cropped-brasilnoticias-mini.jpg\",\"contentUrl\":\"https:\/\/brasilnoticias.org\/site\/wp-content\/uploads\/2022\/05\/cropped-brasilnoticias-mini.jpg\",\"width\":314,\"height\":86,\"caption\":\"Brasil not\u00edcias\"},\"image\":{\"@id\":\"https:\/\/brasilnoticias.org\/site\/#\/schema\/logo\/image\/\"}},{\"@type\":\"Person\",\"@id\":\"https:\/\/brasilnoticias.org\/site\/#\/schema\/person\/f609fa847b5314f1c8b983342f34c798\",\"name\":\"Reda\u00e7\u00e3o\",\"image\":{\"@type\":\"ImageObject\",\"inLanguage\":\"pt-PT\",\"@id\":\"https:\/\/brasilnoticias.org\/site\/#\/schema\/person\/image\/\",\"url\":\"https:\/\/secure.gravatar.com\/avatar\/447284c06c1ad8b46465a36de9cd0d8326b73387a22799b8b1ffb1fbcff2ed0c?s=96&d=mm&r=g\",\"contentUrl\":\"https:\/\/secure.gravatar.com\/avatar\/447284c06c1ad8b46465a36de9cd0d8326b73387a22799b8b1ffb1fbcff2ed0c?s=96&d=mm&r=g\",\"caption\":\"Reda\u00e7\u00e3o\"},\"url\":\"https:\/\/brasilnoticias.org\/site\/author\/redacao\/\"}]}<\/script>\n<!-- \/ Yoast SEO plugin. -->","yoast_head_json":{"title":"Turista cai em cratera de vulc\u00e3o ao tentar resgatar celular ap\u00f3s selfie - Brasil not\u00edcias","robots":{"index":"index","follow":"follow","max-snippet":"max-snippet:-1","max-image-preview":"max-image-preview:large","max-video-preview":"max-video-preview:-1"},"canonical":"https:\/\/brasilnoticias.org\/site\/turista-cai-em-cratera-de-vulcao-ao-tentar-resgatar-celular-apos-selfie\/","og_locale":"pt_PT","og_type":"article","og_title":"Turista cai em cratera de vulc\u00e3o ao tentar resgatar celular ap\u00f3s selfie - Brasil not\u00edcias","og_description":"Um turista norte-americano acabou caindo na cratera do vulc\u00e3o Monte Ves\u00favio, na cidade de N\u00e1poles, na\u00a0It\u00e1lia,\u00a0enquanto tentava\u00a0 salvar seu celular,","og_url":"https:\/\/brasilnoticias.org\/site\/turista-cai-em-cratera-de-vulcao-ao-tentar-resgatar-celular-apos-selfie\/","og_site_name":"Brasil not\u00edcias","article_published_time":"2022-07-12T21:33:09+00:00","og_image":[{"width":734,"height":273,"url":"https:\/\/brasilnoticias.org\/site\/wp-content\/uploads\/2022\/07\/whatsapp_image_2022-07-12_at_17.50.41_widelg.jpeg","type":"image\/jpeg"}],"author":"Reda\u00e7\u00e3o","twitter_card":"summary_large_image","twitter_misc":{"Escrito por":"Reda\u00e7\u00e3o","Tempo estimado de leitura":"1 minuto"},"schema":{"@context":"https:\/\/schema.org","@graph":[{"@type":"Article","@id":"https:\/\/brasilnoticias.org\/site\/turista-cai-em-cratera-de-vulcao-ao-tentar-resgatar-celular-apos-selfie\/#article","isPartOf":{"@id":"https:\/\/brasilnoticias.org\/site\/turista-cai-em-cratera-de-vulcao-ao-tentar-resgatar-celular-apos-selfie\/"},"author":{"name":"Reda\u00e7\u00e3o","@id":"https:\/\/brasilnoticias.org\/site\/#\/schema\/person\/f609fa847b5314f1c8b983342f34c798"},"headline":"Turista cai em cratera de vulc\u00e3o ao tentar resgatar celular ap\u00f3s selfie","datePublished":"2022-07-12T21:33:09+00:00","mainEntityOfPage":{"@id":"https:\/\/brasilnoticias.org\/site\/turista-cai-em-cratera-de-vulcao-ao-tentar-resgatar-celular-apos-selfie\/"},"wordCount":173,"commentCount":0,"publisher":{"@id":"https:\/\/brasilnoticias.org\/site\/#organization"},"image":{"@id":"https:\/\/brasilnoticias.org\/site\/turista-cai-em-cratera-de-vulcao-ao-tentar-resgatar-celular-apos-selfie\/#primaryimage"},"thumbnailUrl":"https:\/\/brasilnoticias.org\/site\/wp-content\/uploads\/2022\/07\/whatsapp_image_2022-07-12_at_17.50.41_widelg.jpeg","articleSection":["Mundo","\u00daltimas"],"inLanguage":"pt-PT","potentialAction":[{"@type":"CommentAction","name":"Comment","target":["https:\/\/brasilnoticias.org\/site\/turista-cai-em-cratera-de-vulcao-ao-tentar-resgatar-celular-apos-selfie\/#respond"]}]},{"@type":"WebPage","@id":"https:\/\/brasilnoticias.org\/site\/turista-cai-em-cratera-de-vulcao-ao-tentar-resgatar-celular-apos-selfie\/","url":"https:\/\/brasilnoticias.org\/site\/turista-cai-em-cratera-de-vulcao-ao-tentar-resgatar-celular-apos-selfie\/","name":"Turista cai em cratera de vulc\u00e3o ao tentar resgatar celular ap\u00f3s selfie - Brasil not\u00edcias","isPartOf":{"@id":"https:\/\/brasilnoticias.org\/site\/#website"},"primaryImageOfPage":{"@id":"https:\/\/brasilnoticias.org\/site\/turista-cai-em-cratera-de-vulcao-ao-tentar-resgatar-celular-apos-selfie\/#primaryimage"},"image":{"@id":"https:\/\/brasilnoticias.org\/site\/turista-cai-em-cratera-de-vulcao-ao-tentar-resgatar-celular-apos-selfie\/#primaryimage"},"thumbnailUrl":"https:\/\/brasilnoticias.org\/site\/wp-content\/uploads\/2022\/07\/whatsapp_image_2022-07-12_at_17.50.41_widelg.jpeg","datePublished":"2022-07-12T21:33:09+00:00","breadcrumb":{"@id":"https:\/\/brasilnoticias.org\/site\/turista-cai-em-cratera-de-vulcao-ao-tentar-resgatar-celular-apos-selfie\/#breadcrumb"},"inLanguage":"pt-PT","potentialAction":[{"@type":"ReadAction","target":["https:\/\/brasilnoticias.org\/site\/turista-cai-em-cratera-de-vulcao-ao-tentar-resgatar-celular-apos-selfie\/"]}]},{"@type":"ImageObject","inLanguage":"pt-PT","@id":"https:\/\/brasilnoticias.org\/site\/turista-cai-em-cratera-de-vulcao-ao-tentar-resgatar-celular-apos-selfie\/#primaryimage","url":"https:\/\/brasilnoticias.org\/site\/wp-content\/uploads\/2022\/07\/whatsapp_image_2022-07-12_at_17.50.41_widelg.jpeg","contentUrl":"https:\/\/brasilnoticias.org\/site\/wp-content\/uploads\/2022\/07\/whatsapp_image_2022-07-12_at_17.50.41_widelg.jpeg","width":734,"height":273},{"@type":"BreadcrumbList","@id":"https:\/\/brasilnoticias.org\/site\/turista-cai-em-cratera-de-vulcao-ao-tentar-resgatar-celular-apos-selfie\/#breadcrumb","itemListElement":[{"@type":"ListItem","position":1,"name":"In\u00edcio","item":"https:\/\/brasilnoticias.org\/site\/"},{"@type":"ListItem","position":2,"name":"Turista cai em cratera de vulc\u00e3o ao tentar resgatar celular ap\u00f3s selfie"}]},{"@type":"WebSite","@id":"https:\/\/brasilnoticias.org\/site\/#website","url":"https:\/\/brasilnoticias.org\/site\/","name":"Brasil not\u00edcias","description":"Brasil not\u00edcias","publisher":{"@id":"https:\/\/brasilnoticias.org\/site\/#organization"},"potentialAction":[{"@type":"SearchAction","target":{"@type":"EntryPoint","urlTemplate":"https:\/\/brasilnoticias.org\/site\/?s={search_term_string}"},"query-input":{"@type":"PropertyValueSpecification","valueRequired":true,"valueName":"search_term_string"}}],"inLanguage":"pt-PT"},{"@type":"Organization","@id":"https:\/\/brasilnoticias.org\/site\/#organization","name":"Brasil not\u00edcias","url":"https:\/\/brasilnoticias.org\/site\/","logo":{"@type":"ImageObject","inLanguage":"pt-PT","@id":"https:\/\/brasilnoticias.org\/site\/#\/schema\/logo\/image\/","url":"https:\/\/brasilnoticias.org\/site\/wp-content\/uploads\/2022\/05\/cropped-brasilnoticias-mini.jpg","contentUrl":"https:\/\/brasilnoticias.org\/site\/wp-content\/uploads\/2022\/05\/cropped-brasilnoticias-mini.jpg","width":314,"height":86,"caption":"Brasil not\u00edcias"},"image":{"@id":"https:\/\/brasilnoticias.org\/site\/#\/schema\/logo\/image\/"}},{"@type":"Person","@id":"https:\/\/brasilnoticias.org\/site\/#\/schema\/person\/f609fa847b5314f1c8b983342f34c798","name":"Reda\u00e7\u00e3o","image":{"@type":"ImageObject","inLanguage":"pt-PT","@id":"https:\/\/brasilnoticias.org\/site\/#\/schema\/person\/image\/","url":"https:\/\/secure.gravatar.com\/avatar\/447284c06c1ad8b46465a36de9cd0d8326b73387a22799b8b1ffb1fbcff2ed0c?s=96&d=mm&r=g","contentUrl":"https:\/\/secure.gravatar.com\/avatar\/447284c06c1ad8b46465a36de9cd0d8326b73387a22799b8b1ffb1fbcff2ed0c?s=96&d=mm&r=g","caption":"Reda\u00e7\u00e3o"},"url":"https:\/\/brasilnoticias.org\/site\/author\/redacao\/"}]}},"_links":{"self":[{"href":"https:\/\/brasilnoticias.org\/site\/wp-json\/wp\/v2\/posts\/994","targetHints":{"allow":["GET"]}}],"collection":[{"href":"https:\/\/brasilnoticias.org\/site\/wp-json\/wp\/v2\/posts"}],"about":[{"href":"https:\/\/brasilnoticias.org\/site\/wp-json\/wp\/v2\/types\/post"}],"author":[{"embeddable":true,"href":"https:\/\/brasilnoticias.org\/site\/wp-json\/wp\/v2\/users\/2"}],"replies":[{"embeddable":true,"href":"https:\/\/brasilnoticias.org\/site\/wp-json\/wp\/v2\/comments?post=994"}],"version-history":[{"count":1,"href":"https:\/\/brasilnoticias.org\/site\/wp-json\/wp\/v2\/posts\/994\/revisions"}],"predecessor-version":[{"id":996,"href":"https:\/\/brasilnoticias.org\/site\/wp-json\/wp\/v2\/posts\/994\/revisions\/996"}],"wp:featuredmedia":[{"embeddable":true,"href":"https:\/\/brasilnoticias.org\/site\/wp-json\/wp\/v2\/media\/995"}],"wp:attachment":[{"href":"https:\/\/brasilnoticias.org\/site\/wp-json\/wp\/v2\/media?parent=994"}],"wp:term":[{"taxonomy":"category","embeddable":true,"href":"https:\/\/brasilnoticias.org\/site\/wp-json\/wp\/v2\/categories?post=994"},{"taxonomy":"post_tag","embeddable":true,"href":"https:\/\/brasilnoticias.org\/site\/wp-json\/wp\/v2\/tags?post=994"}],"curies":[{"name":"wp","href":"https:\/\/api.w.org\/{rel}","templated":true}]}}