{"id":997,"date":"2022-07-12T18:35:15","date_gmt":"2022-07-12T21:35:15","guid":{"rendered":"https:\/\/brasilnoticias.org\/site\/?p=997"},"modified":"2022-07-12T18:35:15","modified_gmt":"2022-07-12T21:35:15","slug":"de-saida-do-santos-ricardo-goulart-e-oferecido-ao-bahia","status":"publish","type":"post","link":"https:\/\/brasilnoticias.org\/site\/de-saida-do-santos-ricardo-goulart-e-oferecido-ao-bahia\/","title":{"rendered":"De sa\u00edda do Santos, Ricardo Goulart \u00e9 oferecido ao Bahia"},"content":{"rendered":"<p>O meia-atacante Ricardo Goulart, brasileiro naturalizado chin\u00eas, est\u00e1 de sa\u00edda do Santos e foi oferecido ao\u00a0<a href=\"https:\/\/www.bnews.com.br\/tags\/esporte-clube-bahia\" target=\"_blank\" rel=\"noopener\">Bahia<\/a>. O atleta, que voltou ao futebol brasileiro em 2022, come\u00e7ou o ano com uma grande expectativa da diretoria e da torcida do alvinegro praiano, por\u00e9m n\u00e3o correspondeu. Em 30 jogos disputados na atual temporada, o jogador marcou quatro gols e deu tr\u00eas assist\u00eancias.<\/p>\n<p>Goulart foi oferecido ao Bahia pelo seu estafe ap\u00f3s o anuncio da negocia\u00e7\u00e3o de sua rescis\u00e3o contratual com o Santos no fim da \u00faltima semana. Como o atleta j\u00e1 atuou em mais de 11 partidas pelo time paulista na S\u00e9rie A, n\u00e3o pode mais se transferir para nenhum time da primeira divis\u00e3o.<\/p>\n<p>A reportagem do\u00a0<strong>BNews<\/strong>\u00a0tentou entrar em contato com o empres\u00e1rio do jogador, Paulo Pitombeira, por\u00e9m n\u00e3o teve resposta. Pitombeira j\u00e1 havia conversado com o Bahia em 2021, antes da queda do clube para a segunda divis\u00e3o. Com a poss\u00edvel chegada do\u00a0<a href=\"https:\/\/www.bnews.com.br\/noticias\/esporte\/representante-do-grupo-city-chega-salvador-para-fazer-ultimos-ajustes-no-contrato-com-o-bahia.html\" target=\"_blank\" rel=\"noopener\">Grupo City<\/a>, o estafe do atleta consideram a ida para a equipe baiana como um bom neg\u00f3cio.<\/p>\n<p>&nbsp;<\/p>\n<p>&nbsp;<\/p>\n<p>&nbsp;<\/p>\n<p>Bnews<\/p>\n<p>&nbsp;<\/p>\n","protected":false},"excerpt":{"rendered":"<p>O meia-atacante Ricardo Goulart, brasileiro naturalizado chin\u00eas, est\u00e1 de sa\u00edda do Santos e foi oferecido ao\u00a0Bahia. O atleta, que voltou<\/p>\n","protected":false},"author":2,"featured_media":998,"comment_status":"open","ping_status":"open","sticky":false,"template":"","format":"standard","meta":{"colormag_page_container_layout":"default_layout","colormag_page_sidebar_layout":"default_layout","_FSMCFIC_featured_image_caption":"","_FSMCFIC_featured_image_nocaption":"","_FSMCFIC_featured_image_hide":"","footnotes":""},"categories":[4,1],"tags":[],"class_list":["post-997","post","type-post","status-publish","format-standard","has-post-thumbnail","hentry","category-esporte","category-ultimas"],"yoast_head":"<!-- This site is optimized with the Yoast SEO plugin v27.1.1 - https:\/\/yoast.com\/product\/yoast-seo-wordpress\/ -->\n<title>De sa\u00edda do Santos, Ricardo Goulart \u00e9 oferecido ao Bahia - Brasil not\u00edcias<\/title>\n<meta name=\"robots\" content=\"index, follow, max-snippet:-1, max-image-preview:large, max-video-preview:-1\" \/>\n<link rel=\"canonical\" href=\"https:\/\/brasilnoticias.org\/site\/de-saida-do-santos-ricardo-goulart-e-oferecido-ao-bahia\/\" \/>\n<meta property=\"og:locale\" content=\"pt_PT\" \/>\n<meta property=\"og:type\" content=\"article\" \/>\n<meta property=\"og:title\" content=\"De sa\u00edda do Santos, Ricardo Goulart \u00e9 oferecido ao Bahia - Brasil not\u00edcias\" \/>\n<meta property=\"og:description\" content=\"O meia-atacante Ricardo Goulart, brasileiro naturalizado chin\u00eas, est\u00e1 de sa\u00edda do Santos e foi oferecido ao\u00a0Bahia. O atleta, que voltou\" \/>\n<meta property=\"og:url\" content=\"https:\/\/brasilnoticias.org\/site\/de-saida-do-santos-ricardo-goulart-e-oferecido-ao-bahia\/\" \/>\n<meta property=\"og:site_name\" content=\"Brasil not\u00edcias\" \/>\n<meta property=\"article:published_time\" content=\"2022-07-12T21:35:15+00:00\" \/>\n<meta property=\"og:image\" content=\"https:\/\/brasilnoticias.org\/site\/wp-content\/uploads\/2022\/07\/whatsapp_image_2022-07-12_at_17.54.20_widelg.jpeg\" \/>\n\t<meta property=\"og:image:width\" content=\"620\" \/>\n\t<meta property=\"og:image:height\" content=\"414\" \/>\n\t<meta property=\"og:image:type\" content=\"image\/jpeg\" \/>\n<meta name=\"author\" content=\"Reda\u00e7\u00e3o\" \/>\n<meta name=\"twitter:card\" content=\"summary_large_image\" \/>\n<meta name=\"twitter:label1\" content=\"Escrito por\" \/>\n\t<meta name=\"twitter:data1\" content=\"Reda\u00e7\u00e3o\" \/>\n\t<meta name=\"twitter:label2\" content=\"Tempo estimado de leitura\" \/>\n\t<meta name=\"twitter:data2\" content=\"1 minuto\" \/>\n<script type=\"application\/ld+json\" class=\"yoast-schema-graph\">{\"@context\":\"https:\/\/schema.org\",\"@graph\":[{\"@type\":\"Article\",\"@id\":\"https:\/\/brasilnoticias.org\/site\/de-saida-do-santos-ricardo-goulart-e-oferecido-ao-bahia\/#article\",\"isPartOf\":{\"@id\":\"https:\/\/brasilnoticias.org\/site\/de-saida-do-santos-ricardo-goulart-e-oferecido-ao-bahia\/\"},\"author\":{\"name\":\"Reda\u00e7\u00e3o\",\"@id\":\"https:\/\/brasilnoticias.org\/site\/#\/schema\/person\/f609fa847b5314f1c8b983342f34c798\"},\"headline\":\"De sa\u00edda do Santos, Ricardo Goulart \u00e9 oferecido ao Bahia\",\"datePublished\":\"2022-07-12T21:35:15+00:00\",\"mainEntityOfPage\":{\"@id\":\"https:\/\/brasilnoticias.org\/site\/de-saida-do-santos-ricardo-goulart-e-oferecido-ao-bahia\/\"},\"wordCount\":201,\"commentCount\":0,\"publisher\":{\"@id\":\"https:\/\/brasilnoticias.org\/site\/#organization\"},\"image\":{\"@id\":\"https:\/\/brasilnoticias.org\/site\/de-saida-do-santos-ricardo-goulart-e-oferecido-ao-bahia\/#primaryimage\"},\"thumbnailUrl\":\"https:\/\/brasilnoticias.org\/site\/wp-content\/uploads\/2022\/07\/whatsapp_image_2022-07-12_at_17.54.20_widelg.jpeg\",\"articleSection\":[\"Esporte\",\"\u00daltimas\"],\"inLanguage\":\"pt-PT\",\"potentialAction\":[{\"@type\":\"CommentAction\",\"name\":\"Comment\",\"target\":[\"https:\/\/brasilnoticias.org\/site\/de-saida-do-santos-ricardo-goulart-e-oferecido-ao-bahia\/#respond\"]}]},{\"@type\":\"WebPage\",\"@id\":\"https:\/\/brasilnoticias.org\/site\/de-saida-do-santos-ricardo-goulart-e-oferecido-ao-bahia\/\",\"url\":\"https:\/\/brasilnoticias.org\/site\/de-saida-do-santos-ricardo-goulart-e-oferecido-ao-bahia\/\",\"name\":\"De sa\u00edda do Santos, Ricardo Goulart \u00e9 oferecido ao Bahia - Brasil not\u00edcias\",\"isPartOf\":{\"@id\":\"https:\/\/brasilnoticias.org\/site\/#website\"},\"primaryImageOfPage\":{\"@id\":\"https:\/\/brasilnoticias.org\/site\/de-saida-do-santos-ricardo-goulart-e-oferecido-ao-bahia\/#primaryimage\"},\"image\":{\"@id\":\"https:\/\/brasilnoticias.org\/site\/de-saida-do-santos-ricardo-goulart-e-oferecido-ao-bahia\/#primaryimage\"},\"thumbnailUrl\":\"https:\/\/brasilnoticias.org\/site\/wp-content\/uploads\/2022\/07\/whatsapp_image_2022-07-12_at_17.54.20_widelg.jpeg\",\"datePublished\":\"2022-07-12T21:35:15+00:00\",\"breadcrumb\":{\"@id\":\"https:\/\/brasilnoticias.org\/site\/de-saida-do-santos-ricardo-goulart-e-oferecido-ao-bahia\/#breadcrumb\"},\"inLanguage\":\"pt-PT\",\"potentialAction\":[{\"@type\":\"ReadAction\",\"target\":[\"https:\/\/brasilnoticias.org\/site\/de-saida-do-santos-ricardo-goulart-e-oferecido-ao-bahia\/\"]}]},{\"@type\":\"ImageObject\",\"inLanguage\":\"pt-PT\",\"@id\":\"https:\/\/brasilnoticias.org\/site\/de-saida-do-santos-ricardo-goulart-e-oferecido-ao-bahia\/#primaryimage\",\"url\":\"https:\/\/brasilnoticias.org\/site\/wp-content\/uploads\/2022\/07\/whatsapp_image_2022-07-12_at_17.54.20_widelg.jpeg\",\"contentUrl\":\"https:\/\/brasilnoticias.org\/site\/wp-content\/uploads\/2022\/07\/whatsapp_image_2022-07-12_at_17.54.20_widelg.jpeg\",\"width\":620,\"height\":414},{\"@type\":\"BreadcrumbList\",\"@id\":\"https:\/\/brasilnoticias.org\/site\/de-saida-do-santos-ricardo-goulart-e-oferecido-ao-bahia\/#breadcrumb\",\"itemListElement\":[{\"@type\":\"ListItem\",\"position\":1,\"name\":\"In\u00edcio\",\"item\":\"https:\/\/brasilnoticias.org\/site\/\"},{\"@type\":\"ListItem\",\"position\":2,\"name\":\"De sa\u00edda do Santos, Ricardo Goulart \u00e9 oferecido ao Bahia\"}]},{\"@type\":\"WebSite\",\"@id\":\"https:\/\/brasilnoticias.org\/site\/#website\",\"url\":\"https:\/\/brasilnoticias.org\/site\/\",\"name\":\"Brasil not\u00edcias\",\"description\":\"Brasil not\u00edcias\",\"publisher\":{\"@id\":\"https:\/\/brasilnoticias.org\/site\/#organization\"},\"potentialAction\":[{\"@type\":\"SearchAction\",\"target\":{\"@type\":\"EntryPoint\",\"urlTemplate\":\"https:\/\/brasilnoticias.org\/site\/?s={search_term_string}\"},\"query-input\":{\"@type\":\"PropertyValueSpecification\",\"valueRequired\":true,\"valueName\":\"search_term_string\"}}],\"inLanguage\":\"pt-PT\"},{\"@type\":\"Organization\",\"@id\":\"https:\/\/brasilnoticias.org\/site\/#organization\",\"name\":\"Brasil not\u00edcias\",\"url\":\"https:\/\/brasilnoticias.org\/site\/\",\"logo\":{\"@type\":\"ImageObject\",\"inLanguage\":\"pt-PT\",\"@id\":\"https:\/\/brasilnoticias.org\/site\/#\/schema\/logo\/image\/\",\"url\":\"https:\/\/brasilnoticias.org\/site\/wp-content\/uploads\/2022\/05\/cropped-brasilnoticias-mini.jpg\",\"contentUrl\":\"https:\/\/brasilnoticias.org\/site\/wp-content\/uploads\/2022\/05\/cropped-brasilnoticias-mini.jpg\",\"width\":314,\"height\":86,\"caption\":\"Brasil not\u00edcias\"},\"image\":{\"@id\":\"https:\/\/brasilnoticias.org\/site\/#\/schema\/logo\/image\/\"}},{\"@type\":\"Person\",\"@id\":\"https:\/\/brasilnoticias.org\/site\/#\/schema\/person\/f609fa847b5314f1c8b983342f34c798\",\"name\":\"Reda\u00e7\u00e3o\",\"image\":{\"@type\":\"ImageObject\",\"inLanguage\":\"pt-PT\",\"@id\":\"https:\/\/brasilnoticias.org\/site\/#\/schema\/person\/image\/\",\"url\":\"https:\/\/secure.gravatar.com\/avatar\/447284c06c1ad8b46465a36de9cd0d8326b73387a22799b8b1ffb1fbcff2ed0c?s=96&d=mm&r=g\",\"contentUrl\":\"https:\/\/secure.gravatar.com\/avatar\/447284c06c1ad8b46465a36de9cd0d8326b73387a22799b8b1ffb1fbcff2ed0c?s=96&d=mm&r=g\",\"caption\":\"Reda\u00e7\u00e3o\"},\"url\":\"https:\/\/brasilnoticias.org\/site\/author\/redacao\/\"}]}<\/script>\n<!-- \/ Yoast SEO plugin. -->","yoast_head_json":{"title":"De sa\u00edda do Santos, Ricardo Goulart \u00e9 oferecido ao Bahia - Brasil not\u00edcias","robots":{"index":"index","follow":"follow","max-snippet":"max-snippet:-1","max-image-preview":"max-image-preview:large","max-video-preview":"max-video-preview:-1"},"canonical":"https:\/\/brasilnoticias.org\/site\/de-saida-do-santos-ricardo-goulart-e-oferecido-ao-bahia\/","og_locale":"pt_PT","og_type":"article","og_title":"De sa\u00edda do Santos, Ricardo Goulart \u00e9 oferecido ao Bahia - Brasil not\u00edcias","og_description":"O meia-atacante Ricardo Goulart, brasileiro naturalizado chin\u00eas, est\u00e1 de sa\u00edda do Santos e foi oferecido ao\u00a0Bahia. O atleta, que voltou","og_url":"https:\/\/brasilnoticias.org\/site\/de-saida-do-santos-ricardo-goulart-e-oferecido-ao-bahia\/","og_site_name":"Brasil not\u00edcias","article_published_time":"2022-07-12T21:35:15+00:00","og_image":[{"width":620,"height":414,"url":"https:\/\/brasilnoticias.org\/site\/wp-content\/uploads\/2022\/07\/whatsapp_image_2022-07-12_at_17.54.20_widelg.jpeg","type":"image\/jpeg"}],"author":"Reda\u00e7\u00e3o","twitter_card":"summary_large_image","twitter_misc":{"Escrito por":"Reda\u00e7\u00e3o","Tempo estimado de leitura":"1 minuto"},"schema":{"@context":"https:\/\/schema.org","@graph":[{"@type":"Article","@id":"https:\/\/brasilnoticias.org\/site\/de-saida-do-santos-ricardo-goulart-e-oferecido-ao-bahia\/#article","isPartOf":{"@id":"https:\/\/brasilnoticias.org\/site\/de-saida-do-santos-ricardo-goulart-e-oferecido-ao-bahia\/"},"author":{"name":"Reda\u00e7\u00e3o","@id":"https:\/\/brasilnoticias.org\/site\/#\/schema\/person\/f609fa847b5314f1c8b983342f34c798"},"headline":"De sa\u00edda do Santos, Ricardo Goulart \u00e9 oferecido ao Bahia","datePublished":"2022-07-12T21:35:15+00:00","mainEntityOfPage":{"@id":"https:\/\/brasilnoticias.org\/site\/de-saida-do-santos-ricardo-goulart-e-oferecido-ao-bahia\/"},"wordCount":201,"commentCount":0,"publisher":{"@id":"https:\/\/brasilnoticias.org\/site\/#organization"},"image":{"@id":"https:\/\/brasilnoticias.org\/site\/de-saida-do-santos-ricardo-goulart-e-oferecido-ao-bahia\/#primaryimage"},"thumbnailUrl":"https:\/\/brasilnoticias.org\/site\/wp-content\/uploads\/2022\/07\/whatsapp_image_2022-07-12_at_17.54.20_widelg.jpeg","articleSection":["Esporte","\u00daltimas"],"inLanguage":"pt-PT","potentialAction":[{"@type":"CommentAction","name":"Comment","target":["https:\/\/brasilnoticias.org\/site\/de-saida-do-santos-ricardo-goulart-e-oferecido-ao-bahia\/#respond"]}]},{"@type":"WebPage","@id":"https:\/\/brasilnoticias.org\/site\/de-saida-do-santos-ricardo-goulart-e-oferecido-ao-bahia\/","url":"https:\/\/brasilnoticias.org\/site\/de-saida-do-santos-ricardo-goulart-e-oferecido-ao-bahia\/","name":"De sa\u00edda do Santos, Ricardo Goulart \u00e9 oferecido ao Bahia - Brasil not\u00edcias","isPartOf":{"@id":"https:\/\/brasilnoticias.org\/site\/#website"},"primaryImageOfPage":{"@id":"https:\/\/brasilnoticias.org\/site\/de-saida-do-santos-ricardo-goulart-e-oferecido-ao-bahia\/#primaryimage"},"image":{"@id":"https:\/\/brasilnoticias.org\/site\/de-saida-do-santos-ricardo-goulart-e-oferecido-ao-bahia\/#primaryimage"},"thumbnailUrl":"https:\/\/brasilnoticias.org\/site\/wp-content\/uploads\/2022\/07\/whatsapp_image_2022-07-12_at_17.54.20_widelg.jpeg","datePublished":"2022-07-12T21:35:15+00:00","breadcrumb":{"@id":"https:\/\/brasilnoticias.org\/site\/de-saida-do-santos-ricardo-goulart-e-oferecido-ao-bahia\/#breadcrumb"},"inLanguage":"pt-PT","potentialAction":[{"@type":"ReadAction","target":["https:\/\/brasilnoticias.org\/site\/de-saida-do-santos-ricardo-goulart-e-oferecido-ao-bahia\/"]}]},{"@type":"ImageObject","inLanguage":"pt-PT","@id":"https:\/\/brasilnoticias.org\/site\/de-saida-do-santos-ricardo-goulart-e-oferecido-ao-bahia\/#primaryimage","url":"https:\/\/brasilnoticias.org\/site\/wp-content\/uploads\/2022\/07\/whatsapp_image_2022-07-12_at_17.54.20_widelg.jpeg","contentUrl":"https:\/\/brasilnoticias.org\/site\/wp-content\/uploads\/2022\/07\/whatsapp_image_2022-07-12_at_17.54.20_widelg.jpeg","width":620,"height":414},{"@type":"BreadcrumbList","@id":"https:\/\/brasilnoticias.org\/site\/de-saida-do-santos-ricardo-goulart-e-oferecido-ao-bahia\/#breadcrumb","itemListElement":[{"@type":"ListItem","position":1,"name":"In\u00edcio","item":"https:\/\/brasilnoticias.org\/site\/"},{"@type":"ListItem","position":2,"name":"De sa\u00edda do Santos, Ricardo Goulart \u00e9 oferecido ao Bahia"}]},{"@type":"WebSite","@id":"https:\/\/brasilnoticias.org\/site\/#website","url":"https:\/\/brasilnoticias.org\/site\/","name":"Brasil not\u00edcias","description":"Brasil not\u00edcias","publisher":{"@id":"https:\/\/brasilnoticias.org\/site\/#organization"},"potentialAction":[{"@type":"SearchAction","target":{"@type":"EntryPoint","urlTemplate":"https:\/\/brasilnoticias.org\/site\/?s={search_term_string}"},"query-input":{"@type":"PropertyValueSpecification","valueRequired":true,"valueName":"search_term_string"}}],"inLanguage":"pt-PT"},{"@type":"Organization","@id":"https:\/\/brasilnoticias.org\/site\/#organization","name":"Brasil not\u00edcias","url":"https:\/\/brasilnoticias.org\/site\/","logo":{"@type":"ImageObject","inLanguage":"pt-PT","@id":"https:\/\/brasilnoticias.org\/site\/#\/schema\/logo\/image\/","url":"https:\/\/brasilnoticias.org\/site\/wp-content\/uploads\/2022\/05\/cropped-brasilnoticias-mini.jpg","contentUrl":"https:\/\/brasilnoticias.org\/site\/wp-content\/uploads\/2022\/05\/cropped-brasilnoticias-mini.jpg","width":314,"height":86,"caption":"Brasil not\u00edcias"},"image":{"@id":"https:\/\/brasilnoticias.org\/site\/#\/schema\/logo\/image\/"}},{"@type":"Person","@id":"https:\/\/brasilnoticias.org\/site\/#\/schema\/person\/f609fa847b5314f1c8b983342f34c798","name":"Reda\u00e7\u00e3o","image":{"@type":"ImageObject","inLanguage":"pt-PT","@id":"https:\/\/brasilnoticias.org\/site\/#\/schema\/person\/image\/","url":"https:\/\/secure.gravatar.com\/avatar\/447284c06c1ad8b46465a36de9cd0d8326b73387a22799b8b1ffb1fbcff2ed0c?s=96&d=mm&r=g","contentUrl":"https:\/\/secure.gravatar.com\/avatar\/447284c06c1ad8b46465a36de9cd0d8326b73387a22799b8b1ffb1fbcff2ed0c?s=96&d=mm&r=g","caption":"Reda\u00e7\u00e3o"},"url":"https:\/\/brasilnoticias.org\/site\/author\/redacao\/"}]}},"_links":{"self":[{"href":"https:\/\/brasilnoticias.org\/site\/wp-json\/wp\/v2\/posts\/997","targetHints":{"allow":["GET"]}}],"collection":[{"href":"https:\/\/brasilnoticias.org\/site\/wp-json\/wp\/v2\/posts"}],"about":[{"href":"https:\/\/brasilnoticias.org\/site\/wp-json\/wp\/v2\/types\/post"}],"author":[{"embeddable":true,"href":"https:\/\/brasilnoticias.org\/site\/wp-json\/wp\/v2\/users\/2"}],"replies":[{"embeddable":true,"href":"https:\/\/brasilnoticias.org\/site\/wp-json\/wp\/v2\/comments?post=997"}],"version-history":[{"count":1,"href":"https:\/\/brasilnoticias.org\/site\/wp-json\/wp\/v2\/posts\/997\/revisions"}],"predecessor-version":[{"id":999,"href":"https:\/\/brasilnoticias.org\/site\/wp-json\/wp\/v2\/posts\/997\/revisions\/999"}],"wp:featuredmedia":[{"embeddable":true,"href":"https:\/\/brasilnoticias.org\/site\/wp-json\/wp\/v2\/media\/998"}],"wp:attachment":[{"href":"https:\/\/brasilnoticias.org\/site\/wp-json\/wp\/v2\/media?parent=997"}],"wp:term":[{"taxonomy":"category","embeddable":true,"href":"https:\/\/brasilnoticias.org\/site\/wp-json\/wp\/v2\/categories?post=997"},{"taxonomy":"post_tag","embeddable":true,"href":"https:\/\/brasilnoticias.org\/site\/wp-json\/wp\/v2\/tags?post=997"}],"curies":[{"name":"wp","href":"https:\/\/api.w.org\/{rel}","templated":true}]}}