{"id":9976,"date":"2023-10-08T07:00:36","date_gmt":"2023-10-08T10:00:36","guid":{"rendered":"https:\/\/brasilnoticias.org\/site\/?p=9976"},"modified":"2023-10-07T19:34:01","modified_gmt":"2023-10-07T22:34:01","slug":"brasil-convocara-conselho-de-seguranca-da-onu-para-debater-situacao-em-israel","status":"publish","type":"post","link":"https:\/\/brasilnoticias.org\/site\/brasil-convocara-conselho-de-seguranca-da-onu-para-debater-situacao-em-israel\/","title":{"rendered":"Brasil convocar\u00e1 Conselho de Seguran\u00e7a da ONU para debater situa\u00e7\u00e3o em Israel"},"content":{"rendered":"<p>Pelo menos 100 pessoas morreram em Israel, e cerca de 500 ficaram feridas<\/p>\n<p>O governo brasileiro anunciou neste s\u00e1bado (7\/10) que convocar\u00e1 reuni\u00e3o de emerg\u00eancia do Conselho de Seguran\u00e7a das Na\u00e7\u00f5es Unidas, para tomar decis\u00f5es sobre os ataques realizados a Israel a partir da Faixa de Gaza. O Brasil est\u00e1 na presid\u00eancia do conselho. O encontro deve acontecer neste domingo (8).<\/p>\n<p>Em nota, o governo brasileiro condenou a s\u00e9rie de bombardeios e ataques terrestres a Israel a partir da Faixa de Gaza. \u201cN\u00e3o h\u00e1 justificativa para o recurso \u00e0 viol\u00eancia, sobretudo contra civis. O governo brasileiro exorta todas as partes a exercerem m\u00e1xima conten\u00e7\u00e3o a fim de evitar a escalada da situa\u00e7\u00e3o\u201d.<\/p>\n<p>Segundo a nota do Minist\u00e9rio das Rela\u00e7\u00f5es Exteriores, o Brasil refor\u00e7ou ainda seu compromisso com a solu\u00e7\u00e3o de dois Estados, com Palestina e Israel convivendo em paz e seguran\u00e7a, dentro de fronteiras mutuamente acordadas e internacionalmente reconhecidas.<\/p>\n<p>Pelo menos 100 pessoas morreram em Israel, e cerca de 500 ficaram feridas. O contra-ataque na Palestina causou mais 198 mortes, segundo autoridades m\u00e9dicas no territ\u00f3rio. \u201cO Brasil expressa condol\u00eancias aos familiares das v\u00edtimas e manifesta sua solidariedade ao povo de Israel\u201d. N\u00e3o h\u00e1, at\u00e9 o momento, not\u00edcia de v\u00edtimas entre a comunidade brasileira em Israel e na Palestina.<\/p>\n<p>\u201cReafirmamos que a mera gest\u00e3o do conflito n\u00e3o constitui alternativa vi\u00e1vel para o encaminhamento da quest\u00e3o Israel-Palestina, sendo urgente a retomada das negocia\u00e7\u00f5es de paz. Lamentamos que em 2023, ano do 30\u00ba anivers\u00e1rio dos Acordos de Paz de Oslo, se observe deteriora\u00e7\u00e3o grave e crescente da situa\u00e7\u00e3o securit\u00e1ria entre Israel e Palestina\u201d, diz a nota.<\/p>\n<p>Os Estados Unidos tamb\u00e9m divulgaram nota criticando o ataque do Hamas a Israel, chamando a a\u00e7\u00e3o de \u201cterrorista\u201d. Al\u00e9m disso, o presidente Joe Biden afirmou que, em conversas com o premier israelense, Benjamin Netanyahu, dar\u00e1 apoio \u201cinabal\u00e1vel\u201d para a seguran\u00e7a do pa\u00eds.<\/p>\n<p>ALERTA DE GUERRA<\/p>\n<p>Ap\u00f3s ter sido alvo do bombardeio de cinco mil foguetes, conforme a declara\u00e7\u00e3o do l\u00edder do bra\u00e7o armado do Hamas, Israel decretou Estado de Alerta de Guerra, ordenando a mobiliza\u00e7\u00e3o dos reservistas. Depois do ataque, Israel respondeu com a opera\u00e7\u00e3o Espadas de Ferro e dezenas de avi\u00f5es de combate bombardearam pontos da Faixa de Gaza.<\/p>\n<p>Foto: reprodu\u00e7\u00e3o\/X\/@IsraeliPM<br \/>\nAratu On<\/p>\n","protected":false},"excerpt":{"rendered":"<p>Pelo menos 100 pessoas morreram em Israel, e cerca de 500 ficaram feridas O governo brasileiro anunciou neste s\u00e1bado (7\/10)<\/p>\n","protected":false},"author":4,"featured_media":9977,"comment_status":"open","ping_status":"open","sticky":false,"template":"","format":"standard","meta":{"colormag_page_container_layout":"default_layout","colormag_page_sidebar_layout":"default_layout","_FSMCFIC_featured_image_caption":"","_FSMCFIC_featured_image_nocaption":"","_FSMCFIC_featured_image_hide":"","footnotes":""},"categories":[5,1],"tags":[],"class_list":["post-9976","post","type-post","status-publish","format-standard","has-post-thumbnail","hentry","category-politica","category-ultimas"],"yoast_head":"<!-- This site is optimized with the Yoast SEO plugin v27.1.1 - https:\/\/yoast.com\/product\/yoast-seo-wordpress\/ -->\n<title>Brasil convocar\u00e1 Conselho de Seguran\u00e7a da ONU para debater situa\u00e7\u00e3o em Israel - Brasil not\u00edcias<\/title>\n<meta name=\"robots\" content=\"index, follow, max-snippet:-1, max-image-preview:large, max-video-preview:-1\" \/>\n<link rel=\"canonical\" href=\"https:\/\/brasilnoticias.org\/site\/brasil-convocara-conselho-de-seguranca-da-onu-para-debater-situacao-em-israel\/\" \/>\n<meta property=\"og:locale\" content=\"pt_PT\" \/>\n<meta property=\"og:type\" content=\"article\" \/>\n<meta property=\"og:title\" content=\"Brasil convocar\u00e1 Conselho de Seguran\u00e7a da ONU para debater situa\u00e7\u00e3o em Israel - Brasil not\u00edcias\" \/>\n<meta property=\"og:description\" content=\"Pelo menos 100 pessoas morreram em Israel, e cerca de 500 ficaram feridas O governo brasileiro anunciou neste s\u00e1bado (7\/10)\" \/>\n<meta property=\"og:url\" content=\"https:\/\/brasilnoticias.org\/site\/brasil-convocara-conselho-de-seguranca-da-onu-para-debater-situacao-em-israel\/\" \/>\n<meta property=\"og:site_name\" content=\"Brasil not\u00edcias\" \/>\n<meta property=\"article:published_time\" content=\"2023-10-08T10:00:36+00:00\" \/>\n<meta property=\"og:image\" content=\"https:\/\/brasilnoticias.org\/site\/wp-content\/uploads\/2023\/10\/page-6.jpg\" \/>\n\t<meta property=\"og:image:width\" content=\"740\" \/>\n\t<meta property=\"og:image:height\" content=\"470\" \/>\n\t<meta property=\"og:image:type\" content=\"image\/jpeg\" \/>\n<meta name=\"author\" content=\"Reda\u00e7\u00e3o\" \/>\n<meta name=\"twitter:card\" content=\"summary_large_image\" \/>\n<meta name=\"twitter:label1\" content=\"Escrito por\" \/>\n\t<meta name=\"twitter:data1\" content=\"Reda\u00e7\u00e3o\" \/>\n<script type=\"application\/ld+json\" class=\"yoast-schema-graph\">{\"@context\":\"https:\/\/schema.org\",\"@graph\":[{\"@type\":\"Article\",\"@id\":\"https:\/\/brasilnoticias.org\/site\/brasil-convocara-conselho-de-seguranca-da-onu-para-debater-situacao-em-israel\/#article\",\"isPartOf\":{\"@id\":\"https:\/\/brasilnoticias.org\/site\/brasil-convocara-conselho-de-seguranca-da-onu-para-debater-situacao-em-israel\/\"},\"author\":{\"name\":\"Reda\u00e7\u00e3o\",\"@id\":\"https:\/\/brasilnoticias.org\/site\/#\/schema\/person\/03bbbfe6c7634ad18c26444ea39049fa\"},\"headline\":\"Brasil convocar\u00e1 Conselho de Seguran\u00e7a da ONU para debater situa\u00e7\u00e3o em Israel\",\"datePublished\":\"2023-10-08T10:00:36+00:00\",\"mainEntityOfPage\":{\"@id\":\"https:\/\/brasilnoticias.org\/site\/brasil-convocara-conselho-de-seguranca-da-onu-para-debater-situacao-em-israel\/\"},\"wordCount\":421,\"commentCount\":0,\"publisher\":{\"@id\":\"https:\/\/brasilnoticias.org\/site\/#organization\"},\"image\":{\"@id\":\"https:\/\/brasilnoticias.org\/site\/brasil-convocara-conselho-de-seguranca-da-onu-para-debater-situacao-em-israel\/#primaryimage\"},\"thumbnailUrl\":\"https:\/\/brasilnoticias.org\/site\/wp-content\/uploads\/2023\/10\/page-6.jpg\",\"articleSection\":[\"Pol\u00edtica\",\"\u00daltimas\"],\"inLanguage\":\"pt-PT\",\"potentialAction\":[{\"@type\":\"CommentAction\",\"name\":\"Comment\",\"target\":[\"https:\/\/brasilnoticias.org\/site\/brasil-convocara-conselho-de-seguranca-da-onu-para-debater-situacao-em-israel\/#respond\"]}]},{\"@type\":\"WebPage\",\"@id\":\"https:\/\/brasilnoticias.org\/site\/brasil-convocara-conselho-de-seguranca-da-onu-para-debater-situacao-em-israel\/\",\"url\":\"https:\/\/brasilnoticias.org\/site\/brasil-convocara-conselho-de-seguranca-da-onu-para-debater-situacao-em-israel\/\",\"name\":\"Brasil convocar\u00e1 Conselho de Seguran\u00e7a da ONU para debater situa\u00e7\u00e3o em Israel - Brasil not\u00edcias\",\"isPartOf\":{\"@id\":\"https:\/\/brasilnoticias.org\/site\/#website\"},\"primaryImageOfPage\":{\"@id\":\"https:\/\/brasilnoticias.org\/site\/brasil-convocara-conselho-de-seguranca-da-onu-para-debater-situacao-em-israel\/#primaryimage\"},\"image\":{\"@id\":\"https:\/\/brasilnoticias.org\/site\/brasil-convocara-conselho-de-seguranca-da-onu-para-debater-situacao-em-israel\/#primaryimage\"},\"thumbnailUrl\":\"https:\/\/brasilnoticias.org\/site\/wp-content\/uploads\/2023\/10\/page-6.jpg\",\"datePublished\":\"2023-10-08T10:00:36+00:00\",\"breadcrumb\":{\"@id\":\"https:\/\/brasilnoticias.org\/site\/brasil-convocara-conselho-de-seguranca-da-onu-para-debater-situacao-em-israel\/#breadcrumb\"},\"inLanguage\":\"pt-PT\",\"potentialAction\":[{\"@type\":\"ReadAction\",\"target\":[\"https:\/\/brasilnoticias.org\/site\/brasil-convocara-conselho-de-seguranca-da-onu-para-debater-situacao-em-israel\/\"]}]},{\"@type\":\"ImageObject\",\"inLanguage\":\"pt-PT\",\"@id\":\"https:\/\/brasilnoticias.org\/site\/brasil-convocara-conselho-de-seguranca-da-onu-para-debater-situacao-em-israel\/#primaryimage\",\"url\":\"https:\/\/brasilnoticias.org\/site\/wp-content\/uploads\/2023\/10\/page-6.jpg\",\"contentUrl\":\"https:\/\/brasilnoticias.org\/site\/wp-content\/uploads\/2023\/10\/page-6.jpg\",\"width\":740,\"height\":470},{\"@type\":\"BreadcrumbList\",\"@id\":\"https:\/\/brasilnoticias.org\/site\/brasil-convocara-conselho-de-seguranca-da-onu-para-debater-situacao-em-israel\/#breadcrumb\",\"itemListElement\":[{\"@type\":\"ListItem\",\"position\":1,\"name\":\"In\u00edcio\",\"item\":\"https:\/\/brasilnoticias.org\/site\/\"},{\"@type\":\"ListItem\",\"position\":2,\"name\":\"Brasil convocar\u00e1 Conselho de Seguran\u00e7a da ONU para debater situa\u00e7\u00e3o em Israel\"}]},{\"@type\":\"WebSite\",\"@id\":\"https:\/\/brasilnoticias.org\/site\/#website\",\"url\":\"https:\/\/brasilnoticias.org\/site\/\",\"name\":\"Brasil not\u00edcias\",\"description\":\"Brasil not\u00edcias\",\"publisher\":{\"@id\":\"https:\/\/brasilnoticias.org\/site\/#organization\"},\"potentialAction\":[{\"@type\":\"SearchAction\",\"target\":{\"@type\":\"EntryPoint\",\"urlTemplate\":\"https:\/\/brasilnoticias.org\/site\/?s={search_term_string}\"},\"query-input\":{\"@type\":\"PropertyValueSpecification\",\"valueRequired\":true,\"valueName\":\"search_term_string\"}}],\"inLanguage\":\"pt-PT\"},{\"@type\":\"Organization\",\"@id\":\"https:\/\/brasilnoticias.org\/site\/#organization\",\"name\":\"Brasil not\u00edcias\",\"url\":\"https:\/\/brasilnoticias.org\/site\/\",\"logo\":{\"@type\":\"ImageObject\",\"inLanguage\":\"pt-PT\",\"@id\":\"https:\/\/brasilnoticias.org\/site\/#\/schema\/logo\/image\/\",\"url\":\"https:\/\/brasilnoticias.org\/site\/wp-content\/uploads\/2022\/05\/cropped-brasilnoticias-mini.jpg\",\"contentUrl\":\"https:\/\/brasilnoticias.org\/site\/wp-content\/uploads\/2022\/05\/cropped-brasilnoticias-mini.jpg\",\"width\":314,\"height\":86,\"caption\":\"Brasil not\u00edcias\"},\"image\":{\"@id\":\"https:\/\/brasilnoticias.org\/site\/#\/schema\/logo\/image\/\"}},{\"@type\":\"Person\",\"@id\":\"https:\/\/brasilnoticias.org\/site\/#\/schema\/person\/03bbbfe6c7634ad18c26444ea39049fa\",\"name\":\"Reda\u00e7\u00e3o\",\"image\":{\"@type\":\"ImageObject\",\"inLanguage\":\"pt-PT\",\"@id\":\"https:\/\/brasilnoticias.org\/site\/#\/schema\/person\/image\/\",\"url\":\"https:\/\/secure.gravatar.com\/avatar\/9ecaf7327a696cb23ad926fedded5f1f04d7049de9e445375d55b48c001a6e42?s=96&d=mm&r=g\",\"contentUrl\":\"https:\/\/secure.gravatar.com\/avatar\/9ecaf7327a696cb23ad926fedded5f1f04d7049de9e445375d55b48c001a6e42?s=96&d=mm&r=g\",\"caption\":\"Reda\u00e7\u00e3o\"},\"url\":\"https:\/\/brasilnoticias.org\/site\/author\/henrique\/\"}]}<\/script>\n<!-- \/ Yoast SEO plugin. -->","yoast_head_json":{"title":"Brasil convocar\u00e1 Conselho de Seguran\u00e7a da ONU para debater situa\u00e7\u00e3o em Israel - Brasil not\u00edcias","robots":{"index":"index","follow":"follow","max-snippet":"max-snippet:-1","max-image-preview":"max-image-preview:large","max-video-preview":"max-video-preview:-1"},"canonical":"https:\/\/brasilnoticias.org\/site\/brasil-convocara-conselho-de-seguranca-da-onu-para-debater-situacao-em-israel\/","og_locale":"pt_PT","og_type":"article","og_title":"Brasil convocar\u00e1 Conselho de Seguran\u00e7a da ONU para debater situa\u00e7\u00e3o em Israel - Brasil not\u00edcias","og_description":"Pelo menos 100 pessoas morreram em Israel, e cerca de 500 ficaram feridas O governo brasileiro anunciou neste s\u00e1bado (7\/10)","og_url":"https:\/\/brasilnoticias.org\/site\/brasil-convocara-conselho-de-seguranca-da-onu-para-debater-situacao-em-israel\/","og_site_name":"Brasil not\u00edcias","article_published_time":"2023-10-08T10:00:36+00:00","og_image":[{"width":740,"height":470,"url":"https:\/\/brasilnoticias.org\/site\/wp-content\/uploads\/2023\/10\/page-6.jpg","type":"image\/jpeg"}],"author":"Reda\u00e7\u00e3o","twitter_card":"summary_large_image","twitter_misc":{"Escrito por":"Reda\u00e7\u00e3o"},"schema":{"@context":"https:\/\/schema.org","@graph":[{"@type":"Article","@id":"https:\/\/brasilnoticias.org\/site\/brasil-convocara-conselho-de-seguranca-da-onu-para-debater-situacao-em-israel\/#article","isPartOf":{"@id":"https:\/\/brasilnoticias.org\/site\/brasil-convocara-conselho-de-seguranca-da-onu-para-debater-situacao-em-israel\/"},"author":{"name":"Reda\u00e7\u00e3o","@id":"https:\/\/brasilnoticias.org\/site\/#\/schema\/person\/03bbbfe6c7634ad18c26444ea39049fa"},"headline":"Brasil convocar\u00e1 Conselho de Seguran\u00e7a da ONU para debater situa\u00e7\u00e3o em Israel","datePublished":"2023-10-08T10:00:36+00:00","mainEntityOfPage":{"@id":"https:\/\/brasilnoticias.org\/site\/brasil-convocara-conselho-de-seguranca-da-onu-para-debater-situacao-em-israel\/"},"wordCount":421,"commentCount":0,"publisher":{"@id":"https:\/\/brasilnoticias.org\/site\/#organization"},"image":{"@id":"https:\/\/brasilnoticias.org\/site\/brasil-convocara-conselho-de-seguranca-da-onu-para-debater-situacao-em-israel\/#primaryimage"},"thumbnailUrl":"https:\/\/brasilnoticias.org\/site\/wp-content\/uploads\/2023\/10\/page-6.jpg","articleSection":["Pol\u00edtica","\u00daltimas"],"inLanguage":"pt-PT","potentialAction":[{"@type":"CommentAction","name":"Comment","target":["https:\/\/brasilnoticias.org\/site\/brasil-convocara-conselho-de-seguranca-da-onu-para-debater-situacao-em-israel\/#respond"]}]},{"@type":"WebPage","@id":"https:\/\/brasilnoticias.org\/site\/brasil-convocara-conselho-de-seguranca-da-onu-para-debater-situacao-em-israel\/","url":"https:\/\/brasilnoticias.org\/site\/brasil-convocara-conselho-de-seguranca-da-onu-para-debater-situacao-em-israel\/","name":"Brasil convocar\u00e1 Conselho de Seguran\u00e7a da ONU para debater situa\u00e7\u00e3o em Israel - Brasil not\u00edcias","isPartOf":{"@id":"https:\/\/brasilnoticias.org\/site\/#website"},"primaryImageOfPage":{"@id":"https:\/\/brasilnoticias.org\/site\/brasil-convocara-conselho-de-seguranca-da-onu-para-debater-situacao-em-israel\/#primaryimage"},"image":{"@id":"https:\/\/brasilnoticias.org\/site\/brasil-convocara-conselho-de-seguranca-da-onu-para-debater-situacao-em-israel\/#primaryimage"},"thumbnailUrl":"https:\/\/brasilnoticias.org\/site\/wp-content\/uploads\/2023\/10\/page-6.jpg","datePublished":"2023-10-08T10:00:36+00:00","breadcrumb":{"@id":"https:\/\/brasilnoticias.org\/site\/brasil-convocara-conselho-de-seguranca-da-onu-para-debater-situacao-em-israel\/#breadcrumb"},"inLanguage":"pt-PT","potentialAction":[{"@type":"ReadAction","target":["https:\/\/brasilnoticias.org\/site\/brasil-convocara-conselho-de-seguranca-da-onu-para-debater-situacao-em-israel\/"]}]},{"@type":"ImageObject","inLanguage":"pt-PT","@id":"https:\/\/brasilnoticias.org\/site\/brasil-convocara-conselho-de-seguranca-da-onu-para-debater-situacao-em-israel\/#primaryimage","url":"https:\/\/brasilnoticias.org\/site\/wp-content\/uploads\/2023\/10\/page-6.jpg","contentUrl":"https:\/\/brasilnoticias.org\/site\/wp-content\/uploads\/2023\/10\/page-6.jpg","width":740,"height":470},{"@type":"BreadcrumbList","@id":"https:\/\/brasilnoticias.org\/site\/brasil-convocara-conselho-de-seguranca-da-onu-para-debater-situacao-em-israel\/#breadcrumb","itemListElement":[{"@type":"ListItem","position":1,"name":"In\u00edcio","item":"https:\/\/brasilnoticias.org\/site\/"},{"@type":"ListItem","position":2,"name":"Brasil convocar\u00e1 Conselho de Seguran\u00e7a da ONU para debater situa\u00e7\u00e3o em Israel"}]},{"@type":"WebSite","@id":"https:\/\/brasilnoticias.org\/site\/#website","url":"https:\/\/brasilnoticias.org\/site\/","name":"Brasil not\u00edcias","description":"Brasil not\u00edcias","publisher":{"@id":"https:\/\/brasilnoticias.org\/site\/#organization"},"potentialAction":[{"@type":"SearchAction","target":{"@type":"EntryPoint","urlTemplate":"https:\/\/brasilnoticias.org\/site\/?s={search_term_string}"},"query-input":{"@type":"PropertyValueSpecification","valueRequired":true,"valueName":"search_term_string"}}],"inLanguage":"pt-PT"},{"@type":"Organization","@id":"https:\/\/brasilnoticias.org\/site\/#organization","name":"Brasil not\u00edcias","url":"https:\/\/brasilnoticias.org\/site\/","logo":{"@type":"ImageObject","inLanguage":"pt-PT","@id":"https:\/\/brasilnoticias.org\/site\/#\/schema\/logo\/image\/","url":"https:\/\/brasilnoticias.org\/site\/wp-content\/uploads\/2022\/05\/cropped-brasilnoticias-mini.jpg","contentUrl":"https:\/\/brasilnoticias.org\/site\/wp-content\/uploads\/2022\/05\/cropped-brasilnoticias-mini.jpg","width":314,"height":86,"caption":"Brasil not\u00edcias"},"image":{"@id":"https:\/\/brasilnoticias.org\/site\/#\/schema\/logo\/image\/"}},{"@type":"Person","@id":"https:\/\/brasilnoticias.org\/site\/#\/schema\/person\/03bbbfe6c7634ad18c26444ea39049fa","name":"Reda\u00e7\u00e3o","image":{"@type":"ImageObject","inLanguage":"pt-PT","@id":"https:\/\/brasilnoticias.org\/site\/#\/schema\/person\/image\/","url":"https:\/\/secure.gravatar.com\/avatar\/9ecaf7327a696cb23ad926fedded5f1f04d7049de9e445375d55b48c001a6e42?s=96&d=mm&r=g","contentUrl":"https:\/\/secure.gravatar.com\/avatar\/9ecaf7327a696cb23ad926fedded5f1f04d7049de9e445375d55b48c001a6e42?s=96&d=mm&r=g","caption":"Reda\u00e7\u00e3o"},"url":"https:\/\/brasilnoticias.org\/site\/author\/henrique\/"}]}},"_links":{"self":[{"href":"https:\/\/brasilnoticias.org\/site\/wp-json\/wp\/v2\/posts\/9976","targetHints":{"allow":["GET"]}}],"collection":[{"href":"https:\/\/brasilnoticias.org\/site\/wp-json\/wp\/v2\/posts"}],"about":[{"href":"https:\/\/brasilnoticias.org\/site\/wp-json\/wp\/v2\/types\/post"}],"author":[{"embeddable":true,"href":"https:\/\/brasilnoticias.org\/site\/wp-json\/wp\/v2\/users\/4"}],"replies":[{"embeddable":true,"href":"https:\/\/brasilnoticias.org\/site\/wp-json\/wp\/v2\/comments?post=9976"}],"version-history":[{"count":1,"href":"https:\/\/brasilnoticias.org\/site\/wp-json\/wp\/v2\/posts\/9976\/revisions"}],"predecessor-version":[{"id":9978,"href":"https:\/\/brasilnoticias.org\/site\/wp-json\/wp\/v2\/posts\/9976\/revisions\/9978"}],"wp:featuredmedia":[{"embeddable":true,"href":"https:\/\/brasilnoticias.org\/site\/wp-json\/wp\/v2\/media\/9977"}],"wp:attachment":[{"href":"https:\/\/brasilnoticias.org\/site\/wp-json\/wp\/v2\/media?parent=9976"}],"wp:term":[{"taxonomy":"category","embeddable":true,"href":"https:\/\/brasilnoticias.org\/site\/wp-json\/wp\/v2\/categories?post=9976"},{"taxonomy":"post_tag","embeddable":true,"href":"https:\/\/brasilnoticias.org\/site\/wp-json\/wp\/v2\/tags?post=9976"}],"curies":[{"name":"wp","href":"https:\/\/api.w.org\/{rel}","templated":true}]}}