{"id":9985,"date":"2023-10-08T18:17:57","date_gmt":"2023-10-08T21:17:57","guid":{"rendered":"https:\/\/brasilnoticias.org\/site\/?p=9985"},"modified":"2023-10-08T18:17:57","modified_gmt":"2023-10-08T21:17:57","slug":"cerca-de-mil-brasileiros-em-israel-ja-pediram-para-voltar-ao-brasil","status":"publish","type":"post","link":"https:\/\/brasilnoticias.org\/site\/cerca-de-mil-brasileiros-em-israel-ja-pediram-para-voltar-ao-brasil\/","title":{"rendered":"Cerca de mil brasileiros em Israel j\u00e1 pediram para voltar ao Brasil"},"content":{"rendered":"<p>Foram identificados 3 brasileiros desaparecidos e um ferido no conflito<\/p>\n<p>Ag\u00eancia Brasil<\/p>\n<p>A Embaixada brasileira em Tel Aviv, cidade israelense, j\u00e1 colheu os dados de cerca de mil brasileiros hospedados no local e em Jerusal\u00e9m que t\u00eam interesse em voltar ao Brasil. Segundo o Minist\u00e9rio das Rela\u00e7\u00f5es Exteriores (MRE), a maioria \u00e9 de turistas que est\u00e3o em Israel.<\/p>\n<p>Os interessados preencheram um formul\u00e1rio online dispon\u00edvel no site da embaixada. Segundo o \u00f3rg\u00e3o, o preenchimento do formul\u00e1rio n\u00e3o assegura direito \u00e0 repatria\u00e7\u00e3o e a inclus\u00e3o na lista de passageiros ser\u00e1 informada posteriormente.<\/p>\n<p>O Itamaraty diz que segue acompanhando a situa\u00e7\u00e3o dos turistas e das comunidades brasileiras na regi\u00e3o. A estimativa \u00e9 que 14 mil brasileiros vivem em Israel e 6 mil na Palestina, com grande maioria fora da \u00e1rea afetada pelos ataques.<\/p>\n<p>Neste domingo (8), o governo brasileiro reservou seis aeronaves da For\u00e7a A\u00e9rea Brasileira (FAB) para a repatria\u00e7\u00e3o. Um dos avi\u00f5es decola ainda hoje para Roma, na It\u00e1lia, para trazer os brasileiros que tentam sair da Palestina ou de Israel devido ao conflito iniciado neste fim de semana.<\/p>\n<p>At\u00e9 o momento, foram identificados tr\u00eas brasileiros desaparecidos e um ferido ap\u00f3s o conflito. Todos s\u00e3o binacionais e participavam de um festival de m\u00fasica no distrito sul de Israel, a menos de 20 quil\u00f4metros da Faixa de Gaza. O brasileiro ferido recebeu alta do hospital hoje e se encontra bem.<\/p>\n<p>CONTATOS<\/p>\n<p>A Embaixada do Brasil em Tel Aviv publicou, em seu site, um formul\u00e1rio para inscri\u00e7\u00e3o de interessados nos eventuais voos de repatria\u00e7\u00e3o e transmitir\u00e1 instru\u00e7\u00f5es para deslocamento ao aeroporto de Ben-Gurion \u00e0 medida que se confirmarem os voos.<\/p>\n<p>O governo brasileiro montou no Itamaraty estrutura para o acompanhamento da situa\u00e7\u00e3o dos brasileiros na regi\u00e3o. Os plant\u00f5es consulares da Embaixada em Tel Aviv (+972 (54) 803 5858) e do Escrit\u00f3rio de Representa\u00e7\u00e3o em Ramala (+972 (59) 205 5510), com Whatsapp, permanecem em funcionamento para atender nacionais em situa\u00e7\u00e3o de emerg\u00eancia.<\/p>\n<p>O plant\u00e3o consular geral do Itamaraty tamb\u00e9m pode ser contatado por meio do telefone +55 (61) 98260-0610.<\/p>\n<p>Foto: Embaixada do Brasil em Tel Aviv | reprodu\u00e7\u00e3o\/Google Maps<br \/>\nAratu On<\/p>\n","protected":false},"excerpt":{"rendered":"<p>Foram identificados 3 brasileiros desaparecidos e um ferido no conflito Ag\u00eancia Brasil A Embaixada brasileira em Tel Aviv, cidade israelense,<\/p>\n","protected":false},"author":4,"featured_media":9986,"comment_status":"open","ping_status":"open","sticky":false,"template":"","format":"standard","meta":{"colormag_page_container_layout":"default_layout","colormag_page_sidebar_layout":"default_layout","_FSMCFIC_featured_image_caption":"","_FSMCFIC_featured_image_nocaption":"","_FSMCFIC_featured_image_hide":"","footnotes":""},"categories":[2,1],"tags":[],"class_list":["post-9985","post","type-post","status-publish","format-standard","has-post-thumbnail","hentry","category-noticias","category-ultimas"],"yoast_head":"<!-- This site is optimized with the Yoast SEO plugin v27.1.1 - https:\/\/yoast.com\/product\/yoast-seo-wordpress\/ -->\n<title>Cerca de mil brasileiros em Israel j\u00e1 pediram para voltar ao Brasil - Brasil not\u00edcias<\/title>\n<meta name=\"robots\" content=\"index, follow, max-snippet:-1, max-image-preview:large, max-video-preview:-1\" \/>\n<link rel=\"canonical\" href=\"https:\/\/brasilnoticias.org\/site\/cerca-de-mil-brasileiros-em-israel-ja-pediram-para-voltar-ao-brasil\/\" \/>\n<meta property=\"og:locale\" content=\"pt_PT\" \/>\n<meta property=\"og:type\" content=\"article\" \/>\n<meta property=\"og:title\" content=\"Cerca de mil brasileiros em Israel j\u00e1 pediram para voltar ao Brasil - Brasil not\u00edcias\" \/>\n<meta property=\"og:description\" content=\"Foram identificados 3 brasileiros desaparecidos e um ferido no conflito Ag\u00eancia Brasil A Embaixada brasileira em Tel Aviv, cidade israelense,\" \/>\n<meta property=\"og:url\" content=\"https:\/\/brasilnoticias.org\/site\/cerca-de-mil-brasileiros-em-israel-ja-pediram-para-voltar-ao-brasil\/\" \/>\n<meta property=\"og:site_name\" content=\"Brasil not\u00edcias\" \/>\n<meta property=\"article:published_time\" content=\"2023-10-08T21:17:57+00:00\" \/>\n<meta property=\"og:image\" content=\"https:\/\/brasilnoticias.org\/site\/wp-content\/uploads\/2023\/10\/embaixada-brasil-tel-aviv.jpg\" \/>\n\t<meta property=\"og:image:width\" content=\"740\" \/>\n\t<meta property=\"og:image:height\" content=\"470\" \/>\n\t<meta property=\"og:image:type\" content=\"image\/jpeg\" \/>\n<meta name=\"author\" content=\"Reda\u00e7\u00e3o\" \/>\n<meta name=\"twitter:card\" content=\"summary_large_image\" \/>\n<meta name=\"twitter:label1\" content=\"Escrito por\" \/>\n\t<meta name=\"twitter:data1\" content=\"Reda\u00e7\u00e3o\" \/>\n<script type=\"application\/ld+json\" class=\"yoast-schema-graph\">{\"@context\":\"https:\/\/schema.org\",\"@graph\":[{\"@type\":\"Article\",\"@id\":\"https:\/\/brasilnoticias.org\/site\/cerca-de-mil-brasileiros-em-israel-ja-pediram-para-voltar-ao-brasil\/#article\",\"isPartOf\":{\"@id\":\"https:\/\/brasilnoticias.org\/site\/cerca-de-mil-brasileiros-em-israel-ja-pediram-para-voltar-ao-brasil\/\"},\"author\":{\"name\":\"Reda\u00e7\u00e3o\",\"@id\":\"https:\/\/brasilnoticias.org\/site\/#\/schema\/person\/03bbbfe6c7634ad18c26444ea39049fa\"},\"headline\":\"Cerca de mil brasileiros em Israel j\u00e1 pediram para voltar ao Brasil\",\"datePublished\":\"2023-10-08T21:17:57+00:00\",\"mainEntityOfPage\":{\"@id\":\"https:\/\/brasilnoticias.org\/site\/cerca-de-mil-brasileiros-em-israel-ja-pediram-para-voltar-ao-brasil\/\"},\"wordCount\":379,\"commentCount\":0,\"publisher\":{\"@id\":\"https:\/\/brasilnoticias.org\/site\/#organization\"},\"image\":{\"@id\":\"https:\/\/brasilnoticias.org\/site\/cerca-de-mil-brasileiros-em-israel-ja-pediram-para-voltar-ao-brasil\/#primaryimage\"},\"thumbnailUrl\":\"https:\/\/brasilnoticias.org\/site\/wp-content\/uploads\/2023\/10\/embaixada-brasil-tel-aviv.jpg\",\"articleSection\":[\"Not\u00edcias\",\"\u00daltimas\"],\"inLanguage\":\"pt-PT\",\"potentialAction\":[{\"@type\":\"CommentAction\",\"name\":\"Comment\",\"target\":[\"https:\/\/brasilnoticias.org\/site\/cerca-de-mil-brasileiros-em-israel-ja-pediram-para-voltar-ao-brasil\/#respond\"]}]},{\"@type\":\"WebPage\",\"@id\":\"https:\/\/brasilnoticias.org\/site\/cerca-de-mil-brasileiros-em-israel-ja-pediram-para-voltar-ao-brasil\/\",\"url\":\"https:\/\/brasilnoticias.org\/site\/cerca-de-mil-brasileiros-em-israel-ja-pediram-para-voltar-ao-brasil\/\",\"name\":\"Cerca de mil brasileiros em Israel j\u00e1 pediram para voltar ao Brasil - Brasil not\u00edcias\",\"isPartOf\":{\"@id\":\"https:\/\/brasilnoticias.org\/site\/#website\"},\"primaryImageOfPage\":{\"@id\":\"https:\/\/brasilnoticias.org\/site\/cerca-de-mil-brasileiros-em-israel-ja-pediram-para-voltar-ao-brasil\/#primaryimage\"},\"image\":{\"@id\":\"https:\/\/brasilnoticias.org\/site\/cerca-de-mil-brasileiros-em-israel-ja-pediram-para-voltar-ao-brasil\/#primaryimage\"},\"thumbnailUrl\":\"https:\/\/brasilnoticias.org\/site\/wp-content\/uploads\/2023\/10\/embaixada-brasil-tel-aviv.jpg\",\"datePublished\":\"2023-10-08T21:17:57+00:00\",\"breadcrumb\":{\"@id\":\"https:\/\/brasilnoticias.org\/site\/cerca-de-mil-brasileiros-em-israel-ja-pediram-para-voltar-ao-brasil\/#breadcrumb\"},\"inLanguage\":\"pt-PT\",\"potentialAction\":[{\"@type\":\"ReadAction\",\"target\":[\"https:\/\/brasilnoticias.org\/site\/cerca-de-mil-brasileiros-em-israel-ja-pediram-para-voltar-ao-brasil\/\"]}]},{\"@type\":\"ImageObject\",\"inLanguage\":\"pt-PT\",\"@id\":\"https:\/\/brasilnoticias.org\/site\/cerca-de-mil-brasileiros-em-israel-ja-pediram-para-voltar-ao-brasil\/#primaryimage\",\"url\":\"https:\/\/brasilnoticias.org\/site\/wp-content\/uploads\/2023\/10\/embaixada-brasil-tel-aviv.jpg\",\"contentUrl\":\"https:\/\/brasilnoticias.org\/site\/wp-content\/uploads\/2023\/10\/embaixada-brasil-tel-aviv.jpg\",\"width\":740,\"height\":470},{\"@type\":\"BreadcrumbList\",\"@id\":\"https:\/\/brasilnoticias.org\/site\/cerca-de-mil-brasileiros-em-israel-ja-pediram-para-voltar-ao-brasil\/#breadcrumb\",\"itemListElement\":[{\"@type\":\"ListItem\",\"position\":1,\"name\":\"In\u00edcio\",\"item\":\"https:\/\/brasilnoticias.org\/site\/\"},{\"@type\":\"ListItem\",\"position\":2,\"name\":\"Cerca de mil brasileiros em Israel j\u00e1 pediram para voltar ao Brasil\"}]},{\"@type\":\"WebSite\",\"@id\":\"https:\/\/brasilnoticias.org\/site\/#website\",\"url\":\"https:\/\/brasilnoticias.org\/site\/\",\"name\":\"Brasil not\u00edcias\",\"description\":\"Brasil not\u00edcias\",\"publisher\":{\"@id\":\"https:\/\/brasilnoticias.org\/site\/#organization\"},\"potentialAction\":[{\"@type\":\"SearchAction\",\"target\":{\"@type\":\"EntryPoint\",\"urlTemplate\":\"https:\/\/brasilnoticias.org\/site\/?s={search_term_string}\"},\"query-input\":{\"@type\":\"PropertyValueSpecification\",\"valueRequired\":true,\"valueName\":\"search_term_string\"}}],\"inLanguage\":\"pt-PT\"},{\"@type\":\"Organization\",\"@id\":\"https:\/\/brasilnoticias.org\/site\/#organization\",\"name\":\"Brasil not\u00edcias\",\"url\":\"https:\/\/brasilnoticias.org\/site\/\",\"logo\":{\"@type\":\"ImageObject\",\"inLanguage\":\"pt-PT\",\"@id\":\"https:\/\/brasilnoticias.org\/site\/#\/schema\/logo\/image\/\",\"url\":\"https:\/\/brasilnoticias.org\/site\/wp-content\/uploads\/2022\/05\/cropped-brasilnoticias-mini.jpg\",\"contentUrl\":\"https:\/\/brasilnoticias.org\/site\/wp-content\/uploads\/2022\/05\/cropped-brasilnoticias-mini.jpg\",\"width\":314,\"height\":86,\"caption\":\"Brasil not\u00edcias\"},\"image\":{\"@id\":\"https:\/\/brasilnoticias.org\/site\/#\/schema\/logo\/image\/\"}},{\"@type\":\"Person\",\"@id\":\"https:\/\/brasilnoticias.org\/site\/#\/schema\/person\/03bbbfe6c7634ad18c26444ea39049fa\",\"name\":\"Reda\u00e7\u00e3o\",\"image\":{\"@type\":\"ImageObject\",\"inLanguage\":\"pt-PT\",\"@id\":\"https:\/\/brasilnoticias.org\/site\/#\/schema\/person\/image\/\",\"url\":\"https:\/\/secure.gravatar.com\/avatar\/9ecaf7327a696cb23ad926fedded5f1f04d7049de9e445375d55b48c001a6e42?s=96&d=mm&r=g\",\"contentUrl\":\"https:\/\/secure.gravatar.com\/avatar\/9ecaf7327a696cb23ad926fedded5f1f04d7049de9e445375d55b48c001a6e42?s=96&d=mm&r=g\",\"caption\":\"Reda\u00e7\u00e3o\"},\"url\":\"https:\/\/brasilnoticias.org\/site\/author\/henrique\/\"}]}<\/script>\n<!-- \/ Yoast SEO plugin. -->","yoast_head_json":{"title":"Cerca de mil brasileiros em Israel j\u00e1 pediram para voltar ao Brasil - Brasil not\u00edcias","robots":{"index":"index","follow":"follow","max-snippet":"max-snippet:-1","max-image-preview":"max-image-preview:large","max-video-preview":"max-video-preview:-1"},"canonical":"https:\/\/brasilnoticias.org\/site\/cerca-de-mil-brasileiros-em-israel-ja-pediram-para-voltar-ao-brasil\/","og_locale":"pt_PT","og_type":"article","og_title":"Cerca de mil brasileiros em Israel j\u00e1 pediram para voltar ao Brasil - Brasil not\u00edcias","og_description":"Foram identificados 3 brasileiros desaparecidos e um ferido no conflito Ag\u00eancia Brasil A Embaixada brasileira em Tel Aviv, cidade israelense,","og_url":"https:\/\/brasilnoticias.org\/site\/cerca-de-mil-brasileiros-em-israel-ja-pediram-para-voltar-ao-brasil\/","og_site_name":"Brasil not\u00edcias","article_published_time":"2023-10-08T21:17:57+00:00","og_image":[{"width":740,"height":470,"url":"https:\/\/brasilnoticias.org\/site\/wp-content\/uploads\/2023\/10\/embaixada-brasil-tel-aviv.jpg","type":"image\/jpeg"}],"author":"Reda\u00e7\u00e3o","twitter_card":"summary_large_image","twitter_misc":{"Escrito por":"Reda\u00e7\u00e3o"},"schema":{"@context":"https:\/\/schema.org","@graph":[{"@type":"Article","@id":"https:\/\/brasilnoticias.org\/site\/cerca-de-mil-brasileiros-em-israel-ja-pediram-para-voltar-ao-brasil\/#article","isPartOf":{"@id":"https:\/\/brasilnoticias.org\/site\/cerca-de-mil-brasileiros-em-israel-ja-pediram-para-voltar-ao-brasil\/"},"author":{"name":"Reda\u00e7\u00e3o","@id":"https:\/\/brasilnoticias.org\/site\/#\/schema\/person\/03bbbfe6c7634ad18c26444ea39049fa"},"headline":"Cerca de mil brasileiros em Israel j\u00e1 pediram para voltar ao Brasil","datePublished":"2023-10-08T21:17:57+00:00","mainEntityOfPage":{"@id":"https:\/\/brasilnoticias.org\/site\/cerca-de-mil-brasileiros-em-israel-ja-pediram-para-voltar-ao-brasil\/"},"wordCount":379,"commentCount":0,"publisher":{"@id":"https:\/\/brasilnoticias.org\/site\/#organization"},"image":{"@id":"https:\/\/brasilnoticias.org\/site\/cerca-de-mil-brasileiros-em-israel-ja-pediram-para-voltar-ao-brasil\/#primaryimage"},"thumbnailUrl":"https:\/\/brasilnoticias.org\/site\/wp-content\/uploads\/2023\/10\/embaixada-brasil-tel-aviv.jpg","articleSection":["Not\u00edcias","\u00daltimas"],"inLanguage":"pt-PT","potentialAction":[{"@type":"CommentAction","name":"Comment","target":["https:\/\/brasilnoticias.org\/site\/cerca-de-mil-brasileiros-em-israel-ja-pediram-para-voltar-ao-brasil\/#respond"]}]},{"@type":"WebPage","@id":"https:\/\/brasilnoticias.org\/site\/cerca-de-mil-brasileiros-em-israel-ja-pediram-para-voltar-ao-brasil\/","url":"https:\/\/brasilnoticias.org\/site\/cerca-de-mil-brasileiros-em-israel-ja-pediram-para-voltar-ao-brasil\/","name":"Cerca de mil brasileiros em Israel j\u00e1 pediram para voltar ao Brasil - Brasil not\u00edcias","isPartOf":{"@id":"https:\/\/brasilnoticias.org\/site\/#website"},"primaryImageOfPage":{"@id":"https:\/\/brasilnoticias.org\/site\/cerca-de-mil-brasileiros-em-israel-ja-pediram-para-voltar-ao-brasil\/#primaryimage"},"image":{"@id":"https:\/\/brasilnoticias.org\/site\/cerca-de-mil-brasileiros-em-israel-ja-pediram-para-voltar-ao-brasil\/#primaryimage"},"thumbnailUrl":"https:\/\/brasilnoticias.org\/site\/wp-content\/uploads\/2023\/10\/embaixada-brasil-tel-aviv.jpg","datePublished":"2023-10-08T21:17:57+00:00","breadcrumb":{"@id":"https:\/\/brasilnoticias.org\/site\/cerca-de-mil-brasileiros-em-israel-ja-pediram-para-voltar-ao-brasil\/#breadcrumb"},"inLanguage":"pt-PT","potentialAction":[{"@type":"ReadAction","target":["https:\/\/brasilnoticias.org\/site\/cerca-de-mil-brasileiros-em-israel-ja-pediram-para-voltar-ao-brasil\/"]}]},{"@type":"ImageObject","inLanguage":"pt-PT","@id":"https:\/\/brasilnoticias.org\/site\/cerca-de-mil-brasileiros-em-israel-ja-pediram-para-voltar-ao-brasil\/#primaryimage","url":"https:\/\/brasilnoticias.org\/site\/wp-content\/uploads\/2023\/10\/embaixada-brasil-tel-aviv.jpg","contentUrl":"https:\/\/brasilnoticias.org\/site\/wp-content\/uploads\/2023\/10\/embaixada-brasil-tel-aviv.jpg","width":740,"height":470},{"@type":"BreadcrumbList","@id":"https:\/\/brasilnoticias.org\/site\/cerca-de-mil-brasileiros-em-israel-ja-pediram-para-voltar-ao-brasil\/#breadcrumb","itemListElement":[{"@type":"ListItem","position":1,"name":"In\u00edcio","item":"https:\/\/brasilnoticias.org\/site\/"},{"@type":"ListItem","position":2,"name":"Cerca de mil brasileiros em Israel j\u00e1 pediram para voltar ao Brasil"}]},{"@type":"WebSite","@id":"https:\/\/brasilnoticias.org\/site\/#website","url":"https:\/\/brasilnoticias.org\/site\/","name":"Brasil not\u00edcias","description":"Brasil not\u00edcias","publisher":{"@id":"https:\/\/brasilnoticias.org\/site\/#organization"},"potentialAction":[{"@type":"SearchAction","target":{"@type":"EntryPoint","urlTemplate":"https:\/\/brasilnoticias.org\/site\/?s={search_term_string}"},"query-input":{"@type":"PropertyValueSpecification","valueRequired":true,"valueName":"search_term_string"}}],"inLanguage":"pt-PT"},{"@type":"Organization","@id":"https:\/\/brasilnoticias.org\/site\/#organization","name":"Brasil not\u00edcias","url":"https:\/\/brasilnoticias.org\/site\/","logo":{"@type":"ImageObject","inLanguage":"pt-PT","@id":"https:\/\/brasilnoticias.org\/site\/#\/schema\/logo\/image\/","url":"https:\/\/brasilnoticias.org\/site\/wp-content\/uploads\/2022\/05\/cropped-brasilnoticias-mini.jpg","contentUrl":"https:\/\/brasilnoticias.org\/site\/wp-content\/uploads\/2022\/05\/cropped-brasilnoticias-mini.jpg","width":314,"height":86,"caption":"Brasil not\u00edcias"},"image":{"@id":"https:\/\/brasilnoticias.org\/site\/#\/schema\/logo\/image\/"}},{"@type":"Person","@id":"https:\/\/brasilnoticias.org\/site\/#\/schema\/person\/03bbbfe6c7634ad18c26444ea39049fa","name":"Reda\u00e7\u00e3o","image":{"@type":"ImageObject","inLanguage":"pt-PT","@id":"https:\/\/brasilnoticias.org\/site\/#\/schema\/person\/image\/","url":"https:\/\/secure.gravatar.com\/avatar\/9ecaf7327a696cb23ad926fedded5f1f04d7049de9e445375d55b48c001a6e42?s=96&d=mm&r=g","contentUrl":"https:\/\/secure.gravatar.com\/avatar\/9ecaf7327a696cb23ad926fedded5f1f04d7049de9e445375d55b48c001a6e42?s=96&d=mm&r=g","caption":"Reda\u00e7\u00e3o"},"url":"https:\/\/brasilnoticias.org\/site\/author\/henrique\/"}]}},"_links":{"self":[{"href":"https:\/\/brasilnoticias.org\/site\/wp-json\/wp\/v2\/posts\/9985","targetHints":{"allow":["GET"]}}],"collection":[{"href":"https:\/\/brasilnoticias.org\/site\/wp-json\/wp\/v2\/posts"}],"about":[{"href":"https:\/\/brasilnoticias.org\/site\/wp-json\/wp\/v2\/types\/post"}],"author":[{"embeddable":true,"href":"https:\/\/brasilnoticias.org\/site\/wp-json\/wp\/v2\/users\/4"}],"replies":[{"embeddable":true,"href":"https:\/\/brasilnoticias.org\/site\/wp-json\/wp\/v2\/comments?post=9985"}],"version-history":[{"count":1,"href":"https:\/\/brasilnoticias.org\/site\/wp-json\/wp\/v2\/posts\/9985\/revisions"}],"predecessor-version":[{"id":9987,"href":"https:\/\/brasilnoticias.org\/site\/wp-json\/wp\/v2\/posts\/9985\/revisions\/9987"}],"wp:featuredmedia":[{"embeddable":true,"href":"https:\/\/brasilnoticias.org\/site\/wp-json\/wp\/v2\/media\/9986"}],"wp:attachment":[{"href":"https:\/\/brasilnoticias.org\/site\/wp-json\/wp\/v2\/media?parent=9985"}],"wp:term":[{"taxonomy":"category","embeddable":true,"href":"https:\/\/brasilnoticias.org\/site\/wp-json\/wp\/v2\/categories?post=9985"},{"taxonomy":"post_tag","embeddable":true,"href":"https:\/\/brasilnoticias.org\/site\/wp-json\/wp\/v2\/tags?post=9985"}],"curies":[{"name":"wp","href":"https:\/\/api.w.org\/{rel}","templated":true}]}}